{"id":1396,"date":"2019-10-01T07:41:19","date_gmt":"2019-10-01T11:41:19","guid":{"rendered":"http:\/\/instituciones.gtm.sld.cu\/bpsg\/?p=1396"},"modified":"2019-10-01T07:41:21","modified_gmt":"2019-10-01T11:41:21","slug":"celebraran-dia-internacional-de-las-personas-mayores","status":"publish","type":"post","link":"https:\/\/instituciones.gtm.sld.cu\/bpsg\/2019\/10\/01\/celebraran-dia-internacional-de-las-personas-mayores\/","title":{"rendered":"Celebrar\u00e1n D\u00eda Internacional de las Personas Mayores"},"content":{"rendered":"<div class=\"post-meta\">Actualizado el martes, octubre 1, 2019<\/div>\n<div class=\"wp-block-image\"><figure class=\"alignleft is-resized\"><img decoding=\"async\" loading=\"lazy\" src=\"http:\/\/instituciones.gtm.sld.cu\/bpsg\/wp-content\/uploads\/sites\/8\/2019\/10\/Personas-mayores.jpg\" alt=\"\" class=\"wp-image-1397\" width=\"142\" height=\"70\" srcset=\"https:\/\/instituciones.gtm.sld.cu\/bpsg\/wp-content\/uploads\/sites\/8\/2019\/10\/Personas-mayores.jpg 580w, https:\/\/instituciones.gtm.sld.cu\/bpsg\/wp-content\/uploads\/sites\/8\/2019\/10\/Personas-mayores-300x147.jpg 300w\" sizes=\"(max-width: 142px) 100vw, 142px\" \/><figcaption> Cuba conmemora este 1 de octubre el D\u00eda del Adulto Mayor <\/figcaption><\/figure><\/div>\n\n\n\n<h5 class=\"wp-block-heading\">El D\u00eda Internacional de las Personas Mayores ser\u00e1 celebrado este martes 1ro de octubre en la Universidad de La Habana, como parte de las actividades que organiza y desarrolla la C\u00e1tedra del Adulto Mayor de ese centro de altos estudios.<\/h5>\n\n\n\n<!--more-->\n\n\n\n<p>En informaci\u00f3n facilitada a <strong>Trabajadores.cu<\/strong> est\u00e1 contenida\nla convocatoria a los capitalinos, a los de nuevo ingreso y a los egresados de\nesa c\u00e1tedra, para festejar esa jornada al pie de la Escalinata Universitaria.<\/p>\n\n\n\n<p>A las 9 de la ma\u00f1ana comenzar\u00e1 el acto, en el cual honrar\u00e1n al l\u00edder\nestudiantil Julio Antonio Mella. Una vez pronunciadas las palabras de\nbienvenida, los participantes ascender\u00e1n la hist\u00f3rica escalinata y disfrutar\u00e1n\nde una actividad cultural en el anfiteatro del Centro de Eventos Enrique Jos\u00e9\nVarona, tambi\u00e9n dedicada a los 500 a\u00f1os de La Habana.<\/p>\n\n\n\n<p>La C\u00e1tedra del Adulto Mayor constituye la modalidad cubana de las llamadas\nuniversidades de tercera edad en el mundo. No es una carrera universitaria,\nsino un curso en calidad de actividad extensionista a la Universidad de La\nHabana, con duraci\u00f3n de un a\u00f1o escolar en el objetivo de la actualizaci\u00f3n\ncultural, desarrollo intelectual, socializaci\u00f3n y participaci\u00f3n ciudadana. El\n\u00fanico requisito es tener 60 a\u00f1os, y m\u00e1s y desear mantenerse activo a trav\u00e9s de\nsu superaci\u00f3n constante.<\/p>\n","protected":false},"excerpt":{"rendered":"<p>Actualizado el martes, octubre 1, 2019El D\u00eda Internacional de las Personas Mayores ser\u00e1 celebrado este martes 1ro de octubre en la Universidad de La Habana, como parte de las actividades que organiza y desarrolla la C\u00e1tedra del Adulto Mayor de ese centro de altos estudios.<\/p><p><a class=\"more-link btn\" href=\"https:\/\/instituciones.gtm.sld.cu\/bpsg\/2019\/10\/01\/celebraran-dia-internacional-de-las-personas-mayores\/\">Seguir leyendo<\/a><\/p>\n","protected":false},"author":7,"featured_media":0,"comment_status":"open","ping_status":"open","sticky":false,"template":"","format":"standard","meta":{"ngg_post_thumbnail":0},"categories":[11],"tags":[],"yoast_head":"<!-- This site is optimized with the Yoast SEO plugin v21.8 - https:\/\/yoast.com\/wordpress\/plugins\/seo\/ -->\n<title>Celebrar\u00e1n D\u00eda Internacional de las Personas Mayores - UPR Banco Provincial de Sangre de Guant\u00e1namo<\/title>\n<meta name=\"robots\" content=\"index, follow, max-snippet:-1, max-image-preview:large, max-video-preview:-1\" \/>\n<link rel=\"canonical\" href=\"https:\/\/instituciones.gtm.sld.cu\/bpsg\/2019\/10\/01\/celebraran-dia-internacional-de-las-personas-mayores\/\" \/>\n<meta property=\"og:locale\" content=\"es_ES\" \/>\n<meta property=\"og:type\" content=\"article\" \/>\n<meta property=\"og:title\" content=\"Celebrar\u00e1n D\u00eda Internacional de las Personas Mayores - UPR Banco Provincial de Sangre de Guant\u00e1namo\" \/>\n<meta property=\"og:description\" content=\"Actualizado el martes, octubre 1, 2019El D\u00eda Internacional de las Personas Mayores ser\u00e1 celebrado este martes 1ro de octubre en la Universidad de La Habana, como parte de las actividades que organiza y desarrolla la C\u00e1tedra del Adulto Mayor de ese centro de altos estudios.\" \/>\n<meta property=\"og:url\" content=\"https:\/\/instituciones.gtm.sld.cu\/bpsg\/2019\/10\/01\/celebraran-dia-internacional-de-las-personas-mayores\/\" \/>\n<meta property=\"og:site_name\" content=\"UPR Banco Provincial de Sangre de Guant\u00e1namo\" \/>\n<meta property=\"article:published_time\" content=\"2019-10-01T11:41:19+00:00\" \/>\n<meta property=\"article:modified_time\" content=\"2019-10-01T11:41:21+00:00\" \/>\n<meta property=\"og:image\" content=\"http:\/\/instituciones.gtm.sld.cu\/bpsg\/wp-content\/uploads\/sites\/8\/2019\/10\/Personas-mayores.jpg\" \/>\n<meta name=\"author\" content=\"Edel Marrero Vazquez\" \/>\n<meta name=\"twitter:card\" content=\"summary_large_image\" \/>\n<meta name=\"twitter:label1\" content=\"Escrito por\" \/>\n\t<meta name=\"twitter:data1\" content=\"Edel Marrero Vazquez\" \/>\n\t<meta name=\"twitter:label2\" content=\"Tiempo de lectura\" \/>\n\t<meta name=\"twitter:data2\" content=\"1 minuto\" \/>\n<script type=\"application\/ld+json\" class=\"yoast-schema-graph\">{\"@context\":\"https:\/\/schema.org\",\"@graph\":[{\"@type\":\"WebPage\",\"@id\":\"https:\/\/instituciones.gtm.sld.cu\/bpsg\/2019\/10\/01\/celebraran-dia-internacional-de-las-personas-mayores\/\",\"url\":\"https:\/\/instituciones.gtm.sld.cu\/bpsg\/2019\/10\/01\/celebraran-dia-internacional-de-las-personas-mayores\/\",\"name\":\"Celebrar\u00e1n D\u00eda Internacional de las Personas Mayores - UPR Banco Provincial de Sangre de Guant\u00e1namo\",\"isPartOf\":{\"@id\":\"https:\/\/instituciones.gtm.sld.cu\/bpsg\/#website\"},\"datePublished\":\"2019-10-01T11:41:19+00:00\",\"dateModified\":\"2019-10-01T11:41:21+00:00\",\"author\":{\"@id\":\"https:\/\/instituciones.gtm.sld.cu\/bpsg\/#\/schema\/person\/dc759da8c716f6c0b50198500518d4e1\"},\"breadcrumb\":{\"@id\":\"https:\/\/instituciones.gtm.sld.cu\/bpsg\/2019\/10\/01\/celebraran-dia-internacional-de-las-personas-mayores\/#breadcrumb\"},\"inLanguage\":\"es\",\"potentialAction\":[{\"@type\":\"ReadAction\",\"target\":[\"https:\/\/instituciones.gtm.sld.cu\/bpsg\/2019\/10\/01\/celebraran-dia-internacional-de-las-personas-mayores\/\"]}]},{\"@type\":\"BreadcrumbList\",\"@id\":\"https:\/\/instituciones.gtm.sld.cu\/bpsg\/2019\/10\/01\/celebraran-dia-internacional-de-las-personas-mayores\/#breadcrumb\",\"itemListElement\":[{\"@type\":\"ListItem\",\"position\":1,\"name\":\"Portada\",\"item\":\"https:\/\/instituciones.gtm.sld.cu\/bpsg\/\"},{\"@type\":\"ListItem\",\"position\":2,\"name\":\"Celebrar\u00e1n D\u00eda Internacional de las Personas Mayores\"}]},{\"@type\":\"WebSite\",\"@id\":\"https:\/\/instituciones.gtm.sld.cu\/bpsg\/#website\",\"url\":\"https:\/\/instituciones.gtm.sld.cu\/bpsg\/\",\"name\":\"UPR Banco Provincial de Sangre de Guant\u00e1namo\",\"description\":\"&quot;Donar sangre es DONAR VIDA&quot;\",\"potentialAction\":[{\"@type\":\"SearchAction\",\"target\":{\"@type\":\"EntryPoint\",\"urlTemplate\":\"https:\/\/instituciones.gtm.sld.cu\/bpsg\/?s={search_term_string}\"},\"query-input\":\"required name=search_term_string\"}],\"inLanguage\":\"es\"},{\"@type\":\"Person\",\"@id\":\"https:\/\/instituciones.gtm.sld.cu\/bpsg\/#\/schema\/person\/dc759da8c716f6c0b50198500518d4e1\",\"name\":\"Edel Marrero Vazquez\",\"description\":\"Especialista en Ciencias Inform\u00e1ticas\",\"url\":\"https:\/\/instituciones.gtm.sld.cu\/bpsg\/author\/bpsg\/\"}]}<\/script>\n<!-- \/ Yoast SEO plugin. -->","yoast_head_json":{"title":"Celebrar\u00e1n D\u00eda Internacional de las Personas Mayores - UPR Banco Provincial de Sangre de Guant\u00e1namo","robots":{"index":"index","follow":"follow","max-snippet":"max-snippet:-1","max-image-preview":"max-image-preview:large","max-video-preview":"max-video-preview:-1"},"canonical":"https:\/\/instituciones.gtm.sld.cu\/bpsg\/2019\/10\/01\/celebraran-dia-internacional-de-las-personas-mayores\/","og_locale":"es_ES","og_type":"article","og_title":"Celebrar\u00e1n D\u00eda Internacional de las Personas Mayores - UPR Banco Provincial de Sangre de Guant\u00e1namo","og_description":"Actualizado el martes, octubre 1, 2019El D\u00eda Internacional de las Personas Mayores ser\u00e1 celebrado este martes 1ro de octubre en la Universidad de La Habana, como parte de las actividades que organiza y desarrolla la C\u00e1tedra del Adulto Mayor de ese centro de altos estudios.","og_url":"https:\/\/instituciones.gtm.sld.cu\/bpsg\/2019\/10\/01\/celebraran-dia-internacional-de-las-personas-mayores\/","og_site_name":"UPR Banco Provincial de Sangre de Guant\u00e1namo","article_published_time":"2019-10-01T11:41:19+00:00","article_modified_time":"2019-10-01T11:41:21+00:00","og_image":[{"url":"http:\/\/instituciones.gtm.sld.cu\/bpsg\/wp-content\/uploads\/sites\/8\/2019\/10\/Personas-mayores.jpg"}],"author":"Edel Marrero Vazquez","twitter_card":"summary_large_image","twitter_misc":{"Escrito por":"Edel Marrero Vazquez","Tiempo de lectura":"1 minuto"},"schema":{"@context":"https:\/\/schema.org","@graph":[{"@type":"WebPage","@id":"https:\/\/instituciones.gtm.sld.cu\/bpsg\/2019\/10\/01\/celebraran-dia-internacional-de-las-personas-mayores\/","url":"https:\/\/instituciones.gtm.sld.cu\/bpsg\/2019\/10\/01\/celebraran-dia-internacional-de-las-personas-mayores\/","name":"Celebrar\u00e1n D\u00eda Internacional de las Personas Mayores - UPR Banco Provincial de Sangre de Guant\u00e1namo","isPartOf":{"@id":"https:\/\/instituciones.gtm.sld.cu\/bpsg\/#website"},"datePublished":"2019-10-01T11:41:19+00:00","dateModified":"2019-10-01T11:41:21+00:00","author":{"@id":"https:\/\/instituciones.gtm.sld.cu\/bpsg\/#\/schema\/person\/dc759da8c716f6c0b50198500518d4e1"},"breadcrumb":{"@id":"https:\/\/instituciones.gtm.sld.cu\/bpsg\/2019\/10\/01\/celebraran-dia-internacional-de-las-personas-mayores\/#breadcrumb"},"inLanguage":"es","potentialAction":[{"@type":"ReadAction","target":["https:\/\/instituciones.gtm.sld.cu\/bpsg\/2019\/10\/01\/celebraran-dia-internacional-de-las-personas-mayores\/"]}]},{"@type":"BreadcrumbList","@id":"https:\/\/instituciones.gtm.sld.cu\/bpsg\/2019\/10\/01\/celebraran-dia-internacional-de-las-personas-mayores\/#breadcrumb","itemListElement":[{"@type":"ListItem","position":1,"name":"Portada","item":"https:\/\/instituciones.gtm.sld.cu\/bpsg\/"},{"@type":"ListItem","position":2,"name":"Celebrar\u00e1n D\u00eda Internacional de las Personas Mayores"}]},{"@type":"WebSite","@id":"https:\/\/instituciones.gtm.sld.cu\/bpsg\/#website","url":"https:\/\/instituciones.gtm.sld.cu\/bpsg\/","name":"UPR Banco Provincial de Sangre de Guant\u00e1namo","description":"&quot;Donar sangre es DONAR VIDA&quot;","potentialAction":[{"@type":"SearchAction","target":{"@type":"EntryPoint","urlTemplate":"https:\/\/instituciones.gtm.sld.cu\/bpsg\/?s={search_term_string}"},"query-input":"required name=search_term_string"}],"inLanguage":"es"},{"@type":"Person","@id":"https:\/\/instituciones.gtm.sld.cu\/bpsg\/#\/schema\/person\/dc759da8c716f6c0b50198500518d4e1","name":"Edel Marrero Vazquez","description":"Especialista en Ciencias Inform\u00e1ticas","url":"https:\/\/instituciones.gtm.sld.cu\/bpsg\/author\/bpsg\/"}]}},"_links":{"self":[{"href":"https:\/\/instituciones.gtm.sld.cu\/bpsg\/wp-json\/wp\/v2\/posts\/1396"}],"collection":[{"href":"https:\/\/instituciones.gtm.sld.cu\/bpsg\/wp-json\/wp\/v2\/posts"}],"about":[{"href":"https:\/\/instituciones.gtm.sld.cu\/bpsg\/wp-json\/wp\/v2\/types\/post"}],"author":[{"embeddable":true,"href":"https:\/\/instituciones.gtm.sld.cu\/bpsg\/wp-json\/wp\/v2\/users\/7"}],"replies":[{"embeddable":true,"href":"https:\/\/instituciones.gtm.sld.cu\/bpsg\/wp-json\/wp\/v2\/comments?post=1396"}],"version-history":[{"count":1,"href":"https:\/\/instituciones.gtm.sld.cu\/bpsg\/wp-json\/wp\/v2\/posts\/1396\/revisions"}],"predecessor-version":[{"id":1398,"href":"https:\/\/instituciones.gtm.sld.cu\/bpsg\/wp-json\/wp\/v2\/posts\/1396\/revisions\/1398"}],"wp:attachment":[{"href":"https:\/\/instituciones.gtm.sld.cu\/bpsg\/wp-json\/wp\/v2\/media?parent=1396"}],"wp:term":[{"taxonomy":"category","embeddable":true,"href":"https:\/\/instituciones.gtm.sld.cu\/bpsg\/wp-json\/wp\/v2\/categories?post=1396"},{"taxonomy":"post_tag","embeddable":true,"href":"https:\/\/instituciones.gtm.sld.cu\/bpsg\/wp-json\/wp\/v2\/tags?post=1396"}],"curies":[{"name":"wp","href":"https:\/\/api.w.org\/{rel}","templated":true}]}}