{"id":690,"date":"2019-01-21T15:28:54","date_gmt":"2019-01-21T20:28:54","guid":{"rendered":"http:\/\/instituciones.gtm.sld.cu\/bpsg\/?p=690"},"modified":"2019-04-04T08:48:23","modified_gmt":"2019-04-04T12:48:23","slug":"facebook-y-twitter-saben-de-ti-incluso-aunque-no-tengas-cuenta","status":"publish","type":"post","link":"https:\/\/instituciones.gtm.sld.cu\/bpsg\/2019\/01\/21\/facebook-y-twitter-saben-de-ti-incluso-aunque-no-tengas-cuenta\/","title":{"rendered":"Facebook y Twitter saben de ti aunque no tengas cuenta"},"content":{"rendered":"<div class=\"post-meta\">Actualizado el jueves, abril 4, 2019<\/div><p><img decoding=\"async\" loading=\"lazy\" class=\"wp-image-712 size-thumbnail alignleft\" src=\"http:\/\/instituciones.gtm.sld.cu\/bpsg\/wp-content\/uploads\/sites\/8\/2019\/01\/redes_sociales-150x141.jpg\" alt=\"\" width=\"150\" height=\"141\"> Una respuesta que, sin lugar a dudas, parec\u00eda confirmar una de las teor\u00edas m\u00e1s inquietantes de los \u00faltimos a\u00f1os: \u00bfnos esp\u00edan las plataformas sociales incluso si no formamos parte de ellas? Tras a\u00f1os de subid\u00f3n, una segunda burbuja de las puntocom est\u00e1 pr\u00f3xima a explotar. La aguja que ha hecho estallar por los aires toda su credibilidad es la privacidad. Una era en la que, a ra\u00edz de los continuos esc\u00e1ndalos, las firmas tecnol\u00f3gicas con servicios digitales han tenido que someterse a una cruda realidad: o cambian o desaparecen.<\/p>\n<p><!--more--><\/p>\n<p>El pasado a\u00f1o, sin duda, fue el momento en el que se cayeron las caretas. Las redes sociales no hab\u00edan nacido para conectar personas; hab\u00edan nacido para hacer negocio de conectar personas. Y mientras aquello pasaba se olvidaron de protegerlas. Un estudio elaborado por un grupo de cient\u00edficos de las universidades de Vermont y Adelaida publicado en \u00abNature Human Behavior\u00bb relata el mecanismo de servicios como Facebook para procesar los datos de personas incluso si no forman parte de su comunidad.<\/p>\n<p>Formar parte del grupo era una cualidad individual. Si no se quiere correr el riesgo de quedarse al margen, muchas personas lo aceptaban sin miramientos: se abr\u00edan un perfil puesto que all\u00ed se encontraban sus amigos m\u00e1s allegados. No era una imposici\u00f3n. Cada cual era due\u00f1o de su destino. Voluntariamente, los usuarios asum\u00edan que se deb\u00eda renunciar a parte de su existencia con tal de estar conectado. Esa elecci\u00f3n individual ha sido, relatan los investigadores, el principio fundamental de la privacidad online: si no quieres estar en Facebook puede irte o, al menos, no registrarte nunca.<\/p>\n<p>De ah\u00ed a que, pagando el precio de estar fuera de este entorno digital, se respetaba nuestra privacidad. Los expertos creen que no es tan f\u00e1cil ser invisibles a las redes sociales. Si una persona abandona una plataforma de medios sociales -o si nunca se uni\u00f3 a ella, eso da igual- las publicaciones y las palabras de sus amigos siguen proporcionando aproximadamente un 95% de la \u00abprecisi\u00f3n predictiva potencial\u00bb, reza el informe. \u00abVisto de otra forma: cuando te registras en Facebook u otra red social crees que est\u00e1s entregando tu informaci\u00f3n, pero tambi\u00e9n est\u00e1s entregando la de tus amigos\u00bb, apunta James Bagrow, matem\u00e1tico de la Universidad de Vermont y director de la investigaci\u00f3n. \u00abT\u00fa no controlas tu privacidad en las plataformas de redes sociales [&#8230;] Tus amigos tambi\u00e9n tienen algo que decir\u00bb.<\/p>\n<p>El informe tambi\u00e9n pone de relieve la trascendencia de Twitter como impulsor de un sistema basado en burbujas. Nuestras identidades, por tanto, viven en grupos perfectamente delimitados. Para comprobarlo, los expertos analizaron m\u00e1s de treinta millones de \u00abtuits\u00bb p\u00fablicos de unos 13.905 usuarios. El resultado fue revelador: la informaci\u00f3n de solo ocho contactos de una persona pueden predecir tus mensajes posteriores. Y lo hacen \u00abcon la misma precisi\u00f3n que si se estuviera mirando directamente a la propia cuenta de Twitter de esa persona\u00bb.<\/p>\n<p>Esta investigaci\u00f3n, de tal forma, plantea serias cuestiones acerca de la naturaleza fundamental de la privacidad, pero sobre todo de c\u00f3mo, en una sociedad altamente interconectada, las acciones y la identidad de una persona est\u00e1n integradas en internet aunque no lo desee. As\u00ed, es posible, al menos en teor\u00eda, que cualquier compa\u00f1\u00eda, partido pol\u00edtico o gobierno puede perfilar \u00abcon precisi\u00f3n a una persona\u00bb a partir de sus amigos en redes sociales, incluso si nunca han estado dentro o si han eliminado su cuenta. \u00abNo hay lugar para esconderse en una red social\u00bb, aduce Lewis Mitchell, coautor del estudio y en la actualidad profesor de matem\u00e1ticas aplicadas en la Universidad de Adelaida en Australia.<\/p>\n<p><strong>Fuente<\/strong>: J.M. S\u00e1nchez.&nbsp;Facebook y Twitter saben de ti incluso aunque no tengas cuenta. ABC [en l\u00ednea]. 22\/01\/2019. [Fecha de acceso: 22 de enero de 2019]; URL disponible en: <a href=\"https:\/\/www.abc.es\/tecnologia\/redes\/abci-facebook-y-twitter-saben-incluso-aunque-no-tengas-cuenta-201901211701_noticia.html\">https:\/\/www.abc.es\/tecnologia\/redes\/abci-facebook-y-twitter-saben-incluso-aunque-no-tengas-cuenta-201901211701_noticia.html<\/a>.<\/p>\n","protected":false},"excerpt":{"rendered":"<p>Actualizado el jueves, abril 4, 2019 Una respuesta que, sin lugar a dudas, parec\u00eda confirmar una de las teor\u00edas m\u00e1s inquietantes de los \u00faltimos a\u00f1os: \u00bfnos esp\u00edan las plataformas sociales incluso si no formamos parte de ellas? Tras a\u00f1os de subid\u00f3n, una segunda burbuja de las puntocom est\u00e1 pr\u00f3xima a explotar. La aguja que ha &hellip; <\/p>\n<p><a class=\"more-link btn\" href=\"https:\/\/instituciones.gtm.sld.cu\/bpsg\/2019\/01\/21\/facebook-y-twitter-saben-de-ti-incluso-aunque-no-tengas-cuenta\/\">Seguir leyendo<\/a><\/p>\n","protected":false},"author":7,"featured_media":0,"comment_status":"open","ping_status":"open","sticky":false,"template":"","format":"standard","meta":{"ngg_post_thumbnail":0},"categories":[7],"tags":[],"yoast_head":"<!-- This site is optimized with the Yoast SEO plugin v21.8 - https:\/\/yoast.com\/wordpress\/plugins\/seo\/ -->\n<title>Facebook y Twitter saben de ti aunque no tengas cuenta - UPR Banco Provincial de Sangre de Guant\u00e1namo<\/title>\n<meta name=\"robots\" content=\"index, follow, max-snippet:-1, max-image-preview:large, max-video-preview:-1\" \/>\n<link rel=\"canonical\" href=\"https:\/\/instituciones.gtm.sld.cu\/bpsg\/2019\/01\/21\/facebook-y-twitter-saben-de-ti-incluso-aunque-no-tengas-cuenta\/\" \/>\n<meta property=\"og:locale\" content=\"es_ES\" \/>\n<meta property=\"og:type\" content=\"article\" \/>\n<meta property=\"og:title\" content=\"Facebook y Twitter saben de ti aunque no tengas cuenta - UPR Banco Provincial de Sangre de Guant\u00e1namo\" \/>\n<meta property=\"og:description\" content=\"Actualizado el jueves, abril 4, 2019 Una respuesta que, sin lugar a dudas, parec\u00eda confirmar una de las teor\u00edas m\u00e1s inquietantes de los \u00faltimos a\u00f1os: \u00bfnos esp\u00edan las plataformas sociales incluso si no formamos parte de ellas? Tras a\u00f1os de subid\u00f3n, una segunda burbuja de las puntocom est\u00e1 pr\u00f3xima a explotar. La aguja que ha &hellip; Seguir leyendo\" \/>\n<meta property=\"og:url\" content=\"https:\/\/instituciones.gtm.sld.cu\/bpsg\/2019\/01\/21\/facebook-y-twitter-saben-de-ti-incluso-aunque-no-tengas-cuenta\/\" \/>\n<meta property=\"og:site_name\" content=\"UPR Banco Provincial de Sangre de Guant\u00e1namo\" \/>\n<meta property=\"article:published_time\" content=\"2019-01-21T20:28:54+00:00\" \/>\n<meta property=\"article:modified_time\" content=\"2019-04-04T12:48:23+00:00\" \/>\n<meta property=\"og:image\" content=\"http:\/\/instituciones.gtm.sld.cu\/bpsg\/wp-content\/uploads\/sites\/8\/2019\/01\/redes_sociales-150x141.jpg\" \/>\n<meta name=\"author\" content=\"Edel Marrero Vazquez\" \/>\n<meta name=\"twitter:card\" content=\"summary_large_image\" \/>\n<meta name=\"twitter:label1\" content=\"Escrito por\" \/>\n\t<meta name=\"twitter:data1\" content=\"Edel Marrero Vazquez\" \/>\n\t<meta name=\"twitter:label2\" content=\"Tiempo de lectura\" \/>\n\t<meta name=\"twitter:data2\" content=\"3 minutos\" \/>\n<script type=\"application\/ld+json\" class=\"yoast-schema-graph\">{\"@context\":\"https:\/\/schema.org\",\"@graph\":[{\"@type\":\"WebPage\",\"@id\":\"https:\/\/instituciones.gtm.sld.cu\/bpsg\/2019\/01\/21\/facebook-y-twitter-saben-de-ti-incluso-aunque-no-tengas-cuenta\/\",\"url\":\"https:\/\/instituciones.gtm.sld.cu\/bpsg\/2019\/01\/21\/facebook-y-twitter-saben-de-ti-incluso-aunque-no-tengas-cuenta\/\",\"name\":\"Facebook y Twitter saben de ti aunque no tengas cuenta - UPR Banco Provincial de Sangre de Guant\u00e1namo\",\"isPartOf\":{\"@id\":\"https:\/\/instituciones.gtm.sld.cu\/bpsg\/#website\"},\"datePublished\":\"2019-01-21T20:28:54+00:00\",\"dateModified\":\"2019-04-04T12:48:23+00:00\",\"author\":{\"@id\":\"https:\/\/instituciones.gtm.sld.cu\/bpsg\/#\/schema\/person\/dc759da8c716f6c0b50198500518d4e1\"},\"breadcrumb\":{\"@id\":\"https:\/\/instituciones.gtm.sld.cu\/bpsg\/2019\/01\/21\/facebook-y-twitter-saben-de-ti-incluso-aunque-no-tengas-cuenta\/#breadcrumb\"},\"inLanguage\":\"es\",\"potentialAction\":[{\"@type\":\"ReadAction\",\"target\":[\"https:\/\/instituciones.gtm.sld.cu\/bpsg\/2019\/01\/21\/facebook-y-twitter-saben-de-ti-incluso-aunque-no-tengas-cuenta\/\"]}]},{\"@type\":\"BreadcrumbList\",\"@id\":\"https:\/\/instituciones.gtm.sld.cu\/bpsg\/2019\/01\/21\/facebook-y-twitter-saben-de-ti-incluso-aunque-no-tengas-cuenta\/#breadcrumb\",\"itemListElement\":[{\"@type\":\"ListItem\",\"position\":1,\"name\":\"Portada\",\"item\":\"https:\/\/instituciones.gtm.sld.cu\/bpsg\/\"},{\"@type\":\"ListItem\",\"position\":2,\"name\":\"Facebook y Twitter saben de ti aunque no tengas cuenta\"}]},{\"@type\":\"WebSite\",\"@id\":\"https:\/\/instituciones.gtm.sld.cu\/bpsg\/#website\",\"url\":\"https:\/\/instituciones.gtm.sld.cu\/bpsg\/\",\"name\":\"UPR Banco Provincial de Sangre de Guant\u00e1namo\",\"description\":\"&quot;Donar sangre es DONAR VIDA&quot;\",\"potentialAction\":[{\"@type\":\"SearchAction\",\"target\":{\"@type\":\"EntryPoint\",\"urlTemplate\":\"https:\/\/instituciones.gtm.sld.cu\/bpsg\/?s={search_term_string}\"},\"query-input\":\"required name=search_term_string\"}],\"inLanguage\":\"es\"},{\"@type\":\"Person\",\"@id\":\"https:\/\/instituciones.gtm.sld.cu\/bpsg\/#\/schema\/person\/dc759da8c716f6c0b50198500518d4e1\",\"name\":\"Edel Marrero Vazquez\",\"description\":\"Especialista en Ciencias Inform\u00e1ticas\",\"url\":\"https:\/\/instituciones.gtm.sld.cu\/bpsg\/author\/bpsg\/\"}]}<\/script>\n<!-- \/ Yoast SEO plugin. -->","yoast_head_json":{"title":"Facebook y Twitter saben de ti aunque no tengas cuenta - UPR Banco Provincial de Sangre de Guant\u00e1namo","robots":{"index":"index","follow":"follow","max-snippet":"max-snippet:-1","max-image-preview":"max-image-preview:large","max-video-preview":"max-video-preview:-1"},"canonical":"https:\/\/instituciones.gtm.sld.cu\/bpsg\/2019\/01\/21\/facebook-y-twitter-saben-de-ti-incluso-aunque-no-tengas-cuenta\/","og_locale":"es_ES","og_type":"article","og_title":"Facebook y Twitter saben de ti aunque no tengas cuenta - UPR Banco Provincial de Sangre de Guant\u00e1namo","og_description":"Actualizado el jueves, abril 4, 2019 Una respuesta que, sin lugar a dudas, parec\u00eda confirmar una de las teor\u00edas m\u00e1s inquietantes de los \u00faltimos a\u00f1os: \u00bfnos esp\u00edan las plataformas sociales incluso si no formamos parte de ellas? Tras a\u00f1os de subid\u00f3n, una segunda burbuja de las puntocom est\u00e1 pr\u00f3xima a explotar. La aguja que ha &hellip; Seguir leyendo","og_url":"https:\/\/instituciones.gtm.sld.cu\/bpsg\/2019\/01\/21\/facebook-y-twitter-saben-de-ti-incluso-aunque-no-tengas-cuenta\/","og_site_name":"UPR Banco Provincial de Sangre de Guant\u00e1namo","article_published_time":"2019-01-21T20:28:54+00:00","article_modified_time":"2019-04-04T12:48:23+00:00","og_image":[{"url":"http:\/\/instituciones.gtm.sld.cu\/bpsg\/wp-content\/uploads\/sites\/8\/2019\/01\/redes_sociales-150x141.jpg"}],"author":"Edel Marrero Vazquez","twitter_card":"summary_large_image","twitter_misc":{"Escrito por":"Edel Marrero Vazquez","Tiempo de lectura":"3 minutos"},"schema":{"@context":"https:\/\/schema.org","@graph":[{"@type":"WebPage","@id":"https:\/\/instituciones.gtm.sld.cu\/bpsg\/2019\/01\/21\/facebook-y-twitter-saben-de-ti-incluso-aunque-no-tengas-cuenta\/","url":"https:\/\/instituciones.gtm.sld.cu\/bpsg\/2019\/01\/21\/facebook-y-twitter-saben-de-ti-incluso-aunque-no-tengas-cuenta\/","name":"Facebook y Twitter saben de ti aunque no tengas cuenta - UPR Banco Provincial de Sangre de Guant\u00e1namo","isPartOf":{"@id":"https:\/\/instituciones.gtm.sld.cu\/bpsg\/#website"},"datePublished":"2019-01-21T20:28:54+00:00","dateModified":"2019-04-04T12:48:23+00:00","author":{"@id":"https:\/\/instituciones.gtm.sld.cu\/bpsg\/#\/schema\/person\/dc759da8c716f6c0b50198500518d4e1"},"breadcrumb":{"@id":"https:\/\/instituciones.gtm.sld.cu\/bpsg\/2019\/01\/21\/facebook-y-twitter-saben-de-ti-incluso-aunque-no-tengas-cuenta\/#breadcrumb"},"inLanguage":"es","potentialAction":[{"@type":"ReadAction","target":["https:\/\/instituciones.gtm.sld.cu\/bpsg\/2019\/01\/21\/facebook-y-twitter-saben-de-ti-incluso-aunque-no-tengas-cuenta\/"]}]},{"@type":"BreadcrumbList","@id":"https:\/\/instituciones.gtm.sld.cu\/bpsg\/2019\/01\/21\/facebook-y-twitter-saben-de-ti-incluso-aunque-no-tengas-cuenta\/#breadcrumb","itemListElement":[{"@type":"ListItem","position":1,"name":"Portada","item":"https:\/\/instituciones.gtm.sld.cu\/bpsg\/"},{"@type":"ListItem","position":2,"name":"Facebook y Twitter saben de ti aunque no tengas cuenta"}]},{"@type":"WebSite","@id":"https:\/\/instituciones.gtm.sld.cu\/bpsg\/#website","url":"https:\/\/instituciones.gtm.sld.cu\/bpsg\/","name":"UPR Banco Provincial de Sangre de Guant\u00e1namo","description":"&quot;Donar sangre es DONAR VIDA&quot;","potentialAction":[{"@type":"SearchAction","target":{"@type":"EntryPoint","urlTemplate":"https:\/\/instituciones.gtm.sld.cu\/bpsg\/?s={search_term_string}"},"query-input":"required name=search_term_string"}],"inLanguage":"es"},{"@type":"Person","@id":"https:\/\/instituciones.gtm.sld.cu\/bpsg\/#\/schema\/person\/dc759da8c716f6c0b50198500518d4e1","name":"Edel Marrero Vazquez","description":"Especialista en Ciencias Inform\u00e1ticas","url":"https:\/\/instituciones.gtm.sld.cu\/bpsg\/author\/bpsg\/"}]}},"_links":{"self":[{"href":"https:\/\/instituciones.gtm.sld.cu\/bpsg\/wp-json\/wp\/v2\/posts\/690"}],"collection":[{"href":"https:\/\/instituciones.gtm.sld.cu\/bpsg\/wp-json\/wp\/v2\/posts"}],"about":[{"href":"https:\/\/instituciones.gtm.sld.cu\/bpsg\/wp-json\/wp\/v2\/types\/post"}],"author":[{"embeddable":true,"href":"https:\/\/instituciones.gtm.sld.cu\/bpsg\/wp-json\/wp\/v2\/users\/7"}],"replies":[{"embeddable":true,"href":"https:\/\/instituciones.gtm.sld.cu\/bpsg\/wp-json\/wp\/v2\/comments?post=690"}],"version-history":[{"count":0,"href":"https:\/\/instituciones.gtm.sld.cu\/bpsg\/wp-json\/wp\/v2\/posts\/690\/revisions"}],"wp:attachment":[{"href":"https:\/\/instituciones.gtm.sld.cu\/bpsg\/wp-json\/wp\/v2\/media?parent=690"}],"wp:term":[{"taxonomy":"category","embeddable":true,"href":"https:\/\/instituciones.gtm.sld.cu\/bpsg\/wp-json\/wp\/v2\/categories?post=690"},{"taxonomy":"post_tag","embeddable":true,"href":"https:\/\/instituciones.gtm.sld.cu\/bpsg\/wp-json\/wp\/v2\/tags?post=690"}],"curies":[{"name":"wp","href":"https:\/\/api.w.org\/{rel}","templated":true}]}}