{"id":465,"date":"2019-02-12T08:57:06","date_gmt":"2019-02-12T13:57:06","guid":{"rendered":"http:\/\/instituciones2.gtm.sld.cu\/cphem\/?p=465"},"modified":"2019-11-15T11:07:04","modified_gmt":"2019-11-15T16:07:04","slug":"asamblea-de-balance-2018","status":"publish","type":"post","link":"https:\/\/instituciones.gtm.sld.cu\/cphem\/2019\/02\/12\/asamblea-de-balance-2018\/","title":{"rendered":"Asamblea de Balance 2018"},"content":{"rendered":"<p><img decoding=\"async\" loading=\"lazy\" class=\"alignleft  wp-image-768\" src=\"http:\/\/instituciones2.gtm.sld.cu\/cphem\/wp-content\/uploads\/sites\/18\/2019\/02\/plaza1-150x150.jpg\" alt=\"\" width=\"226\" height=\"226\"><\/p>\n<p>&nbsp;<\/p>\n<p>&nbsp;<\/p>\n<p>En Homenaje al Natalicio de nuestro Ap\u00f3stol Jos\u00e9 Mart\u00ed.<\/p>\n<p><!--more--><\/p>\n<p>El Centro Provincial de Higiene, Epidemiolog\u00eda y Microbiolog\u00eda efectu\u00f3 el pasado&nbsp; d\u00eda 29 de enero del 2019, la Asamblea de Balance 2018 en la plaza Mariana Grajales, con el prop\u00f3sito de alcanzar nuevas metas proyectando acciones higi\u00e9nicas-epidemiol\u00f3gicas, encaminadas a la prevenci\u00f3n, control y erradicaci\u00f3n de las enfermedades que propicien el bienestar de las personas, la familia, las comunidades y la protecci\u00f3n del medio ambiente.<\/p>\n<p><strong>Fuente:<\/strong> Departamento de Comunicaci\u00f3n Institucional<\/p>\n","protected":false},"excerpt":{"rendered":"<p>&nbsp; &nbsp; En Homenaje al Natalicio de nuestro Ap\u00f3stol Jos\u00e9 Mart\u00ed.<\/p><p><a class=\"more-link btn\" href=\"https:\/\/instituciones.gtm.sld.cu\/cphem\/2019\/02\/12\/asamblea-de-balance-2018\/\">Seguir leyendo<\/a><\/p>\n","protected":false},"author":20,"featured_media":904,"comment_status":"open","ping_status":"open","sticky":false,"template":"","format":"standard","meta":{"ngg_post_thumbnail":0},"categories":[1],"tags":[],"yoast_head":"<!-- This site is optimized with the Yoast SEO plugin v21.8 - https:\/\/yoast.com\/wordpress\/plugins\/seo\/ -->\n<title>Asamblea de Balance 2018 - Centro Provincial de Higiene, Epidemiolog\u00eda y Microbiolog\u00eda<\/title>\n<meta name=\"robots\" content=\"index, follow, max-snippet:-1, max-image-preview:large, max-video-preview:-1\" \/>\n<link rel=\"canonical\" href=\"https:\/\/instituciones.gtm.sld.cu\/cphem\/2019\/02\/12\/asamblea-de-balance-2018\/\" \/>\n<meta property=\"og:locale\" content=\"es_ES\" \/>\n<meta property=\"og:type\" content=\"article\" \/>\n<meta property=\"og:title\" content=\"Asamblea de Balance 2018 - Centro Provincial de Higiene, Epidemiolog\u00eda y Microbiolog\u00eda\" \/>\n<meta property=\"og:description\" content=\"&nbsp; &nbsp; En Homenaje al Natalicio de nuestro Ap\u00f3stol Jos\u00e9 Mart\u00ed.\" \/>\n<meta property=\"og:url\" content=\"https:\/\/instituciones.gtm.sld.cu\/cphem\/2019\/02\/12\/asamblea-de-balance-2018\/\" \/>\n<meta property=\"og:site_name\" content=\"Centro Provincial de Higiene, Epidemiolog\u00eda y Microbiolog\u00eda\" \/>\n<meta property=\"article:published_time\" content=\"2019-02-12T13:57:06+00:00\" \/>\n<meta property=\"article:modified_time\" content=\"2019-11-15T16:07:04+00:00\" \/>\n<meta property=\"og:image\" content=\"https:\/\/instituciones.gtm.sld.cu\/cphem\/wp-content\/uploads\/sites\/36\/2019\/02\/JM.jpg\" \/>\n\t<meta property=\"og:image:width\" content=\"150\" \/>\n\t<meta property=\"og:image:height\" content=\"150\" \/>\n\t<meta property=\"og:image:type\" content=\"image\/jpeg\" \/>\n<meta name=\"twitter:card\" content=\"summary_large_image\" \/>\n<meta name=\"twitter:label1\" content=\"Escrito por\" \/>\n\t<meta name=\"twitter:data1\" content=\"\" \/>\n<script type=\"application\/ld+json\" class=\"yoast-schema-graph\">{\"@context\":\"https:\/\/schema.org\",\"@graph\":[{\"@type\":\"WebPage\",\"@id\":\"https:\/\/instituciones.gtm.sld.cu\/cphem\/2019\/02\/12\/asamblea-de-balance-2018\/\",\"url\":\"https:\/\/instituciones.gtm.sld.cu\/cphem\/2019\/02\/12\/asamblea-de-balance-2018\/\",\"name\":\"Asamblea de Balance 2018 - Centro Provincial de Higiene, Epidemiolog\u00eda y Microbiolog\u00eda\",\"isPartOf\":{\"@id\":\"https:\/\/instituciones.gtm.sld.cu\/cphem\/#website\"},\"datePublished\":\"2019-02-12T13:57:06+00:00\",\"dateModified\":\"2019-11-15T16:07:04+00:00\",\"author\":{\"@id\":\"\"},\"breadcrumb\":{\"@id\":\"https:\/\/instituciones.gtm.sld.cu\/cphem\/2019\/02\/12\/asamblea-de-balance-2018\/#breadcrumb\"},\"inLanguage\":\"es\",\"potentialAction\":[{\"@type\":\"ReadAction\",\"target\":[\"https:\/\/instituciones.gtm.sld.cu\/cphem\/2019\/02\/12\/asamblea-de-balance-2018\/\"]}]},{\"@type\":\"BreadcrumbList\",\"@id\":\"https:\/\/instituciones.gtm.sld.cu\/cphem\/2019\/02\/12\/asamblea-de-balance-2018\/#breadcrumb\",\"itemListElement\":[{\"@type\":\"ListItem\",\"position\":1,\"name\":\"Portada\",\"item\":\"https:\/\/instituciones.gtm.sld.cu\/cphem\/\"},{\"@type\":\"ListItem\",\"position\":2,\"name\":\"Asamblea de Balance 2018\"}]},{\"@type\":\"WebSite\",\"@id\":\"https:\/\/instituciones.gtm.sld.cu\/cphem\/#website\",\"url\":\"https:\/\/instituciones.gtm.sld.cu\/cphem\/\",\"name\":\"Centro Provincial de Higiene, Epidemiolog\u00eda y Microbiolog\u00eda\",\"description\":\"\",\"potentialAction\":[{\"@type\":\"SearchAction\",\"target\":{\"@type\":\"EntryPoint\",\"urlTemplate\":\"https:\/\/instituciones.gtm.sld.cu\/cphem\/?s={search_term_string}\"},\"query-input\":\"required name=search_term_string\"}],\"inLanguage\":\"es\"},{\"@type\":\"Person\",\"@id\":\"\",\"url\":\"https:\/\/instituciones.gtm.sld.cu\/cphem\/author\/\"}]}<\/script>\n<!-- \/ Yoast SEO plugin. -->","yoast_head_json":{"title":"Asamblea de Balance 2018 - Centro Provincial de Higiene, Epidemiolog\u00eda y Microbiolog\u00eda","robots":{"index":"index","follow":"follow","max-snippet":"max-snippet:-1","max-image-preview":"max-image-preview:large","max-video-preview":"max-video-preview:-1"},"canonical":"https:\/\/instituciones.gtm.sld.cu\/cphem\/2019\/02\/12\/asamblea-de-balance-2018\/","og_locale":"es_ES","og_type":"article","og_title":"Asamblea de Balance 2018 - Centro Provincial de Higiene, Epidemiolog\u00eda y Microbiolog\u00eda","og_description":"&nbsp; &nbsp; En Homenaje al Natalicio de nuestro Ap\u00f3stol Jos\u00e9 Mart\u00ed.","og_url":"https:\/\/instituciones.gtm.sld.cu\/cphem\/2019\/02\/12\/asamblea-de-balance-2018\/","og_site_name":"Centro Provincial de Higiene, Epidemiolog\u00eda y Microbiolog\u00eda","article_published_time":"2019-02-12T13:57:06+00:00","article_modified_time":"2019-11-15T16:07:04+00:00","og_image":[{"width":150,"height":150,"url":"https:\/\/instituciones.gtm.sld.cu\/cphem\/wp-content\/uploads\/sites\/36\/2019\/02\/JM.jpg","type":"image\/jpeg"}],"twitter_card":"summary_large_image","twitter_misc":{"Escrito por":""},"schema":{"@context":"https:\/\/schema.org","@graph":[{"@type":"WebPage","@id":"https:\/\/instituciones.gtm.sld.cu\/cphem\/2019\/02\/12\/asamblea-de-balance-2018\/","url":"https:\/\/instituciones.gtm.sld.cu\/cphem\/2019\/02\/12\/asamblea-de-balance-2018\/","name":"Asamblea de Balance 2018 - Centro Provincial de Higiene, Epidemiolog\u00eda y Microbiolog\u00eda","isPartOf":{"@id":"https:\/\/instituciones.gtm.sld.cu\/cphem\/#website"},"datePublished":"2019-02-12T13:57:06+00:00","dateModified":"2019-11-15T16:07:04+00:00","author":{"@id":""},"breadcrumb":{"@id":"https:\/\/instituciones.gtm.sld.cu\/cphem\/2019\/02\/12\/asamblea-de-balance-2018\/#breadcrumb"},"inLanguage":"es","potentialAction":[{"@type":"ReadAction","target":["https:\/\/instituciones.gtm.sld.cu\/cphem\/2019\/02\/12\/asamblea-de-balance-2018\/"]}]},{"@type":"BreadcrumbList","@id":"https:\/\/instituciones.gtm.sld.cu\/cphem\/2019\/02\/12\/asamblea-de-balance-2018\/#breadcrumb","itemListElement":[{"@type":"ListItem","position":1,"name":"Portada","item":"https:\/\/instituciones.gtm.sld.cu\/cphem\/"},{"@type":"ListItem","position":2,"name":"Asamblea de Balance 2018"}]},{"@type":"WebSite","@id":"https:\/\/instituciones.gtm.sld.cu\/cphem\/#website","url":"https:\/\/instituciones.gtm.sld.cu\/cphem\/","name":"Centro Provincial de Higiene, Epidemiolog\u00eda y Microbiolog\u00eda","description":"","potentialAction":[{"@type":"SearchAction","target":{"@type":"EntryPoint","urlTemplate":"https:\/\/instituciones.gtm.sld.cu\/cphem\/?s={search_term_string}"},"query-input":"required name=search_term_string"}],"inLanguage":"es"},{"@type":"Person","@id":"","url":"https:\/\/instituciones.gtm.sld.cu\/cphem\/author\/"}]}},"jetpack_featured_media_url":"https:\/\/instituciones.gtm.sld.cu\/cphem\/wp-content\/uploads\/sites\/36\/2019\/02\/JM.jpg","_links":{"self":[{"href":"https:\/\/instituciones.gtm.sld.cu\/cphem\/wp-json\/wp\/v2\/posts\/465"}],"collection":[{"href":"https:\/\/instituciones.gtm.sld.cu\/cphem\/wp-json\/wp\/v2\/posts"}],"about":[{"href":"https:\/\/instituciones.gtm.sld.cu\/cphem\/wp-json\/wp\/v2\/types\/post"}],"author":[{"embeddable":true,"href":"https:\/\/instituciones.gtm.sld.cu\/cphem\/wp-json\/wp\/v2\/users\/20"}],"replies":[{"embeddable":true,"href":"https:\/\/instituciones.gtm.sld.cu\/cphem\/wp-json\/wp\/v2\/comments?post=465"}],"version-history":[{"count":4,"href":"https:\/\/instituciones.gtm.sld.cu\/cphem\/wp-json\/wp\/v2\/posts\/465\/revisions"}],"predecessor-version":[{"id":905,"href":"https:\/\/instituciones.gtm.sld.cu\/cphem\/wp-json\/wp\/v2\/posts\/465\/revisions\/905"}],"wp:featuredmedia":[{"embeddable":true,"href":"https:\/\/instituciones.gtm.sld.cu\/cphem\/wp-json\/wp\/v2\/media\/904"}],"wp:attachment":[{"href":"https:\/\/instituciones.gtm.sld.cu\/cphem\/wp-json\/wp\/v2\/media?parent=465"}],"wp:term":[{"taxonomy":"category","embeddable":true,"href":"https:\/\/instituciones.gtm.sld.cu\/cphem\/wp-json\/wp\/v2\/categories?post=465"},{"taxonomy":"post_tag","embeddable":true,"href":"https:\/\/instituciones.gtm.sld.cu\/cphem\/wp-json\/wp\/v2\/tags?post=465"}],"curies":[{"name":"wp","href":"https:\/\/api.w.org\/{rel}","templated":true}]}}