{"id":480,"date":"2019-02-20T11:36:43","date_gmt":"2019-02-20T16:36:43","guid":{"rendered":"http:\/\/instituciones2.gtm.sld.cu\/cphem\/?p=480"},"modified":"2019-11-15T11:00:50","modified_gmt":"2019-11-15T16:00:50","slug":"votar-por-el-si-votar-por-la-revolucion","status":"publish","type":"post","link":"https:\/\/instituciones.gtm.sld.cu\/cphem\/2019\/02\/20\/votar-por-el-si-votar-por-la-revolucion\/","title":{"rendered":"Votar por el S\u00cd, Votar  por la Revoluci\u00f3n."},"content":{"rendered":"<p><img decoding=\"async\" loading=\"lazy\" class=\"alignleft size-full wp-image-771\" src=\"http:\/\/instituciones2.gtm.sld.cu\/cphem\/wp-content\/uploads\/sites\/18\/2019\/02\/24-150x150.jpg\" alt=\"\" width=\"150\" height=\"150\"><\/p>\n<p>&nbsp;<\/p>\n<p>&nbsp;<\/p>\n<p>Con su presencia este 24 de febrero 2019 en las urnas.<\/p>\n<p><!--more--><\/p>\n<p>Los trabajadores del Centro Provincial de Higiene, Epidemiolog\u00eda y Microbiolog\u00eda <em>dar\u00e1n un s\u00ed por Cuba<\/em>, para ratificar la continuidad de la Revoluci\u00f3n y la voluntad de proteger las conquistas sociales de la Isla; ser\u00e1 este, adem\u00e1s, el mejor homenaje a Jos\u00e9 Mart\u00ed, a Fidel Castro y a los h\u00e9roes de la Patria, concientizar la importancia de la ratificaci\u00f3n de la nueva Carta Magna, por los deberes y derechos que en ella se refrendan; y por la validaci\u00f3n, mediante este acto c\u00edvico, del car\u00e1cter antiimperialista del proyecto socialista.<\/p>\n","protected":false},"excerpt":{"rendered":"<p>&nbsp; &nbsp; Con su presencia este 24 de febrero 2019 en las urnas.<\/p><p><a class=\"more-link btn\" href=\"https:\/\/instituciones.gtm.sld.cu\/cphem\/2019\/02\/20\/votar-por-el-si-votar-por-la-revolucion\/\">Seguir leyendo<\/a><\/p>\n","protected":false},"author":20,"featured_media":0,"comment_status":"open","ping_status":"open","sticky":false,"template":"","format":"standard","meta":{"ngg_post_thumbnail":0},"categories":[1],"tags":[],"yoast_head":"<!-- This site is optimized with the Yoast SEO plugin v21.8 - https:\/\/yoast.com\/wordpress\/plugins\/seo\/ -->\n<title>Votar por el S\u00cd, Votar por la Revoluci\u00f3n. - Centro Provincial de Higiene, Epidemiolog\u00eda y Microbiolog\u00eda<\/title>\n<meta name=\"robots\" content=\"index, follow, max-snippet:-1, max-image-preview:large, max-video-preview:-1\" \/>\n<link rel=\"canonical\" href=\"https:\/\/instituciones.gtm.sld.cu\/cphem\/2019\/02\/20\/votar-por-el-si-votar-por-la-revolucion\/\" \/>\n<meta property=\"og:locale\" content=\"es_ES\" \/>\n<meta property=\"og:type\" content=\"article\" \/>\n<meta property=\"og:title\" content=\"Votar por el S\u00cd, Votar por la Revoluci\u00f3n. - Centro Provincial de Higiene, Epidemiolog\u00eda y Microbiolog\u00eda\" \/>\n<meta property=\"og:description\" content=\"&nbsp; &nbsp; Con su presencia este 24 de febrero 2019 en las urnas.\" \/>\n<meta property=\"og:url\" content=\"https:\/\/instituciones.gtm.sld.cu\/cphem\/2019\/02\/20\/votar-por-el-si-votar-por-la-revolucion\/\" \/>\n<meta property=\"og:site_name\" content=\"Centro Provincial de Higiene, Epidemiolog\u00eda y Microbiolog\u00eda\" \/>\n<meta property=\"article:published_time\" content=\"2019-02-20T16:36:43+00:00\" \/>\n<meta property=\"article:modified_time\" content=\"2019-11-15T16:00:50+00:00\" \/>\n<meta property=\"og:image\" content=\"http:\/\/instituciones2.gtm.sld.cu\/cphem\/wp-content\/uploads\/sites\/18\/2019\/02\/24-150x150.jpg\" \/>\n<meta name=\"twitter:card\" content=\"summary_large_image\" \/>\n<meta name=\"twitter:label1\" content=\"Escrito por\" \/>\n\t<meta name=\"twitter:data1\" content=\"\" \/>\n\t<meta name=\"twitter:label2\" content=\"Tiempo de lectura\" \/>\n\t<meta name=\"twitter:data2\" content=\"1 minuto\" \/>\n<script type=\"application\/ld+json\" class=\"yoast-schema-graph\">{\"@context\":\"https:\/\/schema.org\",\"@graph\":[{\"@type\":\"WebPage\",\"@id\":\"https:\/\/instituciones.gtm.sld.cu\/cphem\/2019\/02\/20\/votar-por-el-si-votar-por-la-revolucion\/\",\"url\":\"https:\/\/instituciones.gtm.sld.cu\/cphem\/2019\/02\/20\/votar-por-el-si-votar-por-la-revolucion\/\",\"name\":\"Votar por el S\u00cd, Votar por la Revoluci\u00f3n. - Centro Provincial de Higiene, Epidemiolog\u00eda y Microbiolog\u00eda\",\"isPartOf\":{\"@id\":\"https:\/\/instituciones.gtm.sld.cu\/cphem\/#website\"},\"datePublished\":\"2019-02-20T16:36:43+00:00\",\"dateModified\":\"2019-11-15T16:00:50+00:00\",\"author\":{\"@id\":\"\"},\"breadcrumb\":{\"@id\":\"https:\/\/instituciones.gtm.sld.cu\/cphem\/2019\/02\/20\/votar-por-el-si-votar-por-la-revolucion\/#breadcrumb\"},\"inLanguage\":\"es\",\"potentialAction\":[{\"@type\":\"ReadAction\",\"target\":[\"https:\/\/instituciones.gtm.sld.cu\/cphem\/2019\/02\/20\/votar-por-el-si-votar-por-la-revolucion\/\"]}]},{\"@type\":\"BreadcrumbList\",\"@id\":\"https:\/\/instituciones.gtm.sld.cu\/cphem\/2019\/02\/20\/votar-por-el-si-votar-por-la-revolucion\/#breadcrumb\",\"itemListElement\":[{\"@type\":\"ListItem\",\"position\":1,\"name\":\"Portada\",\"item\":\"https:\/\/instituciones.gtm.sld.cu\/cphem\/\"},{\"@type\":\"ListItem\",\"position\":2,\"name\":\"Votar por el S\u00cd, Votar por la Revoluci\u00f3n.\"}]},{\"@type\":\"WebSite\",\"@id\":\"https:\/\/instituciones.gtm.sld.cu\/cphem\/#website\",\"url\":\"https:\/\/instituciones.gtm.sld.cu\/cphem\/\",\"name\":\"Centro Provincial de Higiene, Epidemiolog\u00eda y Microbiolog\u00eda\",\"description\":\"\",\"potentialAction\":[{\"@type\":\"SearchAction\",\"target\":{\"@type\":\"EntryPoint\",\"urlTemplate\":\"https:\/\/instituciones.gtm.sld.cu\/cphem\/?s={search_term_string}\"},\"query-input\":\"required name=search_term_string\"}],\"inLanguage\":\"es\"},{\"@type\":\"Person\",\"@id\":\"\",\"url\":\"https:\/\/instituciones.gtm.sld.cu\/cphem\/author\/\"}]}<\/script>\n<!-- \/ Yoast SEO plugin. -->","yoast_head_json":{"title":"Votar por el S\u00cd, Votar por la Revoluci\u00f3n. - Centro Provincial de Higiene, Epidemiolog\u00eda y Microbiolog\u00eda","robots":{"index":"index","follow":"follow","max-snippet":"max-snippet:-1","max-image-preview":"max-image-preview:large","max-video-preview":"max-video-preview:-1"},"canonical":"https:\/\/instituciones.gtm.sld.cu\/cphem\/2019\/02\/20\/votar-por-el-si-votar-por-la-revolucion\/","og_locale":"es_ES","og_type":"article","og_title":"Votar por el S\u00cd, Votar por la Revoluci\u00f3n. - Centro Provincial de Higiene, Epidemiolog\u00eda y Microbiolog\u00eda","og_description":"&nbsp; &nbsp; Con su presencia este 24 de febrero 2019 en las urnas.","og_url":"https:\/\/instituciones.gtm.sld.cu\/cphem\/2019\/02\/20\/votar-por-el-si-votar-por-la-revolucion\/","og_site_name":"Centro Provincial de Higiene, Epidemiolog\u00eda y Microbiolog\u00eda","article_published_time":"2019-02-20T16:36:43+00:00","article_modified_time":"2019-11-15T16:00:50+00:00","og_image":[{"url":"http:\/\/instituciones2.gtm.sld.cu\/cphem\/wp-content\/uploads\/sites\/18\/2019\/02\/24-150x150.jpg"}],"twitter_card":"summary_large_image","twitter_misc":{"Escrito por":"","Tiempo de lectura":"1 minuto"},"schema":{"@context":"https:\/\/schema.org","@graph":[{"@type":"WebPage","@id":"https:\/\/instituciones.gtm.sld.cu\/cphem\/2019\/02\/20\/votar-por-el-si-votar-por-la-revolucion\/","url":"https:\/\/instituciones.gtm.sld.cu\/cphem\/2019\/02\/20\/votar-por-el-si-votar-por-la-revolucion\/","name":"Votar por el S\u00cd, Votar por la Revoluci\u00f3n. - Centro Provincial de Higiene, Epidemiolog\u00eda y Microbiolog\u00eda","isPartOf":{"@id":"https:\/\/instituciones.gtm.sld.cu\/cphem\/#website"},"datePublished":"2019-02-20T16:36:43+00:00","dateModified":"2019-11-15T16:00:50+00:00","author":{"@id":""},"breadcrumb":{"@id":"https:\/\/instituciones.gtm.sld.cu\/cphem\/2019\/02\/20\/votar-por-el-si-votar-por-la-revolucion\/#breadcrumb"},"inLanguage":"es","potentialAction":[{"@type":"ReadAction","target":["https:\/\/instituciones.gtm.sld.cu\/cphem\/2019\/02\/20\/votar-por-el-si-votar-por-la-revolucion\/"]}]},{"@type":"BreadcrumbList","@id":"https:\/\/instituciones.gtm.sld.cu\/cphem\/2019\/02\/20\/votar-por-el-si-votar-por-la-revolucion\/#breadcrumb","itemListElement":[{"@type":"ListItem","position":1,"name":"Portada","item":"https:\/\/instituciones.gtm.sld.cu\/cphem\/"},{"@type":"ListItem","position":2,"name":"Votar por el S\u00cd, Votar por la Revoluci\u00f3n."}]},{"@type":"WebSite","@id":"https:\/\/instituciones.gtm.sld.cu\/cphem\/#website","url":"https:\/\/instituciones.gtm.sld.cu\/cphem\/","name":"Centro Provincial de Higiene, Epidemiolog\u00eda y Microbiolog\u00eda","description":"","potentialAction":[{"@type":"SearchAction","target":{"@type":"EntryPoint","urlTemplate":"https:\/\/instituciones.gtm.sld.cu\/cphem\/?s={search_term_string}"},"query-input":"required name=search_term_string"}],"inLanguage":"es"},{"@type":"Person","@id":"","url":"https:\/\/instituciones.gtm.sld.cu\/cphem\/author\/"}]}},"jetpack_featured_media_url":"","_links":{"self":[{"href":"https:\/\/instituciones.gtm.sld.cu\/cphem\/wp-json\/wp\/v2\/posts\/480"}],"collection":[{"href":"https:\/\/instituciones.gtm.sld.cu\/cphem\/wp-json\/wp\/v2\/posts"}],"about":[{"href":"https:\/\/instituciones.gtm.sld.cu\/cphem\/wp-json\/wp\/v2\/types\/post"}],"author":[{"embeddable":true,"href":"https:\/\/instituciones.gtm.sld.cu\/cphem\/wp-json\/wp\/v2\/users\/20"}],"replies":[{"embeddable":true,"href":"https:\/\/instituciones.gtm.sld.cu\/cphem\/wp-json\/wp\/v2\/comments?post=480"}],"version-history":[{"count":6,"href":"https:\/\/instituciones.gtm.sld.cu\/cphem\/wp-json\/wp\/v2\/posts\/480\/revisions"}],"predecessor-version":[{"id":773,"href":"https:\/\/instituciones.gtm.sld.cu\/cphem\/wp-json\/wp\/v2\/posts\/480\/revisions\/773"}],"wp:attachment":[{"href":"https:\/\/instituciones.gtm.sld.cu\/cphem\/wp-json\/wp\/v2\/media?parent=480"}],"wp:term":[{"taxonomy":"category","embeddable":true,"href":"https:\/\/instituciones.gtm.sld.cu\/cphem\/wp-json\/wp\/v2\/categories?post=480"},{"taxonomy":"post_tag","embeddable":true,"href":"https:\/\/instituciones.gtm.sld.cu\/cphem\/wp-json\/wp\/v2\/tags?post=480"}],"curies":[{"name":"wp","href":"https:\/\/api.w.org\/{rel}","templated":true}]}}