{"id":509,"date":"2019-03-01T09:58:22","date_gmt":"2019-03-01T14:58:22","guid":{"rendered":"http:\/\/instituciones2.gtm.sld.cu\/cphem\/?p=509"},"modified":"2019-11-15T10:52:46","modified_gmt":"2019-11-15T15:52:46","slug":"acto-de-inicio-de-la-58-campana-de-vacunacion-antipoliomielitica-en-la-provincia-guantanamo","status":"publish","type":"post","link":"https:\/\/instituciones.gtm.sld.cu\/cphem\/2019\/03\/01\/acto-de-inicio-de-la-58-campana-de-vacunacion-antipoliomielitica-en-la-provincia-guantanamo\/","title":{"rendered":"ACTO DE INICIO DE LA 58 CAMPA\u00d1A DE VACUNACI\u00d3N ANTIPOLIOMIELITICA EN LA PROVINCIA GUANTANAMO"},"content":{"rendered":"<p style=\"text-align: justify\"><img decoding=\"async\" loading=\"lazy\" class=\"alignleft  wp-image-780\" src=\"http:\/\/instituciones2.gtm.sld.cu\/cphem\/wp-content\/uploads\/sites\/18\/2019\/03\/3-300x225-150x150.jpg\" alt=\"\" width=\"232\" height=\"232\"><\/p>\n<p>&nbsp;<\/p>\n<p style=\"text-align: justify\"><em>Como parte del inicio de la campa\u00f1a de vacunaci\u00f3n en horas de la ma\u00f1ana del 25 de febrero 2019, se realiz\u00f3 el acto de inicio de la campa\u00f1a de vacunaci\u00f3n Antipoliomielitica Oral, en el policl\u00ednico Emilio Daudinot del municipio Guant\u00e1namo de dicha provincia.<\/em><\/p>\n<p>&nbsp;<\/p>\n<p><!--more--><\/p>\n<p style=\"text-align: justify\">La cual estuvo presidida por el Vice Director de Asistencia M\u00e9dica de la Direcci\u00f3n Provincial de Salud Dr. Jorge Sierra Hern\u00e1ndez, Funcionaria de Enfermer\u00eda de la Direcci\u00f3n Provincial de Salud Lic. Odalis P\u00e9rez, Jefa del Departamento Provincial de Promoci\u00f3n y Prevenci\u00f3n de Enfermedades Lic. Diosmerlis Matos Esteves y dem\u00e1s miembros del equipo provincial y municipal, as\u00ed como representantes de las diferentes organizaciones pol\u00edticas y de masas (FMC, CDR) y promotoras del programa Educa A Tu Hijo. Las palabras centrales de dicho acto a cargo de la Dra. Mar\u00eda Elena S\u00e1nchez Jefa del Programa de Vacunaci\u00f3n en nuestra provincia.<\/p>\n<p style=\"text-align: justify\">Se realiz\u00f3 una breve Gala Cultural, con la presencia de trovadores, repentista y la actuaci\u00f3n de payazos de la Casa de la Cultura y no se hizo esperar la actuaci\u00f3n del payazo terap\u00e9utico de la provincia.<\/p>\n<p style=\"text-align: justify\">El departamento de Promoci\u00f3n y Prevenci\u00f3n de Enfermedades hace un llamado a las familias y los sectores presentes a contribuir a la informaci\u00f3n y sensibilizaci\u00f3n sobre la campa\u00f1a de vacunaci\u00f3n Antipoliomielitica Oral con el objetivo de que no quede un ni\u00f1o sin vacunar.<\/p>\n<p style=\"text-align: justify\">&nbsp;<\/p>\n<p style=\"text-align: justify\">Informa: Licenciada en Enfermer\u00eda; Mraricel Rodr\u00edguez Urgelles<\/p>\n<p style=\"text-align: justify\">&nbsp;&nbsp;&nbsp;&nbsp;&nbsp;&nbsp;&nbsp;&nbsp;&nbsp;&nbsp;&nbsp;&nbsp;&nbsp;&nbsp; Especialista del equipo Provincial PROSALUD<\/p>\n<p style=\"text-align: justify\">&nbsp;<\/p>\n","protected":false},"excerpt":{"rendered":"<p>&nbsp; Como parte del inicio de la campa\u00f1a de vacunaci\u00f3n en horas de la ma\u00f1ana del 25 de febrero 2019, se realiz\u00f3 el acto de inicio de la campa\u00f1a de vacunaci\u00f3n Antipoliomielitica Oral, en el policl\u00ednico Emilio Daudinot del municipio Guant\u00e1namo de dicha provincia. &nbsp;<\/p><p><a class=\"more-link btn\" href=\"https:\/\/instituciones.gtm.sld.cu\/cphem\/2019\/03\/01\/acto-de-inicio-de-la-58-campana-de-vacunacion-antipoliomielitica-en-la-provincia-guantanamo\/\">Seguir leyendo<\/a><\/p>\n","protected":false},"author":20,"featured_media":897,"comment_status":"open","ping_status":"open","sticky":false,"template":"","format":"standard","meta":{"ngg_post_thumbnail":0},"categories":[1],"tags":[],"yoast_head":"<!-- This site is optimized with the Yoast SEO plugin v21.8 - https:\/\/yoast.com\/wordpress\/plugins\/seo\/ -->\n<title>ACTO DE INICIO DE LA 58 CAMPA\u00d1A DE VACUNACI\u00d3N ANTIPOLIOMIELITICA EN LA PROVINCIA GUANTANAMO - Centro Provincial de Higiene, Epidemiolog\u00eda y Microbiolog\u00eda<\/title>\n<meta name=\"robots\" content=\"index, follow, max-snippet:-1, max-image-preview:large, max-video-preview:-1\" \/>\n<link rel=\"canonical\" href=\"https:\/\/instituciones.gtm.sld.cu\/cphem\/2019\/03\/01\/acto-de-inicio-de-la-58-campana-de-vacunacion-antipoliomielitica-en-la-provincia-guantanamo\/\" \/>\n<meta property=\"og:locale\" content=\"es_ES\" \/>\n<meta property=\"og:type\" content=\"article\" \/>\n<meta property=\"og:title\" content=\"ACTO DE INICIO DE LA 58 CAMPA\u00d1A DE VACUNACI\u00d3N ANTIPOLIOMIELITICA EN LA PROVINCIA GUANTANAMO - Centro Provincial de Higiene, Epidemiolog\u00eda y Microbiolog\u00eda\" \/>\n<meta property=\"og:description\" content=\"&nbsp; Como parte del inicio de la campa\u00f1a de vacunaci\u00f3n en horas de la ma\u00f1ana del 25 de febrero 2019, se realiz\u00f3 el acto de inicio de la campa\u00f1a de vacunaci\u00f3n Antipoliomielitica Oral, en el policl\u00ednico Emilio Daudinot del municipio Guant\u00e1namo de dicha provincia. &nbsp;\" \/>\n<meta property=\"og:url\" content=\"https:\/\/instituciones.gtm.sld.cu\/cphem\/2019\/03\/01\/acto-de-inicio-de-la-58-campana-de-vacunacion-antipoliomielitica-en-la-provincia-guantanamo\/\" \/>\n<meta property=\"og:site_name\" content=\"Centro Provincial de Higiene, Epidemiolog\u00eda y Microbiolog\u00eda\" \/>\n<meta property=\"article:published_time\" content=\"2019-03-01T14:58:22+00:00\" \/>\n<meta property=\"article:modified_time\" content=\"2019-11-15T15:52:46+00:00\" \/>\n<meta property=\"og:image\" content=\"https:\/\/instituciones.gtm.sld.cu\/cphem\/wp-content\/uploads\/sites\/36\/2019\/03\/polio3-150x150.jpg\" \/>\n\t<meta property=\"og:image:width\" content=\"150\" \/>\n\t<meta property=\"og:image:height\" content=\"150\" \/>\n\t<meta property=\"og:image:type\" content=\"image\/jpeg\" \/>\n<meta name=\"twitter:card\" content=\"summary_large_image\" \/>\n<meta name=\"twitter:label1\" content=\"Escrito por\" \/>\n\t<meta name=\"twitter:data1\" content=\"\" \/>\n\t<meta name=\"twitter:label2\" content=\"Tiempo de lectura\" \/>\n\t<meta name=\"twitter:data2\" content=\"1 minuto\" \/>\n<script type=\"application\/ld+json\" class=\"yoast-schema-graph\">{\"@context\":\"https:\/\/schema.org\",\"@graph\":[{\"@type\":\"WebPage\",\"@id\":\"https:\/\/instituciones.gtm.sld.cu\/cphem\/2019\/03\/01\/acto-de-inicio-de-la-58-campana-de-vacunacion-antipoliomielitica-en-la-provincia-guantanamo\/\",\"url\":\"https:\/\/instituciones.gtm.sld.cu\/cphem\/2019\/03\/01\/acto-de-inicio-de-la-58-campana-de-vacunacion-antipoliomielitica-en-la-provincia-guantanamo\/\",\"name\":\"ACTO DE INICIO DE LA 58 CAMPA\u00d1A DE VACUNACI\u00d3N ANTIPOLIOMIELITICA EN LA PROVINCIA GUANTANAMO - Centro Provincial de Higiene, Epidemiolog\u00eda y Microbiolog\u00eda\",\"isPartOf\":{\"@id\":\"https:\/\/instituciones.gtm.sld.cu\/cphem\/#website\"},\"datePublished\":\"2019-03-01T14:58:22+00:00\",\"dateModified\":\"2019-11-15T15:52:46+00:00\",\"author\":{\"@id\":\"\"},\"breadcrumb\":{\"@id\":\"https:\/\/instituciones.gtm.sld.cu\/cphem\/2019\/03\/01\/acto-de-inicio-de-la-58-campana-de-vacunacion-antipoliomielitica-en-la-provincia-guantanamo\/#breadcrumb\"},\"inLanguage\":\"es\",\"potentialAction\":[{\"@type\":\"ReadAction\",\"target\":[\"https:\/\/instituciones.gtm.sld.cu\/cphem\/2019\/03\/01\/acto-de-inicio-de-la-58-campana-de-vacunacion-antipoliomielitica-en-la-provincia-guantanamo\/\"]}]},{\"@type\":\"BreadcrumbList\",\"@id\":\"https:\/\/instituciones.gtm.sld.cu\/cphem\/2019\/03\/01\/acto-de-inicio-de-la-58-campana-de-vacunacion-antipoliomielitica-en-la-provincia-guantanamo\/#breadcrumb\",\"itemListElement\":[{\"@type\":\"ListItem\",\"position\":1,\"name\":\"Portada\",\"item\":\"https:\/\/instituciones.gtm.sld.cu\/cphem\/\"},{\"@type\":\"ListItem\",\"position\":2,\"name\":\"ACTO DE INICIO DE LA 58 CAMPA\u00d1A DE VACUNACI\u00d3N ANTIPOLIOMIELITICA EN LA PROVINCIA GUANTANAMO\"}]},{\"@type\":\"WebSite\",\"@id\":\"https:\/\/instituciones.gtm.sld.cu\/cphem\/#website\",\"url\":\"https:\/\/instituciones.gtm.sld.cu\/cphem\/\",\"name\":\"Centro Provincial de Higiene, Epidemiolog\u00eda y Microbiolog\u00eda\",\"description\":\"\",\"potentialAction\":[{\"@type\":\"SearchAction\",\"target\":{\"@type\":\"EntryPoint\",\"urlTemplate\":\"https:\/\/instituciones.gtm.sld.cu\/cphem\/?s={search_term_string}\"},\"query-input\":\"required name=search_term_string\"}],\"inLanguage\":\"es\"},{\"@type\":\"Person\",\"@id\":\"\",\"url\":\"https:\/\/instituciones.gtm.sld.cu\/cphem\/author\/\"}]}<\/script>\n<!-- \/ Yoast SEO plugin. -->","yoast_head_json":{"title":"ACTO DE INICIO DE LA 58 CAMPA\u00d1A DE VACUNACI\u00d3N ANTIPOLIOMIELITICA EN LA PROVINCIA GUANTANAMO - Centro Provincial de Higiene, Epidemiolog\u00eda y Microbiolog\u00eda","robots":{"index":"index","follow":"follow","max-snippet":"max-snippet:-1","max-image-preview":"max-image-preview:large","max-video-preview":"max-video-preview:-1"},"canonical":"https:\/\/instituciones.gtm.sld.cu\/cphem\/2019\/03\/01\/acto-de-inicio-de-la-58-campana-de-vacunacion-antipoliomielitica-en-la-provincia-guantanamo\/","og_locale":"es_ES","og_type":"article","og_title":"ACTO DE INICIO DE LA 58 CAMPA\u00d1A DE VACUNACI\u00d3N ANTIPOLIOMIELITICA EN LA PROVINCIA GUANTANAMO - Centro Provincial de Higiene, Epidemiolog\u00eda y Microbiolog\u00eda","og_description":"&nbsp; Como parte del inicio de la campa\u00f1a de vacunaci\u00f3n en horas de la ma\u00f1ana del 25 de febrero 2019, se realiz\u00f3 el acto de inicio de la campa\u00f1a de vacunaci\u00f3n Antipoliomielitica Oral, en el policl\u00ednico Emilio Daudinot del municipio Guant\u00e1namo de dicha provincia. &nbsp;","og_url":"https:\/\/instituciones.gtm.sld.cu\/cphem\/2019\/03\/01\/acto-de-inicio-de-la-58-campana-de-vacunacion-antipoliomielitica-en-la-provincia-guantanamo\/","og_site_name":"Centro Provincial de Higiene, Epidemiolog\u00eda y Microbiolog\u00eda","article_published_time":"2019-03-01T14:58:22+00:00","article_modified_time":"2019-11-15T15:52:46+00:00","og_image":[{"width":150,"height":150,"url":"https:\/\/instituciones.gtm.sld.cu\/cphem\/wp-content\/uploads\/sites\/36\/2019\/03\/polio3-150x150.jpg","type":"image\/jpeg"}],"twitter_card":"summary_large_image","twitter_misc":{"Escrito por":"","Tiempo de lectura":"1 minuto"},"schema":{"@context":"https:\/\/schema.org","@graph":[{"@type":"WebPage","@id":"https:\/\/instituciones.gtm.sld.cu\/cphem\/2019\/03\/01\/acto-de-inicio-de-la-58-campana-de-vacunacion-antipoliomielitica-en-la-provincia-guantanamo\/","url":"https:\/\/instituciones.gtm.sld.cu\/cphem\/2019\/03\/01\/acto-de-inicio-de-la-58-campana-de-vacunacion-antipoliomielitica-en-la-provincia-guantanamo\/","name":"ACTO DE INICIO DE LA 58 CAMPA\u00d1A DE VACUNACI\u00d3N ANTIPOLIOMIELITICA EN LA PROVINCIA GUANTANAMO - Centro Provincial de Higiene, Epidemiolog\u00eda y Microbiolog\u00eda","isPartOf":{"@id":"https:\/\/instituciones.gtm.sld.cu\/cphem\/#website"},"datePublished":"2019-03-01T14:58:22+00:00","dateModified":"2019-11-15T15:52:46+00:00","author":{"@id":""},"breadcrumb":{"@id":"https:\/\/instituciones.gtm.sld.cu\/cphem\/2019\/03\/01\/acto-de-inicio-de-la-58-campana-de-vacunacion-antipoliomielitica-en-la-provincia-guantanamo\/#breadcrumb"},"inLanguage":"es","potentialAction":[{"@type":"ReadAction","target":["https:\/\/instituciones.gtm.sld.cu\/cphem\/2019\/03\/01\/acto-de-inicio-de-la-58-campana-de-vacunacion-antipoliomielitica-en-la-provincia-guantanamo\/"]}]},{"@type":"BreadcrumbList","@id":"https:\/\/instituciones.gtm.sld.cu\/cphem\/2019\/03\/01\/acto-de-inicio-de-la-58-campana-de-vacunacion-antipoliomielitica-en-la-provincia-guantanamo\/#breadcrumb","itemListElement":[{"@type":"ListItem","position":1,"name":"Portada","item":"https:\/\/instituciones.gtm.sld.cu\/cphem\/"},{"@type":"ListItem","position":2,"name":"ACTO DE INICIO DE LA 58 CAMPA\u00d1A DE VACUNACI\u00d3N ANTIPOLIOMIELITICA EN LA PROVINCIA GUANTANAMO"}]},{"@type":"WebSite","@id":"https:\/\/instituciones.gtm.sld.cu\/cphem\/#website","url":"https:\/\/instituciones.gtm.sld.cu\/cphem\/","name":"Centro Provincial de Higiene, Epidemiolog\u00eda y Microbiolog\u00eda","description":"","potentialAction":[{"@type":"SearchAction","target":{"@type":"EntryPoint","urlTemplate":"https:\/\/instituciones.gtm.sld.cu\/cphem\/?s={search_term_string}"},"query-input":"required name=search_term_string"}],"inLanguage":"es"},{"@type":"Person","@id":"","url":"https:\/\/instituciones.gtm.sld.cu\/cphem\/author\/"}]}},"jetpack_featured_media_url":"https:\/\/instituciones.gtm.sld.cu\/cphem\/wp-content\/uploads\/sites\/36\/2019\/03\/polio3-150x150.jpg","_links":{"self":[{"href":"https:\/\/instituciones.gtm.sld.cu\/cphem\/wp-json\/wp\/v2\/posts\/509"}],"collection":[{"href":"https:\/\/instituciones.gtm.sld.cu\/cphem\/wp-json\/wp\/v2\/posts"}],"about":[{"href":"https:\/\/instituciones.gtm.sld.cu\/cphem\/wp-json\/wp\/v2\/types\/post"}],"author":[{"embeddable":true,"href":"https:\/\/instituciones.gtm.sld.cu\/cphem\/wp-json\/wp\/v2\/users\/20"}],"replies":[{"embeddable":true,"href":"https:\/\/instituciones.gtm.sld.cu\/cphem\/wp-json\/wp\/v2\/comments?post=509"}],"version-history":[{"count":10,"href":"https:\/\/instituciones.gtm.sld.cu\/cphem\/wp-json\/wp\/v2\/posts\/509\/revisions"}],"predecessor-version":[{"id":898,"href":"https:\/\/instituciones.gtm.sld.cu\/cphem\/wp-json\/wp\/v2\/posts\/509\/revisions\/898"}],"wp:featuredmedia":[{"embeddable":true,"href":"https:\/\/instituciones.gtm.sld.cu\/cphem\/wp-json\/wp\/v2\/media\/897"}],"wp:attachment":[{"href":"https:\/\/instituciones.gtm.sld.cu\/cphem\/wp-json\/wp\/v2\/media?parent=509"}],"wp:term":[{"taxonomy":"category","embeddable":true,"href":"https:\/\/instituciones.gtm.sld.cu\/cphem\/wp-json\/wp\/v2\/categories?post=509"},{"taxonomy":"post_tag","embeddable":true,"href":"https:\/\/instituciones.gtm.sld.cu\/cphem\/wp-json\/wp\/v2\/tags?post=509"}],"curies":[{"name":"wp","href":"https:\/\/api.w.org\/{rel}","templated":true}]}}