{"id":565,"date":"2019-09-23T10:23:20","date_gmt":"2019-09-23T14:23:20","guid":{"rendered":"http:\/\/instituciones2.gtm.sld.cu\/cphem\/?p=565"},"modified":"2019-11-15T10:12:35","modified_gmt":"2019-11-15T15:12:35","slug":"intervencionintervencion-comunitaria-area-este","status":"publish","type":"post","link":"https:\/\/instituciones.gtm.sld.cu\/cphem\/2019\/09\/23\/intervencionintervencion-comunitaria-area-este\/","title":{"rendered":"Intervenci\u00f3n Comunitaria \u00e1rea Este"},"content":{"rendered":"\n<figure class=\"wp-block-image\"><img decoding=\"async\" loading=\"lazy\" width=\"300\" height=\"169\" src=\"http:\/\/instituciones2.gtm.sld.cu\/cphem\/wp-content\/uploads\/sites\/18\/2019\/09\/20190719_074828-300x169.jpg\" alt=\"\" class=\"wp-image-833\" \/><\/figure>\n\n\n\n<p><strong>Actividad:<\/strong>\nadulticida a los cuadrantes desde el 12 Este al 16 este y de Flor Crombet al 1\nNorte.<\/p>\n\n\n\n<!--more-->\n\n\n<p style=\"text-align: justify\"><strong>Intervenci\u00f3n: <\/strong>Una selecci\u00f3n de las brigadas de vectores del municipio Guant\u00e1namo para reforzar e intensificar la labor de saneamiento en esta zona de la ciudad.<\/p>\n<p style=\"text-align: justify\">El d\u00eda 19 de Julio del a\u00f1o en curso, el especialista en Promoci\u00f3n y Educaci\u00f3n para la Salud&nbsp; del municipio y la provincia Guant\u00e1namo y los activistas del Policl\u00ednico 4 de Abril &nbsp;con la colaboraci\u00f3n de los miembros del ejecutivo de los CDR en las \u00e1reas a intervenir. Realizaron la labor de perifoneo, charlas educativas audiencias sanitarias, se repartieron materiales educativos y se verifico el trabajo de los compa\u00f1eros de vectores en las viviendas.<\/p>\n<p style=\"text-align: justify\"><strong>Fuente:<\/strong> Departamento de Comunicaci\u00f3n Institucional<\/p>\n\n\n<\/p>\n<p><strong>Intervenci\u00f3n: <\/strong>Una selecci\u00f3n de las brigadas de vectores del municipio Guant\u00e1namo para reforzar e intensificar la labor de saneamiento en esta zona de la ciudad.<\/p>\n<p>\n\n\n\n<\/p>\n<p>El d\u00eda 19 de Julio del a\u00f1o en curso, el especialista en Promoci\u00f3n y Educaci\u00f3n para la Salud&nbsp; del municipio y la provincia Guant\u00e1namo y los activistas del Policl\u00ednico 4 de Abril &nbsp;con la colaboraci\u00f3n de los miembros del ejecutivo de los CDR en las \u00e1reas a intervenir. Realizaron la labor de perifoneo, charlas educativas audiencias sanitarias, se repartieron materiales educativos y se verifico el trabajo de los compa\u00f1eros de vectores en las viviendas.<\/p>\n<p>\n\n\n<p><!--StartFragment--><\/p>\n<p><!--EndFragment--><\/p>","protected":false},"excerpt":{"rendered":"<p>Actividad: adulticida a los cuadrantes desde el 12 Este al 16 este y de Flor Crombet al 1 Norte.<\/p><p><a class=\"more-link btn\" href=\"https:\/\/instituciones.gtm.sld.cu\/cphem\/2019\/09\/23\/intervencionintervencion-comunitaria-area-este\/\">Seguir leyendo<\/a><\/p>\n","protected":false},"author":20,"featured_media":878,"comment_status":"open","ping_status":"open","sticky":false,"template":"","format":"standard","meta":{"ngg_post_thumbnail":0},"categories":[12],"tags":[],"yoast_head":"<!-- This site is optimized with the Yoast SEO plugin v21.8 - https:\/\/yoast.com\/wordpress\/plugins\/seo\/ -->\n<title>Intervenci\u00f3n Comunitaria \u00e1rea Este - Centro Provincial de Higiene, Epidemiolog\u00eda y Microbiolog\u00eda<\/title>\n<meta name=\"robots\" content=\"index, follow, max-snippet:-1, max-image-preview:large, max-video-preview:-1\" \/>\n<link rel=\"canonical\" href=\"https:\/\/instituciones.gtm.sld.cu\/cphem\/2019\/09\/23\/intervencionintervencion-comunitaria-area-este\/\" \/>\n<meta property=\"og:locale\" content=\"es_ES\" \/>\n<meta property=\"og:type\" content=\"article\" \/>\n<meta property=\"og:title\" content=\"Intervenci\u00f3n Comunitaria \u00e1rea Este - Centro Provincial de Higiene, Epidemiolog\u00eda y Microbiolog\u00eda\" \/>\n<meta property=\"og:description\" content=\"Actividad: adulticida a los cuadrantes desde el 12 Este al 16 este y de Flor Crombet al 1 Norte.\" \/>\n<meta property=\"og:url\" content=\"https:\/\/instituciones.gtm.sld.cu\/cphem\/2019\/09\/23\/intervencionintervencion-comunitaria-area-este\/\" \/>\n<meta property=\"og:site_name\" content=\"Centro Provincial de Higiene, Epidemiolog\u00eda y Microbiolog\u00eda\" \/>\n<meta property=\"article:published_time\" content=\"2019-09-23T14:23:20+00:00\" \/>\n<meta property=\"article:modified_time\" content=\"2019-11-15T15:12:35+00:00\" \/>\n<meta property=\"og:image\" content=\"https:\/\/instituciones.gtm.sld.cu\/cphem\/wp-content\/uploads\/sites\/36\/2019\/09\/saludp.jpg\" \/>\n\t<meta property=\"og:image:width\" content=\"150\" \/>\n\t<meta property=\"og:image:height\" content=\"150\" \/>\n\t<meta property=\"og:image:type\" content=\"image\/jpeg\" \/>\n<meta name=\"twitter:card\" content=\"summary_large_image\" \/>\n<meta name=\"twitter:label1\" content=\"Escrito por\" \/>\n\t<meta name=\"twitter:data1\" content=\"\" \/>\n\t<meta name=\"twitter:label2\" content=\"Tiempo de lectura\" \/>\n\t<meta name=\"twitter:data2\" content=\"1 minuto\" \/>\n<script type=\"application\/ld+json\" class=\"yoast-schema-graph\">{\"@context\":\"https:\/\/schema.org\",\"@graph\":[{\"@type\":\"WebPage\",\"@id\":\"https:\/\/instituciones.gtm.sld.cu\/cphem\/2019\/09\/23\/intervencionintervencion-comunitaria-area-este\/\",\"url\":\"https:\/\/instituciones.gtm.sld.cu\/cphem\/2019\/09\/23\/intervencionintervencion-comunitaria-area-este\/\",\"name\":\"Intervenci\u00f3n Comunitaria \u00e1rea Este - Centro Provincial de Higiene, Epidemiolog\u00eda y Microbiolog\u00eda\",\"isPartOf\":{\"@id\":\"https:\/\/instituciones.gtm.sld.cu\/cphem\/#website\"},\"datePublished\":\"2019-09-23T14:23:20+00:00\",\"dateModified\":\"2019-11-15T15:12:35+00:00\",\"author\":{\"@id\":\"\"},\"breadcrumb\":{\"@id\":\"https:\/\/instituciones.gtm.sld.cu\/cphem\/2019\/09\/23\/intervencionintervencion-comunitaria-area-este\/#breadcrumb\"},\"inLanguage\":\"es\",\"potentialAction\":[{\"@type\":\"ReadAction\",\"target\":[\"https:\/\/instituciones.gtm.sld.cu\/cphem\/2019\/09\/23\/intervencionintervencion-comunitaria-area-este\/\"]}]},{\"@type\":\"BreadcrumbList\",\"@id\":\"https:\/\/instituciones.gtm.sld.cu\/cphem\/2019\/09\/23\/intervencionintervencion-comunitaria-area-este\/#breadcrumb\",\"itemListElement\":[{\"@type\":\"ListItem\",\"position\":1,\"name\":\"Portada\",\"item\":\"https:\/\/instituciones.gtm.sld.cu\/cphem\/\"},{\"@type\":\"ListItem\",\"position\":2,\"name\":\"Intervenci\u00f3n Comunitaria \u00e1rea Este\"}]},{\"@type\":\"WebSite\",\"@id\":\"https:\/\/instituciones.gtm.sld.cu\/cphem\/#website\",\"url\":\"https:\/\/instituciones.gtm.sld.cu\/cphem\/\",\"name\":\"Centro Provincial de Higiene, Epidemiolog\u00eda y Microbiolog\u00eda\",\"description\":\"\",\"potentialAction\":[{\"@type\":\"SearchAction\",\"target\":{\"@type\":\"EntryPoint\",\"urlTemplate\":\"https:\/\/instituciones.gtm.sld.cu\/cphem\/?s={search_term_string}\"},\"query-input\":\"required name=search_term_string\"}],\"inLanguage\":\"es\"},{\"@type\":\"Person\",\"@id\":\"\",\"url\":\"https:\/\/instituciones.gtm.sld.cu\/cphem\/author\/\"}]}<\/script>\n<!-- \/ Yoast SEO plugin. -->","yoast_head_json":{"title":"Intervenci\u00f3n Comunitaria \u00e1rea Este - Centro Provincial de Higiene, Epidemiolog\u00eda y Microbiolog\u00eda","robots":{"index":"index","follow":"follow","max-snippet":"max-snippet:-1","max-image-preview":"max-image-preview:large","max-video-preview":"max-video-preview:-1"},"canonical":"https:\/\/instituciones.gtm.sld.cu\/cphem\/2019\/09\/23\/intervencionintervencion-comunitaria-area-este\/","og_locale":"es_ES","og_type":"article","og_title":"Intervenci\u00f3n Comunitaria \u00e1rea Este - Centro Provincial de Higiene, Epidemiolog\u00eda y Microbiolog\u00eda","og_description":"Actividad: adulticida a los cuadrantes desde el 12 Este al 16 este y de Flor Crombet al 1 Norte.","og_url":"https:\/\/instituciones.gtm.sld.cu\/cphem\/2019\/09\/23\/intervencionintervencion-comunitaria-area-este\/","og_site_name":"Centro Provincial de Higiene, Epidemiolog\u00eda y Microbiolog\u00eda","article_published_time":"2019-09-23T14:23:20+00:00","article_modified_time":"2019-11-15T15:12:35+00:00","og_image":[{"width":150,"height":150,"url":"https:\/\/instituciones.gtm.sld.cu\/cphem\/wp-content\/uploads\/sites\/36\/2019\/09\/saludp.jpg","type":"image\/jpeg"}],"twitter_card":"summary_large_image","twitter_misc":{"Escrito por":"","Tiempo de lectura":"1 minuto"},"schema":{"@context":"https:\/\/schema.org","@graph":[{"@type":"WebPage","@id":"https:\/\/instituciones.gtm.sld.cu\/cphem\/2019\/09\/23\/intervencionintervencion-comunitaria-area-este\/","url":"https:\/\/instituciones.gtm.sld.cu\/cphem\/2019\/09\/23\/intervencionintervencion-comunitaria-area-este\/","name":"Intervenci\u00f3n Comunitaria \u00e1rea Este - Centro Provincial de Higiene, Epidemiolog\u00eda y Microbiolog\u00eda","isPartOf":{"@id":"https:\/\/instituciones.gtm.sld.cu\/cphem\/#website"},"datePublished":"2019-09-23T14:23:20+00:00","dateModified":"2019-11-15T15:12:35+00:00","author":{"@id":""},"breadcrumb":{"@id":"https:\/\/instituciones.gtm.sld.cu\/cphem\/2019\/09\/23\/intervencionintervencion-comunitaria-area-este\/#breadcrumb"},"inLanguage":"es","potentialAction":[{"@type":"ReadAction","target":["https:\/\/instituciones.gtm.sld.cu\/cphem\/2019\/09\/23\/intervencionintervencion-comunitaria-area-este\/"]}]},{"@type":"BreadcrumbList","@id":"https:\/\/instituciones.gtm.sld.cu\/cphem\/2019\/09\/23\/intervencionintervencion-comunitaria-area-este\/#breadcrumb","itemListElement":[{"@type":"ListItem","position":1,"name":"Portada","item":"https:\/\/instituciones.gtm.sld.cu\/cphem\/"},{"@type":"ListItem","position":2,"name":"Intervenci\u00f3n Comunitaria \u00e1rea Este"}]},{"@type":"WebSite","@id":"https:\/\/instituciones.gtm.sld.cu\/cphem\/#website","url":"https:\/\/instituciones.gtm.sld.cu\/cphem\/","name":"Centro Provincial de Higiene, Epidemiolog\u00eda y Microbiolog\u00eda","description":"","potentialAction":[{"@type":"SearchAction","target":{"@type":"EntryPoint","urlTemplate":"https:\/\/instituciones.gtm.sld.cu\/cphem\/?s={search_term_string}"},"query-input":"required name=search_term_string"}],"inLanguage":"es"},{"@type":"Person","@id":"","url":"https:\/\/instituciones.gtm.sld.cu\/cphem\/author\/"}]}},"jetpack_featured_media_url":"https:\/\/instituciones.gtm.sld.cu\/cphem\/wp-content\/uploads\/sites\/36\/2019\/09\/saludp.jpg","_links":{"self":[{"href":"https:\/\/instituciones.gtm.sld.cu\/cphem\/wp-json\/wp\/v2\/posts\/565"}],"collection":[{"href":"https:\/\/instituciones.gtm.sld.cu\/cphem\/wp-json\/wp\/v2\/posts"}],"about":[{"href":"https:\/\/instituciones.gtm.sld.cu\/cphem\/wp-json\/wp\/v2\/types\/post"}],"author":[{"embeddable":true,"href":"https:\/\/instituciones.gtm.sld.cu\/cphem\/wp-json\/wp\/v2\/users\/20"}],"replies":[{"embeddable":true,"href":"https:\/\/instituciones.gtm.sld.cu\/cphem\/wp-json\/wp\/v2\/comments?post=565"}],"version-history":[{"count":13,"href":"https:\/\/instituciones.gtm.sld.cu\/cphem\/wp-json\/wp\/v2\/posts\/565\/revisions"}],"predecessor-version":[{"id":879,"href":"https:\/\/instituciones.gtm.sld.cu\/cphem\/wp-json\/wp\/v2\/posts\/565\/revisions\/879"}],"wp:featuredmedia":[{"embeddable":true,"href":"https:\/\/instituciones.gtm.sld.cu\/cphem\/wp-json\/wp\/v2\/media\/878"}],"wp:attachment":[{"href":"https:\/\/instituciones.gtm.sld.cu\/cphem\/wp-json\/wp\/v2\/media?parent=565"}],"wp:term":[{"taxonomy":"category","embeddable":true,"href":"https:\/\/instituciones.gtm.sld.cu\/cphem\/wp-json\/wp\/v2\/categories?post=565"},{"taxonomy":"post_tag","embeddable":true,"href":"https:\/\/instituciones.gtm.sld.cu\/cphem\/wp-json\/wp\/v2\/tags?post=565"}],"curies":[{"name":"wp","href":"https:\/\/api.w.org\/{rel}","templated":true}]}}