{"id":921,"date":"2019-11-23T09:30:56","date_gmt":"2019-11-23T14:30:56","guid":{"rendered":"http:\/\/instituciones2.gtm.sld.cu\/cphem\/?p=921"},"modified":"2019-11-23T09:32:07","modified_gmt":"2019-11-23T14:32:07","slug":"jornada-de-seguridad-y-salud-en-el-trabajo","status":"publish","type":"post","link":"https:\/\/instituciones.gtm.sld.cu\/cphem\/2019\/11\/23\/jornada-de-seguridad-y-salud-en-el-trabajo\/","title":{"rendered":"Jornada de Seguridad y Salud en el Trabajo."},"content":{"rendered":"\n<figure class=\"wp-block-image\"><img decoding=\"async\" loading=\"lazy\" width=\"1024\" height=\"576\" src=\"http:\/\/instituciones2.gtm.sld.cu\/cphem\/wp-content\/uploads\/sites\/18\/2019\/11\/20191122_085939-1024x576.jpg\" alt=\"\" class=\"wp-image-922\" srcset=\"https:\/\/instituciones.gtm.sld.cu\/cphem\/wp-content\/uploads\/sites\/36\/2019\/11\/20191122_085939-1024x576.jpg 1024w, https:\/\/instituciones.gtm.sld.cu\/cphem\/wp-content\/uploads\/sites\/36\/2019\/11\/20191122_085939-300x169.jpg 300w, https:\/\/instituciones.gtm.sld.cu\/cphem\/wp-content\/uploads\/sites\/36\/2019\/11\/20191122_085939-768x432.jpg 768w\" sizes=\"(max-width: 1024px) 100vw, 1024px\" \/><\/figure>\n\n\n\n<p>En horas de la ma\u00f1ana del d\u00eda 22 de\nnoviembre del a\u00f1o en curso, se realizaron acciones de promoci\u00f3n y educaci\u00f3n para\nla salud en la emisora Radio Bah\u00eda del municipio Caimanera, en la provincia de\nGuant\u00e1namo de las cuales citamos:<\/p>\n\n\n\n<ul><li>Prueba r\u00e1pida de VIH.<\/li><li>Serolog\u00eda.<\/li><li>Actualizaci\u00f3n del carnet de salud.<\/li><li>Audiencias Sanitarias sobre enfermedades profesionales en los locutores. <\/li><li>Medidas higi\u00e9nicas en las oficinas.<\/li><\/ul>\n\n\n\n<p>Fuente: Comunicaci\u00f3n Institucional <\/p>\n","protected":false},"excerpt":{"rendered":"<p>En horas de la ma\u00f1ana del d\u00eda 22 de noviembre del a\u00f1o en curso, se realizaron acciones de promoci\u00f3n y educaci\u00f3n para la salud en la emisora Radio Bah\u00eda del municipio Caimanera, en la provincia de Guant\u00e1namo de las cuales citamos: Prueba r\u00e1pida de VIH. Serolog\u00eda. Actualizaci\u00f3n del carnet de salud. Audiencias Sanitarias sobre enfermedades &hellip; <\/p>\n<p><a class=\"more-link btn\" href=\"https:\/\/instituciones.gtm.sld.cu\/cphem\/2019\/11\/23\/jornada-de-seguridad-y-salud-en-el-trabajo\/\">Seguir leyendo<\/a><\/p>\n","protected":false},"author":20,"featured_media":923,"comment_status":"open","ping_status":"open","sticky":false,"template":"","format":"standard","meta":{"ngg_post_thumbnail":0},"categories":[12],"tags":[],"yoast_head":"<!-- This site is optimized with the Yoast SEO plugin v21.8 - https:\/\/yoast.com\/wordpress\/plugins\/seo\/ -->\n<title>Jornada de Seguridad y Salud en el Trabajo. - Centro Provincial de Higiene, Epidemiolog\u00eda y Microbiolog\u00eda<\/title>\n<meta name=\"robots\" content=\"index, follow, max-snippet:-1, max-image-preview:large, max-video-preview:-1\" \/>\n<link rel=\"canonical\" href=\"https:\/\/instituciones.gtm.sld.cu\/cphem\/2019\/11\/23\/jornada-de-seguridad-y-salud-en-el-trabajo\/\" \/>\n<meta property=\"og:locale\" content=\"es_ES\" \/>\n<meta property=\"og:type\" content=\"article\" \/>\n<meta property=\"og:title\" content=\"Jornada de Seguridad y Salud en el Trabajo. - Centro Provincial de Higiene, Epidemiolog\u00eda y Microbiolog\u00eda\" \/>\n<meta property=\"og:description\" content=\"En horas de la ma\u00f1ana del d\u00eda 22 de noviembre del a\u00f1o en curso, se realizaron acciones de promoci\u00f3n y educaci\u00f3n para la salud en la emisora Radio Bah\u00eda del municipio Caimanera, en la provincia de Guant\u00e1namo de las cuales citamos: Prueba r\u00e1pida de VIH. Serolog\u00eda. Actualizaci\u00f3n del carnet de salud. Audiencias Sanitarias sobre enfermedades &hellip; Seguir leyendo\" \/>\n<meta property=\"og:url\" content=\"https:\/\/instituciones.gtm.sld.cu\/cphem\/2019\/11\/23\/jornada-de-seguridad-y-salud-en-el-trabajo\/\" \/>\n<meta property=\"og:site_name\" content=\"Centro Provincial de Higiene, Epidemiolog\u00eda y Microbiolog\u00eda\" \/>\n<meta property=\"article:published_time\" content=\"2019-11-23T14:30:56+00:00\" \/>\n<meta property=\"article:modified_time\" content=\"2019-11-23T14:32:07+00:00\" \/>\n<meta property=\"og:image\" content=\"https:\/\/instituciones.gtm.sld.cu\/cphem\/wp-content\/uploads\/sites\/36\/2019\/11\/\u00edndice.jpg\" \/>\n\t<meta property=\"og:image:width\" content=\"108\" \/>\n\t<meta property=\"og:image:height\" content=\"150\" \/>\n\t<meta property=\"og:image:type\" content=\"image\/jpeg\" \/>\n<meta name=\"twitter:card\" content=\"summary_large_image\" \/>\n<meta name=\"twitter:label1\" content=\"Escrito por\" \/>\n\t<meta name=\"twitter:data1\" content=\"\" \/>\n<script type=\"application\/ld+json\" class=\"yoast-schema-graph\">{\"@context\":\"https:\/\/schema.org\",\"@graph\":[{\"@type\":\"WebPage\",\"@id\":\"https:\/\/instituciones.gtm.sld.cu\/cphem\/2019\/11\/23\/jornada-de-seguridad-y-salud-en-el-trabajo\/\",\"url\":\"https:\/\/instituciones.gtm.sld.cu\/cphem\/2019\/11\/23\/jornada-de-seguridad-y-salud-en-el-trabajo\/\",\"name\":\"Jornada de Seguridad y Salud en el Trabajo. - Centro Provincial de Higiene, Epidemiolog\u00eda y Microbiolog\u00eda\",\"isPartOf\":{\"@id\":\"https:\/\/instituciones.gtm.sld.cu\/cphem\/#website\"},\"datePublished\":\"2019-11-23T14:30:56+00:00\",\"dateModified\":\"2019-11-23T14:32:07+00:00\",\"author\":{\"@id\":\"\"},\"breadcrumb\":{\"@id\":\"https:\/\/instituciones.gtm.sld.cu\/cphem\/2019\/11\/23\/jornada-de-seguridad-y-salud-en-el-trabajo\/#breadcrumb\"},\"inLanguage\":\"es\",\"potentialAction\":[{\"@type\":\"ReadAction\",\"target\":[\"https:\/\/instituciones.gtm.sld.cu\/cphem\/2019\/11\/23\/jornada-de-seguridad-y-salud-en-el-trabajo\/\"]}]},{\"@type\":\"BreadcrumbList\",\"@id\":\"https:\/\/instituciones.gtm.sld.cu\/cphem\/2019\/11\/23\/jornada-de-seguridad-y-salud-en-el-trabajo\/#breadcrumb\",\"itemListElement\":[{\"@type\":\"ListItem\",\"position\":1,\"name\":\"Portada\",\"item\":\"https:\/\/instituciones.gtm.sld.cu\/cphem\/\"},{\"@type\":\"ListItem\",\"position\":2,\"name\":\"Jornada de Seguridad y Salud en el Trabajo.\"}]},{\"@type\":\"WebSite\",\"@id\":\"https:\/\/instituciones.gtm.sld.cu\/cphem\/#website\",\"url\":\"https:\/\/instituciones.gtm.sld.cu\/cphem\/\",\"name\":\"Centro Provincial de Higiene, Epidemiolog\u00eda y Microbiolog\u00eda\",\"description\":\"\",\"potentialAction\":[{\"@type\":\"SearchAction\",\"target\":{\"@type\":\"EntryPoint\",\"urlTemplate\":\"https:\/\/instituciones.gtm.sld.cu\/cphem\/?s={search_term_string}\"},\"query-input\":\"required name=search_term_string\"}],\"inLanguage\":\"es\"},{\"@type\":\"Person\",\"@id\":\"\",\"url\":\"https:\/\/instituciones.gtm.sld.cu\/cphem\/author\/\"}]}<\/script>\n<!-- \/ Yoast SEO plugin. -->","yoast_head_json":{"title":"Jornada de Seguridad y Salud en el Trabajo. - Centro Provincial de Higiene, Epidemiolog\u00eda y Microbiolog\u00eda","robots":{"index":"index","follow":"follow","max-snippet":"max-snippet:-1","max-image-preview":"max-image-preview:large","max-video-preview":"max-video-preview:-1"},"canonical":"https:\/\/instituciones.gtm.sld.cu\/cphem\/2019\/11\/23\/jornada-de-seguridad-y-salud-en-el-trabajo\/","og_locale":"es_ES","og_type":"article","og_title":"Jornada de Seguridad y Salud en el Trabajo. - Centro Provincial de Higiene, Epidemiolog\u00eda y Microbiolog\u00eda","og_description":"En horas de la ma\u00f1ana del d\u00eda 22 de noviembre del a\u00f1o en curso, se realizaron acciones de promoci\u00f3n y educaci\u00f3n para la salud en la emisora Radio Bah\u00eda del municipio Caimanera, en la provincia de Guant\u00e1namo de las cuales citamos: Prueba r\u00e1pida de VIH. Serolog\u00eda. Actualizaci\u00f3n del carnet de salud. Audiencias Sanitarias sobre enfermedades &hellip; Seguir leyendo","og_url":"https:\/\/instituciones.gtm.sld.cu\/cphem\/2019\/11\/23\/jornada-de-seguridad-y-salud-en-el-trabajo\/","og_site_name":"Centro Provincial de Higiene, Epidemiolog\u00eda y Microbiolog\u00eda","article_published_time":"2019-11-23T14:30:56+00:00","article_modified_time":"2019-11-23T14:32:07+00:00","og_image":[{"width":108,"height":150,"url":"https:\/\/instituciones.gtm.sld.cu\/cphem\/wp-content\/uploads\/sites\/36\/2019\/11\/\u00edndice.jpg","type":"image\/jpeg"}],"twitter_card":"summary_large_image","twitter_misc":{"Escrito por":""},"schema":{"@context":"https:\/\/schema.org","@graph":[{"@type":"WebPage","@id":"https:\/\/instituciones.gtm.sld.cu\/cphem\/2019\/11\/23\/jornada-de-seguridad-y-salud-en-el-trabajo\/","url":"https:\/\/instituciones.gtm.sld.cu\/cphem\/2019\/11\/23\/jornada-de-seguridad-y-salud-en-el-trabajo\/","name":"Jornada de Seguridad y Salud en el Trabajo. - Centro Provincial de Higiene, Epidemiolog\u00eda y Microbiolog\u00eda","isPartOf":{"@id":"https:\/\/instituciones.gtm.sld.cu\/cphem\/#website"},"datePublished":"2019-11-23T14:30:56+00:00","dateModified":"2019-11-23T14:32:07+00:00","author":{"@id":""},"breadcrumb":{"@id":"https:\/\/instituciones.gtm.sld.cu\/cphem\/2019\/11\/23\/jornada-de-seguridad-y-salud-en-el-trabajo\/#breadcrumb"},"inLanguage":"es","potentialAction":[{"@type":"ReadAction","target":["https:\/\/instituciones.gtm.sld.cu\/cphem\/2019\/11\/23\/jornada-de-seguridad-y-salud-en-el-trabajo\/"]}]},{"@type":"BreadcrumbList","@id":"https:\/\/instituciones.gtm.sld.cu\/cphem\/2019\/11\/23\/jornada-de-seguridad-y-salud-en-el-trabajo\/#breadcrumb","itemListElement":[{"@type":"ListItem","position":1,"name":"Portada","item":"https:\/\/instituciones.gtm.sld.cu\/cphem\/"},{"@type":"ListItem","position":2,"name":"Jornada de Seguridad y Salud en el Trabajo."}]},{"@type":"WebSite","@id":"https:\/\/instituciones.gtm.sld.cu\/cphem\/#website","url":"https:\/\/instituciones.gtm.sld.cu\/cphem\/","name":"Centro Provincial de Higiene, Epidemiolog\u00eda y Microbiolog\u00eda","description":"","potentialAction":[{"@type":"SearchAction","target":{"@type":"EntryPoint","urlTemplate":"https:\/\/instituciones.gtm.sld.cu\/cphem\/?s={search_term_string}"},"query-input":"required name=search_term_string"}],"inLanguage":"es"},{"@type":"Person","@id":"","url":"https:\/\/instituciones.gtm.sld.cu\/cphem\/author\/"}]}},"jetpack_featured_media_url":"https:\/\/instituciones.gtm.sld.cu\/cphem\/wp-content\/uploads\/sites\/36\/2019\/11\/\u00edndice.jpg","_links":{"self":[{"href":"https:\/\/instituciones.gtm.sld.cu\/cphem\/wp-json\/wp\/v2\/posts\/921"}],"collection":[{"href":"https:\/\/instituciones.gtm.sld.cu\/cphem\/wp-json\/wp\/v2\/posts"}],"about":[{"href":"https:\/\/instituciones.gtm.sld.cu\/cphem\/wp-json\/wp\/v2\/types\/post"}],"author":[{"embeddable":true,"href":"https:\/\/instituciones.gtm.sld.cu\/cphem\/wp-json\/wp\/v2\/users\/20"}],"replies":[{"embeddable":true,"href":"https:\/\/instituciones.gtm.sld.cu\/cphem\/wp-json\/wp\/v2\/comments?post=921"}],"version-history":[{"count":2,"href":"https:\/\/instituciones.gtm.sld.cu\/cphem\/wp-json\/wp\/v2\/posts\/921\/revisions"}],"predecessor-version":[{"id":925,"href":"https:\/\/instituciones.gtm.sld.cu\/cphem\/wp-json\/wp\/v2\/posts\/921\/revisions\/925"}],"wp:featuredmedia":[{"embeddable":true,"href":"https:\/\/instituciones.gtm.sld.cu\/cphem\/wp-json\/wp\/v2\/media\/923"}],"wp:attachment":[{"href":"https:\/\/instituciones.gtm.sld.cu\/cphem\/wp-json\/wp\/v2\/media?parent=921"}],"wp:term":[{"taxonomy":"category","embeddable":true,"href":"https:\/\/instituciones.gtm.sld.cu\/cphem\/wp-json\/wp\/v2\/categories?post=921"},{"taxonomy":"post_tag","embeddable":true,"href":"https:\/\/instituciones.gtm.sld.cu\/cphem\/wp-json\/wp\/v2\/tags?post=921"}],"curies":[{"name":"wp","href":"https:\/\/api.w.org\/{rel}","templated":true}]}}