{"id":926,"date":"2019-11-29T09:55:33","date_gmt":"2019-11-29T14:55:33","guid":{"rendered":"http:\/\/instituciones2.gtm.sld.cu\/cphem\/?p=926"},"modified":"2025-01-27T11:58:49","modified_gmt":"2025-01-27T16:58:49","slug":"celebracion-del-dia-nacional-de-la-defensa-en-el-cphem-guantanamo","status":"publish","type":"post","link":"https:\/\/instituciones.gtm.sld.cu\/cphem\/2019\/11\/29\/celebracion-del-dia-nacional-de-la-defensa-en-el-cphem-guantanamo\/","title":{"rendered":"Celebraci\u00f3n del d\u00eda Nacional de la Defensa realizada el s\u00e1bado 25 de enero 2025 en el CPHEM, Guant\u00e1namo."},"content":{"rendered":"\r\n<div class=\"wp-block-image\">\r\n<figure class=\"alignleft\"><img decoding=\"async\" loading=\"lazy\" width=\"768\" height=\"1024\" class=\"wp-image-928\" src=\"http:\/\/instituciones2.gtm.sld.cu\/cphem\/wp-content\/uploads\/sites\/18\/2019\/11\/20191124_083916-768x1024.jpg\" alt=\"\" srcset=\"https:\/\/instituciones.gtm.sld.cu\/cphem\/wp-content\/uploads\/sites\/36\/2019\/11\/20191124_083916-768x1024.jpg 768w, https:\/\/instituciones.gtm.sld.cu\/cphem\/wp-content\/uploads\/sites\/36\/2019\/11\/20191124_083916-225x300.jpg 225w\" sizes=\"(max-width: 768px) 100vw, 768px\" \/><\/figure>\r\n<\/div>\r\n\r\n\r\n\r\n<p>Defenderemos nuestras conquistas al precio que sea necesario. Los trabajadores del Centro Provincial de Higiene, Epidemiolog\u00eda y Microbiolog\u00eda (CPHEM), de la provincia Guant\u00e1namo.<\/p>\r\n\r\n\r\n\r\n<p><!--more--><\/p>\r\n\r\n\r\n\r\n<p>Reciben instrucciones precisas por parte de los cuadros del centro para elevar sus conocimientos sobre la defensa de nuestra Patria en los tiempos de calma.<\/p>\r\n\r\n\r\n\r\n<p>Fuente: Comunicaci\u00f3n Institucional<\/p>\r\n","protected":false},"excerpt":{"rendered":"<p>Defenderemos nuestras conquistas al precio que sea necesario. Los trabajadores del Centro Provincial de Higiene, Epidemiolog\u00eda y Microbiolog\u00eda (CPHEM), de la provincia Guant\u00e1namo.<\/p><p><a class=\"more-link btn\" href=\"https:\/\/instituciones.gtm.sld.cu\/cphem\/2019\/11\/29\/celebracion-del-dia-nacional-de-la-defensa-en-el-cphem-guantanamo\/\">Seguir leyendo<\/a><\/p>\n","protected":false},"author":90,"featured_media":929,"comment_status":"open","ping_status":"open","sticky":false,"template":"","format":"standard","meta":{"ngg_post_thumbnail":0},"categories":[12],"tags":[],"yoast_head":"<!-- This site is optimized with the Yoast SEO plugin v21.8 - https:\/\/yoast.com\/wordpress\/plugins\/seo\/ -->\n<title>Celebraci\u00f3n del d\u00eda Nacional de la Defensa realizada el s\u00e1bado 25 de enero 2025 en el CPHEM, Guant\u00e1namo. - Centro Provincial de Higiene, Epidemiolog\u00eda y Microbiolog\u00eda<\/title>\n<meta name=\"robots\" content=\"index, follow, max-snippet:-1, max-image-preview:large, max-video-preview:-1\" \/>\n<link rel=\"canonical\" href=\"https:\/\/instituciones.gtm.sld.cu\/cphem\/2019\/11\/29\/celebracion-del-dia-nacional-de-la-defensa-en-el-cphem-guantanamo\/\" \/>\n<meta property=\"og:locale\" content=\"es_ES\" \/>\n<meta property=\"og:type\" content=\"article\" \/>\n<meta property=\"og:title\" content=\"Celebraci\u00f3n del d\u00eda Nacional de la Defensa realizada el s\u00e1bado 25 de enero 2025 en el CPHEM, Guant\u00e1namo. - Centro Provincial de Higiene, Epidemiolog\u00eda y Microbiolog\u00eda\" \/>\n<meta property=\"og:description\" content=\"Defenderemos nuestras conquistas al precio que sea necesario. Los trabajadores del Centro Provincial de Higiene, Epidemiolog\u00eda y Microbiolog\u00eda (CPHEM), de la provincia Guant\u00e1namo.\" \/>\n<meta property=\"og:url\" content=\"https:\/\/instituciones.gtm.sld.cu\/cphem\/2019\/11\/29\/celebracion-del-dia-nacional-de-la-defensa-en-el-cphem-guantanamo\/\" \/>\n<meta property=\"og:site_name\" content=\"Centro Provincial de Higiene, Epidemiolog\u00eda y Microbiolog\u00eda\" \/>\n<meta property=\"article:published_time\" content=\"2019-11-29T14:55:33+00:00\" \/>\n<meta property=\"article:modified_time\" content=\"2025-01-27T16:58:49+00:00\" \/>\n<meta property=\"og:image\" content=\"https:\/\/instituciones.gtm.sld.cu\/cphem\/wp-content\/uploads\/sites\/36\/2019\/11\/dfsa1.jpg\" \/>\n\t<meta property=\"og:image:width\" content=\"150\" \/>\n\t<meta property=\"og:image:height\" content=\"76\" \/>\n\t<meta property=\"og:image:type\" content=\"image\/jpeg\" \/>\n<meta name=\"author\" content=\"CPHEM\" \/>\n<meta name=\"twitter:card\" content=\"summary_large_image\" \/>\n<meta name=\"twitter:label1\" content=\"Escrito por\" \/>\n\t<meta name=\"twitter:data1\" content=\"CPHEM\" \/>\n<script type=\"application\/ld+json\" class=\"yoast-schema-graph\">{\"@context\":\"https:\/\/schema.org\",\"@graph\":[{\"@type\":\"WebPage\",\"@id\":\"https:\/\/instituciones.gtm.sld.cu\/cphem\/2019\/11\/29\/celebracion-del-dia-nacional-de-la-defensa-en-el-cphem-guantanamo\/\",\"url\":\"https:\/\/instituciones.gtm.sld.cu\/cphem\/2019\/11\/29\/celebracion-del-dia-nacional-de-la-defensa-en-el-cphem-guantanamo\/\",\"name\":\"Celebraci\u00f3n del d\u00eda Nacional de la Defensa realizada el s\u00e1bado 25 de enero 2025 en el CPHEM, Guant\u00e1namo. - Centro Provincial de Higiene, Epidemiolog\u00eda y Microbiolog\u00eda\",\"isPartOf\":{\"@id\":\"https:\/\/instituciones.gtm.sld.cu\/cphem\/#website\"},\"datePublished\":\"2019-11-29T14:55:33+00:00\",\"dateModified\":\"2025-01-27T16:58:49+00:00\",\"author\":{\"@id\":\"https:\/\/instituciones.gtm.sld.cu\/cphem\/#\/schema\/person\/542b166de05f7958d255eed999bef12c\"},\"breadcrumb\":{\"@id\":\"https:\/\/instituciones.gtm.sld.cu\/cphem\/2019\/11\/29\/celebracion-del-dia-nacional-de-la-defensa-en-el-cphem-guantanamo\/#breadcrumb\"},\"inLanguage\":\"es\",\"potentialAction\":[{\"@type\":\"ReadAction\",\"target\":[\"https:\/\/instituciones.gtm.sld.cu\/cphem\/2019\/11\/29\/celebracion-del-dia-nacional-de-la-defensa-en-el-cphem-guantanamo\/\"]}]},{\"@type\":\"BreadcrumbList\",\"@id\":\"https:\/\/instituciones.gtm.sld.cu\/cphem\/2019\/11\/29\/celebracion-del-dia-nacional-de-la-defensa-en-el-cphem-guantanamo\/#breadcrumb\",\"itemListElement\":[{\"@type\":\"ListItem\",\"position\":1,\"name\":\"Portada\",\"item\":\"https:\/\/instituciones.gtm.sld.cu\/cphem\/\"},{\"@type\":\"ListItem\",\"position\":2,\"name\":\"Celebraci\u00f3n del d\u00eda Nacional de la Defensa realizada el s\u00e1bado 25 de enero 2025 en el CPHEM, Guant\u00e1namo.\"}]},{\"@type\":\"WebSite\",\"@id\":\"https:\/\/instituciones.gtm.sld.cu\/cphem\/#website\",\"url\":\"https:\/\/instituciones.gtm.sld.cu\/cphem\/\",\"name\":\"Centro Provincial de Higiene, Epidemiolog\u00eda y Microbiolog\u00eda\",\"description\":\"\",\"potentialAction\":[{\"@type\":\"SearchAction\",\"target\":{\"@type\":\"EntryPoint\",\"urlTemplate\":\"https:\/\/instituciones.gtm.sld.cu\/cphem\/?s={search_term_string}\"},\"query-input\":\"required name=search_term_string\"}],\"inLanguage\":\"es\"},{\"@type\":\"Person\",\"@id\":\"https:\/\/instituciones.gtm.sld.cu\/cphem\/#\/schema\/person\/542b166de05f7958d255eed999bef12c\",\"name\":\"CPHEM\",\"url\":\"https:\/\/instituciones.gtm.sld.cu\/cphem\/author\/cphem\/\"}]}<\/script>\n<!-- \/ Yoast SEO plugin. -->","yoast_head_json":{"title":"Celebraci\u00f3n del d\u00eda Nacional de la Defensa realizada el s\u00e1bado 25 de enero 2025 en el CPHEM, Guant\u00e1namo. - Centro Provincial de Higiene, Epidemiolog\u00eda y Microbiolog\u00eda","robots":{"index":"index","follow":"follow","max-snippet":"max-snippet:-1","max-image-preview":"max-image-preview:large","max-video-preview":"max-video-preview:-1"},"canonical":"https:\/\/instituciones.gtm.sld.cu\/cphem\/2019\/11\/29\/celebracion-del-dia-nacional-de-la-defensa-en-el-cphem-guantanamo\/","og_locale":"es_ES","og_type":"article","og_title":"Celebraci\u00f3n del d\u00eda Nacional de la Defensa realizada el s\u00e1bado 25 de enero 2025 en el CPHEM, Guant\u00e1namo. - Centro Provincial de Higiene, Epidemiolog\u00eda y Microbiolog\u00eda","og_description":"Defenderemos nuestras conquistas al precio que sea necesario. Los trabajadores del Centro Provincial de Higiene, Epidemiolog\u00eda y Microbiolog\u00eda (CPHEM), de la provincia Guant\u00e1namo.","og_url":"https:\/\/instituciones.gtm.sld.cu\/cphem\/2019\/11\/29\/celebracion-del-dia-nacional-de-la-defensa-en-el-cphem-guantanamo\/","og_site_name":"Centro Provincial de Higiene, Epidemiolog\u00eda y Microbiolog\u00eda","article_published_time":"2019-11-29T14:55:33+00:00","article_modified_time":"2025-01-27T16:58:49+00:00","og_image":[{"width":150,"height":76,"url":"https:\/\/instituciones.gtm.sld.cu\/cphem\/wp-content\/uploads\/sites\/36\/2019\/11\/dfsa1.jpg","type":"image\/jpeg"}],"author":"CPHEM","twitter_card":"summary_large_image","twitter_misc":{"Escrito por":"CPHEM"},"schema":{"@context":"https:\/\/schema.org","@graph":[{"@type":"WebPage","@id":"https:\/\/instituciones.gtm.sld.cu\/cphem\/2019\/11\/29\/celebracion-del-dia-nacional-de-la-defensa-en-el-cphem-guantanamo\/","url":"https:\/\/instituciones.gtm.sld.cu\/cphem\/2019\/11\/29\/celebracion-del-dia-nacional-de-la-defensa-en-el-cphem-guantanamo\/","name":"Celebraci\u00f3n del d\u00eda Nacional de la Defensa realizada el s\u00e1bado 25 de enero 2025 en el CPHEM, Guant\u00e1namo. - Centro Provincial de Higiene, Epidemiolog\u00eda y Microbiolog\u00eda","isPartOf":{"@id":"https:\/\/instituciones.gtm.sld.cu\/cphem\/#website"},"datePublished":"2019-11-29T14:55:33+00:00","dateModified":"2025-01-27T16:58:49+00:00","author":{"@id":"https:\/\/instituciones.gtm.sld.cu\/cphem\/#\/schema\/person\/542b166de05f7958d255eed999bef12c"},"breadcrumb":{"@id":"https:\/\/instituciones.gtm.sld.cu\/cphem\/2019\/11\/29\/celebracion-del-dia-nacional-de-la-defensa-en-el-cphem-guantanamo\/#breadcrumb"},"inLanguage":"es","potentialAction":[{"@type":"ReadAction","target":["https:\/\/instituciones.gtm.sld.cu\/cphem\/2019\/11\/29\/celebracion-del-dia-nacional-de-la-defensa-en-el-cphem-guantanamo\/"]}]},{"@type":"BreadcrumbList","@id":"https:\/\/instituciones.gtm.sld.cu\/cphem\/2019\/11\/29\/celebracion-del-dia-nacional-de-la-defensa-en-el-cphem-guantanamo\/#breadcrumb","itemListElement":[{"@type":"ListItem","position":1,"name":"Portada","item":"https:\/\/instituciones.gtm.sld.cu\/cphem\/"},{"@type":"ListItem","position":2,"name":"Celebraci\u00f3n del d\u00eda Nacional de la Defensa realizada el s\u00e1bado 25 de enero 2025 en el CPHEM, Guant\u00e1namo."}]},{"@type":"WebSite","@id":"https:\/\/instituciones.gtm.sld.cu\/cphem\/#website","url":"https:\/\/instituciones.gtm.sld.cu\/cphem\/","name":"Centro Provincial de Higiene, Epidemiolog\u00eda y Microbiolog\u00eda","description":"","potentialAction":[{"@type":"SearchAction","target":{"@type":"EntryPoint","urlTemplate":"https:\/\/instituciones.gtm.sld.cu\/cphem\/?s={search_term_string}"},"query-input":"required name=search_term_string"}],"inLanguage":"es"},{"@type":"Person","@id":"https:\/\/instituciones.gtm.sld.cu\/cphem\/#\/schema\/person\/542b166de05f7958d255eed999bef12c","name":"CPHEM","url":"https:\/\/instituciones.gtm.sld.cu\/cphem\/author\/cphem\/"}]}},"jetpack_featured_media_url":"https:\/\/instituciones.gtm.sld.cu\/cphem\/wp-content\/uploads\/sites\/36\/2019\/11\/dfsa1.jpg","_links":{"self":[{"href":"https:\/\/instituciones.gtm.sld.cu\/cphem\/wp-json\/wp\/v2\/posts\/926"}],"collection":[{"href":"https:\/\/instituciones.gtm.sld.cu\/cphem\/wp-json\/wp\/v2\/posts"}],"about":[{"href":"https:\/\/instituciones.gtm.sld.cu\/cphem\/wp-json\/wp\/v2\/types\/post"}],"author":[{"embeddable":true,"href":"https:\/\/instituciones.gtm.sld.cu\/cphem\/wp-json\/wp\/v2\/users\/90"}],"replies":[{"embeddable":true,"href":"https:\/\/instituciones.gtm.sld.cu\/cphem\/wp-json\/wp\/v2\/comments?post=926"}],"version-history":[{"count":5,"href":"https:\/\/instituciones.gtm.sld.cu\/cphem\/wp-json\/wp\/v2\/posts\/926\/revisions"}],"predecessor-version":[{"id":1052,"href":"https:\/\/instituciones.gtm.sld.cu\/cphem\/wp-json\/wp\/v2\/posts\/926\/revisions\/1052"}],"wp:featuredmedia":[{"embeddable":true,"href":"https:\/\/instituciones.gtm.sld.cu\/cphem\/wp-json\/wp\/v2\/media\/929"}],"wp:attachment":[{"href":"https:\/\/instituciones.gtm.sld.cu\/cphem\/wp-json\/wp\/v2\/media?parent=926"}],"wp:term":[{"taxonomy":"category","embeddable":true,"href":"https:\/\/instituciones.gtm.sld.cu\/cphem\/wp-json\/wp\/v2\/categories?post=926"},{"taxonomy":"post_tag","embeddable":true,"href":"https:\/\/instituciones.gtm.sld.cu\/cphem\/wp-json\/wp\/v2\/tags?post=926"}],"curies":[{"name":"wp","href":"https:\/\/api.w.org\/{rel}","templated":true}]}}