{"id":1540,"date":"2020-02-04T10:07:54","date_gmt":"2020-02-04T15:07:54","guid":{"rendered":"http:\/\/instituciones2.gtm.sld.cu\/cpscs\/?p=1540"},"modified":"2020-02-17T09:39:48","modified_gmt":"2020-02-17T14:39:48","slug":"dia-mundial-contra-el-cancer-2020-yo-soy-y-voy-a","status":"publish","type":"post","link":"https:\/\/instituciones.gtm.sld.cu\/cpscs\/?p=1540","title":{"rendered":"D\u00eda Mundial contra el C\u00e1ncer 2020: Yo Soy y voy a\u00bb"},"content":{"rendered":"<p>El <u>D\u00eda Mundial contra el C\u00e1ncer<\/u> fue promovido por La Organizaci\u00f3n Mundial de la Salud, el Centro Internacional de Investigaciones sobre el C\u00e1ncer (CIIC) y la Uni\u00f3n Internacional contra el C\u00e1ncer (UICC), con el objetivo de aumentar la concienciaci\u00f3n y movilizar a la sociedad para avanzar en la prevenci\u00f3n y control de esta enfermedad.<\/p>\n<p>Tomado de: <a href=\"https:\/\/www.paho.org\/hq\/index.php?option=com_content&amp;view=article&amp;id=15687:world-cancer-day-2020-i-am-and-i-will&amp;Itemid=39809&amp;lang=es\">OPS<\/a><\/p>\n","protected":false},"excerpt":{"rendered":"<p>El D\u00eda Mundial contra el C\u00e1ncer fue promovido por La Organizaci\u00f3n Mundial de la Salud, el Centro Internacional de Investigaciones sobre el C\u00e1ncer (CIIC) y la Uni\u00f3n Internacional contra el C\u00e1ncer (UICC), con el objetivo de aumentar la concienciaci\u00f3n y movilizar a la sociedad para avanzar en la prevenci\u00f3n y control de esta enfermedad. Tomado &hellip; <\/p>\n<p><a class=\"more-link btn\" href=\"https:\/\/instituciones.gtm.sld.cu\/cpscs\/?p=1540\">Seguir leyendo<\/a><\/p>\n","protected":false},"author":26,"featured_media":0,"comment_status":"open","ping_status":"open","sticky":false,"template":"","format":"standard","meta":{"ngg_post_thumbnail":0},"categories":[4,10,7],"tags":[],"yoast_head":"<!-- This site is optimized with the Yoast SEO plugin v21.8 - https:\/\/yoast.com\/wordpress\/plugins\/seo\/ -->\n<title>D\u00eda Mundial contra el C\u00e1ncer 2020: Yo Soy y voy a&quot; -<\/title>\n<meta name=\"robots\" content=\"index, follow, max-snippet:-1, max-image-preview:large, max-video-preview:-1\" \/>\n<link rel=\"canonical\" href=\"https:\/\/instituciones.gtm.sld.cu\/cpscs\/?p=1540\" \/>\n<meta property=\"og:locale\" content=\"es_ES\" \/>\n<meta property=\"og:type\" content=\"article\" \/>\n<meta property=\"og:title\" content=\"D\u00eda Mundial contra el C\u00e1ncer 2020: Yo Soy y voy a&quot; -\" \/>\n<meta property=\"og:description\" content=\"El D\u00eda Mundial contra el C\u00e1ncer fue promovido por La Organizaci\u00f3n Mundial de la Salud, el Centro Internacional de Investigaciones sobre el C\u00e1ncer (CIIC) y la Uni\u00f3n Internacional contra el C\u00e1ncer (UICC), con el objetivo de aumentar la concienciaci\u00f3n y movilizar a la sociedad para avanzar en la prevenci\u00f3n y control de esta enfermedad. Tomado &hellip; Seguir leyendo\" \/>\n<meta property=\"og:url\" content=\"https:\/\/instituciones.gtm.sld.cu\/cpscs\/?p=1540\" \/>\n<meta property=\"article:published_time\" content=\"2020-02-04T15:07:54+00:00\" \/>\n<meta property=\"article:modified_time\" content=\"2020-02-17T14:39:48+00:00\" \/>\n<meta name=\"twitter:card\" content=\"summary_large_image\" \/>\n<meta name=\"twitter:label1\" content=\"Escrito por\" \/>\n\t<meta name=\"twitter:data1\" content=\"\" \/>\n<script type=\"application\/ld+json\" class=\"yoast-schema-graph\">{\"@context\":\"https:\/\/schema.org\",\"@graph\":[{\"@type\":\"WebPage\",\"@id\":\"https:\/\/instituciones.gtm.sld.cu\/cpscs\/?p=1540\",\"url\":\"https:\/\/instituciones.gtm.sld.cu\/cpscs\/?p=1540\",\"name\":\"D\u00eda Mundial contra el C\u00e1ncer 2020: Yo Soy y voy a\\\" -\",\"isPartOf\":{\"@id\":\"https:\/\/instituciones.gtm.sld.cu\/cpscs\/#website\"},\"datePublished\":\"2020-02-04T15:07:54+00:00\",\"dateModified\":\"2020-02-17T14:39:48+00:00\",\"author\":{\"@id\":\"\"},\"breadcrumb\":{\"@id\":\"https:\/\/instituciones.gtm.sld.cu\/cpscs\/?p=1540#breadcrumb\"},\"inLanguage\":\"es\",\"potentialAction\":[{\"@type\":\"ReadAction\",\"target\":[\"https:\/\/instituciones.gtm.sld.cu\/cpscs\/?p=1540\"]}]},{\"@type\":\"BreadcrumbList\",\"@id\":\"https:\/\/instituciones.gtm.sld.cu\/cpscs\/?p=1540#breadcrumb\",\"itemListElement\":[{\"@type\":\"ListItem\",\"position\":1,\"name\":\"Portada\",\"item\":\"https:\/\/instituciones.gtm.sld.cu\/cpscs\"},{\"@type\":\"ListItem\",\"position\":2,\"name\":\"D\u00eda Mundial contra el C\u00e1ncer 2020: Yo Soy y voy a\u00bb\"}]},{\"@type\":\"WebSite\",\"@id\":\"https:\/\/instituciones.gtm.sld.cu\/cpscs\/#website\",\"url\":\"https:\/\/instituciones.gtm.sld.cu\/cpscs\/\",\"name\":\"\",\"description\":\"\",\"potentialAction\":[{\"@type\":\"SearchAction\",\"target\":{\"@type\":\"EntryPoint\",\"urlTemplate\":\"https:\/\/instituciones.gtm.sld.cu\/cpscs\/?s={search_term_string}\"},\"query-input\":\"required name=search_term_string\"}],\"inLanguage\":\"es\"},{\"@type\":\"Person\",\"@id\":\"\",\"url\":\"https:\/\/instituciones.gtm.sld.cu\/cpscs\/?author=26\"}]}<\/script>\n<!-- \/ Yoast SEO plugin. -->","yoast_head_json":{"title":"D\u00eda Mundial contra el C\u00e1ncer 2020: Yo Soy y voy a\" -","robots":{"index":"index","follow":"follow","max-snippet":"max-snippet:-1","max-image-preview":"max-image-preview:large","max-video-preview":"max-video-preview:-1"},"canonical":"https:\/\/instituciones.gtm.sld.cu\/cpscs\/?p=1540","og_locale":"es_ES","og_type":"article","og_title":"D\u00eda Mundial contra el C\u00e1ncer 2020: Yo Soy y voy a\" -","og_description":"El D\u00eda Mundial contra el C\u00e1ncer fue promovido por La Organizaci\u00f3n Mundial de la Salud, el Centro Internacional de Investigaciones sobre el C\u00e1ncer (CIIC) y la Uni\u00f3n Internacional contra el C\u00e1ncer (UICC), con el objetivo de aumentar la concienciaci\u00f3n y movilizar a la sociedad para avanzar en la prevenci\u00f3n y control de esta enfermedad. Tomado &hellip; Seguir leyendo","og_url":"https:\/\/instituciones.gtm.sld.cu\/cpscs\/?p=1540","article_published_time":"2020-02-04T15:07:54+00:00","article_modified_time":"2020-02-17T14:39:48+00:00","twitter_card":"summary_large_image","twitter_misc":{"Escrito por":""},"schema":{"@context":"https:\/\/schema.org","@graph":[{"@type":"WebPage","@id":"https:\/\/instituciones.gtm.sld.cu\/cpscs\/?p=1540","url":"https:\/\/instituciones.gtm.sld.cu\/cpscs\/?p=1540","name":"D\u00eda Mundial contra el C\u00e1ncer 2020: Yo Soy y voy a\" -","isPartOf":{"@id":"https:\/\/instituciones.gtm.sld.cu\/cpscs\/#website"},"datePublished":"2020-02-04T15:07:54+00:00","dateModified":"2020-02-17T14:39:48+00:00","author":{"@id":""},"breadcrumb":{"@id":"https:\/\/instituciones.gtm.sld.cu\/cpscs\/?p=1540#breadcrumb"},"inLanguage":"es","potentialAction":[{"@type":"ReadAction","target":["https:\/\/instituciones.gtm.sld.cu\/cpscs\/?p=1540"]}]},{"@type":"BreadcrumbList","@id":"https:\/\/instituciones.gtm.sld.cu\/cpscs\/?p=1540#breadcrumb","itemListElement":[{"@type":"ListItem","position":1,"name":"Portada","item":"https:\/\/instituciones.gtm.sld.cu\/cpscs"},{"@type":"ListItem","position":2,"name":"D\u00eda Mundial contra el C\u00e1ncer 2020: Yo Soy y voy a\u00bb"}]},{"@type":"WebSite","@id":"https:\/\/instituciones.gtm.sld.cu\/cpscs\/#website","url":"https:\/\/instituciones.gtm.sld.cu\/cpscs\/","name":"","description":"","potentialAction":[{"@type":"SearchAction","target":{"@type":"EntryPoint","urlTemplate":"https:\/\/instituciones.gtm.sld.cu\/cpscs\/?s={search_term_string}"},"query-input":"required name=search_term_string"}],"inLanguage":"es"},{"@type":"Person","@id":"","url":"https:\/\/instituciones.gtm.sld.cu\/cpscs\/?author=26"}]}},"jetpack_featured_media_url":"","_links":{"self":[{"href":"https:\/\/instituciones.gtm.sld.cu\/cpscs\/index.php?rest_route=\/wp\/v2\/posts\/1540"}],"collection":[{"href":"https:\/\/instituciones.gtm.sld.cu\/cpscs\/index.php?rest_route=\/wp\/v2\/posts"}],"about":[{"href":"https:\/\/instituciones.gtm.sld.cu\/cpscs\/index.php?rest_route=\/wp\/v2\/types\/post"}],"author":[{"embeddable":true,"href":"https:\/\/instituciones.gtm.sld.cu\/cpscs\/index.php?rest_route=\/wp\/v2\/users\/26"}],"replies":[{"embeddable":true,"href":"https:\/\/instituciones.gtm.sld.cu\/cpscs\/index.php?rest_route=%2Fwp%2Fv2%2Fcomments&post=1540"}],"version-history":[{"count":3,"href":"https:\/\/instituciones.gtm.sld.cu\/cpscs\/index.php?rest_route=\/wp\/v2\/posts\/1540\/revisions"}],"predecessor-version":[{"id":1560,"href":"https:\/\/instituciones.gtm.sld.cu\/cpscs\/index.php?rest_route=\/wp\/v2\/posts\/1540\/revisions\/1560"}],"wp:attachment":[{"href":"https:\/\/instituciones.gtm.sld.cu\/cpscs\/index.php?rest_route=%2Fwp%2Fv2%2Fmedia&parent=1540"}],"wp:term":[{"taxonomy":"category","embeddable":true,"href":"https:\/\/instituciones.gtm.sld.cu\/cpscs\/index.php?rest_route=%2Fwp%2Fv2%2Fcategories&post=1540"},{"taxonomy":"post_tag","embeddable":true,"href":"https:\/\/instituciones.gtm.sld.cu\/cpscs\/index.php?rest_route=%2Fwp%2Fv2%2Ftags&post=1540"}],"curies":[{"name":"wp","href":"https:\/\/api.w.org\/{rel}","templated":true}]}}