{"id":1599,"date":"2022-04-04T10:19:14","date_gmt":"2022-04-04T14:19:14","guid":{"rendered":"http:\/\/instituciones2.gtm.sld.cu\/cpscs\/?p=1599"},"modified":"2022-04-04T10:19:14","modified_gmt":"2022-04-04T14:19:14","slug":"la-colmenita-homenajea-a-integrantes-de-operation-walk","status":"publish","type":"post","link":"https:\/\/instituciones.gtm.sld.cu\/cpscs\/?p=1599","title":{"rendered":"La Colmenita homenajea a integrantes de Operation Walk"},"content":{"rendered":"<p><img decoding=\"async\" loading=\"lazy\" class=\"alignnone size-thumbnail wp-image-1600\" src=\"http:\/\/instituciones2.gtm.sld.cu\/cpscs\/wp-content\/uploads\/sites\/24\/2022\/04\/colmenita-3-580x330-150x150.jpg\" alt=\"\" width=\"150\" height=\"150\" \/><\/p>\n<p>La Compa\u00f1\u00eda de Teatro Infantil <a href=\"https:\/\/www.ecured.cu\/La_Colmenita\" target=\"_blank\" rel=\"noopener noreferrer\"><strong>La Colmenita<\/strong><\/a> ofreci\u00f3 este s\u00e1bado una funci\u00f3n especial como agradecimiento a los profesionales de la salud pertenecientes a <strong>la organizaci\u00f3n estadounidense Operation Walk<\/strong>, de visita en Cuba del 28 de marzo al 7 de abril.<\/p>\n<p>Una muestra de la cultura nacional cubana se reuni\u00f3 en la actividad, que cont\u00f3 con la presencia de Jos\u00e9 \u00c1ngel Portal Miranda, ministro de Salud P\u00fablica, William Thomas Long, coordinador de Operation Walk, y Roberto Balmaseda, su hom\u00f3logo en Cuba, junto a los 53 profesionales integrantes de la misi\u00f3n.<\/p>\n<p>Para el deleite de los galenos, La Colmenita present\u00f3 su obra La Cucarachita Martina, y de igual forma ameniz\u00f3 el encuentro la flautista Niurka Gonz\u00e1lez con su interpretaci\u00f3n de la Bayamesa, junto al d\u00fao de piano y violonchelo compuesto por Malva Rodr\u00edguez y Luna Pantoja, que tocaron La Habanera Melanc\u00f3lica y el Danz\u00f3n Contigo Pan y Cebolla.<\/p>\n<p>Durante la cita, Long expres\u00f3 el profundo agradecimiento a la direcci\u00f3n del pa\u00eds por la confianza depositada en la organizaci\u00f3n para atender a su pueblo, y reiter\u00f3 el compromiso de siempre brindar ayuda incondicional a Cuba con el \u00fanico objetivo de proporcionar atenci\u00f3n m\u00e9dica a quien lo necesite.<\/p>\n<p>Balmaseda expres\u00f3 que en esta ocasi\u00f3n la misi\u00f3n est\u00e1 dedicada a su fundador y se denomina Operation Walk in Memoriam Lawrence Dorr (1941-2020), en homenaje a quien fuera adem\u00e1s miembro de honor de la Sociedad Cubana de Ortopedia y Traumatolog\u00eda.<\/p>\n<p>Record\u00f3 adem\u00e1s la figura de Henry Reeve, brigadier estadounidense que particip\u00f3 en la guerra por la independencia de Cuba y quien da nombre a la brigada m\u00e9dica de respuesta r\u00e1pida ante cat\u00e1strofes y epidemias, muestra de la solidaridad incondicional de la mayor de las Antillas con los pueblos del mundo.<\/p>\n<p><strong>Operation Walk realiza desde hace 25 a\u00f1os intervenciones quir\u00fargicas a pacientes con afecciones ortop\u00e9dicas de cadera y rodilla, que han beneficiado hasta la fecha a m\u00e1s de 800 cubanos.<\/strong><\/p>\n","protected":false},"excerpt":{"rendered":"<p>La Compa\u00f1\u00eda de Teatro Infantil La Colmenita ofreci\u00f3 este s\u00e1bado una funci\u00f3n especial como agradecimiento a los profesionales de la salud pertenecientes a la organizaci\u00f3n estadounidense Operation Walk, de visita en Cuba del 28 de marzo al 7 de abril. Una muestra de la cultura nacional cubana se reuni\u00f3 en la actividad, que cont\u00f3 con &hellip; <\/p>\n<p><a class=\"more-link btn\" href=\"https:\/\/instituciones.gtm.sld.cu\/cpscs\/?p=1599\">Seguir leyendo<\/a><\/p>\n","protected":false},"author":26,"featured_media":0,"comment_status":"open","ping_status":"open","sticky":false,"template":"","format":"standard","meta":{"ngg_post_thumbnail":0},"categories":[7],"tags":[],"yoast_head":"<!-- This site is optimized with the Yoast SEO plugin v21.8 - https:\/\/yoast.com\/wordpress\/plugins\/seo\/ -->\n<title>La Colmenita homenajea a integrantes de Operation Walk -<\/title>\n<meta name=\"robots\" content=\"index, follow, max-snippet:-1, max-image-preview:large, max-video-preview:-1\" \/>\n<link rel=\"canonical\" href=\"https:\/\/instituciones.gtm.sld.cu\/cpscs\/?p=1599\" \/>\n<meta property=\"og:locale\" content=\"es_ES\" \/>\n<meta property=\"og:type\" content=\"article\" \/>\n<meta property=\"og:title\" content=\"La Colmenita homenajea a integrantes de Operation Walk -\" \/>\n<meta property=\"og:description\" content=\"La Compa\u00f1\u00eda de Teatro Infantil La Colmenita ofreci\u00f3 este s\u00e1bado una funci\u00f3n especial como agradecimiento a los profesionales de la salud pertenecientes a la organizaci\u00f3n estadounidense Operation Walk, de visita en Cuba del 28 de marzo al 7 de abril. Una muestra de la cultura nacional cubana se reuni\u00f3 en la actividad, que cont\u00f3 con &hellip; Seguir leyendo\" \/>\n<meta property=\"og:url\" content=\"https:\/\/instituciones.gtm.sld.cu\/cpscs\/?p=1599\" \/>\n<meta property=\"article:published_time\" content=\"2022-04-04T14:19:14+00:00\" \/>\n<meta property=\"og:image\" content=\"http:\/\/instituciones2.gtm.sld.cu\/cpscs\/wp-content\/uploads\/sites\/24\/2022\/04\/colmenita-3-580x330-150x150.jpg\" \/>\n<meta name=\"twitter:card\" content=\"summary_large_image\" \/>\n<meta name=\"twitter:label1\" content=\"Escrito por\" \/>\n\t<meta name=\"twitter:data1\" content=\"\" \/>\n\t<meta name=\"twitter:label2\" content=\"Tiempo de lectura\" \/>\n\t<meta name=\"twitter:data2\" content=\"2 minutos\" \/>\n<script type=\"application\/ld+json\" class=\"yoast-schema-graph\">{\"@context\":\"https:\/\/schema.org\",\"@graph\":[{\"@type\":\"WebPage\",\"@id\":\"https:\/\/instituciones.gtm.sld.cu\/cpscs\/?p=1599\",\"url\":\"https:\/\/instituciones.gtm.sld.cu\/cpscs\/?p=1599\",\"name\":\"La Colmenita homenajea a integrantes de Operation Walk -\",\"isPartOf\":{\"@id\":\"https:\/\/instituciones.gtm.sld.cu\/cpscs\/#website\"},\"datePublished\":\"2022-04-04T14:19:14+00:00\",\"dateModified\":\"2022-04-04T14:19:14+00:00\",\"author\":{\"@id\":\"\"},\"breadcrumb\":{\"@id\":\"https:\/\/instituciones.gtm.sld.cu\/cpscs\/?p=1599#breadcrumb\"},\"inLanguage\":\"es\",\"potentialAction\":[{\"@type\":\"ReadAction\",\"target\":[\"https:\/\/instituciones.gtm.sld.cu\/cpscs\/?p=1599\"]}]},{\"@type\":\"BreadcrumbList\",\"@id\":\"https:\/\/instituciones.gtm.sld.cu\/cpscs\/?p=1599#breadcrumb\",\"itemListElement\":[{\"@type\":\"ListItem\",\"position\":1,\"name\":\"Portada\",\"item\":\"https:\/\/instituciones.gtm.sld.cu\/cpscs\"},{\"@type\":\"ListItem\",\"position\":2,\"name\":\"La Colmenita homenajea a integrantes de Operation Walk\"}]},{\"@type\":\"WebSite\",\"@id\":\"https:\/\/instituciones.gtm.sld.cu\/cpscs\/#website\",\"url\":\"https:\/\/instituciones.gtm.sld.cu\/cpscs\/\",\"name\":\"\",\"description\":\"\",\"potentialAction\":[{\"@type\":\"SearchAction\",\"target\":{\"@type\":\"EntryPoint\",\"urlTemplate\":\"https:\/\/instituciones.gtm.sld.cu\/cpscs\/?s={search_term_string}\"},\"query-input\":\"required name=search_term_string\"}],\"inLanguage\":\"es\"},{\"@type\":\"Person\",\"@id\":\"\",\"url\":\"https:\/\/instituciones.gtm.sld.cu\/cpscs\/?author=26\"}]}<\/script>\n<!-- \/ Yoast SEO plugin. -->","yoast_head_json":{"title":"La Colmenita homenajea a integrantes de Operation Walk -","robots":{"index":"index","follow":"follow","max-snippet":"max-snippet:-1","max-image-preview":"max-image-preview:large","max-video-preview":"max-video-preview:-1"},"canonical":"https:\/\/instituciones.gtm.sld.cu\/cpscs\/?p=1599","og_locale":"es_ES","og_type":"article","og_title":"La Colmenita homenajea a integrantes de Operation Walk -","og_description":"La Compa\u00f1\u00eda de Teatro Infantil La Colmenita ofreci\u00f3 este s\u00e1bado una funci\u00f3n especial como agradecimiento a los profesionales de la salud pertenecientes a la organizaci\u00f3n estadounidense Operation Walk, de visita en Cuba del 28 de marzo al 7 de abril. Una muestra de la cultura nacional cubana se reuni\u00f3 en la actividad, que cont\u00f3 con &hellip; Seguir leyendo","og_url":"https:\/\/instituciones.gtm.sld.cu\/cpscs\/?p=1599","article_published_time":"2022-04-04T14:19:14+00:00","og_image":[{"url":"http:\/\/instituciones2.gtm.sld.cu\/cpscs\/wp-content\/uploads\/sites\/24\/2022\/04\/colmenita-3-580x330-150x150.jpg"}],"twitter_card":"summary_large_image","twitter_misc":{"Escrito por":"","Tiempo de lectura":"2 minutos"},"schema":{"@context":"https:\/\/schema.org","@graph":[{"@type":"WebPage","@id":"https:\/\/instituciones.gtm.sld.cu\/cpscs\/?p=1599","url":"https:\/\/instituciones.gtm.sld.cu\/cpscs\/?p=1599","name":"La Colmenita homenajea a integrantes de Operation Walk -","isPartOf":{"@id":"https:\/\/instituciones.gtm.sld.cu\/cpscs\/#website"},"datePublished":"2022-04-04T14:19:14+00:00","dateModified":"2022-04-04T14:19:14+00:00","author":{"@id":""},"breadcrumb":{"@id":"https:\/\/instituciones.gtm.sld.cu\/cpscs\/?p=1599#breadcrumb"},"inLanguage":"es","potentialAction":[{"@type":"ReadAction","target":["https:\/\/instituciones.gtm.sld.cu\/cpscs\/?p=1599"]}]},{"@type":"BreadcrumbList","@id":"https:\/\/instituciones.gtm.sld.cu\/cpscs\/?p=1599#breadcrumb","itemListElement":[{"@type":"ListItem","position":1,"name":"Portada","item":"https:\/\/instituciones.gtm.sld.cu\/cpscs"},{"@type":"ListItem","position":2,"name":"La Colmenita homenajea a integrantes de Operation Walk"}]},{"@type":"WebSite","@id":"https:\/\/instituciones.gtm.sld.cu\/cpscs\/#website","url":"https:\/\/instituciones.gtm.sld.cu\/cpscs\/","name":"","description":"","potentialAction":[{"@type":"SearchAction","target":{"@type":"EntryPoint","urlTemplate":"https:\/\/instituciones.gtm.sld.cu\/cpscs\/?s={search_term_string}"},"query-input":"required name=search_term_string"}],"inLanguage":"es"},{"@type":"Person","@id":"","url":"https:\/\/instituciones.gtm.sld.cu\/cpscs\/?author=26"}]}},"jetpack_featured_media_url":"","_links":{"self":[{"href":"https:\/\/instituciones.gtm.sld.cu\/cpscs\/index.php?rest_route=\/wp\/v2\/posts\/1599"}],"collection":[{"href":"https:\/\/instituciones.gtm.sld.cu\/cpscs\/index.php?rest_route=\/wp\/v2\/posts"}],"about":[{"href":"https:\/\/instituciones.gtm.sld.cu\/cpscs\/index.php?rest_route=\/wp\/v2\/types\/post"}],"author":[{"embeddable":true,"href":"https:\/\/instituciones.gtm.sld.cu\/cpscs\/index.php?rest_route=\/wp\/v2\/users\/26"}],"replies":[{"embeddable":true,"href":"https:\/\/instituciones.gtm.sld.cu\/cpscs\/index.php?rest_route=%2Fwp%2Fv2%2Fcomments&post=1599"}],"version-history":[{"count":1,"href":"https:\/\/instituciones.gtm.sld.cu\/cpscs\/index.php?rest_route=\/wp\/v2\/posts\/1599\/revisions"}],"predecessor-version":[{"id":1601,"href":"https:\/\/instituciones.gtm.sld.cu\/cpscs\/index.php?rest_route=\/wp\/v2\/posts\/1599\/revisions\/1601"}],"wp:attachment":[{"href":"https:\/\/instituciones.gtm.sld.cu\/cpscs\/index.php?rest_route=%2Fwp%2Fv2%2Fmedia&parent=1599"}],"wp:term":[{"taxonomy":"category","embeddable":true,"href":"https:\/\/instituciones.gtm.sld.cu\/cpscs\/index.php?rest_route=%2Fwp%2Fv2%2Fcategories&post=1599"},{"taxonomy":"post_tag","embeddable":true,"href":"https:\/\/instituciones.gtm.sld.cu\/cpscs\/index.php?rest_route=%2Fwp%2Fv2%2Ftags&post=1599"}],"curies":[{"name":"wp","href":"https:\/\/api.w.org\/{rel}","templated":true}]}}