{"id":1012,"date":"2020-03-09T15:43:21","date_gmt":"2020-03-09T19:43:21","guid":{"rendered":"http:\/\/instituciones.gtm.sld.cu\/dmsims\/?p=1012"},"modified":"2020-03-09T15:43:43","modified_gmt":"2020-03-09T19:43:43","slug":"inicia-hoy-la-semana-mundial-por-la-conciencia-sobre-el-uso-de-la-sal","status":"publish","type":"post","link":"https:\/\/instituciones.gtm.sld.cu\/dmsims\/2020\/03\/09\/inicia-hoy-la-semana-mundial-por-la-conciencia-sobre-el-uso-de-la-sal\/","title":{"rendered":"Inicia hoy la Semana Mundial por la Conciencia sobre el Uso de la Sal"},"content":{"rendered":"\n<div class=\"wp-block-image\"><figure class=\"alignleft\"><img decoding=\"async\" loading=\"lazy\" width=\"63\" height=\"84\" src=\"http:\/\/instituciones.gtm.sld.cu\/dmsims\/wp-content\/uploads\/sites\/16\/2020\/03\/no-sal-mini3.jpg\" alt=\"\" class=\"wp-image-1013\" \/><\/figure><\/div>\n\n\n\n<p>Del 9 al 15 de marzo se celebra este a\u00f1o la <strong><a rel=\"noreferrer noopener\" href=\"http:\/\/www.worldactiononsalt.com\/awarenessweek\/\" target=\"_blank\">Semana Mundial por la Conciencia sobre el Uso de la Sal<\/a><\/strong>, una campa\u00f1a que tiene como objetivo promover la implementaci\u00f3n de acciones basadas en la evidencia, para reducir el consumo de sal en la poblaci\u00f3n.<\/p>\n\n\n\n<!--more-->\n\n\n\n<figure class=\"wp-block-image\"><img decoding=\"async\" loading=\"lazy\" width=\"300\" height=\"247\" src=\"http:\/\/instituciones.gtm.sld.cu\/dmsims\/wp-content\/uploads\/sites\/16\/2020\/03\/dyqlxubxcaav0rj.jpg\" alt=\"\" class=\"wp-image-1014\" \/><\/figure>\n\n\n\n<p>Del 9 al 15 de marzo se celebra este a\u00f1o la <strong><a href=\"http:\/\/www.worldactiononsalt.com\/awarenessweek\/\" target=\"_blank\" rel=\"noreferrer noopener\">Semana\nMundial por la Conciencia sobre el Uso de la Sal<\/a><\/strong>, una campa\u00f1a que\ntiene como objetivo promover la implementaci\u00f3n de acciones basadas en la\nevidencia, para reducir el consumo de sal en la poblaci\u00f3n.<\/p>\n\n\n\n<p>En este contexto, se realizan diversas\niniciativas en las cuales figuran campa\u00f1as educativas y en medios de\ncomunicaci\u00f3n en colaboraci\u00f3n con quienes hacen alimentos para mejorar las\netiquetas con informaci\u00f3n nutritiva y para reformular los productos para que\ncontengan menos sal.<\/p>\n\n\n\n<p>La sal es parte esencial de la dieta, pero la\nmayor\u00eda de las personas consumen m\u00e1s de lo que piensan y de lo que es\nsaludable, si se tiene en cuenta que la mayor parte de los productos envasados\ncontienen sal. Un uso excesivo de sal incrementa las posibilidades de\ndesarrollar enfermedades del coraz\u00f3n, ri\u00f1ones y cerebro.<\/p>\n\n\n\n<p>La OPS\/OMS indica que la ingesta m\u00e1xima diaria de\nsal no debe ser superior a 5 gramos, equivalente a una cucharadita. Se estima\nque una persona consume al d\u00eda 9 a 12 gramos de sal, superando las cantidades\ndebidas, por lo que se hace un llamado para que las personas disminuyan el\nconsumo de sal para poder mejorar el estilo de vida y fortificar la salud.<\/p>\n\n\n\n<p>A prop\u00f3sito del tema, la <a href=\"http:\/\/www.bvscuba.sld.cu\">Biblioteca Virtual en Salud de Cuba<\/a> le\npropone revisar el Sitio <strong><a href=\"http:\/\/www.worldactiononsalt.com\/\" target=\"_blank\" rel=\"noreferrer noopener\">World Action On Salt and Health (WASH)<\/a><\/strong>, que tiene\ncomo objetivo lograr una reducci\u00f3n del consumo de sal en todo el mundo.<\/p>\n\n\n\n<p>M\u00e1s informaci\u00f3n:<br>\n\u2013 <a href=\"https:\/\/iris.paho.org\/handle\/10665.2\/38586\" target=\"_blank\" rel=\"noreferrer noopener\">SHAKE\nmenos sal, m\u00e1s salud. Gu\u00eda t\u00e9cnica para reducir el consumo de sal<\/a><\/p>\n\n\n\n<p>Fuente: INFOMED<\/p>\n","protected":false},"excerpt":{"rendered":"<p>Del 9 al 15 de marzo se celebra este a\u00f1o la Semana Mundial por la Conciencia sobre el Uso de la Sal, una campa\u00f1a que tiene como objetivo promover la implementaci\u00f3n de acciones basadas en la evidencia, para reducir el consumo de sal en la poblaci\u00f3n.<\/p><p><a class=\"more-link btn\" href=\"https:\/\/instituciones.gtm.sld.cu\/dmsims\/2020\/03\/09\/inicia-hoy-la-semana-mundial-por-la-conciencia-sobre-el-uso-de-la-sal\/\">Seguir leyendo<\/a><\/p>\n","protected":false},"author":17,"featured_media":0,"comment_status":"open","ping_status":"open","sticky":false,"template":"","format":"standard","meta":{"ngg_post_thumbnail":0},"categories":[11],"tags":[],"yoast_head":"<!-- This site is optimized with the Yoast SEO plugin v21.8 - https:\/\/yoast.com\/wordpress\/plugins\/seo\/ -->\n<title>Inicia hoy la Semana Mundial por la Conciencia sobre el Uso de la Sal - Policl\u00ednico &quot;Ciro Fr\u00edas Cabrera&quot;<\/title>\n<meta name=\"robots\" content=\"index, follow, max-snippet:-1, max-image-preview:large, max-video-preview:-1\" \/>\n<link rel=\"canonical\" href=\"https:\/\/instituciones.gtm.sld.cu\/dmsims\/2020\/03\/09\/inicia-hoy-la-semana-mundial-por-la-conciencia-sobre-el-uso-de-la-sal\/\" \/>\n<meta property=\"og:locale\" content=\"es_ES\" \/>\n<meta property=\"og:type\" content=\"article\" \/>\n<meta property=\"og:title\" content=\"Inicia hoy la Semana Mundial por la Conciencia sobre el Uso de la Sal - Policl\u00ednico &quot;Ciro Fr\u00edas Cabrera&quot;\" \/>\n<meta property=\"og:description\" content=\"Del 9 al 15 de marzo se celebra este a\u00f1o la Semana Mundial por la Conciencia sobre el Uso de la Sal, una campa\u00f1a que tiene como objetivo promover la implementaci\u00f3n de acciones basadas en la evidencia, para reducir el consumo de sal en la poblaci\u00f3n.\" \/>\n<meta property=\"og:url\" content=\"https:\/\/instituciones.gtm.sld.cu\/dmsims\/2020\/03\/09\/inicia-hoy-la-semana-mundial-por-la-conciencia-sobre-el-uso-de-la-sal\/\" \/>\n<meta property=\"og:site_name\" content=\"Policl\u00ednico &quot;Ciro Fr\u00edas Cabrera&quot;\" \/>\n<meta property=\"article:published_time\" content=\"2020-03-09T19:43:21+00:00\" \/>\n<meta property=\"article:modified_time\" content=\"2020-03-09T19:43:43+00:00\" \/>\n<meta property=\"og:image\" content=\"http:\/\/instituciones.gtm.sld.cu\/dmsims\/wp-content\/uploads\/sites\/16\/2020\/03\/no-sal-mini3.jpg\" \/>\n<meta name=\"twitter:card\" content=\"summary_large_image\" \/>\n<meta name=\"twitter:label1\" content=\"Escrito por\" \/>\n\t<meta name=\"twitter:data1\" content=\"\" \/>\n\t<meta name=\"twitter:label2\" content=\"Tiempo de lectura\" \/>\n\t<meta name=\"twitter:data2\" content=\"2 minutos\" \/>\n<script type=\"application\/ld+json\" class=\"yoast-schema-graph\">{\"@context\":\"https:\/\/schema.org\",\"@graph\":[{\"@type\":\"WebPage\",\"@id\":\"https:\/\/instituciones.gtm.sld.cu\/dmsims\/2020\/03\/09\/inicia-hoy-la-semana-mundial-por-la-conciencia-sobre-el-uso-de-la-sal\/\",\"url\":\"https:\/\/instituciones.gtm.sld.cu\/dmsims\/2020\/03\/09\/inicia-hoy-la-semana-mundial-por-la-conciencia-sobre-el-uso-de-la-sal\/\",\"name\":\"Inicia hoy la Semana Mundial por la Conciencia sobre el Uso de la Sal - Policl\u00ednico &quot;Ciro Fr\u00edas Cabrera&quot;\",\"isPartOf\":{\"@id\":\"https:\/\/instituciones.gtm.sld.cu\/dmsims\/#website\"},\"datePublished\":\"2020-03-09T19:43:21+00:00\",\"dateModified\":\"2020-03-09T19:43:43+00:00\",\"author\":{\"@id\":\"\"},\"breadcrumb\":{\"@id\":\"https:\/\/instituciones.gtm.sld.cu\/dmsims\/2020\/03\/09\/inicia-hoy-la-semana-mundial-por-la-conciencia-sobre-el-uso-de-la-sal\/#breadcrumb\"},\"inLanguage\":\"es\",\"potentialAction\":[{\"@type\":\"ReadAction\",\"target\":[\"https:\/\/instituciones.gtm.sld.cu\/dmsims\/2020\/03\/09\/inicia-hoy-la-semana-mundial-por-la-conciencia-sobre-el-uso-de-la-sal\/\"]}]},{\"@type\":\"BreadcrumbList\",\"@id\":\"https:\/\/instituciones.gtm.sld.cu\/dmsims\/2020\/03\/09\/inicia-hoy-la-semana-mundial-por-la-conciencia-sobre-el-uso-de-la-sal\/#breadcrumb\",\"itemListElement\":[{\"@type\":\"ListItem\",\"position\":1,\"name\":\"Portada\",\"item\":\"https:\/\/instituciones.gtm.sld.cu\/dmsims\/\"},{\"@type\":\"ListItem\",\"position\":2,\"name\":\"Inicia hoy la Semana Mundial por la Conciencia sobre el Uso de la Sal\"}]},{\"@type\":\"WebSite\",\"@id\":\"https:\/\/instituciones.gtm.sld.cu\/dmsims\/#website\",\"url\":\"https:\/\/instituciones.gtm.sld.cu\/dmsims\/\",\"name\":\"Policl\u00ednico &quot;Ciro Fr\u00edas Cabrera&quot;\",\"description\":\"Policl\u00ednico &quot;Ciro Fr\u00edas Cabrera&quot;\",\"potentialAction\":[{\"@type\":\"SearchAction\",\"target\":{\"@type\":\"EntryPoint\",\"urlTemplate\":\"https:\/\/instituciones.gtm.sld.cu\/dmsims\/?s={search_term_string}\"},\"query-input\":\"required name=search_term_string\"}],\"inLanguage\":\"es\"},{\"@type\":\"Person\",\"@id\":\"\",\"url\":\"https:\/\/instituciones.gtm.sld.cu\/dmsims\/author\/\"}]}<\/script>\n<!-- \/ Yoast SEO plugin. -->","yoast_head_json":{"title":"Inicia hoy la Semana Mundial por la Conciencia sobre el Uso de la Sal - Policl\u00ednico &quot;Ciro Fr\u00edas Cabrera&quot;","robots":{"index":"index","follow":"follow","max-snippet":"max-snippet:-1","max-image-preview":"max-image-preview:large","max-video-preview":"max-video-preview:-1"},"canonical":"https:\/\/instituciones.gtm.sld.cu\/dmsims\/2020\/03\/09\/inicia-hoy-la-semana-mundial-por-la-conciencia-sobre-el-uso-de-la-sal\/","og_locale":"es_ES","og_type":"article","og_title":"Inicia hoy la Semana Mundial por la Conciencia sobre el Uso de la Sal - Policl\u00ednico &quot;Ciro Fr\u00edas Cabrera&quot;","og_description":"Del 9 al 15 de marzo se celebra este a\u00f1o la Semana Mundial por la Conciencia sobre el Uso de la Sal, una campa\u00f1a que tiene como objetivo promover la implementaci\u00f3n de acciones basadas en la evidencia, para reducir el consumo de sal en la poblaci\u00f3n.","og_url":"https:\/\/instituciones.gtm.sld.cu\/dmsims\/2020\/03\/09\/inicia-hoy-la-semana-mundial-por-la-conciencia-sobre-el-uso-de-la-sal\/","og_site_name":"Policl\u00ednico &quot;Ciro Fr\u00edas Cabrera&quot;","article_published_time":"2020-03-09T19:43:21+00:00","article_modified_time":"2020-03-09T19:43:43+00:00","og_image":[{"url":"http:\/\/instituciones.gtm.sld.cu\/dmsims\/wp-content\/uploads\/sites\/16\/2020\/03\/no-sal-mini3.jpg"}],"twitter_card":"summary_large_image","twitter_misc":{"Escrito por":"","Tiempo de lectura":"2 minutos"},"schema":{"@context":"https:\/\/schema.org","@graph":[{"@type":"WebPage","@id":"https:\/\/instituciones.gtm.sld.cu\/dmsims\/2020\/03\/09\/inicia-hoy-la-semana-mundial-por-la-conciencia-sobre-el-uso-de-la-sal\/","url":"https:\/\/instituciones.gtm.sld.cu\/dmsims\/2020\/03\/09\/inicia-hoy-la-semana-mundial-por-la-conciencia-sobre-el-uso-de-la-sal\/","name":"Inicia hoy la Semana Mundial por la Conciencia sobre el Uso de la Sal - Policl\u00ednico &quot;Ciro Fr\u00edas Cabrera&quot;","isPartOf":{"@id":"https:\/\/instituciones.gtm.sld.cu\/dmsims\/#website"},"datePublished":"2020-03-09T19:43:21+00:00","dateModified":"2020-03-09T19:43:43+00:00","author":{"@id":""},"breadcrumb":{"@id":"https:\/\/instituciones.gtm.sld.cu\/dmsims\/2020\/03\/09\/inicia-hoy-la-semana-mundial-por-la-conciencia-sobre-el-uso-de-la-sal\/#breadcrumb"},"inLanguage":"es","potentialAction":[{"@type":"ReadAction","target":["https:\/\/instituciones.gtm.sld.cu\/dmsims\/2020\/03\/09\/inicia-hoy-la-semana-mundial-por-la-conciencia-sobre-el-uso-de-la-sal\/"]}]},{"@type":"BreadcrumbList","@id":"https:\/\/instituciones.gtm.sld.cu\/dmsims\/2020\/03\/09\/inicia-hoy-la-semana-mundial-por-la-conciencia-sobre-el-uso-de-la-sal\/#breadcrumb","itemListElement":[{"@type":"ListItem","position":1,"name":"Portada","item":"https:\/\/instituciones.gtm.sld.cu\/dmsims\/"},{"@type":"ListItem","position":2,"name":"Inicia hoy la Semana Mundial por la Conciencia sobre el Uso de la Sal"}]},{"@type":"WebSite","@id":"https:\/\/instituciones.gtm.sld.cu\/dmsims\/#website","url":"https:\/\/instituciones.gtm.sld.cu\/dmsims\/","name":"Policl\u00ednico &quot;Ciro Fr\u00edas Cabrera&quot;","description":"Policl\u00ednico &quot;Ciro Fr\u00edas Cabrera&quot;","potentialAction":[{"@type":"SearchAction","target":{"@type":"EntryPoint","urlTemplate":"https:\/\/instituciones.gtm.sld.cu\/dmsims\/?s={search_term_string}"},"query-input":"required name=search_term_string"}],"inLanguage":"es"},{"@type":"Person","@id":"","url":"https:\/\/instituciones.gtm.sld.cu\/dmsims\/author\/"}]}},"_links":{"self":[{"href":"https:\/\/instituciones.gtm.sld.cu\/dmsims\/wp-json\/wp\/v2\/posts\/1012"}],"collection":[{"href":"https:\/\/instituciones.gtm.sld.cu\/dmsims\/wp-json\/wp\/v2\/posts"}],"about":[{"href":"https:\/\/instituciones.gtm.sld.cu\/dmsims\/wp-json\/wp\/v2\/types\/post"}],"author":[{"embeddable":true,"href":"https:\/\/instituciones.gtm.sld.cu\/dmsims\/wp-json\/wp\/v2\/users\/17"}],"replies":[{"embeddable":true,"href":"https:\/\/instituciones.gtm.sld.cu\/dmsims\/wp-json\/wp\/v2\/comments?post=1012"}],"version-history":[{"count":1,"href":"https:\/\/instituciones.gtm.sld.cu\/dmsims\/wp-json\/wp\/v2\/posts\/1012\/revisions"}],"predecessor-version":[{"id":1015,"href":"https:\/\/instituciones.gtm.sld.cu\/dmsims\/wp-json\/wp\/v2\/posts\/1012\/revisions\/1015"}],"wp:attachment":[{"href":"https:\/\/instituciones.gtm.sld.cu\/dmsims\/wp-json\/wp\/v2\/media?parent=1012"}],"wp:term":[{"taxonomy":"category","embeddable":true,"href":"https:\/\/instituciones.gtm.sld.cu\/dmsims\/wp-json\/wp\/v2\/categories?post=1012"},{"taxonomy":"post_tag","embeddable":true,"href":"https:\/\/instituciones.gtm.sld.cu\/dmsims\/wp-json\/wp\/v2\/tags?post=1012"}],"curies":[{"name":"wp","href":"https:\/\/api.w.org\/{rel}","templated":true}]}}