{"id":108,"date":"2019-03-04T11:19:02","date_gmt":"2019-03-04T16:19:02","guid":{"rendered":"http:\/\/instituciones.gtm.sld.cu\/dmsims\/?p=108"},"modified":"2019-03-04T11:33:14","modified_gmt":"2019-03-04T16:33:14","slug":"reconocimiento-a-profesionales-de-la-sala-de-terapia-intensiva-del-policlinico-ciro-frias-imias","status":"publish","type":"post","link":"https:\/\/instituciones.gtm.sld.cu\/dmsims\/2019\/03\/04\/reconocimiento-a-profesionales-de-la-sala-de-terapia-intensiva-del-policlinico-ciro-frias-imias\/","title":{"rendered":"Reconocimiento a profesionales de la Sala de Terapia Intensiva del Policlinico Ciro Frias Imias."},"content":{"rendered":"<p style=\"text-align: left\"><img decoding=\"async\" loading=\"lazy\" class=\"wp-image-109 alignleft\" src=\"http:\/\/instituciones.gtm.sld.cu\/dmsims\/wp-content\/uploads\/sites\/16\/2019\/03\/Atencion-al-grave-169x300.jpg\" alt=\"\" width=\"95\" height=\"169\" srcset=\"https:\/\/instituciones.gtm.sld.cu\/dmsims\/wp-content\/uploads\/sites\/34\/2019\/03\/Atencion-al-grave-169x300.jpg 169w, https:\/\/instituciones.gtm.sld.cu\/dmsims\/wp-content\/uploads\/sites\/34\/2019\/03\/Atencion-al-grave.jpg 540w\" sizes=\"(max-width: 95px) 100vw, 95px\" \/><\/p>\n<p style=\"text-align: left\">En Balance Provincial de Atenci\u00f3n al Grave se reconoce trabajo realizado por los profesionales que laboran en la Sala de Terapia Intensiva del Policl\u00ednico Ciro Fr\u00edas Cabrera de Im\u00edas.<!--more--> Este equipo de trabajo de forma diaria pone todo su empe\u00f1o en preservarle a los pacientes que hasta all\u00ed llegan, lo m\u00e1s preciado que tiene un ser humano, la vida y en devolverle a sus familiares una merecida felicidad y una bella sonrisa.<\/p>\n","protected":false},"excerpt":{"rendered":"<p>En Balance Provincial de Atenci\u00f3n al Grave se reconoce trabajo realizado por los profesionales que laboran en la Sala de Terapia Intensiva del Policl\u00ednico Ciro Fr\u00edas Cabrera de Im\u00edas.<\/p><p><a class=\"more-link btn\" href=\"https:\/\/instituciones.gtm.sld.cu\/dmsims\/2019\/03\/04\/reconocimiento-a-profesionales-de-la-sala-de-terapia-intensiva-del-policlinico-ciro-frias-imias\/\">Seguir leyendo<\/a><\/p>\n","protected":false},"author":17,"featured_media":0,"comment_status":"closed","ping_status":"open","sticky":false,"template":"","format":"standard","meta":{"ngg_post_thumbnail":0},"categories":[11],"tags":[],"yoast_head":"<!-- This site is optimized with the Yoast SEO plugin v21.8 - https:\/\/yoast.com\/wordpress\/plugins\/seo\/ -->\n<title>Reconocimiento a profesionales de la Sala de Terapia Intensiva del Policlinico Ciro Frias Imias. - Policl\u00ednico &quot;Ciro Fr\u00edas Cabrera&quot;<\/title>\n<meta name=\"robots\" content=\"index, follow, max-snippet:-1, max-image-preview:large, max-video-preview:-1\" \/>\n<link rel=\"canonical\" href=\"https:\/\/instituciones.gtm.sld.cu\/dmsims\/2019\/03\/04\/reconocimiento-a-profesionales-de-la-sala-de-terapia-intensiva-del-policlinico-ciro-frias-imias\/\" \/>\n<meta property=\"og:locale\" content=\"es_ES\" \/>\n<meta property=\"og:type\" content=\"article\" \/>\n<meta property=\"og:title\" content=\"Reconocimiento a profesionales de la Sala de Terapia Intensiva del Policlinico Ciro Frias Imias. - Policl\u00ednico &quot;Ciro Fr\u00edas Cabrera&quot;\" \/>\n<meta property=\"og:description\" content=\"En Balance Provincial de Atenci\u00f3n al Grave se reconoce trabajo realizado por los profesionales que laboran en la Sala de Terapia Intensiva del Policl\u00ednico Ciro Fr\u00edas Cabrera de Im\u00edas.\" \/>\n<meta property=\"og:url\" content=\"https:\/\/instituciones.gtm.sld.cu\/dmsims\/2019\/03\/04\/reconocimiento-a-profesionales-de-la-sala-de-terapia-intensiva-del-policlinico-ciro-frias-imias\/\" \/>\n<meta property=\"og:site_name\" content=\"Policl\u00ednico &quot;Ciro Fr\u00edas Cabrera&quot;\" \/>\n<meta property=\"article:published_time\" content=\"2019-03-04T16:19:02+00:00\" \/>\n<meta property=\"article:modified_time\" content=\"2019-03-04T16:33:14+00:00\" \/>\n<meta property=\"og:image\" content=\"http:\/\/instituciones.gtm.sld.cu\/dmsims\/wp-content\/uploads\/sites\/16\/2019\/03\/Atencion-al-grave-169x300.jpg\" \/>\n<meta name=\"twitter:card\" content=\"summary_large_image\" \/>\n<meta name=\"twitter:label1\" content=\"Escrito por\" \/>\n\t<meta name=\"twitter:data1\" content=\"\" \/>\n<script type=\"application\/ld+json\" class=\"yoast-schema-graph\">{\"@context\":\"https:\/\/schema.org\",\"@graph\":[{\"@type\":\"WebPage\",\"@id\":\"https:\/\/instituciones.gtm.sld.cu\/dmsims\/2019\/03\/04\/reconocimiento-a-profesionales-de-la-sala-de-terapia-intensiva-del-policlinico-ciro-frias-imias\/\",\"url\":\"https:\/\/instituciones.gtm.sld.cu\/dmsims\/2019\/03\/04\/reconocimiento-a-profesionales-de-la-sala-de-terapia-intensiva-del-policlinico-ciro-frias-imias\/\",\"name\":\"Reconocimiento a profesionales de la Sala de Terapia Intensiva del Policlinico Ciro Frias Imias. - Policl\u00ednico &quot;Ciro Fr\u00edas Cabrera&quot;\",\"isPartOf\":{\"@id\":\"https:\/\/instituciones.gtm.sld.cu\/dmsims\/#website\"},\"datePublished\":\"2019-03-04T16:19:02+00:00\",\"dateModified\":\"2019-03-04T16:33:14+00:00\",\"author\":{\"@id\":\"\"},\"breadcrumb\":{\"@id\":\"https:\/\/instituciones.gtm.sld.cu\/dmsims\/2019\/03\/04\/reconocimiento-a-profesionales-de-la-sala-de-terapia-intensiva-del-policlinico-ciro-frias-imias\/#breadcrumb\"},\"inLanguage\":\"es\",\"potentialAction\":[{\"@type\":\"ReadAction\",\"target\":[\"https:\/\/instituciones.gtm.sld.cu\/dmsims\/2019\/03\/04\/reconocimiento-a-profesionales-de-la-sala-de-terapia-intensiva-del-policlinico-ciro-frias-imias\/\"]}]},{\"@type\":\"BreadcrumbList\",\"@id\":\"https:\/\/instituciones.gtm.sld.cu\/dmsims\/2019\/03\/04\/reconocimiento-a-profesionales-de-la-sala-de-terapia-intensiva-del-policlinico-ciro-frias-imias\/#breadcrumb\",\"itemListElement\":[{\"@type\":\"ListItem\",\"position\":1,\"name\":\"Portada\",\"item\":\"https:\/\/instituciones.gtm.sld.cu\/dmsims\/\"},{\"@type\":\"ListItem\",\"position\":2,\"name\":\"Reconocimiento a profesionales de la Sala de Terapia Intensiva del Policlinico Ciro Frias Imias.\"}]},{\"@type\":\"WebSite\",\"@id\":\"https:\/\/instituciones.gtm.sld.cu\/dmsims\/#website\",\"url\":\"https:\/\/instituciones.gtm.sld.cu\/dmsims\/\",\"name\":\"Policl\u00ednico &quot;Ciro Fr\u00edas Cabrera&quot;\",\"description\":\"Policl\u00ednico &quot;Ciro Fr\u00edas Cabrera&quot;\",\"potentialAction\":[{\"@type\":\"SearchAction\",\"target\":{\"@type\":\"EntryPoint\",\"urlTemplate\":\"https:\/\/instituciones.gtm.sld.cu\/dmsims\/?s={search_term_string}\"},\"query-input\":\"required name=search_term_string\"}],\"inLanguage\":\"es\"},{\"@type\":\"Person\",\"@id\":\"\",\"url\":\"https:\/\/instituciones.gtm.sld.cu\/dmsims\/author\/\"}]}<\/script>\n<!-- \/ Yoast SEO plugin. -->","yoast_head_json":{"title":"Reconocimiento a profesionales de la Sala de Terapia Intensiva del Policlinico Ciro Frias Imias. - Policl\u00ednico &quot;Ciro Fr\u00edas Cabrera&quot;","robots":{"index":"index","follow":"follow","max-snippet":"max-snippet:-1","max-image-preview":"max-image-preview:large","max-video-preview":"max-video-preview:-1"},"canonical":"https:\/\/instituciones.gtm.sld.cu\/dmsims\/2019\/03\/04\/reconocimiento-a-profesionales-de-la-sala-de-terapia-intensiva-del-policlinico-ciro-frias-imias\/","og_locale":"es_ES","og_type":"article","og_title":"Reconocimiento a profesionales de la Sala de Terapia Intensiva del Policlinico Ciro Frias Imias. - Policl\u00ednico &quot;Ciro Fr\u00edas Cabrera&quot;","og_description":"En Balance Provincial de Atenci\u00f3n al Grave se reconoce trabajo realizado por los profesionales que laboran en la Sala de Terapia Intensiva del Policl\u00ednico Ciro Fr\u00edas Cabrera de Im\u00edas.","og_url":"https:\/\/instituciones.gtm.sld.cu\/dmsims\/2019\/03\/04\/reconocimiento-a-profesionales-de-la-sala-de-terapia-intensiva-del-policlinico-ciro-frias-imias\/","og_site_name":"Policl\u00ednico &quot;Ciro Fr\u00edas Cabrera&quot;","article_published_time":"2019-03-04T16:19:02+00:00","article_modified_time":"2019-03-04T16:33:14+00:00","og_image":[{"url":"http:\/\/instituciones.gtm.sld.cu\/dmsims\/wp-content\/uploads\/sites\/16\/2019\/03\/Atencion-al-grave-169x300.jpg"}],"twitter_card":"summary_large_image","twitter_misc":{"Escrito por":""},"schema":{"@context":"https:\/\/schema.org","@graph":[{"@type":"WebPage","@id":"https:\/\/instituciones.gtm.sld.cu\/dmsims\/2019\/03\/04\/reconocimiento-a-profesionales-de-la-sala-de-terapia-intensiva-del-policlinico-ciro-frias-imias\/","url":"https:\/\/instituciones.gtm.sld.cu\/dmsims\/2019\/03\/04\/reconocimiento-a-profesionales-de-la-sala-de-terapia-intensiva-del-policlinico-ciro-frias-imias\/","name":"Reconocimiento a profesionales de la Sala de Terapia Intensiva del Policlinico Ciro Frias Imias. - Policl\u00ednico &quot;Ciro Fr\u00edas Cabrera&quot;","isPartOf":{"@id":"https:\/\/instituciones.gtm.sld.cu\/dmsims\/#website"},"datePublished":"2019-03-04T16:19:02+00:00","dateModified":"2019-03-04T16:33:14+00:00","author":{"@id":""},"breadcrumb":{"@id":"https:\/\/instituciones.gtm.sld.cu\/dmsims\/2019\/03\/04\/reconocimiento-a-profesionales-de-la-sala-de-terapia-intensiva-del-policlinico-ciro-frias-imias\/#breadcrumb"},"inLanguage":"es","potentialAction":[{"@type":"ReadAction","target":["https:\/\/instituciones.gtm.sld.cu\/dmsims\/2019\/03\/04\/reconocimiento-a-profesionales-de-la-sala-de-terapia-intensiva-del-policlinico-ciro-frias-imias\/"]}]},{"@type":"BreadcrumbList","@id":"https:\/\/instituciones.gtm.sld.cu\/dmsims\/2019\/03\/04\/reconocimiento-a-profesionales-de-la-sala-de-terapia-intensiva-del-policlinico-ciro-frias-imias\/#breadcrumb","itemListElement":[{"@type":"ListItem","position":1,"name":"Portada","item":"https:\/\/instituciones.gtm.sld.cu\/dmsims\/"},{"@type":"ListItem","position":2,"name":"Reconocimiento a profesionales de la Sala de Terapia Intensiva del Policlinico Ciro Frias Imias."}]},{"@type":"WebSite","@id":"https:\/\/instituciones.gtm.sld.cu\/dmsims\/#website","url":"https:\/\/instituciones.gtm.sld.cu\/dmsims\/","name":"Policl\u00ednico &quot;Ciro Fr\u00edas Cabrera&quot;","description":"Policl\u00ednico &quot;Ciro Fr\u00edas Cabrera&quot;","potentialAction":[{"@type":"SearchAction","target":{"@type":"EntryPoint","urlTemplate":"https:\/\/instituciones.gtm.sld.cu\/dmsims\/?s={search_term_string}"},"query-input":"required name=search_term_string"}],"inLanguage":"es"},{"@type":"Person","@id":"","url":"https:\/\/instituciones.gtm.sld.cu\/dmsims\/author\/"}]}},"_links":{"self":[{"href":"https:\/\/instituciones.gtm.sld.cu\/dmsims\/wp-json\/wp\/v2\/posts\/108"}],"collection":[{"href":"https:\/\/instituciones.gtm.sld.cu\/dmsims\/wp-json\/wp\/v2\/posts"}],"about":[{"href":"https:\/\/instituciones.gtm.sld.cu\/dmsims\/wp-json\/wp\/v2\/types\/post"}],"author":[{"embeddable":true,"href":"https:\/\/instituciones.gtm.sld.cu\/dmsims\/wp-json\/wp\/v2\/users\/17"}],"replies":[{"embeddable":true,"href":"https:\/\/instituciones.gtm.sld.cu\/dmsims\/wp-json\/wp\/v2\/comments?post=108"}],"version-history":[{"count":0,"href":"https:\/\/instituciones.gtm.sld.cu\/dmsims\/wp-json\/wp\/v2\/posts\/108\/revisions"}],"wp:attachment":[{"href":"https:\/\/instituciones.gtm.sld.cu\/dmsims\/wp-json\/wp\/v2\/media?parent=108"}],"wp:term":[{"taxonomy":"category","embeddable":true,"href":"https:\/\/instituciones.gtm.sld.cu\/dmsims\/wp-json\/wp\/v2\/categories?post=108"},{"taxonomy":"post_tag","embeddable":true,"href":"https:\/\/instituciones.gtm.sld.cu\/dmsims\/wp-json\/wp\/v2\/tags?post=108"}],"curies":[{"name":"wp","href":"https:\/\/api.w.org\/{rel}","templated":true}]}}