{"id":1094,"date":"2020-04-10T09:28:12","date_gmt":"2020-04-10T13:28:12","guid":{"rendered":"http:\/\/instituciones.gtm.sld.cu\/dmsims\/?p=1094"},"modified":"2020-04-10T09:28:57","modified_gmt":"2020-04-10T13:28:57","slug":"casa-de-abuelos","status":"publish","type":"post","link":"https:\/\/instituciones.gtm.sld.cu\/dmsims\/2020\/04\/10\/casa-de-abuelos\/","title":{"rendered":"Casa de Abuelos"},"content":{"rendered":"\n<div class=\"wp-block-image\"><figure class=\"alignleft is-resized\"><img decoding=\"async\" loading=\"lazy\" src=\"http:\/\/instituciones.gtm.sld.cu\/dmsims\/wp-content\/uploads\/sites\/16\/2020\/04\/92871935_778085982715636_4161915497002041344_n.jpg\" alt=\"\" class=\"wp-image-1095\" width=\"108\" height=\"144\" srcset=\"https:\/\/instituciones.gtm.sld.cu\/dmsims\/wp-content\/uploads\/sites\/34\/2020\/04\/92871935_778085982715636_4161915497002041344_n.jpg 720w, https:\/\/instituciones.gtm.sld.cu\/dmsims\/wp-content\/uploads\/sites\/34\/2020\/04\/92871935_778085982715636_4161915497002041344_n-225x300.jpg 225w\" sizes=\"(max-width: 108px) 100vw, 108px\" \/><\/figure><\/div>\n\n\n\n<p>El Prevengho Vir; medicamento homeop\u00e1tico ya est\u00e1 en Im\u00edas. Hoy, los abuelitos de la Casa de Abuelos del territorio recibieron la primera dosis. Previo a este momento, la subdirectora de asistencia m\u00e9dica y la responsable del programa de medicina natural y tradicional<\/p>\n\n\n\n<!--more-->\n\n\n\n<p>; explicaron a los mismos todos los detalles para la administraci\u00f3n del medicamento y la nesecidad de continuar de manera disciplinada y responsable con las medidas preventivas para poder vencer a la COVID-19. <a href=\"https:\/\/www.facebook.com\/hashtag\/saludguant\u00e1namo?source=feed_text&amp;epa=HASHTAG\">#SaludGuant\u00e1namo<\/a>. <a href=\"https:\/\/www.facebook.com\/hashtag\/somoscuba?source=feed_text&amp;epa=HASHTAG\">#SomosCuba<\/a>. <a href=\"https:\/\/www.facebook.com\/hashtag\/cubasalva?source=feed_text&amp;epa=HASHTAG\">#CubaSalva<\/a>.<\/p>\n\n\n\n<div class=\"wp-block-image\"><figure class=\"alignleft is-resized\"><img decoding=\"async\" loading=\"lazy\" src=\"http:\/\/instituciones.gtm.sld.cu\/dmsims\/wp-content\/uploads\/sites\/16\/2020\/04\/92345669_778084679382433_292686069713862656_n.jpg\" alt=\"\" class=\"wp-image-1096\" width=\"153\" height=\"204\" srcset=\"https:\/\/instituciones.gtm.sld.cu\/dmsims\/wp-content\/uploads\/sites\/34\/2020\/04\/92345669_778084679382433_292686069713862656_n.jpg 720w, https:\/\/instituciones.gtm.sld.cu\/dmsims\/wp-content\/uploads\/sites\/34\/2020\/04\/92345669_778084679382433_292686069713862656_n-225x300.jpg 225w\" sizes=\"(max-width: 153px) 100vw, 153px\" \/><\/figure><\/div>\n\n\n\n<figure class=\"wp-block-image is-resized\"><img decoding=\"async\" loading=\"lazy\" src=\"http:\/\/instituciones.gtm.sld.cu\/dmsims\/wp-content\/uploads\/sites\/16\/2020\/04\/92163076_778085432715691_748375150562377728_n.jpg\" alt=\"\" class=\"wp-image-1097\" width=\"153\" height=\"204\" srcset=\"https:\/\/instituciones.gtm.sld.cu\/dmsims\/wp-content\/uploads\/sites\/34\/2020\/04\/92163076_778085432715691_748375150562377728_n.jpg 720w, https:\/\/instituciones.gtm.sld.cu\/dmsims\/wp-content\/uploads\/sites\/34\/2020\/04\/92163076_778085432715691_748375150562377728_n-225x300.jpg 225w\" sizes=\"(max-width: 153px) 100vw, 153px\" \/><\/figure>\n\n\n\n<div class=\"wp-block-image\"><figure class=\"alignleft is-resized\"><img decoding=\"async\" loading=\"lazy\" src=\"http:\/\/instituciones.gtm.sld.cu\/dmsims\/wp-content\/uploads\/sites\/16\/2020\/04\/92827362_778085066049061_7021310362523795456_n.jpg\" alt=\"\" class=\"wp-image-1098\" width=\"141\" height=\"188\" srcset=\"https:\/\/instituciones.gtm.sld.cu\/dmsims\/wp-content\/uploads\/sites\/34\/2020\/04\/92827362_778085066049061_7021310362523795456_n.jpg 720w, https:\/\/instituciones.gtm.sld.cu\/dmsims\/wp-content\/uploads\/sites\/34\/2020\/04\/92827362_778085066049061_7021310362523795456_n-225x300.jpg 225w\" sizes=\"(max-width: 141px) 100vw, 141px\" \/><\/figure><\/div>\n\n\n\n<figure class=\"wp-block-image is-resized\"><img decoding=\"async\" loading=\"lazy\" src=\"http:\/\/instituciones.gtm.sld.cu\/dmsims\/wp-content\/uploads\/sites\/16\/2020\/04\/93122178_778084812715753_1409617917338714112_n.jpg\" alt=\"\" class=\"wp-image-1099\" width=\"140\" height=\"187\" srcset=\"https:\/\/instituciones.gtm.sld.cu\/dmsims\/wp-content\/uploads\/sites\/34\/2020\/04\/93122178_778084812715753_1409617917338714112_n.jpg 720w, https:\/\/instituciones.gtm.sld.cu\/dmsims\/wp-content\/uploads\/sites\/34\/2020\/04\/93122178_778084812715753_1409617917338714112_n-225x300.jpg 225w\" sizes=\"(max-width: 140px) 100vw, 140px\" \/><\/figure>\n","protected":false},"excerpt":{"rendered":"<p>El Prevengho Vir; medicamento homeop\u00e1tico ya est\u00e1 en Im\u00edas. Hoy, los abuelitos de la Casa de Abuelos del territorio recibieron la primera dosis. Previo a este momento, la subdirectora de asistencia m\u00e9dica y la responsable del programa de medicina natural y tradicional<\/p><p><a class=\"more-link btn\" href=\"https:\/\/instituciones.gtm.sld.cu\/dmsims\/2020\/04\/10\/casa-de-abuelos\/\">Seguir leyendo<\/a><\/p>\n","protected":false},"author":17,"featured_media":0,"comment_status":"open","ping_status":"open","sticky":false,"template":"","format":"standard","meta":{"ngg_post_thumbnail":0},"categories":[11],"tags":[],"yoast_head":"<!-- This site is optimized with the Yoast SEO plugin v21.8 - https:\/\/yoast.com\/wordpress\/plugins\/seo\/ -->\n<title>Casa de Abuelos - Policl\u00ednico &quot;Ciro Fr\u00edas Cabrera&quot;<\/title>\n<meta name=\"robots\" content=\"index, follow, max-snippet:-1, max-image-preview:large, max-video-preview:-1\" \/>\n<link rel=\"canonical\" href=\"https:\/\/instituciones.gtm.sld.cu\/dmsims\/2020\/04\/10\/casa-de-abuelos\/\" \/>\n<meta property=\"og:locale\" content=\"es_ES\" \/>\n<meta property=\"og:type\" content=\"article\" \/>\n<meta property=\"og:title\" content=\"Casa de Abuelos - Policl\u00ednico &quot;Ciro Fr\u00edas Cabrera&quot;\" \/>\n<meta property=\"og:description\" content=\"El Prevengho Vir; medicamento homeop\u00e1tico ya est\u00e1 en Im\u00edas. Hoy, los abuelitos de la Casa de Abuelos del territorio recibieron la primera dosis. Previo a este momento, la subdirectora de asistencia m\u00e9dica y la responsable del programa de medicina natural y tradicional\" \/>\n<meta property=\"og:url\" content=\"https:\/\/instituciones.gtm.sld.cu\/dmsims\/2020\/04\/10\/casa-de-abuelos\/\" \/>\n<meta property=\"og:site_name\" content=\"Policl\u00ednico &quot;Ciro Fr\u00edas Cabrera&quot;\" \/>\n<meta property=\"article:published_time\" content=\"2020-04-10T13:28:12+00:00\" \/>\n<meta property=\"article:modified_time\" content=\"2020-04-10T13:28:57+00:00\" \/>\n<meta property=\"og:image\" content=\"http:\/\/instituciones.gtm.sld.cu\/dmsims\/wp-content\/uploads\/sites\/16\/2020\/04\/92871935_778085982715636_4161915497002041344_n.jpg\" \/>\n<meta name=\"twitter:card\" content=\"summary_large_image\" \/>\n<meta name=\"twitter:label1\" content=\"Escrito por\" \/>\n\t<meta name=\"twitter:data1\" content=\"\" \/>\n<script type=\"application\/ld+json\" class=\"yoast-schema-graph\">{\"@context\":\"https:\/\/schema.org\",\"@graph\":[{\"@type\":\"WebPage\",\"@id\":\"https:\/\/instituciones.gtm.sld.cu\/dmsims\/2020\/04\/10\/casa-de-abuelos\/\",\"url\":\"https:\/\/instituciones.gtm.sld.cu\/dmsims\/2020\/04\/10\/casa-de-abuelos\/\",\"name\":\"Casa de Abuelos - Policl\u00ednico &quot;Ciro Fr\u00edas Cabrera&quot;\",\"isPartOf\":{\"@id\":\"https:\/\/instituciones.gtm.sld.cu\/dmsims\/#website\"},\"datePublished\":\"2020-04-10T13:28:12+00:00\",\"dateModified\":\"2020-04-10T13:28:57+00:00\",\"author\":{\"@id\":\"\"},\"breadcrumb\":{\"@id\":\"https:\/\/instituciones.gtm.sld.cu\/dmsims\/2020\/04\/10\/casa-de-abuelos\/#breadcrumb\"},\"inLanguage\":\"es\",\"potentialAction\":[{\"@type\":\"ReadAction\",\"target\":[\"https:\/\/instituciones.gtm.sld.cu\/dmsims\/2020\/04\/10\/casa-de-abuelos\/\"]}]},{\"@type\":\"BreadcrumbList\",\"@id\":\"https:\/\/instituciones.gtm.sld.cu\/dmsims\/2020\/04\/10\/casa-de-abuelos\/#breadcrumb\",\"itemListElement\":[{\"@type\":\"ListItem\",\"position\":1,\"name\":\"Portada\",\"item\":\"https:\/\/instituciones.gtm.sld.cu\/dmsims\/\"},{\"@type\":\"ListItem\",\"position\":2,\"name\":\"Casa de Abuelos\"}]},{\"@type\":\"WebSite\",\"@id\":\"https:\/\/instituciones.gtm.sld.cu\/dmsims\/#website\",\"url\":\"https:\/\/instituciones.gtm.sld.cu\/dmsims\/\",\"name\":\"Policl\u00ednico &quot;Ciro Fr\u00edas Cabrera&quot;\",\"description\":\"Policl\u00ednico &quot;Ciro Fr\u00edas Cabrera&quot;\",\"potentialAction\":[{\"@type\":\"SearchAction\",\"target\":{\"@type\":\"EntryPoint\",\"urlTemplate\":\"https:\/\/instituciones.gtm.sld.cu\/dmsims\/?s={search_term_string}\"},\"query-input\":\"required name=search_term_string\"}],\"inLanguage\":\"es\"},{\"@type\":\"Person\",\"@id\":\"\",\"url\":\"https:\/\/instituciones.gtm.sld.cu\/dmsims\/author\/\"}]}<\/script>\n<!-- \/ Yoast SEO plugin. -->","yoast_head_json":{"title":"Casa de Abuelos - Policl\u00ednico &quot;Ciro Fr\u00edas Cabrera&quot;","robots":{"index":"index","follow":"follow","max-snippet":"max-snippet:-1","max-image-preview":"max-image-preview:large","max-video-preview":"max-video-preview:-1"},"canonical":"https:\/\/instituciones.gtm.sld.cu\/dmsims\/2020\/04\/10\/casa-de-abuelos\/","og_locale":"es_ES","og_type":"article","og_title":"Casa de Abuelos - Policl\u00ednico &quot;Ciro Fr\u00edas Cabrera&quot;","og_description":"El Prevengho Vir; medicamento homeop\u00e1tico ya est\u00e1 en Im\u00edas. Hoy, los abuelitos de la Casa de Abuelos del territorio recibieron la primera dosis. Previo a este momento, la subdirectora de asistencia m\u00e9dica y la responsable del programa de medicina natural y tradicional","og_url":"https:\/\/instituciones.gtm.sld.cu\/dmsims\/2020\/04\/10\/casa-de-abuelos\/","og_site_name":"Policl\u00ednico &quot;Ciro Fr\u00edas Cabrera&quot;","article_published_time":"2020-04-10T13:28:12+00:00","article_modified_time":"2020-04-10T13:28:57+00:00","og_image":[{"url":"http:\/\/instituciones.gtm.sld.cu\/dmsims\/wp-content\/uploads\/sites\/16\/2020\/04\/92871935_778085982715636_4161915497002041344_n.jpg"}],"twitter_card":"summary_large_image","twitter_misc":{"Escrito por":""},"schema":{"@context":"https:\/\/schema.org","@graph":[{"@type":"WebPage","@id":"https:\/\/instituciones.gtm.sld.cu\/dmsims\/2020\/04\/10\/casa-de-abuelos\/","url":"https:\/\/instituciones.gtm.sld.cu\/dmsims\/2020\/04\/10\/casa-de-abuelos\/","name":"Casa de Abuelos - Policl\u00ednico &quot;Ciro Fr\u00edas Cabrera&quot;","isPartOf":{"@id":"https:\/\/instituciones.gtm.sld.cu\/dmsims\/#website"},"datePublished":"2020-04-10T13:28:12+00:00","dateModified":"2020-04-10T13:28:57+00:00","author":{"@id":""},"breadcrumb":{"@id":"https:\/\/instituciones.gtm.sld.cu\/dmsims\/2020\/04\/10\/casa-de-abuelos\/#breadcrumb"},"inLanguage":"es","potentialAction":[{"@type":"ReadAction","target":["https:\/\/instituciones.gtm.sld.cu\/dmsims\/2020\/04\/10\/casa-de-abuelos\/"]}]},{"@type":"BreadcrumbList","@id":"https:\/\/instituciones.gtm.sld.cu\/dmsims\/2020\/04\/10\/casa-de-abuelos\/#breadcrumb","itemListElement":[{"@type":"ListItem","position":1,"name":"Portada","item":"https:\/\/instituciones.gtm.sld.cu\/dmsims\/"},{"@type":"ListItem","position":2,"name":"Casa de Abuelos"}]},{"@type":"WebSite","@id":"https:\/\/instituciones.gtm.sld.cu\/dmsims\/#website","url":"https:\/\/instituciones.gtm.sld.cu\/dmsims\/","name":"Policl\u00ednico &quot;Ciro Fr\u00edas Cabrera&quot;","description":"Policl\u00ednico &quot;Ciro Fr\u00edas Cabrera&quot;","potentialAction":[{"@type":"SearchAction","target":{"@type":"EntryPoint","urlTemplate":"https:\/\/instituciones.gtm.sld.cu\/dmsims\/?s={search_term_string}"},"query-input":"required name=search_term_string"}],"inLanguage":"es"},{"@type":"Person","@id":"","url":"https:\/\/instituciones.gtm.sld.cu\/dmsims\/author\/"}]}},"_links":{"self":[{"href":"https:\/\/instituciones.gtm.sld.cu\/dmsims\/wp-json\/wp\/v2\/posts\/1094"}],"collection":[{"href":"https:\/\/instituciones.gtm.sld.cu\/dmsims\/wp-json\/wp\/v2\/posts"}],"about":[{"href":"https:\/\/instituciones.gtm.sld.cu\/dmsims\/wp-json\/wp\/v2\/types\/post"}],"author":[{"embeddable":true,"href":"https:\/\/instituciones.gtm.sld.cu\/dmsims\/wp-json\/wp\/v2\/users\/17"}],"replies":[{"embeddable":true,"href":"https:\/\/instituciones.gtm.sld.cu\/dmsims\/wp-json\/wp\/v2\/comments?post=1094"}],"version-history":[{"count":1,"href":"https:\/\/instituciones.gtm.sld.cu\/dmsims\/wp-json\/wp\/v2\/posts\/1094\/revisions"}],"predecessor-version":[{"id":1100,"href":"https:\/\/instituciones.gtm.sld.cu\/dmsims\/wp-json\/wp\/v2\/posts\/1094\/revisions\/1100"}],"wp:attachment":[{"href":"https:\/\/instituciones.gtm.sld.cu\/dmsims\/wp-json\/wp\/v2\/media?parent=1094"}],"wp:term":[{"taxonomy":"category","embeddable":true,"href":"https:\/\/instituciones.gtm.sld.cu\/dmsims\/wp-json\/wp\/v2\/categories?post=1094"},{"taxonomy":"post_tag","embeddable":true,"href":"https:\/\/instituciones.gtm.sld.cu\/dmsims\/wp-json\/wp\/v2\/tags?post=1094"}],"curies":[{"name":"wp","href":"https:\/\/api.w.org\/{rel}","templated":true}]}}