{"id":1132,"date":"2022-01-26T10:59:20","date_gmt":"2022-01-26T15:59:20","guid":{"rendered":"http:\/\/instituciones.gtm.sld.cu\/dmsims\/?p=1132"},"modified":"2022-01-26T11:02:26","modified_gmt":"2022-01-26T16:02:26","slug":"diputados-franceses-instan-a-su-gobierno-a-autorizar-vacunas-cubanas-contra-la-covid-19","status":"publish","type":"post","link":"https:\/\/instituciones.gtm.sld.cu\/dmsims\/2022\/01\/26\/diputados-franceses-instan-a-su-gobierno-a-autorizar-vacunas-cubanas-contra-la-covid-19\/","title":{"rendered":"Diputados franceses instan a su gobierno a autorizar vacunas cubanas contra la covid-19"},"content":{"rendered":"<p>Un grupo de 26 diputados franceses inst\u00f3 este mi\u00e9rcoles al gobierno de su pa\u00eds a autorizar el uso de vacunas cubanas contra la covid-19, sobre todo en los territorios de ultramar que lo soliciten. En una carta enviada al primer ministro Jean Castex, pidieron que se eval\u00fae cuanto antes esa posibilidad, as\u00ed como definir las modalidades de decisi\u00f3n en ese sentido.<\/p>\n","protected":false},"excerpt":{"rendered":"<p>Un grupo de 26 diputados franceses inst\u00f3 este mi\u00e9rcoles al gobierno de su pa\u00eds a autorizar el uso de vacunas cubanas contra la covid-19, sobre todo en los territorios de ultramar que lo soliciten. En una carta enviada al primer ministro Jean Castex, pidieron que se eval\u00fae cuanto antes esa posibilidad, as\u00ed como definir las &hellip; <\/p>\n<p><a class=\"more-link btn\" href=\"https:\/\/instituciones.gtm.sld.cu\/dmsims\/2022\/01\/26\/diputados-franceses-instan-a-su-gobierno-a-autorizar-vacunas-cubanas-contra-la-covid-19\/\">Seguir leyendo<\/a><\/p>\n","protected":false},"author":17,"featured_media":1133,"comment_status":"closed","ping_status":"open","sticky":false,"template":"","format":"standard","meta":{"ngg_post_thumbnail":0},"categories":[1],"tags":[],"yoast_head":"<!-- This site is optimized with the Yoast SEO plugin v21.8 - https:\/\/yoast.com\/wordpress\/plugins\/seo\/ -->\n<title>Diputados franceses instan a su gobierno a autorizar vacunas cubanas contra la covid-19 - Policl\u00ednico &quot;Ciro Fr\u00edas Cabrera&quot;<\/title>\n<meta name=\"robots\" content=\"index, follow, max-snippet:-1, max-image-preview:large, max-video-preview:-1\" \/>\n<link rel=\"canonical\" href=\"https:\/\/instituciones.gtm.sld.cu\/dmsims\/2022\/01\/26\/diputados-franceses-instan-a-su-gobierno-a-autorizar-vacunas-cubanas-contra-la-covid-19\/\" \/>\n<meta property=\"og:locale\" content=\"es_ES\" \/>\n<meta property=\"og:type\" content=\"article\" \/>\n<meta property=\"og:title\" content=\"Diputados franceses instan a su gobierno a autorizar vacunas cubanas contra la covid-19 - Policl\u00ednico &quot;Ciro Fr\u00edas Cabrera&quot;\" \/>\n<meta property=\"og:description\" content=\"Un grupo de 26 diputados franceses inst\u00f3 este mi\u00e9rcoles al gobierno de su pa\u00eds a autorizar el uso de vacunas cubanas contra la covid-19, sobre todo en los territorios de ultramar que lo soliciten. En una carta enviada al primer ministro Jean Castex, pidieron que se eval\u00fae cuanto antes esa posibilidad, as\u00ed como definir las &hellip; Seguir leyendo\" \/>\n<meta property=\"og:url\" content=\"https:\/\/instituciones.gtm.sld.cu\/dmsims\/2022\/01\/26\/diputados-franceses-instan-a-su-gobierno-a-autorizar-vacunas-cubanas-contra-la-covid-19\/\" \/>\n<meta property=\"og:site_name\" content=\"Policl\u00ednico &quot;Ciro Fr\u00edas Cabrera&quot;\" \/>\n<meta property=\"article:published_time\" content=\"2022-01-26T15:59:20+00:00\" \/>\n<meta property=\"article:modified_time\" content=\"2022-01-26T16:02:26+00:00\" \/>\n<meta property=\"og:image\" content=\"https:\/\/instituciones.gtm.sld.cu\/dmsims\/wp-content\/uploads\/sites\/34\/2022\/01\/vacunacion-1-150x125.jpg\" \/>\n\t<meta property=\"og:image:width\" content=\"150\" \/>\n\t<meta property=\"og:image:height\" content=\"125\" \/>\n\t<meta property=\"og:image:type\" content=\"image\/jpeg\" \/>\n<meta name=\"twitter:card\" content=\"summary_large_image\" \/>\n<meta name=\"twitter:label1\" content=\"Escrito por\" \/>\n\t<meta name=\"twitter:data1\" content=\"\" \/>\n<script type=\"application\/ld+json\" class=\"yoast-schema-graph\">{\"@context\":\"https:\/\/schema.org\",\"@graph\":[{\"@type\":\"WebPage\",\"@id\":\"https:\/\/instituciones.gtm.sld.cu\/dmsims\/2022\/01\/26\/diputados-franceses-instan-a-su-gobierno-a-autorizar-vacunas-cubanas-contra-la-covid-19\/\",\"url\":\"https:\/\/instituciones.gtm.sld.cu\/dmsims\/2022\/01\/26\/diputados-franceses-instan-a-su-gobierno-a-autorizar-vacunas-cubanas-contra-la-covid-19\/\",\"name\":\"Diputados franceses instan a su gobierno a autorizar vacunas cubanas contra la covid-19 - Policl\u00ednico &quot;Ciro Fr\u00edas Cabrera&quot;\",\"isPartOf\":{\"@id\":\"https:\/\/instituciones.gtm.sld.cu\/dmsims\/#website\"},\"datePublished\":\"2022-01-26T15:59:20+00:00\",\"dateModified\":\"2022-01-26T16:02:26+00:00\",\"author\":{\"@id\":\"\"},\"breadcrumb\":{\"@id\":\"https:\/\/instituciones.gtm.sld.cu\/dmsims\/2022\/01\/26\/diputados-franceses-instan-a-su-gobierno-a-autorizar-vacunas-cubanas-contra-la-covid-19\/#breadcrumb\"},\"inLanguage\":\"es\",\"potentialAction\":[{\"@type\":\"ReadAction\",\"target\":[\"https:\/\/instituciones.gtm.sld.cu\/dmsims\/2022\/01\/26\/diputados-franceses-instan-a-su-gobierno-a-autorizar-vacunas-cubanas-contra-la-covid-19\/\"]}]},{\"@type\":\"BreadcrumbList\",\"@id\":\"https:\/\/instituciones.gtm.sld.cu\/dmsims\/2022\/01\/26\/diputados-franceses-instan-a-su-gobierno-a-autorizar-vacunas-cubanas-contra-la-covid-19\/#breadcrumb\",\"itemListElement\":[{\"@type\":\"ListItem\",\"position\":1,\"name\":\"Portada\",\"item\":\"https:\/\/instituciones.gtm.sld.cu\/dmsims\/\"},{\"@type\":\"ListItem\",\"position\":2,\"name\":\"Diputados franceses instan a su gobierno a autorizar vacunas cubanas contra la covid-19\"}]},{\"@type\":\"WebSite\",\"@id\":\"https:\/\/instituciones.gtm.sld.cu\/dmsims\/#website\",\"url\":\"https:\/\/instituciones.gtm.sld.cu\/dmsims\/\",\"name\":\"Policl\u00ednico &quot;Ciro Fr\u00edas Cabrera&quot;\",\"description\":\"Policl\u00ednico &quot;Ciro Fr\u00edas Cabrera&quot;\",\"potentialAction\":[{\"@type\":\"SearchAction\",\"target\":{\"@type\":\"EntryPoint\",\"urlTemplate\":\"https:\/\/instituciones.gtm.sld.cu\/dmsims\/?s={search_term_string}\"},\"query-input\":\"required name=search_term_string\"}],\"inLanguage\":\"es\"},{\"@type\":\"Person\",\"@id\":\"\",\"url\":\"https:\/\/instituciones.gtm.sld.cu\/dmsims\/author\/\"}]}<\/script>\n<!-- \/ Yoast SEO plugin. -->","yoast_head_json":{"title":"Diputados franceses instan a su gobierno a autorizar vacunas cubanas contra la covid-19 - Policl\u00ednico &quot;Ciro Fr\u00edas Cabrera&quot;","robots":{"index":"index","follow":"follow","max-snippet":"max-snippet:-1","max-image-preview":"max-image-preview:large","max-video-preview":"max-video-preview:-1"},"canonical":"https:\/\/instituciones.gtm.sld.cu\/dmsims\/2022\/01\/26\/diputados-franceses-instan-a-su-gobierno-a-autorizar-vacunas-cubanas-contra-la-covid-19\/","og_locale":"es_ES","og_type":"article","og_title":"Diputados franceses instan a su gobierno a autorizar vacunas cubanas contra la covid-19 - Policl\u00ednico &quot;Ciro Fr\u00edas Cabrera&quot;","og_description":"Un grupo de 26 diputados franceses inst\u00f3 este mi\u00e9rcoles al gobierno de su pa\u00eds a autorizar el uso de vacunas cubanas contra la covid-19, sobre todo en los territorios de ultramar que lo soliciten. En una carta enviada al primer ministro Jean Castex, pidieron que se eval\u00fae cuanto antes esa posibilidad, as\u00ed como definir las &hellip; Seguir leyendo","og_url":"https:\/\/instituciones.gtm.sld.cu\/dmsims\/2022\/01\/26\/diputados-franceses-instan-a-su-gobierno-a-autorizar-vacunas-cubanas-contra-la-covid-19\/","og_site_name":"Policl\u00ednico &quot;Ciro Fr\u00edas Cabrera&quot;","article_published_time":"2022-01-26T15:59:20+00:00","article_modified_time":"2022-01-26T16:02:26+00:00","og_image":[{"width":150,"height":125,"url":"https:\/\/instituciones.gtm.sld.cu\/dmsims\/wp-content\/uploads\/sites\/34\/2022\/01\/vacunacion-1-150x125.jpg","type":"image\/jpeg"}],"twitter_card":"summary_large_image","twitter_misc":{"Escrito por":""},"schema":{"@context":"https:\/\/schema.org","@graph":[{"@type":"WebPage","@id":"https:\/\/instituciones.gtm.sld.cu\/dmsims\/2022\/01\/26\/diputados-franceses-instan-a-su-gobierno-a-autorizar-vacunas-cubanas-contra-la-covid-19\/","url":"https:\/\/instituciones.gtm.sld.cu\/dmsims\/2022\/01\/26\/diputados-franceses-instan-a-su-gobierno-a-autorizar-vacunas-cubanas-contra-la-covid-19\/","name":"Diputados franceses instan a su gobierno a autorizar vacunas cubanas contra la covid-19 - Policl\u00ednico &quot;Ciro Fr\u00edas Cabrera&quot;","isPartOf":{"@id":"https:\/\/instituciones.gtm.sld.cu\/dmsims\/#website"},"datePublished":"2022-01-26T15:59:20+00:00","dateModified":"2022-01-26T16:02:26+00:00","author":{"@id":""},"breadcrumb":{"@id":"https:\/\/instituciones.gtm.sld.cu\/dmsims\/2022\/01\/26\/diputados-franceses-instan-a-su-gobierno-a-autorizar-vacunas-cubanas-contra-la-covid-19\/#breadcrumb"},"inLanguage":"es","potentialAction":[{"@type":"ReadAction","target":["https:\/\/instituciones.gtm.sld.cu\/dmsims\/2022\/01\/26\/diputados-franceses-instan-a-su-gobierno-a-autorizar-vacunas-cubanas-contra-la-covid-19\/"]}]},{"@type":"BreadcrumbList","@id":"https:\/\/instituciones.gtm.sld.cu\/dmsims\/2022\/01\/26\/diputados-franceses-instan-a-su-gobierno-a-autorizar-vacunas-cubanas-contra-la-covid-19\/#breadcrumb","itemListElement":[{"@type":"ListItem","position":1,"name":"Portada","item":"https:\/\/instituciones.gtm.sld.cu\/dmsims\/"},{"@type":"ListItem","position":2,"name":"Diputados franceses instan a su gobierno a autorizar vacunas cubanas contra la covid-19"}]},{"@type":"WebSite","@id":"https:\/\/instituciones.gtm.sld.cu\/dmsims\/#website","url":"https:\/\/instituciones.gtm.sld.cu\/dmsims\/","name":"Policl\u00ednico &quot;Ciro Fr\u00edas Cabrera&quot;","description":"Policl\u00ednico &quot;Ciro Fr\u00edas Cabrera&quot;","potentialAction":[{"@type":"SearchAction","target":{"@type":"EntryPoint","urlTemplate":"https:\/\/instituciones.gtm.sld.cu\/dmsims\/?s={search_term_string}"},"query-input":"required name=search_term_string"}],"inLanguage":"es"},{"@type":"Person","@id":"","url":"https:\/\/instituciones.gtm.sld.cu\/dmsims\/author\/"}]}},"_links":{"self":[{"href":"https:\/\/instituciones.gtm.sld.cu\/dmsims\/wp-json\/wp\/v2\/posts\/1132"}],"collection":[{"href":"https:\/\/instituciones.gtm.sld.cu\/dmsims\/wp-json\/wp\/v2\/posts"}],"about":[{"href":"https:\/\/instituciones.gtm.sld.cu\/dmsims\/wp-json\/wp\/v2\/types\/post"}],"author":[{"embeddable":true,"href":"https:\/\/instituciones.gtm.sld.cu\/dmsims\/wp-json\/wp\/v2\/users\/17"}],"replies":[{"embeddable":true,"href":"https:\/\/instituciones.gtm.sld.cu\/dmsims\/wp-json\/wp\/v2\/comments?post=1132"}],"version-history":[{"count":1,"href":"https:\/\/instituciones.gtm.sld.cu\/dmsims\/wp-json\/wp\/v2\/posts\/1132\/revisions"}],"predecessor-version":[{"id":1134,"href":"https:\/\/instituciones.gtm.sld.cu\/dmsims\/wp-json\/wp\/v2\/posts\/1132\/revisions\/1134"}],"wp:featuredmedia":[{"embeddable":true,"href":"https:\/\/instituciones.gtm.sld.cu\/dmsims\/wp-json\/wp\/v2\/media\/1133"}],"wp:attachment":[{"href":"https:\/\/instituciones.gtm.sld.cu\/dmsims\/wp-json\/wp\/v2\/media?parent=1132"}],"wp:term":[{"taxonomy":"category","embeddable":true,"href":"https:\/\/instituciones.gtm.sld.cu\/dmsims\/wp-json\/wp\/v2\/categories?post=1132"},{"taxonomy":"post_tag","embeddable":true,"href":"https:\/\/instituciones.gtm.sld.cu\/dmsims\/wp-json\/wp\/v2\/tags?post=1132"}],"curies":[{"name":"wp","href":"https:\/\/api.w.org\/{rel}","templated":true}]}}