{"id":1135,"date":"2022-01-27T09:23:10","date_gmt":"2022-01-27T14:23:10","guid":{"rendered":"http:\/\/instituciones.gtm.sld.cu\/dmsims\/?p=1135"},"modified":"2022-01-27T09:25:16","modified_gmt":"2022-01-27T14:25:16","slug":"estudian-uso-de-la-vacuna-abdala-en-menores-de-dos-anos","status":"publish","type":"post","link":"https:\/\/instituciones.gtm.sld.cu\/dmsims\/2022\/01\/27\/estudian-uso-de-la-vacuna-abdala-en-menores-de-dos-anos\/","title":{"rendered":"Estudian uso de la vacuna Abdala en menores de dos a\u00f1os"},"content":{"rendered":"<p>El Centro de Ingenier\u00eda Gen\u00e9tica y Biotecnolog\u00eda (CIGB) inform\u00f3 en Twitter que Cuba trabaja en un estudio cl\u00ednico con la vacuna anti-COVID-19 Abdala en menores de dos a\u00f1os de edad, ante la amenaza que el virus del SARS-COV-2 supone para este grupo poblacional.<\/p>\n<p>Hasta el momento, dos a\u00f1os es la edad m\u00ednima para recibir alguna de las vacunas cubanas concebidas contra el coronavirus, y si el estudio en curso valida la eficacia del inmun\u00f3geno en edades inferiores, ser\u00eda un resultado sin precedentes en el enfrentamiento a la COVID-19 a nivel mundial.<\/p>\n","protected":false},"excerpt":{"rendered":"<p>El Centro de Ingenier\u00eda Gen\u00e9tica y Biotecnolog\u00eda (CIGB) inform\u00f3 en Twitter que Cuba trabaja en un estudio cl\u00ednico con la vacuna anti-COVID-19 Abdala en menores de dos a\u00f1os de edad, ante la amenaza que el virus del SARS-COV-2 supone para este grupo poblacional. Hasta el momento, dos a\u00f1os es la edad m\u00ednima para recibir alguna &hellip; <\/p>\n<p><a class=\"more-link btn\" href=\"https:\/\/instituciones.gtm.sld.cu\/dmsims\/2022\/01\/27\/estudian-uso-de-la-vacuna-abdala-en-menores-de-dos-anos\/\">Seguir leyendo<\/a><\/p>\n","protected":false},"author":17,"featured_media":0,"comment_status":"closed","ping_status":"open","sticky":false,"template":"","format":"standard","meta":{"ngg_post_thumbnail":0},"categories":[11],"tags":[],"yoast_head":"<!-- This site is optimized with the Yoast SEO plugin v21.8 - https:\/\/yoast.com\/wordpress\/plugins\/seo\/ -->\n<title>Estudian uso de la vacuna Abdala en menores de dos a\u00f1os - Policl\u00ednico &quot;Ciro Fr\u00edas Cabrera&quot;<\/title>\n<meta name=\"robots\" content=\"index, follow, max-snippet:-1, max-image-preview:large, max-video-preview:-1\" \/>\n<link rel=\"canonical\" href=\"https:\/\/instituciones.gtm.sld.cu\/dmsims\/2022\/01\/27\/estudian-uso-de-la-vacuna-abdala-en-menores-de-dos-anos\/\" \/>\n<meta property=\"og:locale\" content=\"es_ES\" \/>\n<meta property=\"og:type\" content=\"article\" \/>\n<meta property=\"og:title\" content=\"Estudian uso de la vacuna Abdala en menores de dos a\u00f1os - Policl\u00ednico &quot;Ciro Fr\u00edas Cabrera&quot;\" \/>\n<meta property=\"og:description\" content=\"El Centro de Ingenier\u00eda Gen\u00e9tica y Biotecnolog\u00eda (CIGB) inform\u00f3 en Twitter que Cuba trabaja en un estudio cl\u00ednico con la vacuna anti-COVID-19 Abdala en menores de dos a\u00f1os de edad, ante la amenaza que el virus del SARS-COV-2 supone para este grupo poblacional. Hasta el momento, dos a\u00f1os es la edad m\u00ednima para recibir alguna &hellip; Seguir leyendo\" \/>\n<meta property=\"og:url\" content=\"https:\/\/instituciones.gtm.sld.cu\/dmsims\/2022\/01\/27\/estudian-uso-de-la-vacuna-abdala-en-menores-de-dos-anos\/\" \/>\n<meta property=\"og:site_name\" content=\"Policl\u00ednico &quot;Ciro Fr\u00edas Cabrera&quot;\" \/>\n<meta property=\"article:published_time\" content=\"2022-01-27T14:23:10+00:00\" \/>\n<meta property=\"article:modified_time\" content=\"2022-01-27T14:25:16+00:00\" \/>\n<meta name=\"twitter:card\" content=\"summary_large_image\" \/>\n<meta name=\"twitter:label1\" content=\"Escrito por\" \/>\n\t<meta name=\"twitter:data1\" content=\"\" \/>\n\t<meta name=\"twitter:label2\" content=\"Tiempo de lectura\" \/>\n\t<meta name=\"twitter:data2\" content=\"1 minuto\" \/>\n<script type=\"application\/ld+json\" class=\"yoast-schema-graph\">{\"@context\":\"https:\/\/schema.org\",\"@graph\":[{\"@type\":\"WebPage\",\"@id\":\"https:\/\/instituciones.gtm.sld.cu\/dmsims\/2022\/01\/27\/estudian-uso-de-la-vacuna-abdala-en-menores-de-dos-anos\/\",\"url\":\"https:\/\/instituciones.gtm.sld.cu\/dmsims\/2022\/01\/27\/estudian-uso-de-la-vacuna-abdala-en-menores-de-dos-anos\/\",\"name\":\"Estudian uso de la vacuna Abdala en menores de dos a\u00f1os - Policl\u00ednico &quot;Ciro Fr\u00edas Cabrera&quot;\",\"isPartOf\":{\"@id\":\"https:\/\/instituciones.gtm.sld.cu\/dmsims\/#website\"},\"datePublished\":\"2022-01-27T14:23:10+00:00\",\"dateModified\":\"2022-01-27T14:25:16+00:00\",\"author\":{\"@id\":\"\"},\"breadcrumb\":{\"@id\":\"https:\/\/instituciones.gtm.sld.cu\/dmsims\/2022\/01\/27\/estudian-uso-de-la-vacuna-abdala-en-menores-de-dos-anos\/#breadcrumb\"},\"inLanguage\":\"es\",\"potentialAction\":[{\"@type\":\"ReadAction\",\"target\":[\"https:\/\/instituciones.gtm.sld.cu\/dmsims\/2022\/01\/27\/estudian-uso-de-la-vacuna-abdala-en-menores-de-dos-anos\/\"]}]},{\"@type\":\"BreadcrumbList\",\"@id\":\"https:\/\/instituciones.gtm.sld.cu\/dmsims\/2022\/01\/27\/estudian-uso-de-la-vacuna-abdala-en-menores-de-dos-anos\/#breadcrumb\",\"itemListElement\":[{\"@type\":\"ListItem\",\"position\":1,\"name\":\"Portada\",\"item\":\"https:\/\/instituciones.gtm.sld.cu\/dmsims\/\"},{\"@type\":\"ListItem\",\"position\":2,\"name\":\"Estudian uso de la vacuna Abdala en menores de dos a\u00f1os\"}]},{\"@type\":\"WebSite\",\"@id\":\"https:\/\/instituciones.gtm.sld.cu\/dmsims\/#website\",\"url\":\"https:\/\/instituciones.gtm.sld.cu\/dmsims\/\",\"name\":\"Policl\u00ednico &quot;Ciro Fr\u00edas Cabrera&quot;\",\"description\":\"Policl\u00ednico &quot;Ciro Fr\u00edas Cabrera&quot;\",\"potentialAction\":[{\"@type\":\"SearchAction\",\"target\":{\"@type\":\"EntryPoint\",\"urlTemplate\":\"https:\/\/instituciones.gtm.sld.cu\/dmsims\/?s={search_term_string}\"},\"query-input\":\"required name=search_term_string\"}],\"inLanguage\":\"es\"},{\"@type\":\"Person\",\"@id\":\"\",\"url\":\"https:\/\/instituciones.gtm.sld.cu\/dmsims\/author\/\"}]}<\/script>\n<!-- \/ Yoast SEO plugin. -->","yoast_head_json":{"title":"Estudian uso de la vacuna Abdala en menores de dos a\u00f1os - Policl\u00ednico &quot;Ciro Fr\u00edas Cabrera&quot;","robots":{"index":"index","follow":"follow","max-snippet":"max-snippet:-1","max-image-preview":"max-image-preview:large","max-video-preview":"max-video-preview:-1"},"canonical":"https:\/\/instituciones.gtm.sld.cu\/dmsims\/2022\/01\/27\/estudian-uso-de-la-vacuna-abdala-en-menores-de-dos-anos\/","og_locale":"es_ES","og_type":"article","og_title":"Estudian uso de la vacuna Abdala en menores de dos a\u00f1os - Policl\u00ednico &quot;Ciro Fr\u00edas Cabrera&quot;","og_description":"El Centro de Ingenier\u00eda Gen\u00e9tica y Biotecnolog\u00eda (CIGB) inform\u00f3 en Twitter que Cuba trabaja en un estudio cl\u00ednico con la vacuna anti-COVID-19 Abdala en menores de dos a\u00f1os de edad, ante la amenaza que el virus del SARS-COV-2 supone para este grupo poblacional. Hasta el momento, dos a\u00f1os es la edad m\u00ednima para recibir alguna &hellip; Seguir leyendo","og_url":"https:\/\/instituciones.gtm.sld.cu\/dmsims\/2022\/01\/27\/estudian-uso-de-la-vacuna-abdala-en-menores-de-dos-anos\/","og_site_name":"Policl\u00ednico &quot;Ciro Fr\u00edas Cabrera&quot;","article_published_time":"2022-01-27T14:23:10+00:00","article_modified_time":"2022-01-27T14:25:16+00:00","twitter_card":"summary_large_image","twitter_misc":{"Escrito por":"","Tiempo de lectura":"1 minuto"},"schema":{"@context":"https:\/\/schema.org","@graph":[{"@type":"WebPage","@id":"https:\/\/instituciones.gtm.sld.cu\/dmsims\/2022\/01\/27\/estudian-uso-de-la-vacuna-abdala-en-menores-de-dos-anos\/","url":"https:\/\/instituciones.gtm.sld.cu\/dmsims\/2022\/01\/27\/estudian-uso-de-la-vacuna-abdala-en-menores-de-dos-anos\/","name":"Estudian uso de la vacuna Abdala en menores de dos a\u00f1os - Policl\u00ednico &quot;Ciro Fr\u00edas Cabrera&quot;","isPartOf":{"@id":"https:\/\/instituciones.gtm.sld.cu\/dmsims\/#website"},"datePublished":"2022-01-27T14:23:10+00:00","dateModified":"2022-01-27T14:25:16+00:00","author":{"@id":""},"breadcrumb":{"@id":"https:\/\/instituciones.gtm.sld.cu\/dmsims\/2022\/01\/27\/estudian-uso-de-la-vacuna-abdala-en-menores-de-dos-anos\/#breadcrumb"},"inLanguage":"es","potentialAction":[{"@type":"ReadAction","target":["https:\/\/instituciones.gtm.sld.cu\/dmsims\/2022\/01\/27\/estudian-uso-de-la-vacuna-abdala-en-menores-de-dos-anos\/"]}]},{"@type":"BreadcrumbList","@id":"https:\/\/instituciones.gtm.sld.cu\/dmsims\/2022\/01\/27\/estudian-uso-de-la-vacuna-abdala-en-menores-de-dos-anos\/#breadcrumb","itemListElement":[{"@type":"ListItem","position":1,"name":"Portada","item":"https:\/\/instituciones.gtm.sld.cu\/dmsims\/"},{"@type":"ListItem","position":2,"name":"Estudian uso de la vacuna Abdala en menores de dos a\u00f1os"}]},{"@type":"WebSite","@id":"https:\/\/instituciones.gtm.sld.cu\/dmsims\/#website","url":"https:\/\/instituciones.gtm.sld.cu\/dmsims\/","name":"Policl\u00ednico &quot;Ciro Fr\u00edas Cabrera&quot;","description":"Policl\u00ednico &quot;Ciro Fr\u00edas Cabrera&quot;","potentialAction":[{"@type":"SearchAction","target":{"@type":"EntryPoint","urlTemplate":"https:\/\/instituciones.gtm.sld.cu\/dmsims\/?s={search_term_string}"},"query-input":"required name=search_term_string"}],"inLanguage":"es"},{"@type":"Person","@id":"","url":"https:\/\/instituciones.gtm.sld.cu\/dmsims\/author\/"}]}},"_links":{"self":[{"href":"https:\/\/instituciones.gtm.sld.cu\/dmsims\/wp-json\/wp\/v2\/posts\/1135"}],"collection":[{"href":"https:\/\/instituciones.gtm.sld.cu\/dmsims\/wp-json\/wp\/v2\/posts"}],"about":[{"href":"https:\/\/instituciones.gtm.sld.cu\/dmsims\/wp-json\/wp\/v2\/types\/post"}],"author":[{"embeddable":true,"href":"https:\/\/instituciones.gtm.sld.cu\/dmsims\/wp-json\/wp\/v2\/users\/17"}],"replies":[{"embeddable":true,"href":"https:\/\/instituciones.gtm.sld.cu\/dmsims\/wp-json\/wp\/v2\/comments?post=1135"}],"version-history":[{"count":1,"href":"https:\/\/instituciones.gtm.sld.cu\/dmsims\/wp-json\/wp\/v2\/posts\/1135\/revisions"}],"predecessor-version":[{"id":1136,"href":"https:\/\/instituciones.gtm.sld.cu\/dmsims\/wp-json\/wp\/v2\/posts\/1135\/revisions\/1136"}],"wp:attachment":[{"href":"https:\/\/instituciones.gtm.sld.cu\/dmsims\/wp-json\/wp\/v2\/media?parent=1135"}],"wp:term":[{"taxonomy":"category","embeddable":true,"href":"https:\/\/instituciones.gtm.sld.cu\/dmsims\/wp-json\/wp\/v2\/categories?post=1135"},{"taxonomy":"post_tag","embeddable":true,"href":"https:\/\/instituciones.gtm.sld.cu\/dmsims\/wp-json\/wp\/v2\/tags?post=1135"}],"curies":[{"name":"wp","href":"https:\/\/api.w.org\/{rel}","templated":true}]}}