{"id":1144,"date":"2022-01-28T16:28:17","date_gmt":"2022-01-28T21:28:17","guid":{"rendered":"http:\/\/instituciones.gtm.sld.cu\/dmsims\/?p=1144"},"modified":"2022-01-28T16:28:40","modified_gmt":"2022-01-28T21:28:40","slug":"cuba-conmemora-este-28-de-enero-el-aniversario-169-del-natalicio-de-jose-marti","status":"publish","type":"post","link":"https:\/\/instituciones.gtm.sld.cu\/dmsims\/2022\/01\/28\/cuba-conmemora-este-28-de-enero-el-aniversario-169-del-natalicio-de-jose-marti\/","title":{"rendered":"Cuba conmemora este 28 de enero el aniversario 169 del natalicio de Jos\u00e9 Mart\u00ed"},"content":{"rendered":"","protected":false},"excerpt":{"rendered":"<p>Cada idea martiana es un baluarte inexpugnable para la defensa de la patria cubana, una incitaci\u00f3n al pensamiento propio, una inagotable fuente para crecer y un nutriente para el esp\u00edritu rebelde y revolucionario para nuestro pueblo.<\/p>\n","protected":false},"author":17,"featured_media":1145,"comment_status":"closed","ping_status":"open","sticky":false,"template":"","format":"standard","meta":{"ngg_post_thumbnail":0},"categories":[13],"tags":[],"yoast_head":"<!-- This site is optimized with the Yoast SEO plugin v21.8 - https:\/\/yoast.com\/wordpress\/plugins\/seo\/ -->\n<title>Cuba conmemora este 28 de enero el aniversario 169 del natalicio de Jos\u00e9 Mart\u00ed - Policl\u00ednico &quot;Ciro Fr\u00edas Cabrera&quot;<\/title>\n<meta name=\"robots\" content=\"index, follow, max-snippet:-1, max-image-preview:large, max-video-preview:-1\" \/>\n<link rel=\"canonical\" href=\"https:\/\/instituciones.gtm.sld.cu\/dmsims\/2022\/01\/28\/cuba-conmemora-este-28-de-enero-el-aniversario-169-del-natalicio-de-jose-marti\/\" \/>\n<meta property=\"og:locale\" content=\"es_ES\" \/>\n<meta property=\"og:type\" content=\"article\" \/>\n<meta property=\"og:title\" content=\"Cuba conmemora este 28 de enero el aniversario 169 del natalicio de Jos\u00e9 Mart\u00ed - Policl\u00ednico &quot;Ciro Fr\u00edas Cabrera&quot;\" \/>\n<meta property=\"og:description\" content=\"Cada idea martiana es un baluarte inexpugnable para la defensa de la patria cubana, una incitaci\u00f3n al pensamiento propio, una inagotable fuente para crecer y un nutriente para el esp\u00edritu rebelde y revolucionario para nuestro pueblo.\" \/>\n<meta property=\"og:url\" content=\"https:\/\/instituciones.gtm.sld.cu\/dmsims\/2022\/01\/28\/cuba-conmemora-este-28-de-enero-el-aniversario-169-del-natalicio-de-jose-marti\/\" \/>\n<meta property=\"og:site_name\" content=\"Policl\u00ednico &quot;Ciro Fr\u00edas Cabrera&quot;\" \/>\n<meta property=\"article:published_time\" content=\"2022-01-28T21:28:17+00:00\" \/>\n<meta property=\"article:modified_time\" content=\"2022-01-28T21:28:40+00:00\" \/>\n<meta property=\"og:image\" content=\"https:\/\/instituciones.gtm.sld.cu\/dmsims\/wp-content\/uploads\/sites\/34\/2022\/01\/f0145315-580x386-1.jpg\" \/>\n\t<meta property=\"og:image:width\" content=\"73\" \/>\n\t<meta property=\"og:image:height\" content=\"49\" \/>\n\t<meta property=\"og:image:type\" content=\"image\/jpeg\" \/>\n<meta name=\"twitter:card\" content=\"summary_large_image\" \/>\n<meta name=\"twitter:label1\" content=\"Escrito por\" \/>\n\t<meta name=\"twitter:data1\" content=\"\" \/>\n<script type=\"application\/ld+json\" class=\"yoast-schema-graph\">{\"@context\":\"https:\/\/schema.org\",\"@graph\":[{\"@type\":\"WebPage\",\"@id\":\"https:\/\/instituciones.gtm.sld.cu\/dmsims\/2022\/01\/28\/cuba-conmemora-este-28-de-enero-el-aniversario-169-del-natalicio-de-jose-marti\/\",\"url\":\"https:\/\/instituciones.gtm.sld.cu\/dmsims\/2022\/01\/28\/cuba-conmemora-este-28-de-enero-el-aniversario-169-del-natalicio-de-jose-marti\/\",\"name\":\"Cuba conmemora este 28 de enero el aniversario 169 del natalicio de Jos\u00e9 Mart\u00ed - Policl\u00ednico &quot;Ciro Fr\u00edas Cabrera&quot;\",\"isPartOf\":{\"@id\":\"https:\/\/instituciones.gtm.sld.cu\/dmsims\/#website\"},\"datePublished\":\"2022-01-28T21:28:17+00:00\",\"dateModified\":\"2022-01-28T21:28:40+00:00\",\"author\":{\"@id\":\"\"},\"breadcrumb\":{\"@id\":\"https:\/\/instituciones.gtm.sld.cu\/dmsims\/2022\/01\/28\/cuba-conmemora-este-28-de-enero-el-aniversario-169-del-natalicio-de-jose-marti\/#breadcrumb\"},\"inLanguage\":\"es\",\"potentialAction\":[{\"@type\":\"ReadAction\",\"target\":[\"https:\/\/instituciones.gtm.sld.cu\/dmsims\/2022\/01\/28\/cuba-conmemora-este-28-de-enero-el-aniversario-169-del-natalicio-de-jose-marti\/\"]}]},{\"@type\":\"BreadcrumbList\",\"@id\":\"https:\/\/instituciones.gtm.sld.cu\/dmsims\/2022\/01\/28\/cuba-conmemora-este-28-de-enero-el-aniversario-169-del-natalicio-de-jose-marti\/#breadcrumb\",\"itemListElement\":[{\"@type\":\"ListItem\",\"position\":1,\"name\":\"Portada\",\"item\":\"https:\/\/instituciones.gtm.sld.cu\/dmsims\/\"},{\"@type\":\"ListItem\",\"position\":2,\"name\":\"Cuba conmemora este 28 de enero el aniversario 169 del natalicio de Jos\u00e9 Mart\u00ed\"}]},{\"@type\":\"WebSite\",\"@id\":\"https:\/\/instituciones.gtm.sld.cu\/dmsims\/#website\",\"url\":\"https:\/\/instituciones.gtm.sld.cu\/dmsims\/\",\"name\":\"Policl\u00ednico &quot;Ciro Fr\u00edas Cabrera&quot;\",\"description\":\"Policl\u00ednico &quot;Ciro Fr\u00edas Cabrera&quot;\",\"potentialAction\":[{\"@type\":\"SearchAction\",\"target\":{\"@type\":\"EntryPoint\",\"urlTemplate\":\"https:\/\/instituciones.gtm.sld.cu\/dmsims\/?s={search_term_string}\"},\"query-input\":\"required name=search_term_string\"}],\"inLanguage\":\"es\"},{\"@type\":\"Person\",\"@id\":\"\",\"url\":\"https:\/\/instituciones.gtm.sld.cu\/dmsims\/author\/\"}]}<\/script>\n<!-- \/ Yoast SEO plugin. -->","yoast_head_json":{"title":"Cuba conmemora este 28 de enero el aniversario 169 del natalicio de Jos\u00e9 Mart\u00ed - Policl\u00ednico &quot;Ciro Fr\u00edas Cabrera&quot;","robots":{"index":"index","follow":"follow","max-snippet":"max-snippet:-1","max-image-preview":"max-image-preview:large","max-video-preview":"max-video-preview:-1"},"canonical":"https:\/\/instituciones.gtm.sld.cu\/dmsims\/2022\/01\/28\/cuba-conmemora-este-28-de-enero-el-aniversario-169-del-natalicio-de-jose-marti\/","og_locale":"es_ES","og_type":"article","og_title":"Cuba conmemora este 28 de enero el aniversario 169 del natalicio de Jos\u00e9 Mart\u00ed - Policl\u00ednico &quot;Ciro Fr\u00edas Cabrera&quot;","og_description":"Cada idea martiana es un baluarte inexpugnable para la defensa de la patria cubana, una incitaci\u00f3n al pensamiento propio, una inagotable fuente para crecer y un nutriente para el esp\u00edritu rebelde y revolucionario para nuestro pueblo.","og_url":"https:\/\/instituciones.gtm.sld.cu\/dmsims\/2022\/01\/28\/cuba-conmemora-este-28-de-enero-el-aniversario-169-del-natalicio-de-jose-marti\/","og_site_name":"Policl\u00ednico &quot;Ciro Fr\u00edas Cabrera&quot;","article_published_time":"2022-01-28T21:28:17+00:00","article_modified_time":"2022-01-28T21:28:40+00:00","og_image":[{"width":73,"height":49,"url":"https:\/\/instituciones.gtm.sld.cu\/dmsims\/wp-content\/uploads\/sites\/34\/2022\/01\/f0145315-580x386-1.jpg","type":"image\/jpeg"}],"twitter_card":"summary_large_image","twitter_misc":{"Escrito por":""},"schema":{"@context":"https:\/\/schema.org","@graph":[{"@type":"WebPage","@id":"https:\/\/instituciones.gtm.sld.cu\/dmsims\/2022\/01\/28\/cuba-conmemora-este-28-de-enero-el-aniversario-169-del-natalicio-de-jose-marti\/","url":"https:\/\/instituciones.gtm.sld.cu\/dmsims\/2022\/01\/28\/cuba-conmemora-este-28-de-enero-el-aniversario-169-del-natalicio-de-jose-marti\/","name":"Cuba conmemora este 28 de enero el aniversario 169 del natalicio de Jos\u00e9 Mart\u00ed - Policl\u00ednico &quot;Ciro Fr\u00edas Cabrera&quot;","isPartOf":{"@id":"https:\/\/instituciones.gtm.sld.cu\/dmsims\/#website"},"datePublished":"2022-01-28T21:28:17+00:00","dateModified":"2022-01-28T21:28:40+00:00","author":{"@id":""},"breadcrumb":{"@id":"https:\/\/instituciones.gtm.sld.cu\/dmsims\/2022\/01\/28\/cuba-conmemora-este-28-de-enero-el-aniversario-169-del-natalicio-de-jose-marti\/#breadcrumb"},"inLanguage":"es","potentialAction":[{"@type":"ReadAction","target":["https:\/\/instituciones.gtm.sld.cu\/dmsims\/2022\/01\/28\/cuba-conmemora-este-28-de-enero-el-aniversario-169-del-natalicio-de-jose-marti\/"]}]},{"@type":"BreadcrumbList","@id":"https:\/\/instituciones.gtm.sld.cu\/dmsims\/2022\/01\/28\/cuba-conmemora-este-28-de-enero-el-aniversario-169-del-natalicio-de-jose-marti\/#breadcrumb","itemListElement":[{"@type":"ListItem","position":1,"name":"Portada","item":"https:\/\/instituciones.gtm.sld.cu\/dmsims\/"},{"@type":"ListItem","position":2,"name":"Cuba conmemora este 28 de enero el aniversario 169 del natalicio de Jos\u00e9 Mart\u00ed"}]},{"@type":"WebSite","@id":"https:\/\/instituciones.gtm.sld.cu\/dmsims\/#website","url":"https:\/\/instituciones.gtm.sld.cu\/dmsims\/","name":"Policl\u00ednico &quot;Ciro Fr\u00edas Cabrera&quot;","description":"Policl\u00ednico &quot;Ciro Fr\u00edas Cabrera&quot;","potentialAction":[{"@type":"SearchAction","target":{"@type":"EntryPoint","urlTemplate":"https:\/\/instituciones.gtm.sld.cu\/dmsims\/?s={search_term_string}"},"query-input":"required name=search_term_string"}],"inLanguage":"es"},{"@type":"Person","@id":"","url":"https:\/\/instituciones.gtm.sld.cu\/dmsims\/author\/"}]}},"_links":{"self":[{"href":"https:\/\/instituciones.gtm.sld.cu\/dmsims\/wp-json\/wp\/v2\/posts\/1144"}],"collection":[{"href":"https:\/\/instituciones.gtm.sld.cu\/dmsims\/wp-json\/wp\/v2\/posts"}],"about":[{"href":"https:\/\/instituciones.gtm.sld.cu\/dmsims\/wp-json\/wp\/v2\/types\/post"}],"author":[{"embeddable":true,"href":"https:\/\/instituciones.gtm.sld.cu\/dmsims\/wp-json\/wp\/v2\/users\/17"}],"replies":[{"embeddable":true,"href":"https:\/\/instituciones.gtm.sld.cu\/dmsims\/wp-json\/wp\/v2\/comments?post=1144"}],"version-history":[{"count":1,"href":"https:\/\/instituciones.gtm.sld.cu\/dmsims\/wp-json\/wp\/v2\/posts\/1144\/revisions"}],"predecessor-version":[{"id":1146,"href":"https:\/\/instituciones.gtm.sld.cu\/dmsims\/wp-json\/wp\/v2\/posts\/1144\/revisions\/1146"}],"wp:featuredmedia":[{"embeddable":true,"href":"https:\/\/instituciones.gtm.sld.cu\/dmsims\/wp-json\/wp\/v2\/media\/1145"}],"wp:attachment":[{"href":"https:\/\/instituciones.gtm.sld.cu\/dmsims\/wp-json\/wp\/v2\/media?parent=1144"}],"wp:term":[{"taxonomy":"category","embeddable":true,"href":"https:\/\/instituciones.gtm.sld.cu\/dmsims\/wp-json\/wp\/v2\/categories?post=1144"},{"taxonomy":"post_tag","embeddable":true,"href":"https:\/\/instituciones.gtm.sld.cu\/dmsims\/wp-json\/wp\/v2\/tags?post=1144"}],"curies":[{"name":"wp","href":"https:\/\/api.w.org\/{rel}","templated":true}]}}