{"id":1170,"date":"2022-04-05T09:45:54","date_gmt":"2022-04-05T13:45:54","guid":{"rendered":"http:\/\/instituciones.gtm.sld.cu\/dmsims\/?p=1170"},"modified":"2022-04-05T09:46:27","modified_gmt":"2022-04-05T13:46:27","slug":"empresa-santiaguera-estabiliza-produccion-de-aceite","status":"publish","type":"post","link":"https:\/\/instituciones.gtm.sld.cu\/dmsims\/2022\/04\/05\/empresa-santiaguera-estabiliza-produccion-de-aceite\/","title":{"rendered":"Empresa santiaguera estabiliza producci\u00f3n de aceite"},"content":{"rendered":"<p>Seg\u00fan el ingeniero Alfonso Pascual Reyes, director de la entidad, si bien el normado para febrero y marzo fue asegurado con el adelanto en la producci\u00f3n que siempre exigen los mantenimientos programados, la rotura presentada en una centr\u00edfuga imposibilit\u00f3 semejante estrategia en el aceite envasado en pomos de un litro de capacidad, bolsas flexibles de medio litro y porrones de cinco litros.<\/p>\n<p>Pascual Reyes afirm\u00f3 que en ning\u00fan momento ha faltado la materia prima, pues en febrero se recibi\u00f3 un buque con el aceite ya refinado y en la actualidad se dispone de otro en similar estado, que agiliza el proceso productivo en la \u00fanica planta refinadora del pa\u00eds, ya que La Habana y Camag\u00fcey cuentan solo con l\u00edneas de llenado.<\/p>\n<p>De esa manera, junto al cumplimiento de la demanda del aceite de la canasta b\u00e1sica normada con un mes de adelanto, del consumo social y el destinado a organismos priorizados, se espera sostener los niveles de producci\u00f3n fijados para la comercializaci\u00f3n.<\/p>\n<p>Por su parte, el ingeniero Rolando Cadete Tamayo, director de Producci\u00f3n, precis\u00f3 que tras la soluci\u00f3n de la aver\u00eda por el personal t\u00e9cnico de la f\u00e1brica, la limpieza de los sistemas previstos con sosa c\u00e1ustica y dem\u00e1s soluciones, as\u00ed como la asistencia t\u00e9cnica extranjera recibida en la m\u00e1quina sopladora de pomos y la l\u00ednea de envasado, el proceso productivo mantiene absoluta estabilidad.<\/p>\n<p>Fuente:Cubadebate<\/p>\n","protected":false},"excerpt":{"rendered":"<p>Luego de estar paralizada durante varias semanas a causa de una aver\u00eda y trabajos de mantenimiento, la Empresa Refinadora de Aceite Comestible, de Santiago de Cuba, acaba de recuperar los niveles productivos que le permiten garantizar el aceite a granel para la canasta normada de las provincias orientales, y el comercializado en otros formatos en gran parte del pa\u00eds.<\/p>\n","protected":false},"author":17,"featured_media":1171,"comment_status":"closed","ping_status":"open","sticky":false,"template":"","format":"standard","meta":{"ngg_post_thumbnail":0},"categories":[1],"tags":[],"yoast_head":"<!-- This site is optimized with the Yoast SEO plugin v21.8 - https:\/\/yoast.com\/wordpress\/plugins\/seo\/ -->\n<title>Empresa santiaguera estabiliza producci\u00f3n de aceite - Policl\u00ednico &quot;Ciro Fr\u00edas Cabrera&quot;<\/title>\n<meta name=\"robots\" content=\"index, follow, max-snippet:-1, max-image-preview:large, max-video-preview:-1\" \/>\n<link rel=\"canonical\" href=\"https:\/\/instituciones.gtm.sld.cu\/dmsims\/2022\/04\/05\/empresa-santiaguera-estabiliza-produccion-de-aceite\/\" \/>\n<meta property=\"og:locale\" content=\"es_ES\" \/>\n<meta property=\"og:type\" content=\"article\" \/>\n<meta property=\"og:title\" content=\"Empresa santiaguera estabiliza producci\u00f3n de aceite - Policl\u00ednico &quot;Ciro Fr\u00edas Cabrera&quot;\" \/>\n<meta property=\"og:description\" content=\"Luego de estar paralizada durante varias semanas a causa de una aver\u00eda y trabajos de mantenimiento, la Empresa Refinadora de Aceite Comestible, de Santiago de Cuba, acaba de recuperar los niveles productivos que le permiten garantizar el aceite a granel para la canasta normada de las provincias orientales, y el comercializado en otros formatos en gran parte del pa\u00eds.\" \/>\n<meta property=\"og:url\" content=\"https:\/\/instituciones.gtm.sld.cu\/dmsims\/2022\/04\/05\/empresa-santiaguera-estabiliza-produccion-de-aceite\/\" \/>\n<meta property=\"og:site_name\" content=\"Policl\u00ednico &quot;Ciro Fr\u00edas Cabrera&quot;\" \/>\n<meta property=\"article:published_time\" content=\"2022-04-05T13:45:54+00:00\" \/>\n<meta property=\"article:modified_time\" content=\"2022-04-05T13:46:27+00:00\" \/>\n<meta property=\"og:image\" content=\"https:\/\/instituciones.gtm.sld.cu\/dmsims\/wp-content\/uploads\/sites\/34\/2022\/04\/empresa-aceite-santiago-de-cuba-580x324.jpg\" \/>\n\t<meta property=\"og:image:width\" content=\"73\" \/>\n\t<meta property=\"og:image:height\" content=\"41\" \/>\n\t<meta property=\"og:image:type\" content=\"image\/jpeg\" \/>\n<meta name=\"twitter:card\" content=\"summary_large_image\" \/>\n<meta name=\"twitter:label1\" content=\"Escrito por\" \/>\n\t<meta name=\"twitter:data1\" content=\"\" \/>\n\t<meta name=\"twitter:label2\" content=\"Tiempo de lectura\" \/>\n\t<meta name=\"twitter:data2\" content=\"1 minuto\" \/>\n<script type=\"application\/ld+json\" class=\"yoast-schema-graph\">{\"@context\":\"https:\/\/schema.org\",\"@graph\":[{\"@type\":\"WebPage\",\"@id\":\"https:\/\/instituciones.gtm.sld.cu\/dmsims\/2022\/04\/05\/empresa-santiaguera-estabiliza-produccion-de-aceite\/\",\"url\":\"https:\/\/instituciones.gtm.sld.cu\/dmsims\/2022\/04\/05\/empresa-santiaguera-estabiliza-produccion-de-aceite\/\",\"name\":\"Empresa santiaguera estabiliza producci\u00f3n de aceite - Policl\u00ednico &quot;Ciro Fr\u00edas Cabrera&quot;\",\"isPartOf\":{\"@id\":\"https:\/\/instituciones.gtm.sld.cu\/dmsims\/#website\"},\"datePublished\":\"2022-04-05T13:45:54+00:00\",\"dateModified\":\"2022-04-05T13:46:27+00:00\",\"author\":{\"@id\":\"\"},\"breadcrumb\":{\"@id\":\"https:\/\/instituciones.gtm.sld.cu\/dmsims\/2022\/04\/05\/empresa-santiaguera-estabiliza-produccion-de-aceite\/#breadcrumb\"},\"inLanguage\":\"es\",\"potentialAction\":[{\"@type\":\"ReadAction\",\"target\":[\"https:\/\/instituciones.gtm.sld.cu\/dmsims\/2022\/04\/05\/empresa-santiaguera-estabiliza-produccion-de-aceite\/\"]}]},{\"@type\":\"BreadcrumbList\",\"@id\":\"https:\/\/instituciones.gtm.sld.cu\/dmsims\/2022\/04\/05\/empresa-santiaguera-estabiliza-produccion-de-aceite\/#breadcrumb\",\"itemListElement\":[{\"@type\":\"ListItem\",\"position\":1,\"name\":\"Portada\",\"item\":\"https:\/\/instituciones.gtm.sld.cu\/dmsims\/\"},{\"@type\":\"ListItem\",\"position\":2,\"name\":\"Empresa santiaguera estabiliza producci\u00f3n de aceite\"}]},{\"@type\":\"WebSite\",\"@id\":\"https:\/\/instituciones.gtm.sld.cu\/dmsims\/#website\",\"url\":\"https:\/\/instituciones.gtm.sld.cu\/dmsims\/\",\"name\":\"Policl\u00ednico &quot;Ciro Fr\u00edas Cabrera&quot;\",\"description\":\"Policl\u00ednico &quot;Ciro Fr\u00edas Cabrera&quot;\",\"potentialAction\":[{\"@type\":\"SearchAction\",\"target\":{\"@type\":\"EntryPoint\",\"urlTemplate\":\"https:\/\/instituciones.gtm.sld.cu\/dmsims\/?s={search_term_string}\"},\"query-input\":\"required name=search_term_string\"}],\"inLanguage\":\"es\"},{\"@type\":\"Person\",\"@id\":\"\",\"url\":\"https:\/\/instituciones.gtm.sld.cu\/dmsims\/author\/\"}]}<\/script>\n<!-- \/ Yoast SEO plugin. -->","yoast_head_json":{"title":"Empresa santiaguera estabiliza producci\u00f3n de aceite - Policl\u00ednico &quot;Ciro Fr\u00edas Cabrera&quot;","robots":{"index":"index","follow":"follow","max-snippet":"max-snippet:-1","max-image-preview":"max-image-preview:large","max-video-preview":"max-video-preview:-1"},"canonical":"https:\/\/instituciones.gtm.sld.cu\/dmsims\/2022\/04\/05\/empresa-santiaguera-estabiliza-produccion-de-aceite\/","og_locale":"es_ES","og_type":"article","og_title":"Empresa santiaguera estabiliza producci\u00f3n de aceite - Policl\u00ednico &quot;Ciro Fr\u00edas Cabrera&quot;","og_description":"Luego de estar paralizada durante varias semanas a causa de una aver\u00eda y trabajos de mantenimiento, la Empresa Refinadora de Aceite Comestible, de Santiago de Cuba, acaba de recuperar los niveles productivos que le permiten garantizar el aceite a granel para la canasta normada de las provincias orientales, y el comercializado en otros formatos en gran parte del pa\u00eds.","og_url":"https:\/\/instituciones.gtm.sld.cu\/dmsims\/2022\/04\/05\/empresa-santiaguera-estabiliza-produccion-de-aceite\/","og_site_name":"Policl\u00ednico &quot;Ciro Fr\u00edas Cabrera&quot;","article_published_time":"2022-04-05T13:45:54+00:00","article_modified_time":"2022-04-05T13:46:27+00:00","og_image":[{"width":73,"height":41,"url":"https:\/\/instituciones.gtm.sld.cu\/dmsims\/wp-content\/uploads\/sites\/34\/2022\/04\/empresa-aceite-santiago-de-cuba-580x324.jpg","type":"image\/jpeg"}],"twitter_card":"summary_large_image","twitter_misc":{"Escrito por":"","Tiempo de lectura":"1 minuto"},"schema":{"@context":"https:\/\/schema.org","@graph":[{"@type":"WebPage","@id":"https:\/\/instituciones.gtm.sld.cu\/dmsims\/2022\/04\/05\/empresa-santiaguera-estabiliza-produccion-de-aceite\/","url":"https:\/\/instituciones.gtm.sld.cu\/dmsims\/2022\/04\/05\/empresa-santiaguera-estabiliza-produccion-de-aceite\/","name":"Empresa santiaguera estabiliza producci\u00f3n de aceite - Policl\u00ednico &quot;Ciro Fr\u00edas Cabrera&quot;","isPartOf":{"@id":"https:\/\/instituciones.gtm.sld.cu\/dmsims\/#website"},"datePublished":"2022-04-05T13:45:54+00:00","dateModified":"2022-04-05T13:46:27+00:00","author":{"@id":""},"breadcrumb":{"@id":"https:\/\/instituciones.gtm.sld.cu\/dmsims\/2022\/04\/05\/empresa-santiaguera-estabiliza-produccion-de-aceite\/#breadcrumb"},"inLanguage":"es","potentialAction":[{"@type":"ReadAction","target":["https:\/\/instituciones.gtm.sld.cu\/dmsims\/2022\/04\/05\/empresa-santiaguera-estabiliza-produccion-de-aceite\/"]}]},{"@type":"BreadcrumbList","@id":"https:\/\/instituciones.gtm.sld.cu\/dmsims\/2022\/04\/05\/empresa-santiaguera-estabiliza-produccion-de-aceite\/#breadcrumb","itemListElement":[{"@type":"ListItem","position":1,"name":"Portada","item":"https:\/\/instituciones.gtm.sld.cu\/dmsims\/"},{"@type":"ListItem","position":2,"name":"Empresa santiaguera estabiliza producci\u00f3n de aceite"}]},{"@type":"WebSite","@id":"https:\/\/instituciones.gtm.sld.cu\/dmsims\/#website","url":"https:\/\/instituciones.gtm.sld.cu\/dmsims\/","name":"Policl\u00ednico &quot;Ciro Fr\u00edas Cabrera&quot;","description":"Policl\u00ednico &quot;Ciro Fr\u00edas Cabrera&quot;","potentialAction":[{"@type":"SearchAction","target":{"@type":"EntryPoint","urlTemplate":"https:\/\/instituciones.gtm.sld.cu\/dmsims\/?s={search_term_string}"},"query-input":"required name=search_term_string"}],"inLanguage":"es"},{"@type":"Person","@id":"","url":"https:\/\/instituciones.gtm.sld.cu\/dmsims\/author\/"}]}},"_links":{"self":[{"href":"https:\/\/instituciones.gtm.sld.cu\/dmsims\/wp-json\/wp\/v2\/posts\/1170"}],"collection":[{"href":"https:\/\/instituciones.gtm.sld.cu\/dmsims\/wp-json\/wp\/v2\/posts"}],"about":[{"href":"https:\/\/instituciones.gtm.sld.cu\/dmsims\/wp-json\/wp\/v2\/types\/post"}],"author":[{"embeddable":true,"href":"https:\/\/instituciones.gtm.sld.cu\/dmsims\/wp-json\/wp\/v2\/users\/17"}],"replies":[{"embeddable":true,"href":"https:\/\/instituciones.gtm.sld.cu\/dmsims\/wp-json\/wp\/v2\/comments?post=1170"}],"version-history":[{"count":1,"href":"https:\/\/instituciones.gtm.sld.cu\/dmsims\/wp-json\/wp\/v2\/posts\/1170\/revisions"}],"predecessor-version":[{"id":1172,"href":"https:\/\/instituciones.gtm.sld.cu\/dmsims\/wp-json\/wp\/v2\/posts\/1170\/revisions\/1172"}],"wp:featuredmedia":[{"embeddable":true,"href":"https:\/\/instituciones.gtm.sld.cu\/dmsims\/wp-json\/wp\/v2\/media\/1171"}],"wp:attachment":[{"href":"https:\/\/instituciones.gtm.sld.cu\/dmsims\/wp-json\/wp\/v2\/media?parent=1170"}],"wp:term":[{"taxonomy":"category","embeddable":true,"href":"https:\/\/instituciones.gtm.sld.cu\/dmsims\/wp-json\/wp\/v2\/categories?post=1170"},{"taxonomy":"post_tag","embeddable":true,"href":"https:\/\/instituciones.gtm.sld.cu\/dmsims\/wp-json\/wp\/v2\/tags?post=1170"}],"curies":[{"name":"wp","href":"https:\/\/api.w.org\/{rel}","templated":true}]}}