{"id":1179,"date":"2022-04-11T10:22:52","date_gmt":"2022-04-11T14:22:52","guid":{"rendered":"http:\/\/instituciones.gtm.sld.cu\/dmsims\/?p=1179"},"modified":"2022-04-11T10:27:03","modified_gmt":"2022-04-11T14:27:03","slug":"este-lunes-se-celebra-el-dia-mundial-del-parkinson","status":"publish","type":"post","link":"https:\/\/instituciones.gtm.sld.cu\/dmsims\/2022\/04\/11\/este-lunes-se-celebra-el-dia-mundial-del-parkinson\/","title":{"rendered":"Este lunes se celebra el D\u00eda Mundial del P\u00e1rkinson"},"content":{"rendered":"<p>La fecha fue seleccionada por la Organizaci\u00f3n Mundial de la Salud (OMS) y coincide con el aniversario del nacimiento del neur\u00f3logo brit\u00e1nico James Parkinson, que en 1817 descubri\u00f3 lo que hoy conocemos como enfermedad de Parkinson, que en aquel tiempo se conoci\u00f3 como par\u00e1lisis agitante.<\/p>\n<p>El p\u00e1rkinson es una condici\u00f3n degenerativa, progresiva y cr\u00f3nica del sistema nervioso que causa severos da\u00f1os neurol\u00f3gicos y genera alteraciones en el control y coordinaci\u00f3n de los movimientos del cuerpo y rigidez muscular. La enfermedad se desencadena cuando determinadas c\u00e9lulas dejan de producir dopamina, una hormona que regula el movimiento.<\/p>\n<p>Este padecimiento primero afecta algunas zonas como las manos, los brazos, las piernas y la cara, y despu\u00e9s se extiende a todo el cuerpo, causando rigidez motora, temblores, problemas de equilibrio y coordinaci\u00f3n.<\/p>\n<p>Es la segunda enfermedad neurodegenerativa m\u00e1s frecuente, tras el alzh\u00e9imer. Seg\u00fan la OMS, el p\u00e1rkinson afecta a 1 de cada 100 personas mayores de 60 a\u00f1os. La Asociaci\u00f3n Europea de la Enfermedad de Parkinson (EPDA) estima que m\u00e1s de seis millones de personas en el mundo padecen esta condici\u00f3n.<\/p>\n<p>Los pacientes diagnosticados con p\u00e1rkinson han sido estigmatizados e incomprendidos por su entorno, debido a los s\u00edntomas externos de este padecimiento. El manejo reciente de este tema en libros, series televisivas y pel\u00edculas, y el trabajo de fundaciones y organismos internacionales, han logrado un aumentar el acercamiento, comprensi\u00f3n y aceptaci\u00f3n del p\u00e1rkinson por la sociedad<\/p>\n<p>El tratamiento para esta enfermedad consiste en ejercicios f\u00edsicos para mejorar la actividad motora, y ayudar a controlar la rigidez, la postura y equilibrio del cuerpo.<\/p>\n<p>La psicoterapia, la logopedia y la musicoterapia tambi\u00e9n han tenido resultados muy positivos.<\/p>\n<p>Fuente:Cubadebate<\/p>\n","protected":false},"excerpt":{"rendered":"<p>Desde 1997 se celebra cada 11 de abril el D\u00eda Mundial del Parkinson, como un medio para crear conciencia sobre esta enfermedad neurodegenerativa que millones de personas padecen. El p\u00e1rkinson causa severos da\u00f1os neurol\u00f3gicos y genera alteraciones en el control y coordinaci\u00f3n de los movimientos del cuerpo y rigidez muscular.<\/p>\n","protected":false},"author":17,"featured_media":1183,"comment_status":"closed","ping_status":"open","sticky":false,"template":"","format":"standard","meta":{"ngg_post_thumbnail":0},"categories":[1],"tags":[],"yoast_head":"<!-- This site is optimized with the Yoast SEO plugin v21.8 - https:\/\/yoast.com\/wordpress\/plugins\/seo\/ -->\n<title>Este lunes se celebra el D\u00eda Mundial del P\u00e1rkinson - Policl\u00ednico &quot;Ciro Fr\u00edas Cabrera&quot;<\/title>\n<meta name=\"robots\" content=\"index, follow, max-snippet:-1, max-image-preview:large, max-video-preview:-1\" \/>\n<link rel=\"canonical\" href=\"https:\/\/instituciones.gtm.sld.cu\/dmsims\/2022\/04\/11\/este-lunes-se-celebra-el-dia-mundial-del-parkinson\/\" \/>\n<meta property=\"og:locale\" content=\"es_ES\" \/>\n<meta property=\"og:type\" content=\"article\" \/>\n<meta property=\"og:title\" content=\"Este lunes se celebra el D\u00eda Mundial del P\u00e1rkinson - Policl\u00ednico &quot;Ciro Fr\u00edas Cabrera&quot;\" \/>\n<meta property=\"og:description\" content=\"Desde 1997 se celebra cada 11 de abril el D\u00eda Mundial del Parkinson, como un medio para crear conciencia sobre esta enfermedad neurodegenerativa que millones de personas padecen. El p\u00e1rkinson causa severos da\u00f1os neurol\u00f3gicos y genera alteraciones en el control y coordinaci\u00f3n de los movimientos del cuerpo y rigidez muscular.\" \/>\n<meta property=\"og:url\" content=\"https:\/\/instituciones.gtm.sld.cu\/dmsims\/2022\/04\/11\/este-lunes-se-celebra-el-dia-mundial-del-parkinson\/\" \/>\n<meta property=\"og:site_name\" content=\"Policl\u00ednico &quot;Ciro Fr\u00edas Cabrera&quot;\" \/>\n<meta property=\"article:published_time\" content=\"2022-04-11T14:22:52+00:00\" \/>\n<meta property=\"article:modified_time\" content=\"2022-04-11T14:27:03+00:00\" \/>\n<meta property=\"og:image\" content=\"https:\/\/instituciones.gtm.sld.cu\/dmsims\/wp-content\/uploads\/sites\/34\/2022\/04\/enfermedad-de-parkinson-700x4691-2.jpg\" \/>\n\t<meta property=\"og:image:width\" content=\"145\" \/>\n\t<meta property=\"og:image:height\" content=\"83\" \/>\n\t<meta property=\"og:image:type\" content=\"image\/jpeg\" \/>\n<meta name=\"twitter:card\" content=\"summary_large_image\" \/>\n<meta name=\"twitter:label1\" content=\"Escrito por\" \/>\n\t<meta name=\"twitter:data1\" content=\"\" \/>\n\t<meta name=\"twitter:label2\" content=\"Tiempo de lectura\" \/>\n\t<meta name=\"twitter:data2\" content=\"1 minuto\" \/>\n<script type=\"application\/ld+json\" class=\"yoast-schema-graph\">{\"@context\":\"https:\/\/schema.org\",\"@graph\":[{\"@type\":\"WebPage\",\"@id\":\"https:\/\/instituciones.gtm.sld.cu\/dmsims\/2022\/04\/11\/este-lunes-se-celebra-el-dia-mundial-del-parkinson\/\",\"url\":\"https:\/\/instituciones.gtm.sld.cu\/dmsims\/2022\/04\/11\/este-lunes-se-celebra-el-dia-mundial-del-parkinson\/\",\"name\":\"Este lunes se celebra el D\u00eda Mundial del P\u00e1rkinson - Policl\u00ednico &quot;Ciro Fr\u00edas Cabrera&quot;\",\"isPartOf\":{\"@id\":\"https:\/\/instituciones.gtm.sld.cu\/dmsims\/#website\"},\"datePublished\":\"2022-04-11T14:22:52+00:00\",\"dateModified\":\"2022-04-11T14:27:03+00:00\",\"author\":{\"@id\":\"\"},\"breadcrumb\":{\"@id\":\"https:\/\/instituciones.gtm.sld.cu\/dmsims\/2022\/04\/11\/este-lunes-se-celebra-el-dia-mundial-del-parkinson\/#breadcrumb\"},\"inLanguage\":\"es\",\"potentialAction\":[{\"@type\":\"ReadAction\",\"target\":[\"https:\/\/instituciones.gtm.sld.cu\/dmsims\/2022\/04\/11\/este-lunes-se-celebra-el-dia-mundial-del-parkinson\/\"]}]},{\"@type\":\"BreadcrumbList\",\"@id\":\"https:\/\/instituciones.gtm.sld.cu\/dmsims\/2022\/04\/11\/este-lunes-se-celebra-el-dia-mundial-del-parkinson\/#breadcrumb\",\"itemListElement\":[{\"@type\":\"ListItem\",\"position\":1,\"name\":\"Portada\",\"item\":\"https:\/\/instituciones.gtm.sld.cu\/dmsims\/\"},{\"@type\":\"ListItem\",\"position\":2,\"name\":\"Este lunes se celebra el D\u00eda Mundial del P\u00e1rkinson\"}]},{\"@type\":\"WebSite\",\"@id\":\"https:\/\/instituciones.gtm.sld.cu\/dmsims\/#website\",\"url\":\"https:\/\/instituciones.gtm.sld.cu\/dmsims\/\",\"name\":\"Policl\u00ednico &quot;Ciro Fr\u00edas Cabrera&quot;\",\"description\":\"Policl\u00ednico &quot;Ciro Fr\u00edas Cabrera&quot;\",\"potentialAction\":[{\"@type\":\"SearchAction\",\"target\":{\"@type\":\"EntryPoint\",\"urlTemplate\":\"https:\/\/instituciones.gtm.sld.cu\/dmsims\/?s={search_term_string}\"},\"query-input\":\"required name=search_term_string\"}],\"inLanguage\":\"es\"},{\"@type\":\"Person\",\"@id\":\"\",\"url\":\"https:\/\/instituciones.gtm.sld.cu\/dmsims\/author\/\"}]}<\/script>\n<!-- \/ Yoast SEO plugin. -->","yoast_head_json":{"title":"Este lunes se celebra el D\u00eda Mundial del P\u00e1rkinson - Policl\u00ednico &quot;Ciro Fr\u00edas Cabrera&quot;","robots":{"index":"index","follow":"follow","max-snippet":"max-snippet:-1","max-image-preview":"max-image-preview:large","max-video-preview":"max-video-preview:-1"},"canonical":"https:\/\/instituciones.gtm.sld.cu\/dmsims\/2022\/04\/11\/este-lunes-se-celebra-el-dia-mundial-del-parkinson\/","og_locale":"es_ES","og_type":"article","og_title":"Este lunes se celebra el D\u00eda Mundial del P\u00e1rkinson - Policl\u00ednico &quot;Ciro Fr\u00edas Cabrera&quot;","og_description":"Desde 1997 se celebra cada 11 de abril el D\u00eda Mundial del Parkinson, como un medio para crear conciencia sobre esta enfermedad neurodegenerativa que millones de personas padecen. El p\u00e1rkinson causa severos da\u00f1os neurol\u00f3gicos y genera alteraciones en el control y coordinaci\u00f3n de los movimientos del cuerpo y rigidez muscular.","og_url":"https:\/\/instituciones.gtm.sld.cu\/dmsims\/2022\/04\/11\/este-lunes-se-celebra-el-dia-mundial-del-parkinson\/","og_site_name":"Policl\u00ednico &quot;Ciro Fr\u00edas Cabrera&quot;","article_published_time":"2022-04-11T14:22:52+00:00","article_modified_time":"2022-04-11T14:27:03+00:00","og_image":[{"width":145,"height":83,"url":"https:\/\/instituciones.gtm.sld.cu\/dmsims\/wp-content\/uploads\/sites\/34\/2022\/04\/enfermedad-de-parkinson-700x4691-2.jpg","type":"image\/jpeg"}],"twitter_card":"summary_large_image","twitter_misc":{"Escrito por":"","Tiempo de lectura":"1 minuto"},"schema":{"@context":"https:\/\/schema.org","@graph":[{"@type":"WebPage","@id":"https:\/\/instituciones.gtm.sld.cu\/dmsims\/2022\/04\/11\/este-lunes-se-celebra-el-dia-mundial-del-parkinson\/","url":"https:\/\/instituciones.gtm.sld.cu\/dmsims\/2022\/04\/11\/este-lunes-se-celebra-el-dia-mundial-del-parkinson\/","name":"Este lunes se celebra el D\u00eda Mundial del P\u00e1rkinson - Policl\u00ednico &quot;Ciro Fr\u00edas Cabrera&quot;","isPartOf":{"@id":"https:\/\/instituciones.gtm.sld.cu\/dmsims\/#website"},"datePublished":"2022-04-11T14:22:52+00:00","dateModified":"2022-04-11T14:27:03+00:00","author":{"@id":""},"breadcrumb":{"@id":"https:\/\/instituciones.gtm.sld.cu\/dmsims\/2022\/04\/11\/este-lunes-se-celebra-el-dia-mundial-del-parkinson\/#breadcrumb"},"inLanguage":"es","potentialAction":[{"@type":"ReadAction","target":["https:\/\/instituciones.gtm.sld.cu\/dmsims\/2022\/04\/11\/este-lunes-se-celebra-el-dia-mundial-del-parkinson\/"]}]},{"@type":"BreadcrumbList","@id":"https:\/\/instituciones.gtm.sld.cu\/dmsims\/2022\/04\/11\/este-lunes-se-celebra-el-dia-mundial-del-parkinson\/#breadcrumb","itemListElement":[{"@type":"ListItem","position":1,"name":"Portada","item":"https:\/\/instituciones.gtm.sld.cu\/dmsims\/"},{"@type":"ListItem","position":2,"name":"Este lunes se celebra el D\u00eda Mundial del P\u00e1rkinson"}]},{"@type":"WebSite","@id":"https:\/\/instituciones.gtm.sld.cu\/dmsims\/#website","url":"https:\/\/instituciones.gtm.sld.cu\/dmsims\/","name":"Policl\u00ednico &quot;Ciro Fr\u00edas Cabrera&quot;","description":"Policl\u00ednico &quot;Ciro Fr\u00edas Cabrera&quot;","potentialAction":[{"@type":"SearchAction","target":{"@type":"EntryPoint","urlTemplate":"https:\/\/instituciones.gtm.sld.cu\/dmsims\/?s={search_term_string}"},"query-input":"required name=search_term_string"}],"inLanguage":"es"},{"@type":"Person","@id":"","url":"https:\/\/instituciones.gtm.sld.cu\/dmsims\/author\/"}]}},"_links":{"self":[{"href":"https:\/\/instituciones.gtm.sld.cu\/dmsims\/wp-json\/wp\/v2\/posts\/1179"}],"collection":[{"href":"https:\/\/instituciones.gtm.sld.cu\/dmsims\/wp-json\/wp\/v2\/posts"}],"about":[{"href":"https:\/\/instituciones.gtm.sld.cu\/dmsims\/wp-json\/wp\/v2\/types\/post"}],"author":[{"embeddable":true,"href":"https:\/\/instituciones.gtm.sld.cu\/dmsims\/wp-json\/wp\/v2\/users\/17"}],"replies":[{"embeddable":true,"href":"https:\/\/instituciones.gtm.sld.cu\/dmsims\/wp-json\/wp\/v2\/comments?post=1179"}],"version-history":[{"count":1,"href":"https:\/\/instituciones.gtm.sld.cu\/dmsims\/wp-json\/wp\/v2\/posts\/1179\/revisions"}],"predecessor-version":[{"id":1181,"href":"https:\/\/instituciones.gtm.sld.cu\/dmsims\/wp-json\/wp\/v2\/posts\/1179\/revisions\/1181"}],"wp:featuredmedia":[{"embeddable":true,"href":"https:\/\/instituciones.gtm.sld.cu\/dmsims\/wp-json\/wp\/v2\/media\/1183"}],"wp:attachment":[{"href":"https:\/\/instituciones.gtm.sld.cu\/dmsims\/wp-json\/wp\/v2\/media?parent=1179"}],"wp:term":[{"taxonomy":"category","embeddable":true,"href":"https:\/\/instituciones.gtm.sld.cu\/dmsims\/wp-json\/wp\/v2\/categories?post=1179"},{"taxonomy":"post_tag","embeddable":true,"href":"https:\/\/instituciones.gtm.sld.cu\/dmsims\/wp-json\/wp\/v2\/tags?post=1179"}],"curies":[{"name":"wp","href":"https:\/\/api.w.org\/{rel}","templated":true}]}}