{"id":1186,"date":"2022-04-20T08:58:46","date_gmt":"2022-04-20T12:58:46","guid":{"rendered":"http:\/\/instituciones.gtm.sld.cu\/dmsims\/?p=1186"},"modified":"2022-04-20T08:58:59","modified_gmt":"2022-04-20T12:58:59","slug":"los-servicios-de-salud-mental-y-psicologia","status":"publish","type":"post","link":"https:\/\/instituciones.gtm.sld.cu\/dmsims\/2022\/04\/20\/los-servicios-de-salud-mental-y-psicologia\/","title":{"rendered":"Los servicios de Salud Mental y Psicolog\u00eda"},"content":{"rendered":"","protected":false},"excerpt":{"rendered":"<p>Los servicios de Salud Mental y Psicolog\u00eda del Policl\u00ednico Ciro Fr\u00edas Cabrera de Im\u00edas en Guant\u00e1namo, recuerda los hechos sucedidos en Gir\u00f3n hace 61 a\u00f1os, donde el imperialismo yanqui sufri\u00f3 su primera derrota en Am\u00e9rica, recordando que los cubanos tenemos memoria, por tanto no olvidamos nuestra historia. De igual forma se sigue convocando a los trabajadores a participar en el desfile por el Primero de Mayo<\/p>\n","protected":false},"author":17,"featured_media":1187,"comment_status":"closed","ping_status":"open","sticky":false,"template":"","format":"standard","meta":{"ngg_post_thumbnail":0},"categories":[11],"tags":[],"yoast_head":"<!-- This site is optimized with the Yoast SEO plugin v21.8 - https:\/\/yoast.com\/wordpress\/plugins\/seo\/ -->\n<title>Los servicios de Salud Mental y Psicolog\u00eda - Policl\u00ednico &quot;Ciro Fr\u00edas Cabrera&quot;<\/title>\n<meta name=\"robots\" content=\"index, follow, max-snippet:-1, max-image-preview:large, max-video-preview:-1\" \/>\n<link rel=\"canonical\" href=\"https:\/\/instituciones.gtm.sld.cu\/dmsims\/2022\/04\/20\/los-servicios-de-salud-mental-y-psicologia\/\" \/>\n<meta property=\"og:locale\" content=\"es_ES\" \/>\n<meta property=\"og:type\" content=\"article\" \/>\n<meta property=\"og:title\" content=\"Los servicios de Salud Mental y Psicolog\u00eda - Policl\u00ednico &quot;Ciro Fr\u00edas Cabrera&quot;\" \/>\n<meta property=\"og:description\" content=\"Los servicios de Salud Mental y Psicolog\u00eda del Policl\u00ednico Ciro Fr\u00edas Cabrera de Im\u00edas en Guant\u00e1namo, recuerda los hechos sucedidos en Gir\u00f3n hace 61 a\u00f1os, donde el imperialismo yanqui sufri\u00f3 su primera derrota en Am\u00e9rica, recordando que los cubanos tenemos memoria, por tanto no olvidamos nuestra historia. De igual forma se sigue convocando a los trabajadores a participar en el desfile por el Primero de Mayo\" \/>\n<meta property=\"og:url\" content=\"https:\/\/instituciones.gtm.sld.cu\/dmsims\/2022\/04\/20\/los-servicios-de-salud-mental-y-psicologia\/\" \/>\n<meta property=\"og:site_name\" content=\"Policl\u00ednico &quot;Ciro Fr\u00edas Cabrera&quot;\" \/>\n<meta property=\"article:published_time\" content=\"2022-04-20T12:58:46+00:00\" \/>\n<meta property=\"article:modified_time\" content=\"2022-04-20T12:58:59+00:00\" \/>\n<meta property=\"og:image\" content=\"https:\/\/instituciones.gtm.sld.cu\/dmsims\/wp-content\/uploads\/sites\/34\/2022\/04\/278709669_1263685340822362_436008311613095445_n.jpg\" \/>\n\t<meta property=\"og:image:width\" content=\"115\" \/>\n\t<meta property=\"og:image:height\" content=\"168\" \/>\n\t<meta property=\"og:image:type\" content=\"image\/jpeg\" \/>\n<meta name=\"twitter:card\" content=\"summary_large_image\" \/>\n<meta name=\"twitter:label1\" content=\"Escrito por\" \/>\n\t<meta name=\"twitter:data1\" content=\"\" \/>\n<script type=\"application\/ld+json\" class=\"yoast-schema-graph\">{\"@context\":\"https:\/\/schema.org\",\"@graph\":[{\"@type\":\"WebPage\",\"@id\":\"https:\/\/instituciones.gtm.sld.cu\/dmsims\/2022\/04\/20\/los-servicios-de-salud-mental-y-psicologia\/\",\"url\":\"https:\/\/instituciones.gtm.sld.cu\/dmsims\/2022\/04\/20\/los-servicios-de-salud-mental-y-psicologia\/\",\"name\":\"Los servicios de Salud Mental y Psicolog\u00eda - Policl\u00ednico &quot;Ciro Fr\u00edas Cabrera&quot;\",\"isPartOf\":{\"@id\":\"https:\/\/instituciones.gtm.sld.cu\/dmsims\/#website\"},\"datePublished\":\"2022-04-20T12:58:46+00:00\",\"dateModified\":\"2022-04-20T12:58:59+00:00\",\"author\":{\"@id\":\"\"},\"breadcrumb\":{\"@id\":\"https:\/\/instituciones.gtm.sld.cu\/dmsims\/2022\/04\/20\/los-servicios-de-salud-mental-y-psicologia\/#breadcrumb\"},\"inLanguage\":\"es\",\"potentialAction\":[{\"@type\":\"ReadAction\",\"target\":[\"https:\/\/instituciones.gtm.sld.cu\/dmsims\/2022\/04\/20\/los-servicios-de-salud-mental-y-psicologia\/\"]}]},{\"@type\":\"BreadcrumbList\",\"@id\":\"https:\/\/instituciones.gtm.sld.cu\/dmsims\/2022\/04\/20\/los-servicios-de-salud-mental-y-psicologia\/#breadcrumb\",\"itemListElement\":[{\"@type\":\"ListItem\",\"position\":1,\"name\":\"Portada\",\"item\":\"https:\/\/instituciones.gtm.sld.cu\/dmsims\/\"},{\"@type\":\"ListItem\",\"position\":2,\"name\":\"Los servicios de Salud Mental y Psicolog\u00eda\"}]},{\"@type\":\"WebSite\",\"@id\":\"https:\/\/instituciones.gtm.sld.cu\/dmsims\/#website\",\"url\":\"https:\/\/instituciones.gtm.sld.cu\/dmsims\/\",\"name\":\"Policl\u00ednico &quot;Ciro Fr\u00edas Cabrera&quot;\",\"description\":\"Policl\u00ednico &quot;Ciro Fr\u00edas Cabrera&quot;\",\"potentialAction\":[{\"@type\":\"SearchAction\",\"target\":{\"@type\":\"EntryPoint\",\"urlTemplate\":\"https:\/\/instituciones.gtm.sld.cu\/dmsims\/?s={search_term_string}\"},\"query-input\":\"required name=search_term_string\"}],\"inLanguage\":\"es\"},{\"@type\":\"Person\",\"@id\":\"\",\"url\":\"https:\/\/instituciones.gtm.sld.cu\/dmsims\/author\/\"}]}<\/script>\n<!-- \/ Yoast SEO plugin. -->","yoast_head_json":{"title":"Los servicios de Salud Mental y Psicolog\u00eda - Policl\u00ednico &quot;Ciro Fr\u00edas Cabrera&quot;","robots":{"index":"index","follow":"follow","max-snippet":"max-snippet:-1","max-image-preview":"max-image-preview:large","max-video-preview":"max-video-preview:-1"},"canonical":"https:\/\/instituciones.gtm.sld.cu\/dmsims\/2022\/04\/20\/los-servicios-de-salud-mental-y-psicologia\/","og_locale":"es_ES","og_type":"article","og_title":"Los servicios de Salud Mental y Psicolog\u00eda - Policl\u00ednico &quot;Ciro Fr\u00edas Cabrera&quot;","og_description":"Los servicios de Salud Mental y Psicolog\u00eda del Policl\u00ednico Ciro Fr\u00edas Cabrera de Im\u00edas en Guant\u00e1namo, recuerda los hechos sucedidos en Gir\u00f3n hace 61 a\u00f1os, donde el imperialismo yanqui sufri\u00f3 su primera derrota en Am\u00e9rica, recordando que los cubanos tenemos memoria, por tanto no olvidamos nuestra historia. De igual forma se sigue convocando a los trabajadores a participar en el desfile por el Primero de Mayo","og_url":"https:\/\/instituciones.gtm.sld.cu\/dmsims\/2022\/04\/20\/los-servicios-de-salud-mental-y-psicologia\/","og_site_name":"Policl\u00ednico &quot;Ciro Fr\u00edas Cabrera&quot;","article_published_time":"2022-04-20T12:58:46+00:00","article_modified_time":"2022-04-20T12:58:59+00:00","og_image":[{"width":115,"height":168,"url":"https:\/\/instituciones.gtm.sld.cu\/dmsims\/wp-content\/uploads\/sites\/34\/2022\/04\/278709669_1263685340822362_436008311613095445_n.jpg","type":"image\/jpeg"}],"twitter_card":"summary_large_image","twitter_misc":{"Escrito por":""},"schema":{"@context":"https:\/\/schema.org","@graph":[{"@type":"WebPage","@id":"https:\/\/instituciones.gtm.sld.cu\/dmsims\/2022\/04\/20\/los-servicios-de-salud-mental-y-psicologia\/","url":"https:\/\/instituciones.gtm.sld.cu\/dmsims\/2022\/04\/20\/los-servicios-de-salud-mental-y-psicologia\/","name":"Los servicios de Salud Mental y Psicolog\u00eda - Policl\u00ednico &quot;Ciro Fr\u00edas Cabrera&quot;","isPartOf":{"@id":"https:\/\/instituciones.gtm.sld.cu\/dmsims\/#website"},"datePublished":"2022-04-20T12:58:46+00:00","dateModified":"2022-04-20T12:58:59+00:00","author":{"@id":""},"breadcrumb":{"@id":"https:\/\/instituciones.gtm.sld.cu\/dmsims\/2022\/04\/20\/los-servicios-de-salud-mental-y-psicologia\/#breadcrumb"},"inLanguage":"es","potentialAction":[{"@type":"ReadAction","target":["https:\/\/instituciones.gtm.sld.cu\/dmsims\/2022\/04\/20\/los-servicios-de-salud-mental-y-psicologia\/"]}]},{"@type":"BreadcrumbList","@id":"https:\/\/instituciones.gtm.sld.cu\/dmsims\/2022\/04\/20\/los-servicios-de-salud-mental-y-psicologia\/#breadcrumb","itemListElement":[{"@type":"ListItem","position":1,"name":"Portada","item":"https:\/\/instituciones.gtm.sld.cu\/dmsims\/"},{"@type":"ListItem","position":2,"name":"Los servicios de Salud Mental y Psicolog\u00eda"}]},{"@type":"WebSite","@id":"https:\/\/instituciones.gtm.sld.cu\/dmsims\/#website","url":"https:\/\/instituciones.gtm.sld.cu\/dmsims\/","name":"Policl\u00ednico &quot;Ciro Fr\u00edas Cabrera&quot;","description":"Policl\u00ednico &quot;Ciro Fr\u00edas Cabrera&quot;","potentialAction":[{"@type":"SearchAction","target":{"@type":"EntryPoint","urlTemplate":"https:\/\/instituciones.gtm.sld.cu\/dmsims\/?s={search_term_string}"},"query-input":"required name=search_term_string"}],"inLanguage":"es"},{"@type":"Person","@id":"","url":"https:\/\/instituciones.gtm.sld.cu\/dmsims\/author\/"}]}},"_links":{"self":[{"href":"https:\/\/instituciones.gtm.sld.cu\/dmsims\/wp-json\/wp\/v2\/posts\/1186"}],"collection":[{"href":"https:\/\/instituciones.gtm.sld.cu\/dmsims\/wp-json\/wp\/v2\/posts"}],"about":[{"href":"https:\/\/instituciones.gtm.sld.cu\/dmsims\/wp-json\/wp\/v2\/types\/post"}],"author":[{"embeddable":true,"href":"https:\/\/instituciones.gtm.sld.cu\/dmsims\/wp-json\/wp\/v2\/users\/17"}],"replies":[{"embeddable":true,"href":"https:\/\/instituciones.gtm.sld.cu\/dmsims\/wp-json\/wp\/v2\/comments?post=1186"}],"version-history":[{"count":1,"href":"https:\/\/instituciones.gtm.sld.cu\/dmsims\/wp-json\/wp\/v2\/posts\/1186\/revisions"}],"predecessor-version":[{"id":1190,"href":"https:\/\/instituciones.gtm.sld.cu\/dmsims\/wp-json\/wp\/v2\/posts\/1186\/revisions\/1190"}],"wp:featuredmedia":[{"embeddable":true,"href":"https:\/\/instituciones.gtm.sld.cu\/dmsims\/wp-json\/wp\/v2\/media\/1187"}],"wp:attachment":[{"href":"https:\/\/instituciones.gtm.sld.cu\/dmsims\/wp-json\/wp\/v2\/media?parent=1186"}],"wp:term":[{"taxonomy":"category","embeddable":true,"href":"https:\/\/instituciones.gtm.sld.cu\/dmsims\/wp-json\/wp\/v2\/categories?post=1186"},{"taxonomy":"post_tag","embeddable":true,"href":"https:\/\/instituciones.gtm.sld.cu\/dmsims\/wp-json\/wp\/v2\/tags?post=1186"}],"curies":[{"name":"wp","href":"https:\/\/api.w.org\/{rel}","templated":true}]}}