{"id":1326,"date":"2022-10-03T10:17:32","date_gmt":"2022-10-03T14:17:32","guid":{"rendered":"http:\/\/instituciones.gtm.sld.cu\/dmsims\/?p=1326"},"modified":"2022-10-03T10:18:13","modified_gmt":"2022-10-03T14:18:13","slug":"la-une-pronostica-una-afectacion-de-604-mw-durante-la-hora-pico-de-este-lunes","status":"publish","type":"post","link":"https:\/\/instituciones.gtm.sld.cu\/dmsims\/2022\/10\/03\/la-une-pronostica-una-afectacion-de-604-mw-durante-la-hora-pico-de-este-lunes\/","title":{"rendered":"La UNE pronostica una afectaci\u00f3n de 604 MW durante la hora pico de este lunes"},"content":{"rendered":"<p>La Uni\u00f3n El\u00e9ctrica inform\u00f3 que estima para la hora pico de este lunes una disponibilidad de 2 316 MW y una demanda m\u00e1xima de 2 850 MW, con un d\u00e9ficit de 534 MW. Si se mantienen los pron\u00f3sticos, se prev\u00e9 una afectaci\u00f3n de 604 MW en este horario (de ellos 110 MW por los da\u00f1os producidos por el hurac\u00e1n Ian).<!--more--><\/p>\n<p>La disponibilidad del SEN a las 7:00 a.m. de este lunes es de 1 930 MW y la demanda 1 950 MW, sin afectaci\u00f3n por d\u00e9ficit de capacidad de generaci\u00f3n en el sistema. La UNE indic\u00f3 que la afectaci\u00f3n existente es de 17 MW por los da\u00f1os del hurac\u00e1n Ian.<\/p>\n<p>En el horario diurno, se estima una afectaci\u00f3n m\u00e1xima de 300 MW por d\u00e9ficit de capacidad de generaci\u00f3n.<\/p>\n<p>Se encuentran fuera de servicio por aver\u00edas las unidades 6 y 7 de la termoel\u00e9ctrica Mariel, la unidad de la Otto Parellada, la 3 de la Santa Cruz, la 4 de la Nuevitas, la 2 de la Felton y la 4 de la Rent\u00e9.<\/p>\n<p>Se encuentra en mantenimiento la unidad 3 de la termoel\u00e9ctrica Rent\u00e9.<\/p>\n<p>Las limitaciones en la generaci\u00f3n t\u00e9rmica son de 577 MW.<\/p>\n<p>En la generaci\u00f3n distribuida, no est\u00e1n disponibles por aver\u00eda 1 082 MW y 667 MW por mantenimiento.<\/p>\n<p>Para el horario pico, se estima el completamiento de la termoel\u00e9ctrica Antonio Guiteras hasta alcanzar 230 MW, la entrada de la unidad 2 de Energas Jaruco, con 30 MW, y su aporte al ciclo combinado con 30 MW m\u00e1s, y la entrada de 156 MW en motores di\u00e9sel.<\/p>\n<p>El domingo se afect\u00f3 el servicio por d\u00e9ficit de capacidad de generaci\u00f3n, aunque fue posible servir la carga entre las 3:54 a.m. y las 7:50 a.m. y entre las 2:17 p.m. y las 3:04 p.m. La m\u00e1xima afectaci\u00f3n en el horario de la noche fue 772 MW a las 7:40 p.m., coincidiendo con la hora pico, de ellos 179 MW por los da\u00f1os ocasionados por el hurac\u00e1n Ian.<\/p>\n<p>Fuente:Cubadebate<\/p>\n","protected":false},"excerpt":{"rendered":"<p>La Uni\u00f3n El\u00e9ctrica inform\u00f3 que estima para la hora pico de este lunes una disponibilidad de 2 316 MW y una demanda m\u00e1xima de 2 850 MW, con un d\u00e9ficit de 534 MW. Si se mantienen los pron\u00f3sticos, se prev\u00e9 una afectaci\u00f3n de 604 MW en este horario (de ellos 110 MW por los da\u00f1os &hellip; <\/p>\n<p><a class=\"more-link btn\" href=\"https:\/\/instituciones.gtm.sld.cu\/dmsims\/2022\/10\/03\/la-une-pronostica-una-afectacion-de-604-mw-durante-la-hora-pico-de-este-lunes\/\">Seguir leyendo<\/a><\/p>\n","protected":false},"author":88,"featured_media":1327,"comment_status":"closed","ping_status":"open","sticky":false,"template":"","format":"standard","meta":{"ngg_post_thumbnail":0},"categories":[1],"tags":[],"yoast_head":"<!-- This site is optimized with the Yoast SEO plugin v21.8 - https:\/\/yoast.com\/wordpress\/plugins\/seo\/ -->\n<title>La UNE pronostica una afectaci\u00f3n de 604 MW durante la hora pico de este lunes - Policl\u00ednico &quot;Ciro Fr\u00edas Cabrera&quot;<\/title>\n<meta name=\"robots\" content=\"index, follow, max-snippet:-1, max-image-preview:large, max-video-preview:-1\" \/>\n<link rel=\"canonical\" href=\"https:\/\/instituciones.gtm.sld.cu\/dmsims\/2022\/10\/03\/la-une-pronostica-una-afectacion-de-604-mw-durante-la-hora-pico-de-este-lunes\/\" \/>\n<meta property=\"og:locale\" content=\"es_ES\" \/>\n<meta property=\"og:type\" content=\"article\" \/>\n<meta property=\"og:title\" content=\"La UNE pronostica una afectaci\u00f3n de 604 MW durante la hora pico de este lunes - Policl\u00ednico &quot;Ciro Fr\u00edas Cabrera&quot;\" \/>\n<meta property=\"og:description\" content=\"La Uni\u00f3n El\u00e9ctrica inform\u00f3 que estima para la hora pico de este lunes una disponibilidad de 2 316 MW y una demanda m\u00e1xima de 2 850 MW, con un d\u00e9ficit de 534 MW. Si se mantienen los pron\u00f3sticos, se prev\u00e9 una afectaci\u00f3n de 604 MW en este horario (de ellos 110 MW por los da\u00f1os &hellip; Seguir leyendo\" \/>\n<meta property=\"og:url\" content=\"https:\/\/instituciones.gtm.sld.cu\/dmsims\/2022\/10\/03\/la-une-pronostica-una-afectacion-de-604-mw-durante-la-hora-pico-de-este-lunes\/\" \/>\n<meta property=\"og:site_name\" content=\"Policl\u00ednico &quot;Ciro Fr\u00edas Cabrera&quot;\" \/>\n<meta property=\"article:published_time\" content=\"2022-10-03T14:17:32+00:00\" \/>\n<meta property=\"article:modified_time\" content=\"2022-10-03T14:18:13+00:00\" \/>\n<meta property=\"og:image\" content=\"https:\/\/instituciones.gtm.sld.cu\/dmsims\/wp-content\/uploads\/sites\/34\/2022\/10\/termoelectrica_guiteras_4-580x326.jpg\" \/>\n\t<meta property=\"og:image:width\" content=\"580\" \/>\n\t<meta property=\"og:image:height\" content=\"326\" \/>\n\t<meta property=\"og:image:type\" content=\"image\/jpeg\" \/>\n<meta name=\"author\" content=\"dmsims\" \/>\n<meta name=\"twitter:card\" content=\"summary_large_image\" \/>\n<meta name=\"twitter:label1\" content=\"Escrito por\" \/>\n\t<meta name=\"twitter:data1\" content=\"dmsims\" \/>\n\t<meta name=\"twitter:label2\" content=\"Tiempo de lectura\" \/>\n\t<meta name=\"twitter:data2\" content=\"2 minutos\" \/>\n<script type=\"application\/ld+json\" class=\"yoast-schema-graph\">{\"@context\":\"https:\/\/schema.org\",\"@graph\":[{\"@type\":\"WebPage\",\"@id\":\"https:\/\/instituciones.gtm.sld.cu\/dmsims\/2022\/10\/03\/la-une-pronostica-una-afectacion-de-604-mw-durante-la-hora-pico-de-este-lunes\/\",\"url\":\"https:\/\/instituciones.gtm.sld.cu\/dmsims\/2022\/10\/03\/la-une-pronostica-una-afectacion-de-604-mw-durante-la-hora-pico-de-este-lunes\/\",\"name\":\"La UNE pronostica una afectaci\u00f3n de 604 MW durante la hora pico de este lunes - Policl\u00ednico &quot;Ciro Fr\u00edas Cabrera&quot;\",\"isPartOf\":{\"@id\":\"https:\/\/instituciones.gtm.sld.cu\/dmsims\/#website\"},\"datePublished\":\"2022-10-03T14:17:32+00:00\",\"dateModified\":\"2022-10-03T14:18:13+00:00\",\"author\":{\"@id\":\"https:\/\/instituciones.gtm.sld.cu\/dmsims\/#\/schema\/person\/e02d318b45e27c313e3bbe3f7698cc47\"},\"breadcrumb\":{\"@id\":\"https:\/\/instituciones.gtm.sld.cu\/dmsims\/2022\/10\/03\/la-une-pronostica-una-afectacion-de-604-mw-durante-la-hora-pico-de-este-lunes\/#breadcrumb\"},\"inLanguage\":\"es\",\"potentialAction\":[{\"@type\":\"ReadAction\",\"target\":[\"https:\/\/instituciones.gtm.sld.cu\/dmsims\/2022\/10\/03\/la-une-pronostica-una-afectacion-de-604-mw-durante-la-hora-pico-de-este-lunes\/\"]}]},{\"@type\":\"BreadcrumbList\",\"@id\":\"https:\/\/instituciones.gtm.sld.cu\/dmsims\/2022\/10\/03\/la-une-pronostica-una-afectacion-de-604-mw-durante-la-hora-pico-de-este-lunes\/#breadcrumb\",\"itemListElement\":[{\"@type\":\"ListItem\",\"position\":1,\"name\":\"Portada\",\"item\":\"https:\/\/instituciones.gtm.sld.cu\/dmsims\/\"},{\"@type\":\"ListItem\",\"position\":2,\"name\":\"La UNE pronostica una afectaci\u00f3n de 604 MW durante la hora pico de este lunes\"}]},{\"@type\":\"WebSite\",\"@id\":\"https:\/\/instituciones.gtm.sld.cu\/dmsims\/#website\",\"url\":\"https:\/\/instituciones.gtm.sld.cu\/dmsims\/\",\"name\":\"Policl\u00ednico &quot;Ciro Fr\u00edas Cabrera&quot;\",\"description\":\"Policl\u00ednico &quot;Ciro Fr\u00edas Cabrera&quot;\",\"potentialAction\":[{\"@type\":\"SearchAction\",\"target\":{\"@type\":\"EntryPoint\",\"urlTemplate\":\"https:\/\/instituciones.gtm.sld.cu\/dmsims\/?s={search_term_string}\"},\"query-input\":\"required name=search_term_string\"}],\"inLanguage\":\"es\"},{\"@type\":\"Person\",\"@id\":\"https:\/\/instituciones.gtm.sld.cu\/dmsims\/#\/schema\/person\/e02d318b45e27c313e3bbe3f7698cc47\",\"name\":\"dmsims\",\"url\":\"https:\/\/instituciones.gtm.sld.cu\/dmsims\/author\/dmsims\/\"}]}<\/script>\n<!-- \/ Yoast SEO plugin. -->","yoast_head_json":{"title":"La UNE pronostica una afectaci\u00f3n de 604 MW durante la hora pico de este lunes - Policl\u00ednico &quot;Ciro Fr\u00edas Cabrera&quot;","robots":{"index":"index","follow":"follow","max-snippet":"max-snippet:-1","max-image-preview":"max-image-preview:large","max-video-preview":"max-video-preview:-1"},"canonical":"https:\/\/instituciones.gtm.sld.cu\/dmsims\/2022\/10\/03\/la-une-pronostica-una-afectacion-de-604-mw-durante-la-hora-pico-de-este-lunes\/","og_locale":"es_ES","og_type":"article","og_title":"La UNE pronostica una afectaci\u00f3n de 604 MW durante la hora pico de este lunes - Policl\u00ednico &quot;Ciro Fr\u00edas Cabrera&quot;","og_description":"La Uni\u00f3n El\u00e9ctrica inform\u00f3 que estima para la hora pico de este lunes una disponibilidad de 2 316 MW y una demanda m\u00e1xima de 2 850 MW, con un d\u00e9ficit de 534 MW. Si se mantienen los pron\u00f3sticos, se prev\u00e9 una afectaci\u00f3n de 604 MW en este horario (de ellos 110 MW por los da\u00f1os &hellip; Seguir leyendo","og_url":"https:\/\/instituciones.gtm.sld.cu\/dmsims\/2022\/10\/03\/la-une-pronostica-una-afectacion-de-604-mw-durante-la-hora-pico-de-este-lunes\/","og_site_name":"Policl\u00ednico &quot;Ciro Fr\u00edas Cabrera&quot;","article_published_time":"2022-10-03T14:17:32+00:00","article_modified_time":"2022-10-03T14:18:13+00:00","og_image":[{"width":580,"height":326,"url":"https:\/\/instituciones.gtm.sld.cu\/dmsims\/wp-content\/uploads\/sites\/34\/2022\/10\/termoelectrica_guiteras_4-580x326.jpg","type":"image\/jpeg"}],"author":"dmsims","twitter_card":"summary_large_image","twitter_misc":{"Escrito por":"dmsims","Tiempo de lectura":"2 minutos"},"schema":{"@context":"https:\/\/schema.org","@graph":[{"@type":"WebPage","@id":"https:\/\/instituciones.gtm.sld.cu\/dmsims\/2022\/10\/03\/la-une-pronostica-una-afectacion-de-604-mw-durante-la-hora-pico-de-este-lunes\/","url":"https:\/\/instituciones.gtm.sld.cu\/dmsims\/2022\/10\/03\/la-une-pronostica-una-afectacion-de-604-mw-durante-la-hora-pico-de-este-lunes\/","name":"La UNE pronostica una afectaci\u00f3n de 604 MW durante la hora pico de este lunes - Policl\u00ednico &quot;Ciro Fr\u00edas Cabrera&quot;","isPartOf":{"@id":"https:\/\/instituciones.gtm.sld.cu\/dmsims\/#website"},"datePublished":"2022-10-03T14:17:32+00:00","dateModified":"2022-10-03T14:18:13+00:00","author":{"@id":"https:\/\/instituciones.gtm.sld.cu\/dmsims\/#\/schema\/person\/e02d318b45e27c313e3bbe3f7698cc47"},"breadcrumb":{"@id":"https:\/\/instituciones.gtm.sld.cu\/dmsims\/2022\/10\/03\/la-une-pronostica-una-afectacion-de-604-mw-durante-la-hora-pico-de-este-lunes\/#breadcrumb"},"inLanguage":"es","potentialAction":[{"@type":"ReadAction","target":["https:\/\/instituciones.gtm.sld.cu\/dmsims\/2022\/10\/03\/la-une-pronostica-una-afectacion-de-604-mw-durante-la-hora-pico-de-este-lunes\/"]}]},{"@type":"BreadcrumbList","@id":"https:\/\/instituciones.gtm.sld.cu\/dmsims\/2022\/10\/03\/la-une-pronostica-una-afectacion-de-604-mw-durante-la-hora-pico-de-este-lunes\/#breadcrumb","itemListElement":[{"@type":"ListItem","position":1,"name":"Portada","item":"https:\/\/instituciones.gtm.sld.cu\/dmsims\/"},{"@type":"ListItem","position":2,"name":"La UNE pronostica una afectaci\u00f3n de 604 MW durante la hora pico de este lunes"}]},{"@type":"WebSite","@id":"https:\/\/instituciones.gtm.sld.cu\/dmsims\/#website","url":"https:\/\/instituciones.gtm.sld.cu\/dmsims\/","name":"Policl\u00ednico &quot;Ciro Fr\u00edas Cabrera&quot;","description":"Policl\u00ednico &quot;Ciro Fr\u00edas Cabrera&quot;","potentialAction":[{"@type":"SearchAction","target":{"@type":"EntryPoint","urlTemplate":"https:\/\/instituciones.gtm.sld.cu\/dmsims\/?s={search_term_string}"},"query-input":"required name=search_term_string"}],"inLanguage":"es"},{"@type":"Person","@id":"https:\/\/instituciones.gtm.sld.cu\/dmsims\/#\/schema\/person\/e02d318b45e27c313e3bbe3f7698cc47","name":"dmsims","url":"https:\/\/instituciones.gtm.sld.cu\/dmsims\/author\/dmsims\/"}]}},"_links":{"self":[{"href":"https:\/\/instituciones.gtm.sld.cu\/dmsims\/wp-json\/wp\/v2\/posts\/1326"}],"collection":[{"href":"https:\/\/instituciones.gtm.sld.cu\/dmsims\/wp-json\/wp\/v2\/posts"}],"about":[{"href":"https:\/\/instituciones.gtm.sld.cu\/dmsims\/wp-json\/wp\/v2\/types\/post"}],"author":[{"embeddable":true,"href":"https:\/\/instituciones.gtm.sld.cu\/dmsims\/wp-json\/wp\/v2\/users\/88"}],"replies":[{"embeddable":true,"href":"https:\/\/instituciones.gtm.sld.cu\/dmsims\/wp-json\/wp\/v2\/comments?post=1326"}],"version-history":[{"count":1,"href":"https:\/\/instituciones.gtm.sld.cu\/dmsims\/wp-json\/wp\/v2\/posts\/1326\/revisions"}],"predecessor-version":[{"id":1328,"href":"https:\/\/instituciones.gtm.sld.cu\/dmsims\/wp-json\/wp\/v2\/posts\/1326\/revisions\/1328"}],"wp:featuredmedia":[{"embeddable":true,"href":"https:\/\/instituciones.gtm.sld.cu\/dmsims\/wp-json\/wp\/v2\/media\/1327"}],"wp:attachment":[{"href":"https:\/\/instituciones.gtm.sld.cu\/dmsims\/wp-json\/wp\/v2\/media?parent=1326"}],"wp:term":[{"taxonomy":"category","embeddable":true,"href":"https:\/\/instituciones.gtm.sld.cu\/dmsims\/wp-json\/wp\/v2\/categories?post=1326"},{"taxonomy":"post_tag","embeddable":true,"href":"https:\/\/instituciones.gtm.sld.cu\/dmsims\/wp-json\/wp\/v2\/tags?post=1326"}],"curies":[{"name":"wp","href":"https:\/\/api.w.org\/{rel}","templated":true}]}}