{"id":1333,"date":"2022-11-04T15:16:39","date_gmt":"2022-11-04T19:16:39","guid":{"rendered":"http:\/\/instituciones.gtm.sld.cu\/dmsims\/?p=1333"},"modified":"2022-11-04T15:17:25","modified_gmt":"2022-11-04T19:17:25","slug":"de-alta-el-ultimo-paciente-hospitalizado-por-el-incendio-en-la-base-de-supertanqueros-de-matanzas","status":"publish","type":"post","link":"https:\/\/instituciones.gtm.sld.cu\/dmsims\/2022\/11\/04\/de-alta-el-ultimo-paciente-hospitalizado-por-el-incendio-en-la-base-de-supertanqueros-de-matanzas\/","title":{"rendered":"De alta el \u00faltimo paciente hospitalizado por el incendio en la base de supertanqueros de Matanzas"},"content":{"rendered":"<p><strong>Este mi\u00e9rcoles 2 de noviembre recibi\u00f3 el alta m\u00e9dica el \u00faltimo paciente hospitalizado por las lesiones sufridas tras el <a href=\"http:\/\/www.cubadebate.cu\/noticias\/2022\/08\/10\/base-de-supertanqueros-de-matanzas-se-avanza-en-el-enfrentamiento-al-incendio-aunque-el-peligro-es-latente\/\">incendio<\/a> en la base de supertanqueros de Matanzas.<\/strong> As\u00ed lo dio a conocer el Ministerio de Salud P\u00fablica (Minsap) en su sitio web.<!--more--><\/p>\n<p>El siniestro dej\u00f3 un saldo de 17 fallecidos y 146 lesionados. De estos \u00faltimos, 139 fueron hombres y siete mujeres.<\/p>\n<p>El Minsap reiter\u00f3 el agradecimiento a todos los organismos, organizaciones y pueblo en general, que han apoyado las acciones realizadas por los especialistas de la salud y se han preocupado por los pacientes.<\/p>\n","protected":false},"excerpt":{"rendered":"<p>Este mi\u00e9rcoles 2 de noviembre recibi\u00f3 el alta m\u00e9dica el \u00faltimo paciente hospitalizado por las lesiones sufridas tras el incendio en la base de supertanqueros de Matanzas. As\u00ed lo dio a conocer el Ministerio de Salud P\u00fablica (Minsap) en su sitio web.<\/p><p><a class=\"more-link btn\" href=\"https:\/\/instituciones.gtm.sld.cu\/dmsims\/2022\/11\/04\/de-alta-el-ultimo-paciente-hospitalizado-por-el-incendio-en-la-base-de-supertanqueros-de-matanzas\/\">Seguir leyendo<\/a><\/p>\n","protected":false},"author":88,"featured_media":1334,"comment_status":"closed","ping_status":"open","sticky":false,"template":"","format":"standard","meta":{"ngg_post_thumbnail":0},"categories":[1],"tags":[],"yoast_head":"<!-- This site is optimized with the Yoast SEO plugin v21.8 - https:\/\/yoast.com\/wordpress\/plugins\/seo\/ -->\n<title>De alta el \u00faltimo paciente hospitalizado por el incendio en la base de supertanqueros de Matanzas - Policl\u00ednico &quot;Ciro Fr\u00edas Cabrera&quot;<\/title>\n<meta name=\"robots\" content=\"index, follow, max-snippet:-1, max-image-preview:large, max-video-preview:-1\" \/>\n<link rel=\"canonical\" href=\"https:\/\/instituciones.gtm.sld.cu\/dmsims\/2022\/11\/04\/de-alta-el-ultimo-paciente-hospitalizado-por-el-incendio-en-la-base-de-supertanqueros-de-matanzas\/\" \/>\n<meta property=\"og:locale\" content=\"es_ES\" \/>\n<meta property=\"og:type\" content=\"article\" \/>\n<meta property=\"og:title\" content=\"De alta el \u00faltimo paciente hospitalizado por el incendio en la base de supertanqueros de Matanzas - Policl\u00ednico &quot;Ciro Fr\u00edas Cabrera&quot;\" \/>\n<meta property=\"og:description\" content=\"Este mi\u00e9rcoles 2 de noviembre recibi\u00f3 el alta m\u00e9dica el \u00faltimo paciente hospitalizado por las lesiones sufridas tras el incendio en la base de supertanqueros de Matanzas. As\u00ed lo dio a conocer el Ministerio de Salud P\u00fablica (Minsap) en su sitio web.\" \/>\n<meta property=\"og:url\" content=\"https:\/\/instituciones.gtm.sld.cu\/dmsims\/2022\/11\/04\/de-alta-el-ultimo-paciente-hospitalizado-por-el-incendio-en-la-base-de-supertanqueros-de-matanzas\/\" \/>\n<meta property=\"og:site_name\" content=\"Policl\u00ednico &quot;Ciro Fr\u00edas Cabrera&quot;\" \/>\n<meta property=\"article:published_time\" content=\"2022-11-04T19:16:39+00:00\" \/>\n<meta property=\"article:modified_time\" content=\"2022-11-04T19:17:25+00:00\" \/>\n<meta property=\"og:image\" content=\"https:\/\/instituciones.gtm.sld.cu\/dmsims\/wp-content\/uploads\/sites\/34\/2022\/11\/nota-informativa-minsap-580x317-1-580x317.jpg\" \/>\n\t<meta property=\"og:image:width\" content=\"145\" \/>\n\t<meta property=\"og:image:height\" content=\"80\" \/>\n\t<meta property=\"og:image:type\" content=\"image\/jpeg\" \/>\n<meta name=\"author\" content=\"dmsims\" \/>\n<meta name=\"twitter:card\" content=\"summary_large_image\" \/>\n<meta name=\"twitter:label1\" content=\"Escrito por\" \/>\n\t<meta name=\"twitter:data1\" content=\"dmsims\" \/>\n<script type=\"application\/ld+json\" class=\"yoast-schema-graph\">{\"@context\":\"https:\/\/schema.org\",\"@graph\":[{\"@type\":\"WebPage\",\"@id\":\"https:\/\/instituciones.gtm.sld.cu\/dmsims\/2022\/11\/04\/de-alta-el-ultimo-paciente-hospitalizado-por-el-incendio-en-la-base-de-supertanqueros-de-matanzas\/\",\"url\":\"https:\/\/instituciones.gtm.sld.cu\/dmsims\/2022\/11\/04\/de-alta-el-ultimo-paciente-hospitalizado-por-el-incendio-en-la-base-de-supertanqueros-de-matanzas\/\",\"name\":\"De alta el \u00faltimo paciente hospitalizado por el incendio en la base de supertanqueros de Matanzas - Policl\u00ednico &quot;Ciro Fr\u00edas Cabrera&quot;\",\"isPartOf\":{\"@id\":\"https:\/\/instituciones.gtm.sld.cu\/dmsims\/#website\"},\"datePublished\":\"2022-11-04T19:16:39+00:00\",\"dateModified\":\"2022-11-04T19:17:25+00:00\",\"author\":{\"@id\":\"https:\/\/instituciones.gtm.sld.cu\/dmsims\/#\/schema\/person\/e02d318b45e27c313e3bbe3f7698cc47\"},\"breadcrumb\":{\"@id\":\"https:\/\/instituciones.gtm.sld.cu\/dmsims\/2022\/11\/04\/de-alta-el-ultimo-paciente-hospitalizado-por-el-incendio-en-la-base-de-supertanqueros-de-matanzas\/#breadcrumb\"},\"inLanguage\":\"es\",\"potentialAction\":[{\"@type\":\"ReadAction\",\"target\":[\"https:\/\/instituciones.gtm.sld.cu\/dmsims\/2022\/11\/04\/de-alta-el-ultimo-paciente-hospitalizado-por-el-incendio-en-la-base-de-supertanqueros-de-matanzas\/\"]}]},{\"@type\":\"BreadcrumbList\",\"@id\":\"https:\/\/instituciones.gtm.sld.cu\/dmsims\/2022\/11\/04\/de-alta-el-ultimo-paciente-hospitalizado-por-el-incendio-en-la-base-de-supertanqueros-de-matanzas\/#breadcrumb\",\"itemListElement\":[{\"@type\":\"ListItem\",\"position\":1,\"name\":\"Portada\",\"item\":\"https:\/\/instituciones.gtm.sld.cu\/dmsims\/\"},{\"@type\":\"ListItem\",\"position\":2,\"name\":\"De alta el \u00faltimo paciente hospitalizado por el incendio en la base de supertanqueros de Matanzas\"}]},{\"@type\":\"WebSite\",\"@id\":\"https:\/\/instituciones.gtm.sld.cu\/dmsims\/#website\",\"url\":\"https:\/\/instituciones.gtm.sld.cu\/dmsims\/\",\"name\":\"Policl\u00ednico &quot;Ciro Fr\u00edas Cabrera&quot;\",\"description\":\"Policl\u00ednico &quot;Ciro Fr\u00edas Cabrera&quot;\",\"potentialAction\":[{\"@type\":\"SearchAction\",\"target\":{\"@type\":\"EntryPoint\",\"urlTemplate\":\"https:\/\/instituciones.gtm.sld.cu\/dmsims\/?s={search_term_string}\"},\"query-input\":\"required name=search_term_string\"}],\"inLanguage\":\"es\"},{\"@type\":\"Person\",\"@id\":\"https:\/\/instituciones.gtm.sld.cu\/dmsims\/#\/schema\/person\/e02d318b45e27c313e3bbe3f7698cc47\",\"name\":\"dmsims\",\"url\":\"https:\/\/instituciones.gtm.sld.cu\/dmsims\/author\/dmsims\/\"}]}<\/script>\n<!-- \/ Yoast SEO plugin. -->","yoast_head_json":{"title":"De alta el \u00faltimo paciente hospitalizado por el incendio en la base de supertanqueros de Matanzas - Policl\u00ednico &quot;Ciro Fr\u00edas Cabrera&quot;","robots":{"index":"index","follow":"follow","max-snippet":"max-snippet:-1","max-image-preview":"max-image-preview:large","max-video-preview":"max-video-preview:-1"},"canonical":"https:\/\/instituciones.gtm.sld.cu\/dmsims\/2022\/11\/04\/de-alta-el-ultimo-paciente-hospitalizado-por-el-incendio-en-la-base-de-supertanqueros-de-matanzas\/","og_locale":"es_ES","og_type":"article","og_title":"De alta el \u00faltimo paciente hospitalizado por el incendio en la base de supertanqueros de Matanzas - Policl\u00ednico &quot;Ciro Fr\u00edas Cabrera&quot;","og_description":"Este mi\u00e9rcoles 2 de noviembre recibi\u00f3 el alta m\u00e9dica el \u00faltimo paciente hospitalizado por las lesiones sufridas tras el incendio en la base de supertanqueros de Matanzas. As\u00ed lo dio a conocer el Ministerio de Salud P\u00fablica (Minsap) en su sitio web.","og_url":"https:\/\/instituciones.gtm.sld.cu\/dmsims\/2022\/11\/04\/de-alta-el-ultimo-paciente-hospitalizado-por-el-incendio-en-la-base-de-supertanqueros-de-matanzas\/","og_site_name":"Policl\u00ednico &quot;Ciro Fr\u00edas Cabrera&quot;","article_published_time":"2022-11-04T19:16:39+00:00","article_modified_time":"2022-11-04T19:17:25+00:00","og_image":[{"width":145,"height":80,"url":"https:\/\/instituciones.gtm.sld.cu\/dmsims\/wp-content\/uploads\/sites\/34\/2022\/11\/nota-informativa-minsap-580x317-1-580x317.jpg","type":"image\/jpeg"}],"author":"dmsims","twitter_card":"summary_large_image","twitter_misc":{"Escrito por":"dmsims"},"schema":{"@context":"https:\/\/schema.org","@graph":[{"@type":"WebPage","@id":"https:\/\/instituciones.gtm.sld.cu\/dmsims\/2022\/11\/04\/de-alta-el-ultimo-paciente-hospitalizado-por-el-incendio-en-la-base-de-supertanqueros-de-matanzas\/","url":"https:\/\/instituciones.gtm.sld.cu\/dmsims\/2022\/11\/04\/de-alta-el-ultimo-paciente-hospitalizado-por-el-incendio-en-la-base-de-supertanqueros-de-matanzas\/","name":"De alta el \u00faltimo paciente hospitalizado por el incendio en la base de supertanqueros de Matanzas - Policl\u00ednico &quot;Ciro Fr\u00edas Cabrera&quot;","isPartOf":{"@id":"https:\/\/instituciones.gtm.sld.cu\/dmsims\/#website"},"datePublished":"2022-11-04T19:16:39+00:00","dateModified":"2022-11-04T19:17:25+00:00","author":{"@id":"https:\/\/instituciones.gtm.sld.cu\/dmsims\/#\/schema\/person\/e02d318b45e27c313e3bbe3f7698cc47"},"breadcrumb":{"@id":"https:\/\/instituciones.gtm.sld.cu\/dmsims\/2022\/11\/04\/de-alta-el-ultimo-paciente-hospitalizado-por-el-incendio-en-la-base-de-supertanqueros-de-matanzas\/#breadcrumb"},"inLanguage":"es","potentialAction":[{"@type":"ReadAction","target":["https:\/\/instituciones.gtm.sld.cu\/dmsims\/2022\/11\/04\/de-alta-el-ultimo-paciente-hospitalizado-por-el-incendio-en-la-base-de-supertanqueros-de-matanzas\/"]}]},{"@type":"BreadcrumbList","@id":"https:\/\/instituciones.gtm.sld.cu\/dmsims\/2022\/11\/04\/de-alta-el-ultimo-paciente-hospitalizado-por-el-incendio-en-la-base-de-supertanqueros-de-matanzas\/#breadcrumb","itemListElement":[{"@type":"ListItem","position":1,"name":"Portada","item":"https:\/\/instituciones.gtm.sld.cu\/dmsims\/"},{"@type":"ListItem","position":2,"name":"De alta el \u00faltimo paciente hospitalizado por el incendio en la base de supertanqueros de Matanzas"}]},{"@type":"WebSite","@id":"https:\/\/instituciones.gtm.sld.cu\/dmsims\/#website","url":"https:\/\/instituciones.gtm.sld.cu\/dmsims\/","name":"Policl\u00ednico &quot;Ciro Fr\u00edas Cabrera&quot;","description":"Policl\u00ednico &quot;Ciro Fr\u00edas Cabrera&quot;","potentialAction":[{"@type":"SearchAction","target":{"@type":"EntryPoint","urlTemplate":"https:\/\/instituciones.gtm.sld.cu\/dmsims\/?s={search_term_string}"},"query-input":"required name=search_term_string"}],"inLanguage":"es"},{"@type":"Person","@id":"https:\/\/instituciones.gtm.sld.cu\/dmsims\/#\/schema\/person\/e02d318b45e27c313e3bbe3f7698cc47","name":"dmsims","url":"https:\/\/instituciones.gtm.sld.cu\/dmsims\/author\/dmsims\/"}]}},"_links":{"self":[{"href":"https:\/\/instituciones.gtm.sld.cu\/dmsims\/wp-json\/wp\/v2\/posts\/1333"}],"collection":[{"href":"https:\/\/instituciones.gtm.sld.cu\/dmsims\/wp-json\/wp\/v2\/posts"}],"about":[{"href":"https:\/\/instituciones.gtm.sld.cu\/dmsims\/wp-json\/wp\/v2\/types\/post"}],"author":[{"embeddable":true,"href":"https:\/\/instituciones.gtm.sld.cu\/dmsims\/wp-json\/wp\/v2\/users\/88"}],"replies":[{"embeddable":true,"href":"https:\/\/instituciones.gtm.sld.cu\/dmsims\/wp-json\/wp\/v2\/comments?post=1333"}],"version-history":[{"count":1,"href":"https:\/\/instituciones.gtm.sld.cu\/dmsims\/wp-json\/wp\/v2\/posts\/1333\/revisions"}],"predecessor-version":[{"id":1335,"href":"https:\/\/instituciones.gtm.sld.cu\/dmsims\/wp-json\/wp\/v2\/posts\/1333\/revisions\/1335"}],"wp:featuredmedia":[{"embeddable":true,"href":"https:\/\/instituciones.gtm.sld.cu\/dmsims\/wp-json\/wp\/v2\/media\/1334"}],"wp:attachment":[{"href":"https:\/\/instituciones.gtm.sld.cu\/dmsims\/wp-json\/wp\/v2\/media?parent=1333"}],"wp:term":[{"taxonomy":"category","embeddable":true,"href":"https:\/\/instituciones.gtm.sld.cu\/dmsims\/wp-json\/wp\/v2\/categories?post=1333"},{"taxonomy":"post_tag","embeddable":true,"href":"https:\/\/instituciones.gtm.sld.cu\/dmsims\/wp-json\/wp\/v2\/tags?post=1333"}],"curies":[{"name":"wp","href":"https:\/\/api.w.org\/{rel}","templated":true}]}}