{"id":1348,"date":"2023-01-17T08:06:39","date_gmt":"2023-01-17T13:06:39","guid":{"rendered":"http:\/\/instituciones.gtm.sld.cu\/dmsims\/?p=1348"},"modified":"2023-01-17T08:07:38","modified_gmt":"2023-01-17T13:07:38","slug":"ministerio-de-salud-publica-informa-sobre-fallecimiento-de-recien-nacidos-con-bajo-peso-al-nacer-y-prematuridad","status":"publish","type":"post","link":"https:\/\/instituciones.gtm.sld.cu\/dmsims\/2023\/01\/17\/ministerio-de-salud-publica-informa-sobre-fallecimiento-de-recien-nacidos-con-bajo-peso-al-nacer-y-prematuridad\/","title":{"rendered":"Ministerio de Salud P\u00fablica informa sobre fallecimiento de reci\u00e9n nacidos con bajo peso al nacer y prematuridad"},"content":{"rendered":"<p>El Ministerio de Salud P\u00fablica informa a la poblaci\u00f3n que,<strong> en el transcurso de este mes enero, en el Hospital Ginecobst\u00e9trico Diez de Octubre, de la provincia de La Habana, lamentablemente han fallecido ocho reci\u00e9n nacidos con bajo peso al nacer y prematuridad.<\/strong><!--more--><\/p>\n<blockquote><p>Cuatro de esos ni\u00f1os fallecieron a partir del pasado d\u00eda 11 con signos presuntivos de sepsis y los dem\u00e1s por otras causas relacionadas con su delicado estado de salud.<\/p><\/blockquote>\n<p>En dicho centro se han adoptado medidas para hacer frente a esa situaci\u00f3n y se cuenta con los recursos necesarios para atender a los reci\u00e9n nacidos.<\/p>\n<p>Actualmente <strong>una Comisi\u00f3n Nacional del Ministerio de Salud P\u00fablica investiga las causas del hecho y acorde con los resultados se aplicar\u00e1n las medidas pertinentes.<\/strong><\/p>\n<p>Fuente:Cubadebate<\/p>\n","protected":false},"excerpt":{"rendered":"<p>El Ministerio de Salud P\u00fablica informa a la poblaci\u00f3n que, en el transcurso de este mes enero, en el Hospital Ginecobst\u00e9trico Diez de Octubre, de la provincia de La Habana, lamentablemente han fallecido ocho reci\u00e9n nacidos con bajo peso al nacer y prematuridad.<\/p><p><a class=\"more-link btn\" href=\"https:\/\/instituciones.gtm.sld.cu\/dmsims\/2023\/01\/17\/ministerio-de-salud-publica-informa-sobre-fallecimiento-de-recien-nacidos-con-bajo-peso-al-nacer-y-prematuridad\/\">Seguir leyendo<\/a><\/p>\n","protected":false},"author":88,"featured_media":1349,"comment_status":"closed","ping_status":"open","sticky":false,"template":"","format":"standard","meta":{"ngg_post_thumbnail":0},"categories":[11],"tags":[],"yoast_head":"<!-- This site is optimized with the Yoast SEO plugin v21.8 - https:\/\/yoast.com\/wordpress\/plugins\/seo\/ -->\n<title>Ministerio de Salud P\u00fablica informa sobre fallecimiento de reci\u00e9n nacidos con bajo peso al nacer y prematuridad - Policl\u00ednico &quot;Ciro Fr\u00edas Cabrera&quot;<\/title>\n<meta name=\"robots\" content=\"index, follow, max-snippet:-1, max-image-preview:large, max-video-preview:-1\" \/>\n<link rel=\"canonical\" href=\"https:\/\/instituciones.gtm.sld.cu\/dmsims\/2023\/01\/17\/ministerio-de-salud-publica-informa-sobre-fallecimiento-de-recien-nacidos-con-bajo-peso-al-nacer-y-prematuridad\/\" \/>\n<meta property=\"og:locale\" content=\"es_ES\" \/>\n<meta property=\"og:type\" content=\"article\" \/>\n<meta property=\"og:title\" content=\"Ministerio de Salud P\u00fablica informa sobre fallecimiento de reci\u00e9n nacidos con bajo peso al nacer y prematuridad - Policl\u00ednico &quot;Ciro Fr\u00edas Cabrera&quot;\" \/>\n<meta property=\"og:description\" content=\"El Ministerio de Salud P\u00fablica informa a la poblaci\u00f3n que, en el transcurso de este mes enero, en el Hospital Ginecobst\u00e9trico Diez de Octubre, de la provincia de La Habana, lamentablemente han fallecido ocho reci\u00e9n nacidos con bajo peso al nacer y prematuridad.\" \/>\n<meta property=\"og:url\" content=\"https:\/\/instituciones.gtm.sld.cu\/dmsims\/2023\/01\/17\/ministerio-de-salud-publica-informa-sobre-fallecimiento-de-recien-nacidos-con-bajo-peso-al-nacer-y-prematuridad\/\" \/>\n<meta property=\"og:site_name\" content=\"Policl\u00ednico &quot;Ciro Fr\u00edas Cabrera&quot;\" \/>\n<meta property=\"article:published_time\" content=\"2023-01-17T13:06:39+00:00\" \/>\n<meta property=\"article:modified_time\" content=\"2023-01-17T13:07:38+00:00\" \/>\n<meta property=\"og:image\" content=\"https:\/\/instituciones.gtm.sld.cu\/dmsims\/wp-content\/uploads\/sites\/34\/2023\/01\/nota-informativa-minsap-580x317-1-580x317.jpg\" \/>\n\t<meta property=\"og:image:width\" content=\"145\" \/>\n\t<meta property=\"og:image:height\" content=\"80\" \/>\n\t<meta property=\"og:image:type\" content=\"image\/jpeg\" \/>\n<meta name=\"author\" content=\"dmsims\" \/>\n<meta name=\"twitter:card\" content=\"summary_large_image\" \/>\n<meta name=\"twitter:label1\" content=\"Escrito por\" \/>\n\t<meta name=\"twitter:data1\" content=\"dmsims\" \/>\n\t<meta name=\"twitter:label2\" content=\"Tiempo de lectura\" \/>\n\t<meta name=\"twitter:data2\" content=\"1 minuto\" \/>\n<script type=\"application\/ld+json\" class=\"yoast-schema-graph\">{\"@context\":\"https:\/\/schema.org\",\"@graph\":[{\"@type\":\"WebPage\",\"@id\":\"https:\/\/instituciones.gtm.sld.cu\/dmsims\/2023\/01\/17\/ministerio-de-salud-publica-informa-sobre-fallecimiento-de-recien-nacidos-con-bajo-peso-al-nacer-y-prematuridad\/\",\"url\":\"https:\/\/instituciones.gtm.sld.cu\/dmsims\/2023\/01\/17\/ministerio-de-salud-publica-informa-sobre-fallecimiento-de-recien-nacidos-con-bajo-peso-al-nacer-y-prematuridad\/\",\"name\":\"Ministerio de Salud P\u00fablica informa sobre fallecimiento de reci\u00e9n nacidos con bajo peso al nacer y prematuridad - Policl\u00ednico &quot;Ciro Fr\u00edas Cabrera&quot;\",\"isPartOf\":{\"@id\":\"https:\/\/instituciones.gtm.sld.cu\/dmsims\/#website\"},\"datePublished\":\"2023-01-17T13:06:39+00:00\",\"dateModified\":\"2023-01-17T13:07:38+00:00\",\"author\":{\"@id\":\"https:\/\/instituciones.gtm.sld.cu\/dmsims\/#\/schema\/person\/e02d318b45e27c313e3bbe3f7698cc47\"},\"breadcrumb\":{\"@id\":\"https:\/\/instituciones.gtm.sld.cu\/dmsims\/2023\/01\/17\/ministerio-de-salud-publica-informa-sobre-fallecimiento-de-recien-nacidos-con-bajo-peso-al-nacer-y-prematuridad\/#breadcrumb\"},\"inLanguage\":\"es\",\"potentialAction\":[{\"@type\":\"ReadAction\",\"target\":[\"https:\/\/instituciones.gtm.sld.cu\/dmsims\/2023\/01\/17\/ministerio-de-salud-publica-informa-sobre-fallecimiento-de-recien-nacidos-con-bajo-peso-al-nacer-y-prematuridad\/\"]}]},{\"@type\":\"BreadcrumbList\",\"@id\":\"https:\/\/instituciones.gtm.sld.cu\/dmsims\/2023\/01\/17\/ministerio-de-salud-publica-informa-sobre-fallecimiento-de-recien-nacidos-con-bajo-peso-al-nacer-y-prematuridad\/#breadcrumb\",\"itemListElement\":[{\"@type\":\"ListItem\",\"position\":1,\"name\":\"Portada\",\"item\":\"https:\/\/instituciones.gtm.sld.cu\/dmsims\/\"},{\"@type\":\"ListItem\",\"position\":2,\"name\":\"Ministerio de Salud P\u00fablica informa sobre fallecimiento de reci\u00e9n nacidos con bajo peso al nacer y prematuridad\"}]},{\"@type\":\"WebSite\",\"@id\":\"https:\/\/instituciones.gtm.sld.cu\/dmsims\/#website\",\"url\":\"https:\/\/instituciones.gtm.sld.cu\/dmsims\/\",\"name\":\"Policl\u00ednico &quot;Ciro Fr\u00edas Cabrera&quot;\",\"description\":\"Policl\u00ednico &quot;Ciro Fr\u00edas Cabrera&quot;\",\"potentialAction\":[{\"@type\":\"SearchAction\",\"target\":{\"@type\":\"EntryPoint\",\"urlTemplate\":\"https:\/\/instituciones.gtm.sld.cu\/dmsims\/?s={search_term_string}\"},\"query-input\":\"required name=search_term_string\"}],\"inLanguage\":\"es\"},{\"@type\":\"Person\",\"@id\":\"https:\/\/instituciones.gtm.sld.cu\/dmsims\/#\/schema\/person\/e02d318b45e27c313e3bbe3f7698cc47\",\"name\":\"dmsims\",\"url\":\"https:\/\/instituciones.gtm.sld.cu\/dmsims\/author\/dmsims\/\"}]}<\/script>\n<!-- \/ Yoast SEO plugin. -->","yoast_head_json":{"title":"Ministerio de Salud P\u00fablica informa sobre fallecimiento de reci\u00e9n nacidos con bajo peso al nacer y prematuridad - Policl\u00ednico &quot;Ciro Fr\u00edas Cabrera&quot;","robots":{"index":"index","follow":"follow","max-snippet":"max-snippet:-1","max-image-preview":"max-image-preview:large","max-video-preview":"max-video-preview:-1"},"canonical":"https:\/\/instituciones.gtm.sld.cu\/dmsims\/2023\/01\/17\/ministerio-de-salud-publica-informa-sobre-fallecimiento-de-recien-nacidos-con-bajo-peso-al-nacer-y-prematuridad\/","og_locale":"es_ES","og_type":"article","og_title":"Ministerio de Salud P\u00fablica informa sobre fallecimiento de reci\u00e9n nacidos con bajo peso al nacer y prematuridad - Policl\u00ednico &quot;Ciro Fr\u00edas Cabrera&quot;","og_description":"El Ministerio de Salud P\u00fablica informa a la poblaci\u00f3n que, en el transcurso de este mes enero, en el Hospital Ginecobst\u00e9trico Diez de Octubre, de la provincia de La Habana, lamentablemente han fallecido ocho reci\u00e9n nacidos con bajo peso al nacer y prematuridad.","og_url":"https:\/\/instituciones.gtm.sld.cu\/dmsims\/2023\/01\/17\/ministerio-de-salud-publica-informa-sobre-fallecimiento-de-recien-nacidos-con-bajo-peso-al-nacer-y-prematuridad\/","og_site_name":"Policl\u00ednico &quot;Ciro Fr\u00edas Cabrera&quot;","article_published_time":"2023-01-17T13:06:39+00:00","article_modified_time":"2023-01-17T13:07:38+00:00","og_image":[{"width":145,"height":80,"url":"https:\/\/instituciones.gtm.sld.cu\/dmsims\/wp-content\/uploads\/sites\/34\/2023\/01\/nota-informativa-minsap-580x317-1-580x317.jpg","type":"image\/jpeg"}],"author":"dmsims","twitter_card":"summary_large_image","twitter_misc":{"Escrito por":"dmsims","Tiempo de lectura":"1 minuto"},"schema":{"@context":"https:\/\/schema.org","@graph":[{"@type":"WebPage","@id":"https:\/\/instituciones.gtm.sld.cu\/dmsims\/2023\/01\/17\/ministerio-de-salud-publica-informa-sobre-fallecimiento-de-recien-nacidos-con-bajo-peso-al-nacer-y-prematuridad\/","url":"https:\/\/instituciones.gtm.sld.cu\/dmsims\/2023\/01\/17\/ministerio-de-salud-publica-informa-sobre-fallecimiento-de-recien-nacidos-con-bajo-peso-al-nacer-y-prematuridad\/","name":"Ministerio de Salud P\u00fablica informa sobre fallecimiento de reci\u00e9n nacidos con bajo peso al nacer y prematuridad - Policl\u00ednico &quot;Ciro Fr\u00edas Cabrera&quot;","isPartOf":{"@id":"https:\/\/instituciones.gtm.sld.cu\/dmsims\/#website"},"datePublished":"2023-01-17T13:06:39+00:00","dateModified":"2023-01-17T13:07:38+00:00","author":{"@id":"https:\/\/instituciones.gtm.sld.cu\/dmsims\/#\/schema\/person\/e02d318b45e27c313e3bbe3f7698cc47"},"breadcrumb":{"@id":"https:\/\/instituciones.gtm.sld.cu\/dmsims\/2023\/01\/17\/ministerio-de-salud-publica-informa-sobre-fallecimiento-de-recien-nacidos-con-bajo-peso-al-nacer-y-prematuridad\/#breadcrumb"},"inLanguage":"es","potentialAction":[{"@type":"ReadAction","target":["https:\/\/instituciones.gtm.sld.cu\/dmsims\/2023\/01\/17\/ministerio-de-salud-publica-informa-sobre-fallecimiento-de-recien-nacidos-con-bajo-peso-al-nacer-y-prematuridad\/"]}]},{"@type":"BreadcrumbList","@id":"https:\/\/instituciones.gtm.sld.cu\/dmsims\/2023\/01\/17\/ministerio-de-salud-publica-informa-sobre-fallecimiento-de-recien-nacidos-con-bajo-peso-al-nacer-y-prematuridad\/#breadcrumb","itemListElement":[{"@type":"ListItem","position":1,"name":"Portada","item":"https:\/\/instituciones.gtm.sld.cu\/dmsims\/"},{"@type":"ListItem","position":2,"name":"Ministerio de Salud P\u00fablica informa sobre fallecimiento de reci\u00e9n nacidos con bajo peso al nacer y prematuridad"}]},{"@type":"WebSite","@id":"https:\/\/instituciones.gtm.sld.cu\/dmsims\/#website","url":"https:\/\/instituciones.gtm.sld.cu\/dmsims\/","name":"Policl\u00ednico &quot;Ciro Fr\u00edas Cabrera&quot;","description":"Policl\u00ednico &quot;Ciro Fr\u00edas Cabrera&quot;","potentialAction":[{"@type":"SearchAction","target":{"@type":"EntryPoint","urlTemplate":"https:\/\/instituciones.gtm.sld.cu\/dmsims\/?s={search_term_string}"},"query-input":"required name=search_term_string"}],"inLanguage":"es"},{"@type":"Person","@id":"https:\/\/instituciones.gtm.sld.cu\/dmsims\/#\/schema\/person\/e02d318b45e27c313e3bbe3f7698cc47","name":"dmsims","url":"https:\/\/instituciones.gtm.sld.cu\/dmsims\/author\/dmsims\/"}]}},"_links":{"self":[{"href":"https:\/\/instituciones.gtm.sld.cu\/dmsims\/wp-json\/wp\/v2\/posts\/1348"}],"collection":[{"href":"https:\/\/instituciones.gtm.sld.cu\/dmsims\/wp-json\/wp\/v2\/posts"}],"about":[{"href":"https:\/\/instituciones.gtm.sld.cu\/dmsims\/wp-json\/wp\/v2\/types\/post"}],"author":[{"embeddable":true,"href":"https:\/\/instituciones.gtm.sld.cu\/dmsims\/wp-json\/wp\/v2\/users\/88"}],"replies":[{"embeddable":true,"href":"https:\/\/instituciones.gtm.sld.cu\/dmsims\/wp-json\/wp\/v2\/comments?post=1348"}],"version-history":[{"count":1,"href":"https:\/\/instituciones.gtm.sld.cu\/dmsims\/wp-json\/wp\/v2\/posts\/1348\/revisions"}],"predecessor-version":[{"id":1350,"href":"https:\/\/instituciones.gtm.sld.cu\/dmsims\/wp-json\/wp\/v2\/posts\/1348\/revisions\/1350"}],"wp:featuredmedia":[{"embeddable":true,"href":"https:\/\/instituciones.gtm.sld.cu\/dmsims\/wp-json\/wp\/v2\/media\/1349"}],"wp:attachment":[{"href":"https:\/\/instituciones.gtm.sld.cu\/dmsims\/wp-json\/wp\/v2\/media?parent=1348"}],"wp:term":[{"taxonomy":"category","embeddable":true,"href":"https:\/\/instituciones.gtm.sld.cu\/dmsims\/wp-json\/wp\/v2\/categories?post=1348"},{"taxonomy":"post_tag","embeddable":true,"href":"https:\/\/instituciones.gtm.sld.cu\/dmsims\/wp-json\/wp\/v2\/tags?post=1348"}],"curies":[{"name":"wp","href":"https:\/\/api.w.org\/{rel}","templated":true}]}}