{"id":1353,"date":"2023-01-31T07:48:49","date_gmt":"2023-01-31T12:48:49","guid":{"rendered":"http:\/\/instituciones.gtm.sld.cu\/dmsims\/?p=1353"},"modified":"2023-01-31T07:49:30","modified_gmt":"2023-01-31T12:49:30","slug":"minsap-informa-sobre-colaborador-cubano-secuestrado-en-haiti","status":"publish","type":"post","link":"https:\/\/instituciones.gtm.sld.cu\/dmsims\/2023\/01\/31\/minsap-informa-sobre-colaborador-cubano-secuestrado-en-haiti\/","title":{"rendered":"Minsap informa sobre colaborador cubano secuestrado en Hait\u00ed"},"content":{"rendered":"<p>El 23 de enero de 2023, fue secuestrado en Puerto Pr\u00edncipe, Hait\u00ed, por parte de una de las bandas que operan al margen de la ley en ese pa\u00eds, el colaborador de la Brigada M\u00e9dica Cubana Alejandro Aguilera Milan\u00e9s. De manera inmediata y con la debida discreci\u00f3n, indispensable en situaciones de esta \u00edndole, se iniciaron las gestiones con las autoridades haitianas .<!--more--><\/p>\n<p>De manera inmediata y con la debida discreci\u00f3n, indispensable en situaciones de esta \u00edndole, se iniciaron las gestiones con las autoridades haitianas para atender con la m\u00e1xima prioridad ese lamentable hecho en aras de lograr la segura y pronta liberaci\u00f3n del colaborador cubano.<\/p>\n<p>Se mantiene informados a los familiares del colaborador, quien es trabajador de la Direcci\u00f3n Provincial de Salud de Las Tunas.<\/p>\n<p><strong>El resto de los integrantes de la Brigada M\u00e9dica Cubana se encuentran bien,<\/strong> cumpliendo como hasta ahora con las medidas de seguridad establecidas para el desempe\u00f1o de sus funciones y su protecci\u00f3n.<\/p>\n<p>Fuente:Cubadebate<\/p>\n","protected":false},"excerpt":{"rendered":"<p>El 23 de enero de 2023, fue secuestrado en Puerto Pr\u00edncipe, Hait\u00ed, por parte de una de las bandas que operan al margen de la ley en ese pa\u00eds, el colaborador de la Brigada M\u00e9dica Cubana Alejandro Aguilera Milan\u00e9s. De manera inmediata y con la debida discreci\u00f3n, indispensable en situaciones de esta \u00edndole, se iniciaron &hellip; <\/p>\n<p><a class=\"more-link btn\" href=\"https:\/\/instituciones.gtm.sld.cu\/dmsims\/2023\/01\/31\/minsap-informa-sobre-colaborador-cubano-secuestrado-en-haiti\/\">Seguir leyendo<\/a><\/p>\n","protected":false},"author":88,"featured_media":1354,"comment_status":"closed","ping_status":"open","sticky":false,"template":"","format":"standard","meta":{"ngg_post_thumbnail":0},"categories":[1],"tags":[],"yoast_head":"<!-- This site is optimized with the Yoast SEO plugin v21.8 - https:\/\/yoast.com\/wordpress\/plugins\/seo\/ -->\n<title>Minsap informa sobre colaborador cubano secuestrado en Hait\u00ed - Policl\u00ednico &quot;Ciro Fr\u00edas Cabrera&quot;<\/title>\n<meta name=\"robots\" content=\"index, follow, max-snippet:-1, max-image-preview:large, max-video-preview:-1\" \/>\n<link rel=\"canonical\" href=\"https:\/\/instituciones.gtm.sld.cu\/dmsims\/2023\/01\/31\/minsap-informa-sobre-colaborador-cubano-secuestrado-en-haiti\/\" \/>\n<meta property=\"og:locale\" content=\"es_ES\" \/>\n<meta property=\"og:type\" content=\"article\" \/>\n<meta property=\"og:title\" content=\"Minsap informa sobre colaborador cubano secuestrado en Hait\u00ed - Policl\u00ednico &quot;Ciro Fr\u00edas Cabrera&quot;\" \/>\n<meta property=\"og:description\" content=\"El 23 de enero de 2023, fue secuestrado en Puerto Pr\u00edncipe, Hait\u00ed, por parte de una de las bandas que operan al margen de la ley en ese pa\u00eds, el colaborador de la Brigada M\u00e9dica Cubana Alejandro Aguilera Milan\u00e9s. De manera inmediata y con la debida discreci\u00f3n, indispensable en situaciones de esta \u00edndole, se iniciaron &hellip; Seguir leyendo\" \/>\n<meta property=\"og:url\" content=\"https:\/\/instituciones.gtm.sld.cu\/dmsims\/2023\/01\/31\/minsap-informa-sobre-colaborador-cubano-secuestrado-en-haiti\/\" \/>\n<meta property=\"og:site_name\" content=\"Policl\u00ednico &quot;Ciro Fr\u00edas Cabrera&quot;\" \/>\n<meta property=\"article:published_time\" content=\"2023-01-31T12:48:49+00:00\" \/>\n<meta property=\"article:modified_time\" content=\"2023-01-31T12:49:30+00:00\" \/>\n<meta property=\"og:image\" content=\"https:\/\/instituciones.gtm.sld.cu\/dmsims\/wp-content\/uploads\/sites\/34\/2023\/01\/nota-informativa-minsap-e1661213618943.jpg\" \/>\n\t<meta property=\"og:image:width\" content=\"580\" \/>\n\t<meta property=\"og:image:height\" content=\"266\" \/>\n\t<meta property=\"og:image:type\" content=\"image\/jpeg\" \/>\n<meta name=\"author\" content=\"dmsims\" \/>\n<meta name=\"twitter:card\" content=\"summary_large_image\" \/>\n<meta name=\"twitter:label1\" content=\"Escrito por\" \/>\n\t<meta name=\"twitter:data1\" content=\"dmsims\" \/>\n\t<meta name=\"twitter:label2\" content=\"Tiempo de lectura\" \/>\n\t<meta name=\"twitter:data2\" content=\"1 minuto\" \/>\n<script type=\"application\/ld+json\" class=\"yoast-schema-graph\">{\"@context\":\"https:\/\/schema.org\",\"@graph\":[{\"@type\":\"WebPage\",\"@id\":\"https:\/\/instituciones.gtm.sld.cu\/dmsims\/2023\/01\/31\/minsap-informa-sobre-colaborador-cubano-secuestrado-en-haiti\/\",\"url\":\"https:\/\/instituciones.gtm.sld.cu\/dmsims\/2023\/01\/31\/minsap-informa-sobre-colaborador-cubano-secuestrado-en-haiti\/\",\"name\":\"Minsap informa sobre colaborador cubano secuestrado en Hait\u00ed - Policl\u00ednico &quot;Ciro Fr\u00edas Cabrera&quot;\",\"isPartOf\":{\"@id\":\"https:\/\/instituciones.gtm.sld.cu\/dmsims\/#website\"},\"datePublished\":\"2023-01-31T12:48:49+00:00\",\"dateModified\":\"2023-01-31T12:49:30+00:00\",\"author\":{\"@id\":\"https:\/\/instituciones.gtm.sld.cu\/dmsims\/#\/schema\/person\/e02d318b45e27c313e3bbe3f7698cc47\"},\"breadcrumb\":{\"@id\":\"https:\/\/instituciones.gtm.sld.cu\/dmsims\/2023\/01\/31\/minsap-informa-sobre-colaborador-cubano-secuestrado-en-haiti\/#breadcrumb\"},\"inLanguage\":\"es\",\"potentialAction\":[{\"@type\":\"ReadAction\",\"target\":[\"https:\/\/instituciones.gtm.sld.cu\/dmsims\/2023\/01\/31\/minsap-informa-sobre-colaborador-cubano-secuestrado-en-haiti\/\"]}]},{\"@type\":\"BreadcrumbList\",\"@id\":\"https:\/\/instituciones.gtm.sld.cu\/dmsims\/2023\/01\/31\/minsap-informa-sobre-colaborador-cubano-secuestrado-en-haiti\/#breadcrumb\",\"itemListElement\":[{\"@type\":\"ListItem\",\"position\":1,\"name\":\"Portada\",\"item\":\"https:\/\/instituciones.gtm.sld.cu\/dmsims\/\"},{\"@type\":\"ListItem\",\"position\":2,\"name\":\"Minsap informa sobre colaborador cubano secuestrado en Hait\u00ed\"}]},{\"@type\":\"WebSite\",\"@id\":\"https:\/\/instituciones.gtm.sld.cu\/dmsims\/#website\",\"url\":\"https:\/\/instituciones.gtm.sld.cu\/dmsims\/\",\"name\":\"Policl\u00ednico &quot;Ciro Fr\u00edas Cabrera&quot;\",\"description\":\"Policl\u00ednico &quot;Ciro Fr\u00edas Cabrera&quot;\",\"potentialAction\":[{\"@type\":\"SearchAction\",\"target\":{\"@type\":\"EntryPoint\",\"urlTemplate\":\"https:\/\/instituciones.gtm.sld.cu\/dmsims\/?s={search_term_string}\"},\"query-input\":\"required name=search_term_string\"}],\"inLanguage\":\"es\"},{\"@type\":\"Person\",\"@id\":\"https:\/\/instituciones.gtm.sld.cu\/dmsims\/#\/schema\/person\/e02d318b45e27c313e3bbe3f7698cc47\",\"name\":\"dmsims\",\"url\":\"https:\/\/instituciones.gtm.sld.cu\/dmsims\/author\/dmsims\/\"}]}<\/script>\n<!-- \/ Yoast SEO plugin. -->","yoast_head_json":{"title":"Minsap informa sobre colaborador cubano secuestrado en Hait\u00ed - Policl\u00ednico &quot;Ciro Fr\u00edas Cabrera&quot;","robots":{"index":"index","follow":"follow","max-snippet":"max-snippet:-1","max-image-preview":"max-image-preview:large","max-video-preview":"max-video-preview:-1"},"canonical":"https:\/\/instituciones.gtm.sld.cu\/dmsims\/2023\/01\/31\/minsap-informa-sobre-colaborador-cubano-secuestrado-en-haiti\/","og_locale":"es_ES","og_type":"article","og_title":"Minsap informa sobre colaborador cubano secuestrado en Hait\u00ed - Policl\u00ednico &quot;Ciro Fr\u00edas Cabrera&quot;","og_description":"El 23 de enero de 2023, fue secuestrado en Puerto Pr\u00edncipe, Hait\u00ed, por parte de una de las bandas que operan al margen de la ley en ese pa\u00eds, el colaborador de la Brigada M\u00e9dica Cubana Alejandro Aguilera Milan\u00e9s. De manera inmediata y con la debida discreci\u00f3n, indispensable en situaciones de esta \u00edndole, se iniciaron &hellip; Seguir leyendo","og_url":"https:\/\/instituciones.gtm.sld.cu\/dmsims\/2023\/01\/31\/minsap-informa-sobre-colaborador-cubano-secuestrado-en-haiti\/","og_site_name":"Policl\u00ednico &quot;Ciro Fr\u00edas Cabrera&quot;","article_published_time":"2023-01-31T12:48:49+00:00","article_modified_time":"2023-01-31T12:49:30+00:00","og_image":[{"width":580,"height":266,"url":"https:\/\/instituciones.gtm.sld.cu\/dmsims\/wp-content\/uploads\/sites\/34\/2023\/01\/nota-informativa-minsap-e1661213618943.jpg","type":"image\/jpeg"}],"author":"dmsims","twitter_card":"summary_large_image","twitter_misc":{"Escrito por":"dmsims","Tiempo de lectura":"1 minuto"},"schema":{"@context":"https:\/\/schema.org","@graph":[{"@type":"WebPage","@id":"https:\/\/instituciones.gtm.sld.cu\/dmsims\/2023\/01\/31\/minsap-informa-sobre-colaborador-cubano-secuestrado-en-haiti\/","url":"https:\/\/instituciones.gtm.sld.cu\/dmsims\/2023\/01\/31\/minsap-informa-sobre-colaborador-cubano-secuestrado-en-haiti\/","name":"Minsap informa sobre colaborador cubano secuestrado en Hait\u00ed - Policl\u00ednico &quot;Ciro Fr\u00edas Cabrera&quot;","isPartOf":{"@id":"https:\/\/instituciones.gtm.sld.cu\/dmsims\/#website"},"datePublished":"2023-01-31T12:48:49+00:00","dateModified":"2023-01-31T12:49:30+00:00","author":{"@id":"https:\/\/instituciones.gtm.sld.cu\/dmsims\/#\/schema\/person\/e02d318b45e27c313e3bbe3f7698cc47"},"breadcrumb":{"@id":"https:\/\/instituciones.gtm.sld.cu\/dmsims\/2023\/01\/31\/minsap-informa-sobre-colaborador-cubano-secuestrado-en-haiti\/#breadcrumb"},"inLanguage":"es","potentialAction":[{"@type":"ReadAction","target":["https:\/\/instituciones.gtm.sld.cu\/dmsims\/2023\/01\/31\/minsap-informa-sobre-colaborador-cubano-secuestrado-en-haiti\/"]}]},{"@type":"BreadcrumbList","@id":"https:\/\/instituciones.gtm.sld.cu\/dmsims\/2023\/01\/31\/minsap-informa-sobre-colaborador-cubano-secuestrado-en-haiti\/#breadcrumb","itemListElement":[{"@type":"ListItem","position":1,"name":"Portada","item":"https:\/\/instituciones.gtm.sld.cu\/dmsims\/"},{"@type":"ListItem","position":2,"name":"Minsap informa sobre colaborador cubano secuestrado en Hait\u00ed"}]},{"@type":"WebSite","@id":"https:\/\/instituciones.gtm.sld.cu\/dmsims\/#website","url":"https:\/\/instituciones.gtm.sld.cu\/dmsims\/","name":"Policl\u00ednico &quot;Ciro Fr\u00edas Cabrera&quot;","description":"Policl\u00ednico &quot;Ciro Fr\u00edas Cabrera&quot;","potentialAction":[{"@type":"SearchAction","target":{"@type":"EntryPoint","urlTemplate":"https:\/\/instituciones.gtm.sld.cu\/dmsims\/?s={search_term_string}"},"query-input":"required name=search_term_string"}],"inLanguage":"es"},{"@type":"Person","@id":"https:\/\/instituciones.gtm.sld.cu\/dmsims\/#\/schema\/person\/e02d318b45e27c313e3bbe3f7698cc47","name":"dmsims","url":"https:\/\/instituciones.gtm.sld.cu\/dmsims\/author\/dmsims\/"}]}},"_links":{"self":[{"href":"https:\/\/instituciones.gtm.sld.cu\/dmsims\/wp-json\/wp\/v2\/posts\/1353"}],"collection":[{"href":"https:\/\/instituciones.gtm.sld.cu\/dmsims\/wp-json\/wp\/v2\/posts"}],"about":[{"href":"https:\/\/instituciones.gtm.sld.cu\/dmsims\/wp-json\/wp\/v2\/types\/post"}],"author":[{"embeddable":true,"href":"https:\/\/instituciones.gtm.sld.cu\/dmsims\/wp-json\/wp\/v2\/users\/88"}],"replies":[{"embeddable":true,"href":"https:\/\/instituciones.gtm.sld.cu\/dmsims\/wp-json\/wp\/v2\/comments?post=1353"}],"version-history":[{"count":1,"href":"https:\/\/instituciones.gtm.sld.cu\/dmsims\/wp-json\/wp\/v2\/posts\/1353\/revisions"}],"predecessor-version":[{"id":1355,"href":"https:\/\/instituciones.gtm.sld.cu\/dmsims\/wp-json\/wp\/v2\/posts\/1353\/revisions\/1355"}],"wp:featuredmedia":[{"embeddable":true,"href":"https:\/\/instituciones.gtm.sld.cu\/dmsims\/wp-json\/wp\/v2\/media\/1354"}],"wp:attachment":[{"href":"https:\/\/instituciones.gtm.sld.cu\/dmsims\/wp-json\/wp\/v2\/media?parent=1353"}],"wp:term":[{"taxonomy":"category","embeddable":true,"href":"https:\/\/instituciones.gtm.sld.cu\/dmsims\/wp-json\/wp\/v2\/categories?post=1353"},{"taxonomy":"post_tag","embeddable":true,"href":"https:\/\/instituciones.gtm.sld.cu\/dmsims\/wp-json\/wp\/v2\/tags?post=1353"}],"curies":[{"name":"wp","href":"https:\/\/api.w.org\/{rel}","templated":true}]}}