{"id":1364,"date":"2023-02-02T14:49:29","date_gmt":"2023-02-02T19:49:29","guid":{"rendered":"http:\/\/instituciones.gtm.sld.cu\/dmsims\/?p=1364"},"modified":"2023-02-02T14:53:53","modified_gmt":"2023-02-02T19:53:53","slug":"policlinico-ciro-frias-cabrera-38","status":"publish","type":"post","link":"https:\/\/instituciones.gtm.sld.cu\/dmsims\/2023\/02\/02\/policlinico-ciro-frias-cabrera-38\/","title":{"rendered":"Policl\u00ednico Ciro Fr\u00edas Cabrera"},"content":{"rendered":"<p>En matutino realizado en el Policl\u00ednico Ciro Fr\u00edas Cabrera de Im\u00edas en Guant\u00e1namo, se da la bienvenida al Licenciado en Enfermer\u00eda Idalgo Matos Mart\u00ednez quien retorna al pa\u00eds luego de cumplir de manera satisfactoria su mision internacionalista en la Rep\u00fablica Bolivariana de Venezuela.<\/p>\n<p>Fuente:Policlinico Ciro Frias Cabrera<\/p>\n","protected":false},"excerpt":{"rendered":"<p>En matutino realizado en el Policl\u00ednico Ciro Fr\u00edas Cabrera de Im\u00edas en Guant\u00e1namo, se da la bienvenida al Licenciado en Enfermer\u00eda Idalgo Matos Mart\u00ednez quien retorna al pa\u00eds luego de cumplir de manera satisfactoria su mision internacionalista en la Rep\u00fablica Bolivariana de Venezuela. Fuente:Policlinico Ciro Frias Cabrera<\/p>\n","protected":false},"author":88,"featured_media":1365,"comment_status":"closed","ping_status":"open","sticky":false,"template":"","format":"standard","meta":{"ngg_post_thumbnail":0},"categories":[11],"tags":[],"yoast_head":"<!-- This site is optimized with the Yoast SEO plugin v21.8 - https:\/\/yoast.com\/wordpress\/plugins\/seo\/ -->\n<title>Policl\u00ednico Ciro Fr\u00edas Cabrera - Policl\u00ednico &quot;Ciro Fr\u00edas Cabrera&quot;<\/title>\n<meta name=\"robots\" content=\"index, follow, max-snippet:-1, max-image-preview:large, max-video-preview:-1\" \/>\n<link rel=\"canonical\" href=\"https:\/\/instituciones.gtm.sld.cu\/dmsims\/2023\/02\/02\/policlinico-ciro-frias-cabrera-38\/\" \/>\n<meta property=\"og:locale\" content=\"es_ES\" \/>\n<meta property=\"og:type\" content=\"article\" \/>\n<meta property=\"og:title\" content=\"Policl\u00ednico Ciro Fr\u00edas Cabrera - Policl\u00ednico &quot;Ciro Fr\u00edas Cabrera&quot;\" \/>\n<meta property=\"og:description\" content=\"En matutino realizado en el Policl\u00ednico Ciro Fr\u00edas Cabrera de Im\u00edas en Guant\u00e1namo, se da la bienvenida al Licenciado en Enfermer\u00eda Idalgo Matos Mart\u00ednez quien retorna al pa\u00eds luego de cumplir de manera satisfactoria su mision internacionalista en la Rep\u00fablica Bolivariana de Venezuela. Fuente:Policlinico Ciro Frias Cabrera\" \/>\n<meta property=\"og:url\" content=\"https:\/\/instituciones.gtm.sld.cu\/dmsims\/2023\/02\/02\/policlinico-ciro-frias-cabrera-38\/\" \/>\n<meta property=\"og:site_name\" content=\"Policl\u00ednico &quot;Ciro Fr\u00edas Cabrera&quot;\" \/>\n<meta property=\"article:published_time\" content=\"2023-02-02T19:49:29+00:00\" \/>\n<meta property=\"article:modified_time\" content=\"2023-02-02T19:53:53+00:00\" \/>\n<meta property=\"og:image\" content=\"https:\/\/instituciones.gtm.sld.cu\/dmsims\/wp-content\/uploads\/sites\/34\/2023\/02\/328146658_1341448656603701_3145519314415790286_n.jpg\" \/>\n\t<meta property=\"og:image:width\" content=\"450\" \/>\n\t<meta property=\"og:image:height\" content=\"695\" \/>\n\t<meta property=\"og:image:type\" content=\"image\/jpeg\" \/>\n<meta name=\"author\" content=\"dmsims\" \/>\n<meta name=\"twitter:card\" content=\"summary_large_image\" \/>\n<meta name=\"twitter:label1\" content=\"Escrito por\" \/>\n\t<meta name=\"twitter:data1\" content=\"dmsims\" \/>\n<script type=\"application\/ld+json\" class=\"yoast-schema-graph\">{\"@context\":\"https:\/\/schema.org\",\"@graph\":[{\"@type\":\"WebPage\",\"@id\":\"https:\/\/instituciones.gtm.sld.cu\/dmsims\/2023\/02\/02\/policlinico-ciro-frias-cabrera-38\/\",\"url\":\"https:\/\/instituciones.gtm.sld.cu\/dmsims\/2023\/02\/02\/policlinico-ciro-frias-cabrera-38\/\",\"name\":\"Policl\u00ednico Ciro Fr\u00edas Cabrera - Policl\u00ednico &quot;Ciro Fr\u00edas Cabrera&quot;\",\"isPartOf\":{\"@id\":\"https:\/\/instituciones.gtm.sld.cu\/dmsims\/#website\"},\"datePublished\":\"2023-02-02T19:49:29+00:00\",\"dateModified\":\"2023-02-02T19:53:53+00:00\",\"author\":{\"@id\":\"https:\/\/instituciones.gtm.sld.cu\/dmsims\/#\/schema\/person\/e02d318b45e27c313e3bbe3f7698cc47\"},\"breadcrumb\":{\"@id\":\"https:\/\/instituciones.gtm.sld.cu\/dmsims\/2023\/02\/02\/policlinico-ciro-frias-cabrera-38\/#breadcrumb\"},\"inLanguage\":\"es\",\"potentialAction\":[{\"@type\":\"ReadAction\",\"target\":[\"https:\/\/instituciones.gtm.sld.cu\/dmsims\/2023\/02\/02\/policlinico-ciro-frias-cabrera-38\/\"]}]},{\"@type\":\"BreadcrumbList\",\"@id\":\"https:\/\/instituciones.gtm.sld.cu\/dmsims\/2023\/02\/02\/policlinico-ciro-frias-cabrera-38\/#breadcrumb\",\"itemListElement\":[{\"@type\":\"ListItem\",\"position\":1,\"name\":\"Portada\",\"item\":\"https:\/\/instituciones.gtm.sld.cu\/dmsims\/\"},{\"@type\":\"ListItem\",\"position\":2,\"name\":\"Policl\u00ednico Ciro Fr\u00edas Cabrera\"}]},{\"@type\":\"WebSite\",\"@id\":\"https:\/\/instituciones.gtm.sld.cu\/dmsims\/#website\",\"url\":\"https:\/\/instituciones.gtm.sld.cu\/dmsims\/\",\"name\":\"Policl\u00ednico &quot;Ciro Fr\u00edas Cabrera&quot;\",\"description\":\"Policl\u00ednico &quot;Ciro Fr\u00edas Cabrera&quot;\",\"potentialAction\":[{\"@type\":\"SearchAction\",\"target\":{\"@type\":\"EntryPoint\",\"urlTemplate\":\"https:\/\/instituciones.gtm.sld.cu\/dmsims\/?s={search_term_string}\"},\"query-input\":\"required name=search_term_string\"}],\"inLanguage\":\"es\"},{\"@type\":\"Person\",\"@id\":\"https:\/\/instituciones.gtm.sld.cu\/dmsims\/#\/schema\/person\/e02d318b45e27c313e3bbe3f7698cc47\",\"name\":\"dmsims\",\"url\":\"https:\/\/instituciones.gtm.sld.cu\/dmsims\/author\/dmsims\/\"}]}<\/script>\n<!-- \/ Yoast SEO plugin. -->","yoast_head_json":{"title":"Policl\u00ednico Ciro Fr\u00edas Cabrera - Policl\u00ednico &quot;Ciro Fr\u00edas Cabrera&quot;","robots":{"index":"index","follow":"follow","max-snippet":"max-snippet:-1","max-image-preview":"max-image-preview:large","max-video-preview":"max-video-preview:-1"},"canonical":"https:\/\/instituciones.gtm.sld.cu\/dmsims\/2023\/02\/02\/policlinico-ciro-frias-cabrera-38\/","og_locale":"es_ES","og_type":"article","og_title":"Policl\u00ednico Ciro Fr\u00edas Cabrera - Policl\u00ednico &quot;Ciro Fr\u00edas Cabrera&quot;","og_description":"En matutino realizado en el Policl\u00ednico Ciro Fr\u00edas Cabrera de Im\u00edas en Guant\u00e1namo, se da la bienvenida al Licenciado en Enfermer\u00eda Idalgo Matos Mart\u00ednez quien retorna al pa\u00eds luego de cumplir de manera satisfactoria su mision internacionalista en la Rep\u00fablica Bolivariana de Venezuela. Fuente:Policlinico Ciro Frias Cabrera","og_url":"https:\/\/instituciones.gtm.sld.cu\/dmsims\/2023\/02\/02\/policlinico-ciro-frias-cabrera-38\/","og_site_name":"Policl\u00ednico &quot;Ciro Fr\u00edas Cabrera&quot;","article_published_time":"2023-02-02T19:49:29+00:00","article_modified_time":"2023-02-02T19:53:53+00:00","og_image":[{"width":450,"height":695,"url":"https:\/\/instituciones.gtm.sld.cu\/dmsims\/wp-content\/uploads\/sites\/34\/2023\/02\/328146658_1341448656603701_3145519314415790286_n.jpg","type":"image\/jpeg"}],"author":"dmsims","twitter_card":"summary_large_image","twitter_misc":{"Escrito por":"dmsims"},"schema":{"@context":"https:\/\/schema.org","@graph":[{"@type":"WebPage","@id":"https:\/\/instituciones.gtm.sld.cu\/dmsims\/2023\/02\/02\/policlinico-ciro-frias-cabrera-38\/","url":"https:\/\/instituciones.gtm.sld.cu\/dmsims\/2023\/02\/02\/policlinico-ciro-frias-cabrera-38\/","name":"Policl\u00ednico Ciro Fr\u00edas Cabrera - Policl\u00ednico &quot;Ciro Fr\u00edas Cabrera&quot;","isPartOf":{"@id":"https:\/\/instituciones.gtm.sld.cu\/dmsims\/#website"},"datePublished":"2023-02-02T19:49:29+00:00","dateModified":"2023-02-02T19:53:53+00:00","author":{"@id":"https:\/\/instituciones.gtm.sld.cu\/dmsims\/#\/schema\/person\/e02d318b45e27c313e3bbe3f7698cc47"},"breadcrumb":{"@id":"https:\/\/instituciones.gtm.sld.cu\/dmsims\/2023\/02\/02\/policlinico-ciro-frias-cabrera-38\/#breadcrumb"},"inLanguage":"es","potentialAction":[{"@type":"ReadAction","target":["https:\/\/instituciones.gtm.sld.cu\/dmsims\/2023\/02\/02\/policlinico-ciro-frias-cabrera-38\/"]}]},{"@type":"BreadcrumbList","@id":"https:\/\/instituciones.gtm.sld.cu\/dmsims\/2023\/02\/02\/policlinico-ciro-frias-cabrera-38\/#breadcrumb","itemListElement":[{"@type":"ListItem","position":1,"name":"Portada","item":"https:\/\/instituciones.gtm.sld.cu\/dmsims\/"},{"@type":"ListItem","position":2,"name":"Policl\u00ednico Ciro Fr\u00edas Cabrera"}]},{"@type":"WebSite","@id":"https:\/\/instituciones.gtm.sld.cu\/dmsims\/#website","url":"https:\/\/instituciones.gtm.sld.cu\/dmsims\/","name":"Policl\u00ednico &quot;Ciro Fr\u00edas Cabrera&quot;","description":"Policl\u00ednico &quot;Ciro Fr\u00edas Cabrera&quot;","potentialAction":[{"@type":"SearchAction","target":{"@type":"EntryPoint","urlTemplate":"https:\/\/instituciones.gtm.sld.cu\/dmsims\/?s={search_term_string}"},"query-input":"required name=search_term_string"}],"inLanguage":"es"},{"@type":"Person","@id":"https:\/\/instituciones.gtm.sld.cu\/dmsims\/#\/schema\/person\/e02d318b45e27c313e3bbe3f7698cc47","name":"dmsims","url":"https:\/\/instituciones.gtm.sld.cu\/dmsims\/author\/dmsims\/"}]}},"_links":{"self":[{"href":"https:\/\/instituciones.gtm.sld.cu\/dmsims\/wp-json\/wp\/v2\/posts\/1364"}],"collection":[{"href":"https:\/\/instituciones.gtm.sld.cu\/dmsims\/wp-json\/wp\/v2\/posts"}],"about":[{"href":"https:\/\/instituciones.gtm.sld.cu\/dmsims\/wp-json\/wp\/v2\/types\/post"}],"author":[{"embeddable":true,"href":"https:\/\/instituciones.gtm.sld.cu\/dmsims\/wp-json\/wp\/v2\/users\/88"}],"replies":[{"embeddable":true,"href":"https:\/\/instituciones.gtm.sld.cu\/dmsims\/wp-json\/wp\/v2\/comments?post=1364"}],"version-history":[{"count":2,"href":"https:\/\/instituciones.gtm.sld.cu\/dmsims\/wp-json\/wp\/v2\/posts\/1364\/revisions"}],"predecessor-version":[{"id":1369,"href":"https:\/\/instituciones.gtm.sld.cu\/dmsims\/wp-json\/wp\/v2\/posts\/1364\/revisions\/1369"}],"wp:featuredmedia":[{"embeddable":true,"href":"https:\/\/instituciones.gtm.sld.cu\/dmsims\/wp-json\/wp\/v2\/media\/1365"}],"wp:attachment":[{"href":"https:\/\/instituciones.gtm.sld.cu\/dmsims\/wp-json\/wp\/v2\/media?parent=1364"}],"wp:term":[{"taxonomy":"category","embeddable":true,"href":"https:\/\/instituciones.gtm.sld.cu\/dmsims\/wp-json\/wp\/v2\/categories?post=1364"},{"taxonomy":"post_tag","embeddable":true,"href":"https:\/\/instituciones.gtm.sld.cu\/dmsims\/wp-json\/wp\/v2\/tags?post=1364"}],"curies":[{"name":"wp","href":"https:\/\/api.w.org\/{rel}","templated":true}]}}