{"id":1438,"date":"2023-04-29T09:10:43","date_gmt":"2023-04-29T13:10:43","guid":{"rendered":"http:\/\/instituciones.gtm.sld.cu\/dmsims\/?p=1438"},"modified":"2023-04-29T09:10:59","modified_gmt":"2023-04-29T13:10:59","slug":"policlinico-ciro-frias-cabrera-43","status":"publish","type":"post","link":"https:\/\/instituciones.gtm.sld.cu\/dmsims\/2023\/04\/29\/policlinico-ciro-frias-cabrera-43\/","title":{"rendered":"Policl\u00ednico Ciro Frias Cabrera"},"content":{"rendered":"<p><span class=\"x193iq5w xeuugli x13faqbe x1vvkbs x1xmvt09 x1lliihq x1s928wv xhkezso x1gmr53x x1cpjm7i x1fgarty x1943h6x xudqn12 x3x7a5m x6prxxf xvq8zen xo1l8bm xzsf02u x1yc453h\" dir=\"auto\">En el marco de las actividades que efect\u00faa el sector de la salud en Im\u00edas, en saludo al Primero de Mayo, D\u00eda Internacional de los Trabajadores, se desarrolla en el Policl\u00ednico Ciro Fr\u00edas Cabrera de \u00e9ste territorio, la Jornada Cient\u00edfica Salud Familiar con el tema: \u00ab40 a\u00f1os por la Salud Integral del Pueblo\u00bb.<\/span><\/p>\n<p>Fuente:\u00c1rea de Salud Imias<\/p>\n","protected":false},"excerpt":{"rendered":"<p>En el marco de las actividades que efect\u00faa el sector de la salud en Im\u00edas, en saludo al Primero de Mayo, D\u00eda Internacional de los Trabajadores, se desarrolla en el Policl\u00ednico Ciro Fr\u00edas Cabrera de \u00e9ste territorio, la Jornada Cient\u00edfica Salud Familiar con el tema: \u00ab40 a\u00f1os por la Salud Integral del Pueblo\u00bb. Fuente:\u00c1rea de &hellip; <\/p>\n<p><a class=\"more-link btn\" href=\"https:\/\/instituciones.gtm.sld.cu\/dmsims\/2023\/04\/29\/policlinico-ciro-frias-cabrera-43\/\">Seguir leyendo<\/a><\/p>\n","protected":false},"author":88,"featured_media":1439,"comment_status":"closed","ping_status":"open","sticky":false,"template":"","format":"standard","meta":{"ngg_post_thumbnail":0},"categories":[13],"tags":[],"yoast_head":"<!-- This site is optimized with the Yoast SEO plugin v21.8 - https:\/\/yoast.com\/wordpress\/plugins\/seo\/ -->\n<title>Policl\u00ednico Ciro Frias Cabrera - Policl\u00ednico &quot;Ciro Fr\u00edas Cabrera&quot;<\/title>\n<meta name=\"robots\" content=\"index, follow, max-snippet:-1, max-image-preview:large, max-video-preview:-1\" \/>\n<link rel=\"canonical\" href=\"https:\/\/instituciones.gtm.sld.cu\/dmsims\/2023\/04\/29\/policlinico-ciro-frias-cabrera-43\/\" \/>\n<meta property=\"og:locale\" content=\"es_ES\" \/>\n<meta property=\"og:type\" content=\"article\" \/>\n<meta property=\"og:title\" content=\"Policl\u00ednico Ciro Frias Cabrera - Policl\u00ednico &quot;Ciro Fr\u00edas Cabrera&quot;\" \/>\n<meta property=\"og:description\" content=\"En el marco de las actividades que efect\u00faa el sector de la salud en Im\u00edas, en saludo al Primero de Mayo, D\u00eda Internacional de los Trabajadores, se desarrolla en el Policl\u00ednico Ciro Fr\u00edas Cabrera de \u00e9ste territorio, la Jornada Cient\u00edfica Salud Familiar con el tema: \u00ab40 a\u00f1os por la Salud Integral del Pueblo\u00bb. Fuente:\u00c1rea de &hellip; Seguir leyendo\" \/>\n<meta property=\"og:url\" content=\"https:\/\/instituciones.gtm.sld.cu\/dmsims\/2023\/04\/29\/policlinico-ciro-frias-cabrera-43\/\" \/>\n<meta property=\"og:site_name\" content=\"Policl\u00ednico &quot;Ciro Fr\u00edas Cabrera&quot;\" \/>\n<meta property=\"article:published_time\" content=\"2023-04-29T13:10:43+00:00\" \/>\n<meta property=\"article:modified_time\" content=\"2023-04-29T13:10:59+00:00\" \/>\n<meta property=\"og:image\" content=\"https:\/\/instituciones.gtm.sld.cu\/dmsims\/wp-content\/uploads\/sites\/34\/2023\/04\/343689213_182098334744112_5160382308716031748_n.jpg\" \/>\n\t<meta property=\"og:image:width\" content=\"120\" \/>\n\t<meta property=\"og:image:height\" content=\"68\" \/>\n\t<meta property=\"og:image:type\" content=\"image\/jpeg\" \/>\n<meta name=\"author\" content=\"dmsims\" \/>\n<meta name=\"twitter:card\" content=\"summary_large_image\" \/>\n<meta name=\"twitter:label1\" content=\"Escrito por\" \/>\n\t<meta name=\"twitter:data1\" content=\"dmsims\" \/>\n<script type=\"application\/ld+json\" class=\"yoast-schema-graph\">{\"@context\":\"https:\/\/schema.org\",\"@graph\":[{\"@type\":\"WebPage\",\"@id\":\"https:\/\/instituciones.gtm.sld.cu\/dmsims\/2023\/04\/29\/policlinico-ciro-frias-cabrera-43\/\",\"url\":\"https:\/\/instituciones.gtm.sld.cu\/dmsims\/2023\/04\/29\/policlinico-ciro-frias-cabrera-43\/\",\"name\":\"Policl\u00ednico Ciro Frias Cabrera - Policl\u00ednico &quot;Ciro Fr\u00edas Cabrera&quot;\",\"isPartOf\":{\"@id\":\"https:\/\/instituciones.gtm.sld.cu\/dmsims\/#website\"},\"datePublished\":\"2023-04-29T13:10:43+00:00\",\"dateModified\":\"2023-04-29T13:10:59+00:00\",\"author\":{\"@id\":\"https:\/\/instituciones.gtm.sld.cu\/dmsims\/#\/schema\/person\/e02d318b45e27c313e3bbe3f7698cc47\"},\"breadcrumb\":{\"@id\":\"https:\/\/instituciones.gtm.sld.cu\/dmsims\/2023\/04\/29\/policlinico-ciro-frias-cabrera-43\/#breadcrumb\"},\"inLanguage\":\"es\",\"potentialAction\":[{\"@type\":\"ReadAction\",\"target\":[\"https:\/\/instituciones.gtm.sld.cu\/dmsims\/2023\/04\/29\/policlinico-ciro-frias-cabrera-43\/\"]}]},{\"@type\":\"BreadcrumbList\",\"@id\":\"https:\/\/instituciones.gtm.sld.cu\/dmsims\/2023\/04\/29\/policlinico-ciro-frias-cabrera-43\/#breadcrumb\",\"itemListElement\":[{\"@type\":\"ListItem\",\"position\":1,\"name\":\"Portada\",\"item\":\"https:\/\/instituciones.gtm.sld.cu\/dmsims\/\"},{\"@type\":\"ListItem\",\"position\":2,\"name\":\"Policl\u00ednico Ciro Frias Cabrera\"}]},{\"@type\":\"WebSite\",\"@id\":\"https:\/\/instituciones.gtm.sld.cu\/dmsims\/#website\",\"url\":\"https:\/\/instituciones.gtm.sld.cu\/dmsims\/\",\"name\":\"Policl\u00ednico &quot;Ciro Fr\u00edas Cabrera&quot;\",\"description\":\"Policl\u00ednico &quot;Ciro Fr\u00edas Cabrera&quot;\",\"potentialAction\":[{\"@type\":\"SearchAction\",\"target\":{\"@type\":\"EntryPoint\",\"urlTemplate\":\"https:\/\/instituciones.gtm.sld.cu\/dmsims\/?s={search_term_string}\"},\"query-input\":\"required name=search_term_string\"}],\"inLanguage\":\"es\"},{\"@type\":\"Person\",\"@id\":\"https:\/\/instituciones.gtm.sld.cu\/dmsims\/#\/schema\/person\/e02d318b45e27c313e3bbe3f7698cc47\",\"name\":\"dmsims\",\"url\":\"https:\/\/instituciones.gtm.sld.cu\/dmsims\/author\/dmsims\/\"}]}<\/script>\n<!-- \/ Yoast SEO plugin. -->","yoast_head_json":{"title":"Policl\u00ednico Ciro Frias Cabrera - Policl\u00ednico &quot;Ciro Fr\u00edas Cabrera&quot;","robots":{"index":"index","follow":"follow","max-snippet":"max-snippet:-1","max-image-preview":"max-image-preview:large","max-video-preview":"max-video-preview:-1"},"canonical":"https:\/\/instituciones.gtm.sld.cu\/dmsims\/2023\/04\/29\/policlinico-ciro-frias-cabrera-43\/","og_locale":"es_ES","og_type":"article","og_title":"Policl\u00ednico Ciro Frias Cabrera - Policl\u00ednico &quot;Ciro Fr\u00edas Cabrera&quot;","og_description":"En el marco de las actividades que efect\u00faa el sector de la salud en Im\u00edas, en saludo al Primero de Mayo, D\u00eda Internacional de los Trabajadores, se desarrolla en el Policl\u00ednico Ciro Fr\u00edas Cabrera de \u00e9ste territorio, la Jornada Cient\u00edfica Salud Familiar con el tema: \u00ab40 a\u00f1os por la Salud Integral del Pueblo\u00bb. Fuente:\u00c1rea de &hellip; Seguir leyendo","og_url":"https:\/\/instituciones.gtm.sld.cu\/dmsims\/2023\/04\/29\/policlinico-ciro-frias-cabrera-43\/","og_site_name":"Policl\u00ednico &quot;Ciro Fr\u00edas Cabrera&quot;","article_published_time":"2023-04-29T13:10:43+00:00","article_modified_time":"2023-04-29T13:10:59+00:00","og_image":[{"width":120,"height":68,"url":"https:\/\/instituciones.gtm.sld.cu\/dmsims\/wp-content\/uploads\/sites\/34\/2023\/04\/343689213_182098334744112_5160382308716031748_n.jpg","type":"image\/jpeg"}],"author":"dmsims","twitter_card":"summary_large_image","twitter_misc":{"Escrito por":"dmsims"},"schema":{"@context":"https:\/\/schema.org","@graph":[{"@type":"WebPage","@id":"https:\/\/instituciones.gtm.sld.cu\/dmsims\/2023\/04\/29\/policlinico-ciro-frias-cabrera-43\/","url":"https:\/\/instituciones.gtm.sld.cu\/dmsims\/2023\/04\/29\/policlinico-ciro-frias-cabrera-43\/","name":"Policl\u00ednico Ciro Frias Cabrera - Policl\u00ednico &quot;Ciro Fr\u00edas Cabrera&quot;","isPartOf":{"@id":"https:\/\/instituciones.gtm.sld.cu\/dmsims\/#website"},"datePublished":"2023-04-29T13:10:43+00:00","dateModified":"2023-04-29T13:10:59+00:00","author":{"@id":"https:\/\/instituciones.gtm.sld.cu\/dmsims\/#\/schema\/person\/e02d318b45e27c313e3bbe3f7698cc47"},"breadcrumb":{"@id":"https:\/\/instituciones.gtm.sld.cu\/dmsims\/2023\/04\/29\/policlinico-ciro-frias-cabrera-43\/#breadcrumb"},"inLanguage":"es","potentialAction":[{"@type":"ReadAction","target":["https:\/\/instituciones.gtm.sld.cu\/dmsims\/2023\/04\/29\/policlinico-ciro-frias-cabrera-43\/"]}]},{"@type":"BreadcrumbList","@id":"https:\/\/instituciones.gtm.sld.cu\/dmsims\/2023\/04\/29\/policlinico-ciro-frias-cabrera-43\/#breadcrumb","itemListElement":[{"@type":"ListItem","position":1,"name":"Portada","item":"https:\/\/instituciones.gtm.sld.cu\/dmsims\/"},{"@type":"ListItem","position":2,"name":"Policl\u00ednico Ciro Frias Cabrera"}]},{"@type":"WebSite","@id":"https:\/\/instituciones.gtm.sld.cu\/dmsims\/#website","url":"https:\/\/instituciones.gtm.sld.cu\/dmsims\/","name":"Policl\u00ednico &quot;Ciro Fr\u00edas Cabrera&quot;","description":"Policl\u00ednico &quot;Ciro Fr\u00edas Cabrera&quot;","potentialAction":[{"@type":"SearchAction","target":{"@type":"EntryPoint","urlTemplate":"https:\/\/instituciones.gtm.sld.cu\/dmsims\/?s={search_term_string}"},"query-input":"required name=search_term_string"}],"inLanguage":"es"},{"@type":"Person","@id":"https:\/\/instituciones.gtm.sld.cu\/dmsims\/#\/schema\/person\/e02d318b45e27c313e3bbe3f7698cc47","name":"dmsims","url":"https:\/\/instituciones.gtm.sld.cu\/dmsims\/author\/dmsims\/"}]}},"_links":{"self":[{"href":"https:\/\/instituciones.gtm.sld.cu\/dmsims\/wp-json\/wp\/v2\/posts\/1438"}],"collection":[{"href":"https:\/\/instituciones.gtm.sld.cu\/dmsims\/wp-json\/wp\/v2\/posts"}],"about":[{"href":"https:\/\/instituciones.gtm.sld.cu\/dmsims\/wp-json\/wp\/v2\/types\/post"}],"author":[{"embeddable":true,"href":"https:\/\/instituciones.gtm.sld.cu\/dmsims\/wp-json\/wp\/v2\/users\/88"}],"replies":[{"embeddable":true,"href":"https:\/\/instituciones.gtm.sld.cu\/dmsims\/wp-json\/wp\/v2\/comments?post=1438"}],"version-history":[{"count":2,"href":"https:\/\/instituciones.gtm.sld.cu\/dmsims\/wp-json\/wp\/v2\/posts\/1438\/revisions"}],"predecessor-version":[{"id":1441,"href":"https:\/\/instituciones.gtm.sld.cu\/dmsims\/wp-json\/wp\/v2\/posts\/1438\/revisions\/1441"}],"wp:featuredmedia":[{"embeddable":true,"href":"https:\/\/instituciones.gtm.sld.cu\/dmsims\/wp-json\/wp\/v2\/media\/1439"}],"wp:attachment":[{"href":"https:\/\/instituciones.gtm.sld.cu\/dmsims\/wp-json\/wp\/v2\/media?parent=1438"}],"wp:term":[{"taxonomy":"category","embeddable":true,"href":"https:\/\/instituciones.gtm.sld.cu\/dmsims\/wp-json\/wp\/v2\/categories?post=1438"},{"taxonomy":"post_tag","embeddable":true,"href":"https:\/\/instituciones.gtm.sld.cu\/dmsims\/wp-json\/wp\/v2\/tags?post=1438"}],"curies":[{"name":"wp","href":"https:\/\/api.w.org\/{rel}","templated":true}]}}