{"id":1442,"date":"2023-04-29T09:14:25","date_gmt":"2023-04-29T13:14:25","guid":{"rendered":"http:\/\/instituciones.gtm.sld.cu\/dmsims\/?p=1442"},"modified":"2023-04-29T09:14:42","modified_gmt":"2023-04-29T13:14:42","slug":"declaracion-de-acapulco-muestra-el-compromiso-de-cuba-con-la-integracion-regional-asegura-bruno-rodriguez","status":"publish","type":"post","link":"https:\/\/instituciones.gtm.sld.cu\/dmsims\/2023\/04\/29\/declaracion-de-acapulco-muestra-el-compromiso-de-cuba-con-la-integracion-regional-asegura-bruno-rodriguez\/","title":{"rendered":"Declaraci\u00f3n de Acapulco muestra el compromiso de Cuba con la integraci\u00f3n regional, asegura Bruno Rodr\u00edguez"},"content":{"rendered":"<p>El ministro de Relaciones Exteriores de Cuba, Bruno Rodr\u00edguez Parrilla, elogi\u00f3 este jueves la firma de la Declaraci\u00f3n de Acapulco, que permitir\u00e1 la creaci\u00f3n de la Agencia Reguladora de Medicamentos y Dispositivos M\u00e9dicos de Am\u00e9rica Latina y el Caribe.<!--more--><\/p>\n<blockquote class=\"twitter-tweet\">\n<p dir=\"ltr\" lang=\"es\">Comprometida con la genuina integraci\u00f3n regional en beneficio de nuestros pueblos, <a href=\"https:\/\/twitter.com\/hashtag\/Cuba?src=hash&amp;ref_src=twsrc%5Etfw\" target=\"_blank\" rel=\"nofollow noopener noreferrer\">#Cuba<\/a> firm\u00f3 junto a M\u00e9xico y Colombia la hist\u00f3rica \u00abDeclaraci\u00f3n de Acapulco\u00bb que formaliza negociaciones para la creaci\u00f3n de la Agencia Reguladora de Medicamentos y Dispositivos M\u00e9dicos de ALC\ud83c\udf0e. <a href=\"https:\/\/t.co\/CzVpqHmwj9\" target=\"_blank\" rel=\"nofollow noopener noreferrer\">pic.twitter.com\/CzVpqHmwj9<\/a><\/p>\n<p>\u2014 Bruno Rodr\u00edguez P (@BrunoRguezP) <a href=\"https:\/\/twitter.com\/BrunoRguezP\/status\/1651626627896336384?ref_src=twsrc%5Etfw\" target=\"_blank\" rel=\"nofollow noopener noreferrer\">April 27, 2023<\/a><\/p><\/blockquote>\n<p>En Twitter, el Canciller calific\u00f3 de hist\u00f3rica la r\u00fabrica del documento entre Cuba, M\u00e9xico y Colombia, lo que evidencia el compromiso de la mayor de las Antillas con la genuina integraci\u00f3n regional en beneficio de los pueblos.<\/p>\n<p>A trav\u00e9s de la referida red social, Jos\u00e9 \u00c1mgel Portal Miranda, ministro de Salud P\u00fablica, comparti\u00f3 la noticia y resalt\u00f3 que de esta forma se abre nuevo camino de trabajo conjunto en la regi\u00f3n.<\/p>\n<blockquote class=\"twitter-tweet\">\n<p dir=\"ltr\" lang=\"es\">Este mi\u00e9rcoles, autoridades de las agencias de regulaci\u00f3n sanitaria de M\u00e9xico\ud83c\uddf2\ud83c\uddfd, Colombia\ud83c\udde8\ud83c\uddf4 y Cuba\ud83c\udde8\ud83c\uddfa firmaron Declaraci\u00f3n de Acapulco, lo cual inicia creaci\u00f3n de Agencia de Medicamentos de Latinoam\u00e9rica y el Caribe.<\/p>\n<p>Se abre nuevo camino de trabajo conjunto en nuestra regi\u00f3n.\ud83e\udd1d <a href=\"https:\/\/t.co\/JkJ1KOYEGF\" target=\"_blank\" rel=\"nofollow noopener noreferrer\">pic.twitter.com\/JkJ1KOYEGF<\/a><\/p>\n<p>\u2014 Jos\u00e9 Angel Portal Miranda (@japortalmiranda) <a href=\"https:\/\/twitter.com\/japortalmiranda\/status\/1651602299255488512?ref_src=twsrc%5Etfw\" target=\"_blank\" rel=\"nofollow noopener noreferrer\">April 27, 2023<\/a><\/p><\/blockquote>\n<p>Seg\u00fan inform\u00f3 la agencia Prensa Latina, la ceremonia oficial, se realiz\u00f3 en Acapulco, estado de Guerrero con el fin de poner en marcha el nuevo mecanismo de cooperaci\u00f3n regional al que se adscribir\u00e1n 10 naciones.<\/p>\n<p>Jorge Alcocer, secretario mexicano de Salud, manifest\u00f3 que con la declaraci\u00f3n se resalta el inter\u00e9s y la necesidad de reconstruir el tejido social como pueblos hermanos para garantizar los derechos a la salud.<\/p>\n<p>La firma de la declaraci\u00f3n por Colombia, Cuba y M\u00e9xico, en la que se buscan conversaciones para la creaci\u00f3n de la Agencia de Medicamentos de Latinoam\u00e9rica y el Caribe nos acercar\u00e1 a la autosuficiencia sanitaria y el acceso a dispositivos m\u00e9dicos, destac\u00f3.<\/p>\n<p>Adem\u00e1s, permitir\u00e1 compartir investigaciones m\u00e9dicas y la transformaci\u00f3n de las oficinas que contribuir\u00e1n a la autosuficiencia y soberan\u00eda farmacol\u00f3gica entre los pa\u00edses, concluy\u00f3.<\/p>\n<p>Fuente :Cubadebate<\/p>\n","protected":false},"excerpt":{"rendered":"<p>El ministro de Relaciones Exteriores de Cuba, Bruno Rodr\u00edguez Parrilla, elogi\u00f3 este jueves la firma de la Declaraci\u00f3n de Acapulco, que permitir\u00e1 la creaci\u00f3n de la Agencia Reguladora de Medicamentos y Dispositivos M\u00e9dicos de Am\u00e9rica Latina y el Caribe.<\/p><p><a class=\"more-link btn\" href=\"https:\/\/instituciones.gtm.sld.cu\/dmsims\/2023\/04\/29\/declaracion-de-acapulco-muestra-el-compromiso-de-cuba-con-la-integracion-regional-asegura-bruno-rodriguez\/\">Seguir leyendo<\/a><\/p>\n","protected":false},"author":88,"featured_media":1443,"comment_status":"closed","ping_status":"open","sticky":false,"template":"","format":"standard","meta":{"ngg_post_thumbnail":0},"categories":[1],"tags":[],"yoast_head":"<!-- This site is optimized with the Yoast SEO plugin v21.8 - https:\/\/yoast.com\/wordpress\/plugins\/seo\/ -->\n<title>Declaraci\u00f3n de Acapulco muestra el compromiso de Cuba con la integraci\u00f3n regional, asegura Bruno Rodr\u00edguez - Policl\u00ednico &quot;Ciro Fr\u00edas Cabrera&quot;<\/title>\n<meta name=\"robots\" content=\"index, follow, max-snippet:-1, max-image-preview:large, max-video-preview:-1\" \/>\n<link rel=\"canonical\" href=\"https:\/\/instituciones.gtm.sld.cu\/dmsims\/2023\/04\/29\/declaracion-de-acapulco-muestra-el-compromiso-de-cuba-con-la-integracion-regional-asegura-bruno-rodriguez\/\" \/>\n<meta property=\"og:locale\" content=\"es_ES\" \/>\n<meta property=\"og:type\" content=\"article\" \/>\n<meta property=\"og:title\" content=\"Declaraci\u00f3n de Acapulco muestra el compromiso de Cuba con la integraci\u00f3n regional, asegura Bruno Rodr\u00edguez - Policl\u00ednico &quot;Ciro Fr\u00edas Cabrera&quot;\" \/>\n<meta property=\"og:description\" content=\"El ministro de Relaciones Exteriores de Cuba, Bruno Rodr\u00edguez Parrilla, elogi\u00f3 este jueves la firma de la Declaraci\u00f3n de Acapulco, que permitir\u00e1 la creaci\u00f3n de la Agencia Reguladora de Medicamentos y Dispositivos M\u00e9dicos de Am\u00e9rica Latina y el Caribe.\" \/>\n<meta property=\"og:url\" content=\"https:\/\/instituciones.gtm.sld.cu\/dmsims\/2023\/04\/29\/declaracion-de-acapulco-muestra-el-compromiso-de-cuba-con-la-integracion-regional-asegura-bruno-rodriguez\/\" \/>\n<meta property=\"og:site_name\" content=\"Policl\u00ednico &quot;Ciro Fr\u00edas Cabrera&quot;\" \/>\n<meta property=\"article:published_time\" content=\"2023-04-29T13:14:25+00:00\" \/>\n<meta property=\"article:modified_time\" content=\"2023-04-29T13:14:42+00:00\" \/>\n<meta property=\"og:image\" content=\"https:\/\/instituciones.gtm.sld.cu\/dmsims\/wp-content\/uploads\/sites\/34\/2023\/04\/declaracion-de-acapulco-580x330.jpg\" \/>\n\t<meta property=\"og:image:width\" content=\"145\" \/>\n\t<meta property=\"og:image:height\" content=\"83\" \/>\n\t<meta property=\"og:image:type\" content=\"image\/jpeg\" \/>\n<meta name=\"author\" content=\"dmsims\" \/>\n<meta name=\"twitter:card\" content=\"summary_large_image\" \/>\n<meta name=\"twitter:label1\" content=\"Escrito por\" \/>\n\t<meta name=\"twitter:data1\" content=\"dmsims\" \/>\n\t<meta name=\"twitter:label2\" content=\"Tiempo de lectura\" \/>\n\t<meta name=\"twitter:data2\" content=\"2 minutos\" \/>\n<script type=\"application\/ld+json\" class=\"yoast-schema-graph\">{\"@context\":\"https:\/\/schema.org\",\"@graph\":[{\"@type\":\"WebPage\",\"@id\":\"https:\/\/instituciones.gtm.sld.cu\/dmsims\/2023\/04\/29\/declaracion-de-acapulco-muestra-el-compromiso-de-cuba-con-la-integracion-regional-asegura-bruno-rodriguez\/\",\"url\":\"https:\/\/instituciones.gtm.sld.cu\/dmsims\/2023\/04\/29\/declaracion-de-acapulco-muestra-el-compromiso-de-cuba-con-la-integracion-regional-asegura-bruno-rodriguez\/\",\"name\":\"Declaraci\u00f3n de Acapulco muestra el compromiso de Cuba con la integraci\u00f3n regional, asegura Bruno Rodr\u00edguez - Policl\u00ednico &quot;Ciro Fr\u00edas Cabrera&quot;\",\"isPartOf\":{\"@id\":\"https:\/\/instituciones.gtm.sld.cu\/dmsims\/#website\"},\"datePublished\":\"2023-04-29T13:14:25+00:00\",\"dateModified\":\"2023-04-29T13:14:42+00:00\",\"author\":{\"@id\":\"https:\/\/instituciones.gtm.sld.cu\/dmsims\/#\/schema\/person\/e02d318b45e27c313e3bbe3f7698cc47\"},\"breadcrumb\":{\"@id\":\"https:\/\/instituciones.gtm.sld.cu\/dmsims\/2023\/04\/29\/declaracion-de-acapulco-muestra-el-compromiso-de-cuba-con-la-integracion-regional-asegura-bruno-rodriguez\/#breadcrumb\"},\"inLanguage\":\"es\",\"potentialAction\":[{\"@type\":\"ReadAction\",\"target\":[\"https:\/\/instituciones.gtm.sld.cu\/dmsims\/2023\/04\/29\/declaracion-de-acapulco-muestra-el-compromiso-de-cuba-con-la-integracion-regional-asegura-bruno-rodriguez\/\"]}]},{\"@type\":\"BreadcrumbList\",\"@id\":\"https:\/\/instituciones.gtm.sld.cu\/dmsims\/2023\/04\/29\/declaracion-de-acapulco-muestra-el-compromiso-de-cuba-con-la-integracion-regional-asegura-bruno-rodriguez\/#breadcrumb\",\"itemListElement\":[{\"@type\":\"ListItem\",\"position\":1,\"name\":\"Portada\",\"item\":\"https:\/\/instituciones.gtm.sld.cu\/dmsims\/\"},{\"@type\":\"ListItem\",\"position\":2,\"name\":\"Declaraci\u00f3n de Acapulco muestra el compromiso de Cuba con la integraci\u00f3n regional, asegura Bruno Rodr\u00edguez\"}]},{\"@type\":\"WebSite\",\"@id\":\"https:\/\/instituciones.gtm.sld.cu\/dmsims\/#website\",\"url\":\"https:\/\/instituciones.gtm.sld.cu\/dmsims\/\",\"name\":\"Policl\u00ednico &quot;Ciro Fr\u00edas Cabrera&quot;\",\"description\":\"Policl\u00ednico &quot;Ciro Fr\u00edas Cabrera&quot;\",\"potentialAction\":[{\"@type\":\"SearchAction\",\"target\":{\"@type\":\"EntryPoint\",\"urlTemplate\":\"https:\/\/instituciones.gtm.sld.cu\/dmsims\/?s={search_term_string}\"},\"query-input\":\"required name=search_term_string\"}],\"inLanguage\":\"es\"},{\"@type\":\"Person\",\"@id\":\"https:\/\/instituciones.gtm.sld.cu\/dmsims\/#\/schema\/person\/e02d318b45e27c313e3bbe3f7698cc47\",\"name\":\"dmsims\",\"url\":\"https:\/\/instituciones.gtm.sld.cu\/dmsims\/author\/dmsims\/\"}]}<\/script>\n<!-- \/ Yoast SEO plugin. -->","yoast_head_json":{"title":"Declaraci\u00f3n de Acapulco muestra el compromiso de Cuba con la integraci\u00f3n regional, asegura Bruno Rodr\u00edguez - Policl\u00ednico &quot;Ciro Fr\u00edas Cabrera&quot;","robots":{"index":"index","follow":"follow","max-snippet":"max-snippet:-1","max-image-preview":"max-image-preview:large","max-video-preview":"max-video-preview:-1"},"canonical":"https:\/\/instituciones.gtm.sld.cu\/dmsims\/2023\/04\/29\/declaracion-de-acapulco-muestra-el-compromiso-de-cuba-con-la-integracion-regional-asegura-bruno-rodriguez\/","og_locale":"es_ES","og_type":"article","og_title":"Declaraci\u00f3n de Acapulco muestra el compromiso de Cuba con la integraci\u00f3n regional, asegura Bruno Rodr\u00edguez - Policl\u00ednico &quot;Ciro Fr\u00edas Cabrera&quot;","og_description":"El ministro de Relaciones Exteriores de Cuba, Bruno Rodr\u00edguez Parrilla, elogi\u00f3 este jueves la firma de la Declaraci\u00f3n de Acapulco, que permitir\u00e1 la creaci\u00f3n de la Agencia Reguladora de Medicamentos y Dispositivos M\u00e9dicos de Am\u00e9rica Latina y el Caribe.","og_url":"https:\/\/instituciones.gtm.sld.cu\/dmsims\/2023\/04\/29\/declaracion-de-acapulco-muestra-el-compromiso-de-cuba-con-la-integracion-regional-asegura-bruno-rodriguez\/","og_site_name":"Policl\u00ednico &quot;Ciro Fr\u00edas Cabrera&quot;","article_published_time":"2023-04-29T13:14:25+00:00","article_modified_time":"2023-04-29T13:14:42+00:00","og_image":[{"width":145,"height":83,"url":"https:\/\/instituciones.gtm.sld.cu\/dmsims\/wp-content\/uploads\/sites\/34\/2023\/04\/declaracion-de-acapulco-580x330.jpg","type":"image\/jpeg"}],"author":"dmsims","twitter_card":"summary_large_image","twitter_misc":{"Escrito por":"dmsims","Tiempo de lectura":"2 minutos"},"schema":{"@context":"https:\/\/schema.org","@graph":[{"@type":"WebPage","@id":"https:\/\/instituciones.gtm.sld.cu\/dmsims\/2023\/04\/29\/declaracion-de-acapulco-muestra-el-compromiso-de-cuba-con-la-integracion-regional-asegura-bruno-rodriguez\/","url":"https:\/\/instituciones.gtm.sld.cu\/dmsims\/2023\/04\/29\/declaracion-de-acapulco-muestra-el-compromiso-de-cuba-con-la-integracion-regional-asegura-bruno-rodriguez\/","name":"Declaraci\u00f3n de Acapulco muestra el compromiso de Cuba con la integraci\u00f3n regional, asegura Bruno Rodr\u00edguez - Policl\u00ednico &quot;Ciro Fr\u00edas Cabrera&quot;","isPartOf":{"@id":"https:\/\/instituciones.gtm.sld.cu\/dmsims\/#website"},"datePublished":"2023-04-29T13:14:25+00:00","dateModified":"2023-04-29T13:14:42+00:00","author":{"@id":"https:\/\/instituciones.gtm.sld.cu\/dmsims\/#\/schema\/person\/e02d318b45e27c313e3bbe3f7698cc47"},"breadcrumb":{"@id":"https:\/\/instituciones.gtm.sld.cu\/dmsims\/2023\/04\/29\/declaracion-de-acapulco-muestra-el-compromiso-de-cuba-con-la-integracion-regional-asegura-bruno-rodriguez\/#breadcrumb"},"inLanguage":"es","potentialAction":[{"@type":"ReadAction","target":["https:\/\/instituciones.gtm.sld.cu\/dmsims\/2023\/04\/29\/declaracion-de-acapulco-muestra-el-compromiso-de-cuba-con-la-integracion-regional-asegura-bruno-rodriguez\/"]}]},{"@type":"BreadcrumbList","@id":"https:\/\/instituciones.gtm.sld.cu\/dmsims\/2023\/04\/29\/declaracion-de-acapulco-muestra-el-compromiso-de-cuba-con-la-integracion-regional-asegura-bruno-rodriguez\/#breadcrumb","itemListElement":[{"@type":"ListItem","position":1,"name":"Portada","item":"https:\/\/instituciones.gtm.sld.cu\/dmsims\/"},{"@type":"ListItem","position":2,"name":"Declaraci\u00f3n de Acapulco muestra el compromiso de Cuba con la integraci\u00f3n regional, asegura Bruno Rodr\u00edguez"}]},{"@type":"WebSite","@id":"https:\/\/instituciones.gtm.sld.cu\/dmsims\/#website","url":"https:\/\/instituciones.gtm.sld.cu\/dmsims\/","name":"Policl\u00ednico &quot;Ciro Fr\u00edas Cabrera&quot;","description":"Policl\u00ednico &quot;Ciro Fr\u00edas Cabrera&quot;","potentialAction":[{"@type":"SearchAction","target":{"@type":"EntryPoint","urlTemplate":"https:\/\/instituciones.gtm.sld.cu\/dmsims\/?s={search_term_string}"},"query-input":"required name=search_term_string"}],"inLanguage":"es"},{"@type":"Person","@id":"https:\/\/instituciones.gtm.sld.cu\/dmsims\/#\/schema\/person\/e02d318b45e27c313e3bbe3f7698cc47","name":"dmsims","url":"https:\/\/instituciones.gtm.sld.cu\/dmsims\/author\/dmsims\/"}]}},"_links":{"self":[{"href":"https:\/\/instituciones.gtm.sld.cu\/dmsims\/wp-json\/wp\/v2\/posts\/1442"}],"collection":[{"href":"https:\/\/instituciones.gtm.sld.cu\/dmsims\/wp-json\/wp\/v2\/posts"}],"about":[{"href":"https:\/\/instituciones.gtm.sld.cu\/dmsims\/wp-json\/wp\/v2\/types\/post"}],"author":[{"embeddable":true,"href":"https:\/\/instituciones.gtm.sld.cu\/dmsims\/wp-json\/wp\/v2\/users\/88"}],"replies":[{"embeddable":true,"href":"https:\/\/instituciones.gtm.sld.cu\/dmsims\/wp-json\/wp\/v2\/comments?post=1442"}],"version-history":[{"count":1,"href":"https:\/\/instituciones.gtm.sld.cu\/dmsims\/wp-json\/wp\/v2\/posts\/1442\/revisions"}],"predecessor-version":[{"id":1444,"href":"https:\/\/instituciones.gtm.sld.cu\/dmsims\/wp-json\/wp\/v2\/posts\/1442\/revisions\/1444"}],"wp:featuredmedia":[{"embeddable":true,"href":"https:\/\/instituciones.gtm.sld.cu\/dmsims\/wp-json\/wp\/v2\/media\/1443"}],"wp:attachment":[{"href":"https:\/\/instituciones.gtm.sld.cu\/dmsims\/wp-json\/wp\/v2\/media?parent=1442"}],"wp:term":[{"taxonomy":"category","embeddable":true,"href":"https:\/\/instituciones.gtm.sld.cu\/dmsims\/wp-json\/wp\/v2\/categories?post=1442"},{"taxonomy":"post_tag","embeddable":true,"href":"https:\/\/instituciones.gtm.sld.cu\/dmsims\/wp-json\/wp\/v2\/tags?post=1442"}],"curies":[{"name":"wp","href":"https:\/\/api.w.org\/{rel}","templated":true}]}}