{"id":1478,"date":"2023-06-29T09:09:59","date_gmt":"2023-06-29T13:09:59","guid":{"rendered":"http:\/\/instituciones.gtm.sld.cu\/dmsims\/?p=1478"},"modified":"2023-06-29T09:10:52","modified_gmt":"2023-06-29T13:10:52","slug":"cuba-y-vietnam-afianzan-nexos-en-materia-comunicacional","status":"publish","type":"post","link":"https:\/\/instituciones.gtm.sld.cu\/dmsims\/2023\/06\/29\/cuba-y-vietnam-afianzan-nexos-en-materia-comunicacional\/","title":{"rendered":"Cuba y Vietnam afianzan nexos en materia comunicacional"},"content":{"rendered":"<p>El secretario de Organizaci\u00f3n del Partido Comunista de Cuba (PCC), Roberto Morales, se entrevist\u00f3 este mi\u00e9rcoles con Le Quoc Minh, editor jefe del peri\u00f3dico vietnamita, Nhan Dan, \u00f3rgano central del Partido Comunista de Vietnam (PCV).<!--more--><\/p>\n<blockquote><p>El encuentro sirvi\u00f3 para fortalecer la cooperaci\u00f3n en los campos de la comunicaci\u00f3n y el enfrentamiento a la subversi\u00f3n ideol\u00f3gica y cultural, inform\u00f3 la televisi\u00f3n nacional.<\/p><\/blockquote>\n<p>El tambi\u00e9n miembro del Comit\u00e9 Central del PCV, vice jefe de su departamento de Propaganda y Divulgaci\u00f3n, y presidente de la Asociaci\u00f3n de Periodistas de su pa\u00eds, cumple una apretada agenda de trabajo y actividades por el aniversario 50 de la primera visita del l\u00edder hist\u00f3rico de la Revoluci\u00f3n cubana, Fidel Castro, a esa naci\u00f3n indochina.<\/p>\n<p>Le Quoc Minh tambi\u00e9n sostuvo un encuentro en La Habana con el jefe del Departamento ideol\u00f3gico del PCC, Rogelio Polanco, y con la direcci\u00f3n de la Uni\u00f3n de Periodistas de Cuba y del peri\u00f3dico Granma, entre otras actividades.<\/p>\n<p>De acuerdo con Morales, este a\u00f1o se retomaron los intercambios presenciales, interrumpidos por la pandemia de la Covid-19, que han permitido la visita de delegaciones en ambos sentidos.<\/p>\n<p>El visitante vietnamita reiter\u00f3 el compromiso de su pa\u00eds de contrarrestar los efectos del bloqueo econ\u00f3mico de Estados Unidos contra Cuba.<\/p>\n<p>Fuente:Cubadebate<\/p>\n","protected":false},"excerpt":{"rendered":"<p>El secretario de Organizaci\u00f3n del Partido Comunista de Cuba (PCC), Roberto Morales, se entrevist\u00f3 este mi\u00e9rcoles con Le Quoc Minh, editor jefe del peri\u00f3dico vietnamita, Nhan Dan, \u00f3rgano central del Partido Comunista de Vietnam (PCV).<\/p><p><a class=\"more-link btn\" href=\"https:\/\/instituciones.gtm.sld.cu\/dmsims\/2023\/06\/29\/cuba-y-vietnam-afianzan-nexos-en-materia-comunicacional\/\">Seguir leyendo<\/a><\/p>\n","protected":false},"author":88,"featured_media":1479,"comment_status":"closed","ping_status":"open","sticky":false,"template":"","format":"standard","meta":{"ngg_post_thumbnail":0},"categories":[1],"tags":[],"yoast_head":"<!-- This site is optimized with the Yoast SEO plugin v21.8 - https:\/\/yoast.com\/wordpress\/plugins\/seo\/ -->\n<title>Cuba y Vietnam afianzan nexos en materia comunicacional - Policl\u00ednico &quot;Ciro Fr\u00edas Cabrera&quot;<\/title>\n<meta name=\"robots\" content=\"index, follow, max-snippet:-1, max-image-preview:large, max-video-preview:-1\" \/>\n<link rel=\"canonical\" href=\"https:\/\/instituciones.gtm.sld.cu\/dmsims\/2023\/06\/29\/cuba-y-vietnam-afianzan-nexos-en-materia-comunicacional\/\" \/>\n<meta property=\"og:locale\" content=\"es_ES\" \/>\n<meta property=\"og:type\" content=\"article\" \/>\n<meta property=\"og:title\" content=\"Cuba y Vietnam afianzan nexos en materia comunicacional - Policl\u00ednico &quot;Ciro Fr\u00edas Cabrera&quot;\" \/>\n<meta property=\"og:description\" content=\"El secretario de Organizaci\u00f3n del Partido Comunista de Cuba (PCC), Roberto Morales, se entrevist\u00f3 este mi\u00e9rcoles con Le Quoc Minh, editor jefe del peri\u00f3dico vietnamita, Nhan Dan, \u00f3rgano central del Partido Comunista de Vietnam (PCV).\" \/>\n<meta property=\"og:url\" content=\"https:\/\/instituciones.gtm.sld.cu\/dmsims\/2023\/06\/29\/cuba-y-vietnam-afianzan-nexos-en-materia-comunicacional\/\" \/>\n<meta property=\"og:site_name\" content=\"Policl\u00ednico &quot;Ciro Fr\u00edas Cabrera&quot;\" \/>\n<meta property=\"article:published_time\" content=\"2023-06-29T13:09:59+00:00\" \/>\n<meta property=\"article:modified_time\" content=\"2023-06-29T13:10:52+00:00\" \/>\n<meta property=\"og:image\" content=\"https:\/\/instituciones.gtm.sld.cu\/dmsims\/wp-content\/uploads\/sites\/34\/2023\/06\/Cuba-Vietnam-2-580x386.jpg\" \/>\n\t<meta property=\"og:image:width\" content=\"145\" \/>\n\t<meta property=\"og:image:height\" content=\"97\" \/>\n\t<meta property=\"og:image:type\" content=\"image\/jpeg\" \/>\n<meta name=\"author\" content=\"dmsims\" \/>\n<meta name=\"twitter:card\" content=\"summary_large_image\" \/>\n<meta name=\"twitter:label1\" content=\"Escrito por\" \/>\n\t<meta name=\"twitter:data1\" content=\"dmsims\" \/>\n\t<meta name=\"twitter:label2\" content=\"Tiempo de lectura\" \/>\n\t<meta name=\"twitter:data2\" content=\"1 minuto\" \/>\n<script type=\"application\/ld+json\" class=\"yoast-schema-graph\">{\"@context\":\"https:\/\/schema.org\",\"@graph\":[{\"@type\":\"WebPage\",\"@id\":\"https:\/\/instituciones.gtm.sld.cu\/dmsims\/2023\/06\/29\/cuba-y-vietnam-afianzan-nexos-en-materia-comunicacional\/\",\"url\":\"https:\/\/instituciones.gtm.sld.cu\/dmsims\/2023\/06\/29\/cuba-y-vietnam-afianzan-nexos-en-materia-comunicacional\/\",\"name\":\"Cuba y Vietnam afianzan nexos en materia comunicacional - Policl\u00ednico &quot;Ciro Fr\u00edas Cabrera&quot;\",\"isPartOf\":{\"@id\":\"https:\/\/instituciones.gtm.sld.cu\/dmsims\/#website\"},\"datePublished\":\"2023-06-29T13:09:59+00:00\",\"dateModified\":\"2023-06-29T13:10:52+00:00\",\"author\":{\"@id\":\"https:\/\/instituciones.gtm.sld.cu\/dmsims\/#\/schema\/person\/e02d318b45e27c313e3bbe3f7698cc47\"},\"breadcrumb\":{\"@id\":\"https:\/\/instituciones.gtm.sld.cu\/dmsims\/2023\/06\/29\/cuba-y-vietnam-afianzan-nexos-en-materia-comunicacional\/#breadcrumb\"},\"inLanguage\":\"es\",\"potentialAction\":[{\"@type\":\"ReadAction\",\"target\":[\"https:\/\/instituciones.gtm.sld.cu\/dmsims\/2023\/06\/29\/cuba-y-vietnam-afianzan-nexos-en-materia-comunicacional\/\"]}]},{\"@type\":\"BreadcrumbList\",\"@id\":\"https:\/\/instituciones.gtm.sld.cu\/dmsims\/2023\/06\/29\/cuba-y-vietnam-afianzan-nexos-en-materia-comunicacional\/#breadcrumb\",\"itemListElement\":[{\"@type\":\"ListItem\",\"position\":1,\"name\":\"Portada\",\"item\":\"https:\/\/instituciones.gtm.sld.cu\/dmsims\/\"},{\"@type\":\"ListItem\",\"position\":2,\"name\":\"Cuba y Vietnam afianzan nexos en materia comunicacional\"}]},{\"@type\":\"WebSite\",\"@id\":\"https:\/\/instituciones.gtm.sld.cu\/dmsims\/#website\",\"url\":\"https:\/\/instituciones.gtm.sld.cu\/dmsims\/\",\"name\":\"Policl\u00ednico &quot;Ciro Fr\u00edas Cabrera&quot;\",\"description\":\"Policl\u00ednico &quot;Ciro Fr\u00edas Cabrera&quot;\",\"potentialAction\":[{\"@type\":\"SearchAction\",\"target\":{\"@type\":\"EntryPoint\",\"urlTemplate\":\"https:\/\/instituciones.gtm.sld.cu\/dmsims\/?s={search_term_string}\"},\"query-input\":\"required name=search_term_string\"}],\"inLanguage\":\"es\"},{\"@type\":\"Person\",\"@id\":\"https:\/\/instituciones.gtm.sld.cu\/dmsims\/#\/schema\/person\/e02d318b45e27c313e3bbe3f7698cc47\",\"name\":\"dmsims\",\"url\":\"https:\/\/instituciones.gtm.sld.cu\/dmsims\/author\/dmsims\/\"}]}<\/script>\n<!-- \/ Yoast SEO plugin. -->","yoast_head_json":{"title":"Cuba y Vietnam afianzan nexos en materia comunicacional - Policl\u00ednico &quot;Ciro Fr\u00edas Cabrera&quot;","robots":{"index":"index","follow":"follow","max-snippet":"max-snippet:-1","max-image-preview":"max-image-preview:large","max-video-preview":"max-video-preview:-1"},"canonical":"https:\/\/instituciones.gtm.sld.cu\/dmsims\/2023\/06\/29\/cuba-y-vietnam-afianzan-nexos-en-materia-comunicacional\/","og_locale":"es_ES","og_type":"article","og_title":"Cuba y Vietnam afianzan nexos en materia comunicacional - Policl\u00ednico &quot;Ciro Fr\u00edas Cabrera&quot;","og_description":"El secretario de Organizaci\u00f3n del Partido Comunista de Cuba (PCC), Roberto Morales, se entrevist\u00f3 este mi\u00e9rcoles con Le Quoc Minh, editor jefe del peri\u00f3dico vietnamita, Nhan Dan, \u00f3rgano central del Partido Comunista de Vietnam (PCV).","og_url":"https:\/\/instituciones.gtm.sld.cu\/dmsims\/2023\/06\/29\/cuba-y-vietnam-afianzan-nexos-en-materia-comunicacional\/","og_site_name":"Policl\u00ednico &quot;Ciro Fr\u00edas Cabrera&quot;","article_published_time":"2023-06-29T13:09:59+00:00","article_modified_time":"2023-06-29T13:10:52+00:00","og_image":[{"width":145,"height":97,"url":"https:\/\/instituciones.gtm.sld.cu\/dmsims\/wp-content\/uploads\/sites\/34\/2023\/06\/Cuba-Vietnam-2-580x386.jpg","type":"image\/jpeg"}],"author":"dmsims","twitter_card":"summary_large_image","twitter_misc":{"Escrito por":"dmsims","Tiempo de lectura":"1 minuto"},"schema":{"@context":"https:\/\/schema.org","@graph":[{"@type":"WebPage","@id":"https:\/\/instituciones.gtm.sld.cu\/dmsims\/2023\/06\/29\/cuba-y-vietnam-afianzan-nexos-en-materia-comunicacional\/","url":"https:\/\/instituciones.gtm.sld.cu\/dmsims\/2023\/06\/29\/cuba-y-vietnam-afianzan-nexos-en-materia-comunicacional\/","name":"Cuba y Vietnam afianzan nexos en materia comunicacional - Policl\u00ednico &quot;Ciro Fr\u00edas Cabrera&quot;","isPartOf":{"@id":"https:\/\/instituciones.gtm.sld.cu\/dmsims\/#website"},"datePublished":"2023-06-29T13:09:59+00:00","dateModified":"2023-06-29T13:10:52+00:00","author":{"@id":"https:\/\/instituciones.gtm.sld.cu\/dmsims\/#\/schema\/person\/e02d318b45e27c313e3bbe3f7698cc47"},"breadcrumb":{"@id":"https:\/\/instituciones.gtm.sld.cu\/dmsims\/2023\/06\/29\/cuba-y-vietnam-afianzan-nexos-en-materia-comunicacional\/#breadcrumb"},"inLanguage":"es","potentialAction":[{"@type":"ReadAction","target":["https:\/\/instituciones.gtm.sld.cu\/dmsims\/2023\/06\/29\/cuba-y-vietnam-afianzan-nexos-en-materia-comunicacional\/"]}]},{"@type":"BreadcrumbList","@id":"https:\/\/instituciones.gtm.sld.cu\/dmsims\/2023\/06\/29\/cuba-y-vietnam-afianzan-nexos-en-materia-comunicacional\/#breadcrumb","itemListElement":[{"@type":"ListItem","position":1,"name":"Portada","item":"https:\/\/instituciones.gtm.sld.cu\/dmsims\/"},{"@type":"ListItem","position":2,"name":"Cuba y Vietnam afianzan nexos en materia comunicacional"}]},{"@type":"WebSite","@id":"https:\/\/instituciones.gtm.sld.cu\/dmsims\/#website","url":"https:\/\/instituciones.gtm.sld.cu\/dmsims\/","name":"Policl\u00ednico &quot;Ciro Fr\u00edas Cabrera&quot;","description":"Policl\u00ednico &quot;Ciro Fr\u00edas Cabrera&quot;","potentialAction":[{"@type":"SearchAction","target":{"@type":"EntryPoint","urlTemplate":"https:\/\/instituciones.gtm.sld.cu\/dmsims\/?s={search_term_string}"},"query-input":"required name=search_term_string"}],"inLanguage":"es"},{"@type":"Person","@id":"https:\/\/instituciones.gtm.sld.cu\/dmsims\/#\/schema\/person\/e02d318b45e27c313e3bbe3f7698cc47","name":"dmsims","url":"https:\/\/instituciones.gtm.sld.cu\/dmsims\/author\/dmsims\/"}]}},"_links":{"self":[{"href":"https:\/\/instituciones.gtm.sld.cu\/dmsims\/wp-json\/wp\/v2\/posts\/1478"}],"collection":[{"href":"https:\/\/instituciones.gtm.sld.cu\/dmsims\/wp-json\/wp\/v2\/posts"}],"about":[{"href":"https:\/\/instituciones.gtm.sld.cu\/dmsims\/wp-json\/wp\/v2\/types\/post"}],"author":[{"embeddable":true,"href":"https:\/\/instituciones.gtm.sld.cu\/dmsims\/wp-json\/wp\/v2\/users\/88"}],"replies":[{"embeddable":true,"href":"https:\/\/instituciones.gtm.sld.cu\/dmsims\/wp-json\/wp\/v2\/comments?post=1478"}],"version-history":[{"count":1,"href":"https:\/\/instituciones.gtm.sld.cu\/dmsims\/wp-json\/wp\/v2\/posts\/1478\/revisions"}],"predecessor-version":[{"id":1480,"href":"https:\/\/instituciones.gtm.sld.cu\/dmsims\/wp-json\/wp\/v2\/posts\/1478\/revisions\/1480"}],"wp:featuredmedia":[{"embeddable":true,"href":"https:\/\/instituciones.gtm.sld.cu\/dmsims\/wp-json\/wp\/v2\/media\/1479"}],"wp:attachment":[{"href":"https:\/\/instituciones.gtm.sld.cu\/dmsims\/wp-json\/wp\/v2\/media?parent=1478"}],"wp:term":[{"taxonomy":"category","embeddable":true,"href":"https:\/\/instituciones.gtm.sld.cu\/dmsims\/wp-json\/wp\/v2\/categories?post=1478"},{"taxonomy":"post_tag","embeddable":true,"href":"https:\/\/instituciones.gtm.sld.cu\/dmsims\/wp-json\/wp\/v2\/tags?post=1478"}],"curies":[{"name":"wp","href":"https:\/\/api.w.org\/{rel}","templated":true}]}}