{"id":2128,"date":"2023-11-02T08:53:51","date_gmt":"2023-11-02T12:53:51","guid":{"rendered":"https:\/\/instituciones.gtm.sld.cu\/dmsims\/?p=2128"},"modified":"2023-11-02T08:54:20","modified_gmt":"2023-11-02T12:54:20","slug":"primer-ministro-cubano-inicia-visita-oficial-a-la-republica-popular-china","status":"publish","type":"post","link":"https:\/\/instituciones.gtm.sld.cu\/dmsims\/2023\/11\/02\/primer-ministro-cubano-inicia-visita-oficial-a-la-republica-popular-china\/","title":{"rendered":"Primer Ministro cubano inicia visita oficial a la Rep\u00fablica Popular China"},"content":{"rendered":"<p>SHANGH\u00c1I, China.-Al atardecer de este jueves (hora local), el miembro del Bur\u00f3 Pol\u00edtico del Comit\u00e9 Central del Partido Comunista de Cuba y primer ministro, Manuel Marrero Cruz, <strong>arrib\u00f3 a la <a href=\"http:\/\/www.cubadebate.cu\/etiqueta\/china\/\">Rep\u00fablica Popular China<\/a> para cumplimentar una visita oficial, que se extender\u00e1 hasta el 9 de noviembre y constituye la primera a la naci\u00f3n asi\u00e1tica como Jefe de Gobierno.<\/strong><!--more--><\/p>\n<p>Hasta el aeropuerto internacional de Pudong, en Shangh\u00e1i, acudieron a recibirlo Cai Wei, director general del Departamento de Am\u00e9rica y el Caribe de la Canciller\u00eda china; Zhou Huilin, director adjunto del Comit\u00e9 Permanente de la Asamblea Popular Municipal de Shangh\u00e1i; Ma Hui, embajador del gigante asi\u00e1tico en La Habana, y el embajador de Cuba aqu\u00ed, Alberto Blanco Silva.<\/p>\n<p>Esta visita del Primer Ministro resulta \u201c<strong>otro intercambio importante de alto nivel entre China y Cuba<\/strong>, despu\u00e9s de la del Primer Secretario del Comit\u00e9 Central del Partido y Presidente de la Rep\u00fablica, Miguel D\u00edaz-Canel Berm\u00fadez, en noviembre del pasado a\u00f1o\u201d, afirm\u00f3 recientemente el portavoz del Ministerio de Asuntos Exteriores chino, Wang Wenbin, durante una rueda de prensa.<\/p>\n<p>Evoc\u00f3, adem\u00e1s, el encuentro en Sud\u00e1frica de los mandatarios Xi Jinping y D\u00edaz-Canel, en agosto \u00faltimo, as\u00ed como la visita a la Mayor de las Antillas de Li Xi, miembro del Comit\u00e9 Permanente del Bur\u00f3 Pol\u00edtico del Comit\u00e9 Central del Partido Comunista de China y secretario de la Comisi\u00f3n Central de Inspecci\u00f3n Disciplinaria, en calidad de delegado especial a la Cumbre del Grupo de los 77 y China, celebrada en septiembre, en La Habana.<\/p>\n<blockquote class=\"twitter-tweet\">\n<p dir=\"ltr\" lang=\"es\">Nuestra agenda de trabajo incluye intercambios con las principales autoridades pol\u00edticas y gubernamentales, visita a lugares de inter\u00e9s y la participaci\u00f3n en la VI Exposici\u00f3n Internacional de Importaciones de <a href=\"https:\/\/twitter.com\/hashtag\/China?src=hash&amp;ref_src=twsrc%5Etfw\" target=\"_blank\" rel=\"nofollow noopener\">#China<\/a>, en la ciudad de Shangai. <a href=\"https:\/\/twitter.com\/hashtag\/CubaYChina?src=hash&amp;ref_src=twsrc%5Etfw\" target=\"_blank\" rel=\"nofollow noopener\">#CubaYChina<\/a> <a href=\"https:\/\/t.co\/Ycwnxvgxfa\" target=\"_blank\" rel=\"nofollow noopener\">pic.twitter.com\/Ycwnxvgxfa<\/a><\/p>\n<p>\u2014 Manuel Marrero Cruz (@MMarreroCruz) <a href=\"https:\/\/twitter.com\/MMarreroCruz\/status\/1720055339461009624?ref_src=twsrc%5Etfw\" target=\"_blank\" rel=\"nofollow noopener\">November 2, 2023<\/a><\/p><\/blockquote>\n<p>&nbsp;<\/p>\n<p>En sus declaraciones a la prensa, aludi\u00f3 a <strong>la intensa agenda de trabajo prevista durante la estancia de Marrero Cruz, que incluye la participaci\u00f3n en la VI Exposici\u00f3n Internacional de Importaciones de China<\/strong>, relevante escenario, a nivel global, para el comercio, la interconexi\u00f3n empresarial y la generaci\u00f3n de oportunidades de negocios.<\/p>\n<p>Tambi\u00e9n concedi\u00f3 especial \u00e9nfasis a los encuentros con los dirigentes chinos, los cuales, dijo, permitir\u00e1n intercambiar, en profundidad, sobre las relaciones bilaterales y los asuntos internacionales y regionales de inter\u00e9s com\u00fan.<\/p>\n<p><strong>\u201cChina y Cuba son buenos amigos que caminan de la mano, y buenos compa\u00f1eros que comparten la misma visi\u00f3n\u201d<\/strong>, expres\u00f3 Wang Wenbin, quien a\u00f1adi\u00f3 que su pa\u00eds \u201cest\u00e1 dispuesto a trabajar con Cuba\u201d y a aprovechar esta visita \u201cpara seguir profundizando las relaciones amistosas especiales\u201d entre las dos naciones.<\/p>\n<p>Fuente:Cubadebate<\/p>\n","protected":false},"excerpt":{"rendered":"<p>SHANGH\u00c1I, China.-Al atardecer de este jueves (hora local), el miembro del Bur\u00f3 Pol\u00edtico del Comit\u00e9 Central del Partido Comunista de Cuba y primer ministro, Manuel Marrero Cruz, arrib\u00f3 a la Rep\u00fablica Popular China para cumplimentar una visita oficial, que se extender\u00e1 hasta el 9 de noviembre y constituye la primera a la naci\u00f3n asi\u00e1tica como &hellip; <\/p>\n<p><a class=\"more-link btn\" href=\"https:\/\/instituciones.gtm.sld.cu\/dmsims\/2023\/11\/02\/primer-ministro-cubano-inicia-visita-oficial-a-la-republica-popular-china\/\">Seguir leyendo<\/a><\/p>\n","protected":false},"author":88,"featured_media":2129,"comment_status":"closed","ping_status":"open","sticky":false,"template":"","format":"standard","meta":{"ngg_post_thumbnail":0},"categories":[1],"tags":[],"yoast_head":"<!-- This site is optimized with the Yoast SEO plugin v21.8 - https:\/\/yoast.com\/wordpress\/plugins\/seo\/ -->\n<title>Primer Ministro cubano inicia visita oficial a la Rep\u00fablica Popular China - Policl\u00ednico &quot;Ciro Fr\u00edas Cabrera&quot;<\/title>\n<meta name=\"robots\" content=\"index, follow, max-snippet:-1, max-image-preview:large, max-video-preview:-1\" \/>\n<link rel=\"canonical\" href=\"https:\/\/instituciones.gtm.sld.cu\/dmsims\/2023\/11\/02\/primer-ministro-cubano-inicia-visita-oficial-a-la-republica-popular-china\/\" \/>\n<meta property=\"og:locale\" content=\"es_ES\" \/>\n<meta property=\"og:type\" content=\"article\" \/>\n<meta property=\"og:title\" content=\"Primer Ministro cubano inicia visita oficial a la Rep\u00fablica Popular China - Policl\u00ednico &quot;Ciro Fr\u00edas Cabrera&quot;\" \/>\n<meta property=\"og:description\" content=\"SHANGH\u00c1I, China.-Al atardecer de este jueves (hora local), el miembro del Bur\u00f3 Pol\u00edtico del Comit\u00e9 Central del Partido Comunista de Cuba y primer ministro, Manuel Marrero Cruz, arrib\u00f3 a la Rep\u00fablica Popular China para cumplimentar una visita oficial, que se extender\u00e1 hasta el 9 de noviembre y constituye la primera a la naci\u00f3n asi\u00e1tica como &hellip; Seguir leyendo\" \/>\n<meta property=\"og:url\" content=\"https:\/\/instituciones.gtm.sld.cu\/dmsims\/2023\/11\/02\/primer-ministro-cubano-inicia-visita-oficial-a-la-republica-popular-china\/\" \/>\n<meta property=\"og:site_name\" content=\"Policl\u00ednico &quot;Ciro Fr\u00edas Cabrera&quot;\" \/>\n<meta property=\"article:published_time\" content=\"2023-11-02T12:53:51+00:00\" \/>\n<meta property=\"article:modified_time\" content=\"2023-11-02T12:54:20+00:00\" \/>\n<meta property=\"og:image\" content=\"http:\/\/instituciones.gtm.sld.cu\/dmsims\/wp-content\/uploads\/sites\/34\/2023\/11\/marrero.jpg\" \/>\n\t<meta property=\"og:image:width\" content=\"145\" \/>\n\t<meta property=\"og:image:height\" content=\"100\" \/>\n\t<meta property=\"og:image:type\" content=\"image\/jpeg\" \/>\n<meta name=\"author\" content=\"dmsims\" \/>\n<meta name=\"twitter:card\" content=\"summary_large_image\" \/>\n<meta name=\"twitter:label1\" content=\"Escrito por\" \/>\n\t<meta name=\"twitter:data1\" content=\"dmsims\" \/>\n\t<meta name=\"twitter:label2\" content=\"Tiempo de lectura\" \/>\n\t<meta name=\"twitter:data2\" content=\"2 minutos\" \/>\n<script type=\"application\/ld+json\" class=\"yoast-schema-graph\">{\"@context\":\"https:\/\/schema.org\",\"@graph\":[{\"@type\":\"WebPage\",\"@id\":\"https:\/\/instituciones.gtm.sld.cu\/dmsims\/2023\/11\/02\/primer-ministro-cubano-inicia-visita-oficial-a-la-republica-popular-china\/\",\"url\":\"https:\/\/instituciones.gtm.sld.cu\/dmsims\/2023\/11\/02\/primer-ministro-cubano-inicia-visita-oficial-a-la-republica-popular-china\/\",\"name\":\"Primer Ministro cubano inicia visita oficial a la Rep\u00fablica Popular China - Policl\u00ednico &quot;Ciro Fr\u00edas Cabrera&quot;\",\"isPartOf\":{\"@id\":\"https:\/\/instituciones.gtm.sld.cu\/dmsims\/#website\"},\"datePublished\":\"2023-11-02T12:53:51+00:00\",\"dateModified\":\"2023-11-02T12:54:20+00:00\",\"author\":{\"@id\":\"https:\/\/instituciones.gtm.sld.cu\/dmsims\/#\/schema\/person\/e02d318b45e27c313e3bbe3f7698cc47\"},\"breadcrumb\":{\"@id\":\"https:\/\/instituciones.gtm.sld.cu\/dmsims\/2023\/11\/02\/primer-ministro-cubano-inicia-visita-oficial-a-la-republica-popular-china\/#breadcrumb\"},\"inLanguage\":\"es\",\"potentialAction\":[{\"@type\":\"ReadAction\",\"target\":[\"https:\/\/instituciones.gtm.sld.cu\/dmsims\/2023\/11\/02\/primer-ministro-cubano-inicia-visita-oficial-a-la-republica-popular-china\/\"]}]},{\"@type\":\"BreadcrumbList\",\"@id\":\"https:\/\/instituciones.gtm.sld.cu\/dmsims\/2023\/11\/02\/primer-ministro-cubano-inicia-visita-oficial-a-la-republica-popular-china\/#breadcrumb\",\"itemListElement\":[{\"@type\":\"ListItem\",\"position\":1,\"name\":\"Portada\",\"item\":\"https:\/\/instituciones.gtm.sld.cu\/dmsims\/\"},{\"@type\":\"ListItem\",\"position\":2,\"name\":\"Primer Ministro cubano inicia visita oficial a la Rep\u00fablica Popular China\"}]},{\"@type\":\"WebSite\",\"@id\":\"https:\/\/instituciones.gtm.sld.cu\/dmsims\/#website\",\"url\":\"https:\/\/instituciones.gtm.sld.cu\/dmsims\/\",\"name\":\"Policl\u00ednico &quot;Ciro Fr\u00edas Cabrera&quot;\",\"description\":\"Policl\u00ednico &quot;Ciro Fr\u00edas Cabrera&quot;\",\"potentialAction\":[{\"@type\":\"SearchAction\",\"target\":{\"@type\":\"EntryPoint\",\"urlTemplate\":\"https:\/\/instituciones.gtm.sld.cu\/dmsims\/?s={search_term_string}\"},\"query-input\":\"required name=search_term_string\"}],\"inLanguage\":\"es\"},{\"@type\":\"Person\",\"@id\":\"https:\/\/instituciones.gtm.sld.cu\/dmsims\/#\/schema\/person\/e02d318b45e27c313e3bbe3f7698cc47\",\"name\":\"dmsims\",\"url\":\"https:\/\/instituciones.gtm.sld.cu\/dmsims\/author\/dmsims\/\"}]}<\/script>\n<!-- \/ Yoast SEO plugin. -->","yoast_head_json":{"title":"Primer Ministro cubano inicia visita oficial a la Rep\u00fablica Popular China - Policl\u00ednico &quot;Ciro Fr\u00edas Cabrera&quot;","robots":{"index":"index","follow":"follow","max-snippet":"max-snippet:-1","max-image-preview":"max-image-preview:large","max-video-preview":"max-video-preview:-1"},"canonical":"https:\/\/instituciones.gtm.sld.cu\/dmsims\/2023\/11\/02\/primer-ministro-cubano-inicia-visita-oficial-a-la-republica-popular-china\/","og_locale":"es_ES","og_type":"article","og_title":"Primer Ministro cubano inicia visita oficial a la Rep\u00fablica Popular China - Policl\u00ednico &quot;Ciro Fr\u00edas Cabrera&quot;","og_description":"SHANGH\u00c1I, China.-Al atardecer de este jueves (hora local), el miembro del Bur\u00f3 Pol\u00edtico del Comit\u00e9 Central del Partido Comunista de Cuba y primer ministro, Manuel Marrero Cruz, arrib\u00f3 a la Rep\u00fablica Popular China para cumplimentar una visita oficial, que se extender\u00e1 hasta el 9 de noviembre y constituye la primera a la naci\u00f3n asi\u00e1tica como &hellip; Seguir leyendo","og_url":"https:\/\/instituciones.gtm.sld.cu\/dmsims\/2023\/11\/02\/primer-ministro-cubano-inicia-visita-oficial-a-la-republica-popular-china\/","og_site_name":"Policl\u00ednico &quot;Ciro Fr\u00edas Cabrera&quot;","article_published_time":"2023-11-02T12:53:51+00:00","article_modified_time":"2023-11-02T12:54:20+00:00","og_image":[{"width":145,"height":100,"url":"http:\/\/instituciones.gtm.sld.cu\/dmsims\/wp-content\/uploads\/sites\/34\/2023\/11\/marrero.jpg","type":"image\/jpeg"}],"author":"dmsims","twitter_card":"summary_large_image","twitter_misc":{"Escrito por":"dmsims","Tiempo de lectura":"2 minutos"},"schema":{"@context":"https:\/\/schema.org","@graph":[{"@type":"WebPage","@id":"https:\/\/instituciones.gtm.sld.cu\/dmsims\/2023\/11\/02\/primer-ministro-cubano-inicia-visita-oficial-a-la-republica-popular-china\/","url":"https:\/\/instituciones.gtm.sld.cu\/dmsims\/2023\/11\/02\/primer-ministro-cubano-inicia-visita-oficial-a-la-republica-popular-china\/","name":"Primer Ministro cubano inicia visita oficial a la Rep\u00fablica Popular China - Policl\u00ednico &quot;Ciro Fr\u00edas Cabrera&quot;","isPartOf":{"@id":"https:\/\/instituciones.gtm.sld.cu\/dmsims\/#website"},"datePublished":"2023-11-02T12:53:51+00:00","dateModified":"2023-11-02T12:54:20+00:00","author":{"@id":"https:\/\/instituciones.gtm.sld.cu\/dmsims\/#\/schema\/person\/e02d318b45e27c313e3bbe3f7698cc47"},"breadcrumb":{"@id":"https:\/\/instituciones.gtm.sld.cu\/dmsims\/2023\/11\/02\/primer-ministro-cubano-inicia-visita-oficial-a-la-republica-popular-china\/#breadcrumb"},"inLanguage":"es","potentialAction":[{"@type":"ReadAction","target":["https:\/\/instituciones.gtm.sld.cu\/dmsims\/2023\/11\/02\/primer-ministro-cubano-inicia-visita-oficial-a-la-republica-popular-china\/"]}]},{"@type":"BreadcrumbList","@id":"https:\/\/instituciones.gtm.sld.cu\/dmsims\/2023\/11\/02\/primer-ministro-cubano-inicia-visita-oficial-a-la-republica-popular-china\/#breadcrumb","itemListElement":[{"@type":"ListItem","position":1,"name":"Portada","item":"https:\/\/instituciones.gtm.sld.cu\/dmsims\/"},{"@type":"ListItem","position":2,"name":"Primer Ministro cubano inicia visita oficial a la Rep\u00fablica Popular China"}]},{"@type":"WebSite","@id":"https:\/\/instituciones.gtm.sld.cu\/dmsims\/#website","url":"https:\/\/instituciones.gtm.sld.cu\/dmsims\/","name":"Policl\u00ednico &quot;Ciro Fr\u00edas Cabrera&quot;","description":"Policl\u00ednico &quot;Ciro Fr\u00edas Cabrera&quot;","potentialAction":[{"@type":"SearchAction","target":{"@type":"EntryPoint","urlTemplate":"https:\/\/instituciones.gtm.sld.cu\/dmsims\/?s={search_term_string}"},"query-input":"required name=search_term_string"}],"inLanguage":"es"},{"@type":"Person","@id":"https:\/\/instituciones.gtm.sld.cu\/dmsims\/#\/schema\/person\/e02d318b45e27c313e3bbe3f7698cc47","name":"dmsims","url":"https:\/\/instituciones.gtm.sld.cu\/dmsims\/author\/dmsims\/"}]}},"_links":{"self":[{"href":"https:\/\/instituciones.gtm.sld.cu\/dmsims\/wp-json\/wp\/v2\/posts\/2128"}],"collection":[{"href":"https:\/\/instituciones.gtm.sld.cu\/dmsims\/wp-json\/wp\/v2\/posts"}],"about":[{"href":"https:\/\/instituciones.gtm.sld.cu\/dmsims\/wp-json\/wp\/v2\/types\/post"}],"author":[{"embeddable":true,"href":"https:\/\/instituciones.gtm.sld.cu\/dmsims\/wp-json\/wp\/v2\/users\/88"}],"replies":[{"embeddable":true,"href":"https:\/\/instituciones.gtm.sld.cu\/dmsims\/wp-json\/wp\/v2\/comments?post=2128"}],"version-history":[{"count":1,"href":"https:\/\/instituciones.gtm.sld.cu\/dmsims\/wp-json\/wp\/v2\/posts\/2128\/revisions"}],"predecessor-version":[{"id":2130,"href":"https:\/\/instituciones.gtm.sld.cu\/dmsims\/wp-json\/wp\/v2\/posts\/2128\/revisions\/2130"}],"wp:featuredmedia":[{"embeddable":true,"href":"https:\/\/instituciones.gtm.sld.cu\/dmsims\/wp-json\/wp\/v2\/media\/2129"}],"wp:attachment":[{"href":"https:\/\/instituciones.gtm.sld.cu\/dmsims\/wp-json\/wp\/v2\/media?parent=2128"}],"wp:term":[{"taxonomy":"category","embeddable":true,"href":"https:\/\/instituciones.gtm.sld.cu\/dmsims\/wp-json\/wp\/v2\/categories?post=2128"},{"taxonomy":"post_tag","embeddable":true,"href":"https:\/\/instituciones.gtm.sld.cu\/dmsims\/wp-json\/wp\/v2\/tags?post=2128"}],"curies":[{"name":"wp","href":"https:\/\/api.w.org\/{rel}","templated":true}]}}