{"id":2137,"date":"2024-01-10T15:05:08","date_gmt":"2024-01-10T20:05:08","guid":{"rendered":"https:\/\/instituciones.gtm.sld.cu\/dmsims\/?p=2137"},"modified":"2024-01-10T15:05:43","modified_gmt":"2024-01-10T20:05:43","slug":"portal-miranda-cuba-mantiene-activas-la-vigilancia-clinico-epidemiologica-y-microbiologica-en-todos-los-niveles-de-atencion","status":"publish","type":"post","link":"https:\/\/instituciones.gtm.sld.cu\/dmsims\/2024\/01\/10\/portal-miranda-cuba-mantiene-activas-la-vigilancia-clinico-epidemiologica-y-microbiologica-en-todos-los-niveles-de-atencion\/","title":{"rendered":"Portal Miranda: Cuba mantiene activas la vigilancia cl\u00ednico-epidemiol\u00f3gica y microbiol\u00f3gica en todos los niveles de atenci\u00f3n"},"content":{"rendered":"<p>EEl Ministro de Salud P\u00fablica inform\u00f3 en sus redes sociales que, al concluir el a\u00f1o 2023, en Cuba se realizaron unos 2 817 000 consultas asociadas a infecciones respiratorias agudas y que el pa\u00eds mantiene activas la vigilancia cl\u00ednico-epidemiol\u00f3gica y microbiol\u00f3gica en todos los niveles de atenci\u00f3n del Sistema Nacional de Salud.<!--more--><\/p>\n<p>En tanto, <strong>la disminuci\u00f3n de pacientes ingresados en las unidades de atenci\u00f3n a casos graves fue de un 22.6%<\/strong>. El control logrado en el pa\u00eds sobre la circulaci\u00f3n del virus de la<a href=\"http:\/\/www.cubadebate.cu\/etiqueta\/covid-19\/\">&nbsp;covid-19<\/a> ha sido un elemento crucial para que as\u00ed sea, sostuvo.<\/p>\n<p>De acuerdo con Portal Miranda, \u201csi bien no podemos ignorar la <a href=\"http:\/\/www.cubadebate.cu\/noticias\/2024\/01\/07\/vuelvan-a-las-mascarillas-y-a-las-vacunas-contra-la-covid-19-ese-es-el-consejo-de-la-oms-tras-fin-de-ano\/\">reciente alerta hecha por el director general de la Organizaci\u00f3n Mundial de la Salud<\/a>, Tedros Adhanom Ghebreyesus, acerca del incremento en el mundo durante las \u00faltimas semanas de las enfermedades respiratorias provocadas por la COVID-19, la gripe y otros virus, <strong>en el territorio nacional no es significativo el actual aumento de esas infecciones<\/strong>\u201d.<\/p>\n<p>\u201cLos estudios de vigilancia epidemiol\u00f3gica y microbiol\u00f3gica que con sistematicidad se realizan en nuestros laboratorios, demuestran que <strong>en estos momentos sobresale la circulaci\u00f3n de los virus Sincitial Respiratorio, Influenza A, Rinovirus y Parainfluenza.<\/strong><\/p>\n<p>\u201cEn el caso particular de la COVID-19, en los \u00faltimos dos meses del 2023 y los d\u00edas transcurridos del 2024 se ha identificado principalmente la <strong>presencia de tres subvariantes de \u00d3micron: XBB 1.5, XBB.1.9 y XBB.1.16<\/strong>, clasificadas por la Organizaci\u00f3n Mundial de la Salud como de inter\u00e9s o bajo vigilancia.<\/p>\n<p>\u201cDe manera general, <strong>en el 2023 el comportamiento de la COVID-19 en el pa\u00eds continu\u00f3 su tendencia a la disminuci\u00f3n<\/strong>: el pasado a\u00f1o no lamentamos el fallecimiento de ninguna persona y respecto al 2022 se diagnosticaron 142 380 casos menos tras los estudios realizados a poblaciones de riesgos y pacientes graves, basados en el bajo \u00edndice de complicaci\u00f3n que se constata de la enfermedad en Cuba. En m\u00e1s de 121 800 estudios realizados apenas fueron confirmados el 2.5%.<\/p>\n<p>\u201cTeniendo en cuenta que nos encontramos en la \u00e9poca m\u00e1s fr\u00eda del a\u00f1o, la cual coincide con el periodo estacional de las infecciones respiratorias agudas, desde el Ministerio de Salud P\u00fablica llamamos la atenci\u00f3n acerca de la <strong>necesidad de cumplir con las medidas para la protecci\u00f3n a la salud, fundamentalmente en los grupos vulnerables.<\/strong><\/p>\n<p>\u201cAsimismo, enfatizamos en que nuestra poblaci\u00f3n debe estar atenta a las informaciones oficiales que se emitan por nuestro organismo al respecto, pues en los \u00faltimos d\u00edas han comenzado a circular en las redes sociales noticias sobre la situaci\u00f3n epidemiol\u00f3gica de otros pa\u00edses, asociada a la COVID-19, que no en todos los casos son ver\u00eddicas.<\/p>\n<p>\u201cInsistimos en la importancia de <strong>hacer uso de mascarillas en lugares de alta concentraci\u00f3n de personas; acudir al m\u00e9dico ante la manifestaci\u00f3n de s\u00edntomas respiratorios, y mantener actualizado el esquema de vacunaci\u00f3n Anti COVID-19.<\/strong> Como parte de nuestros protocolos sanitarios la vacunaci\u00f3n se ha seguido realizando, con especial \u00e9nfasis en los ni\u00f1os que arriban a los dos a\u00f1os de edad, embarazadas y grupos de personas identificados como vulnerables a los cuales se les aplica la reactivaci\u00f3n correspondiente.<\/p>\n<p>\u201cNuestro pueblo puede tener la seguridad de que est\u00e1n activas la vigilancia cl\u00ednico-epidemiol\u00f3gica y microbiol\u00f3gica en todos los niveles de atenci\u00f3n del Sistema Nacional de Salud, incluido el tr\u00e1nsito por frontera, para detectar oportunamente la circulaci\u00f3n de virus respiratorios, as\u00ed como de nuevas variantes y subvariantes de la COVID-19 que pudieran introducirse en Cuba.<\/p>\n<p>\u201cResponsabilidad y disciplina contin\u00faan siendo esenciales para proteger la vida, un empe\u00f1o en el que resulta imprescindible seguir sumando el esfuerzo de todos\u201d, sostuvo el ministro.<\/p>\n<p>Fuente:Cubadebate<\/p>\n","protected":false},"excerpt":{"rendered":"<p>EEl Ministro de Salud P\u00fablica inform\u00f3 en sus redes sociales que, al concluir el a\u00f1o 2023, en Cuba se realizaron unos 2 817 000 consultas asociadas a infecciones respiratorias agudas y que el pa\u00eds mantiene activas la vigilancia cl\u00ednico-epidemiol\u00f3gica y microbiol\u00f3gica en todos los niveles de atenci\u00f3n del Sistema Nacional de Salud.<\/p><p><a class=\"more-link btn\" href=\"https:\/\/instituciones.gtm.sld.cu\/dmsims\/2024\/01\/10\/portal-miranda-cuba-mantiene-activas-la-vigilancia-clinico-epidemiologica-y-microbiologica-en-todos-los-niveles-de-atencion\/\">Seguir leyendo<\/a><\/p>\n","protected":false},"author":88,"featured_media":2135,"comment_status":"closed","ping_status":"open","sticky":false,"template":"","format":"standard","meta":{"ngg_post_thumbnail":0},"categories":[1],"tags":[],"yoast_head":"<!-- This site is optimized with the Yoast SEO plugin v21.8 - https:\/\/yoast.com\/wordpress\/plugins\/seo\/ -->\n<title>Portal Miranda: Cuba mantiene activas la vigilancia cl\u00ednico-epidemiol\u00f3gica y microbiol\u00f3gica en todos los niveles de atenci\u00f3n - Policl\u00ednico &quot;Ciro Fr\u00edas Cabrera&quot;<\/title>\n<meta name=\"robots\" content=\"index, follow, max-snippet:-1, max-image-preview:large, max-video-preview:-1\" \/>\n<link rel=\"canonical\" href=\"https:\/\/instituciones.gtm.sld.cu\/dmsims\/2024\/01\/10\/portal-miranda-cuba-mantiene-activas-la-vigilancia-clinico-epidemiologica-y-microbiologica-en-todos-los-niveles-de-atencion\/\" \/>\n<meta property=\"og:locale\" content=\"es_ES\" \/>\n<meta property=\"og:type\" content=\"article\" \/>\n<meta property=\"og:title\" content=\"Portal Miranda: Cuba mantiene activas la vigilancia cl\u00ednico-epidemiol\u00f3gica y microbiol\u00f3gica en todos los niveles de atenci\u00f3n - Policl\u00ednico &quot;Ciro Fr\u00edas Cabrera&quot;\" \/>\n<meta property=\"og:description\" content=\"EEl Ministro de Salud P\u00fablica inform\u00f3 en sus redes sociales que, al concluir el a\u00f1o 2023, en Cuba se realizaron unos 2 817 000 consultas asociadas a infecciones respiratorias agudas y que el pa\u00eds mantiene activas la vigilancia cl\u00ednico-epidemiol\u00f3gica y microbiol\u00f3gica en todos los niveles de atenci\u00f3n del Sistema Nacional de Salud.\" \/>\n<meta property=\"og:url\" content=\"https:\/\/instituciones.gtm.sld.cu\/dmsims\/2024\/01\/10\/portal-miranda-cuba-mantiene-activas-la-vigilancia-clinico-epidemiologica-y-microbiologica-en-todos-los-niveles-de-atencion\/\" \/>\n<meta property=\"og:site_name\" content=\"Policl\u00ednico &quot;Ciro Fr\u00edas Cabrera&quot;\" \/>\n<meta property=\"article:published_time\" content=\"2024-01-10T20:05:08+00:00\" \/>\n<meta property=\"article:modified_time\" content=\"2024-01-10T20:05:43+00:00\" \/>\n<meta property=\"og:image\" content=\"http:\/\/instituciones.gtm.sld.cu\/dmsims\/wp-content\/uploads\/sites\/34\/2024\/01\/IMG_20240108_213009_775-e1704768286484.jpg\" \/>\n\t<meta property=\"og:image:width\" content=\"145\" \/>\n\t<meta property=\"og:image:height\" content=\"81\" \/>\n\t<meta property=\"og:image:type\" content=\"image\/jpeg\" \/>\n<meta name=\"author\" content=\"dmsims\" \/>\n<meta name=\"twitter:card\" content=\"summary_large_image\" \/>\n<meta name=\"twitter:label1\" content=\"Escrito por\" \/>\n\t<meta name=\"twitter:data1\" content=\"dmsims\" \/>\n\t<meta name=\"twitter:label2\" content=\"Tiempo de lectura\" \/>\n\t<meta name=\"twitter:data2\" content=\"3 minutos\" \/>\n<script type=\"application\/ld+json\" class=\"yoast-schema-graph\">{\"@context\":\"https:\/\/schema.org\",\"@graph\":[{\"@type\":\"WebPage\",\"@id\":\"https:\/\/instituciones.gtm.sld.cu\/dmsims\/2024\/01\/10\/portal-miranda-cuba-mantiene-activas-la-vigilancia-clinico-epidemiologica-y-microbiologica-en-todos-los-niveles-de-atencion\/\",\"url\":\"https:\/\/instituciones.gtm.sld.cu\/dmsims\/2024\/01\/10\/portal-miranda-cuba-mantiene-activas-la-vigilancia-clinico-epidemiologica-y-microbiologica-en-todos-los-niveles-de-atencion\/\",\"name\":\"Portal Miranda: Cuba mantiene activas la vigilancia cl\u00ednico-epidemiol\u00f3gica y microbiol\u00f3gica en todos los niveles de atenci\u00f3n - Policl\u00ednico &quot;Ciro Fr\u00edas Cabrera&quot;\",\"isPartOf\":{\"@id\":\"https:\/\/instituciones.gtm.sld.cu\/dmsims\/#website\"},\"datePublished\":\"2024-01-10T20:05:08+00:00\",\"dateModified\":\"2024-01-10T20:05:43+00:00\",\"author\":{\"@id\":\"https:\/\/instituciones.gtm.sld.cu\/dmsims\/#\/schema\/person\/e02d318b45e27c313e3bbe3f7698cc47\"},\"breadcrumb\":{\"@id\":\"https:\/\/instituciones.gtm.sld.cu\/dmsims\/2024\/01\/10\/portal-miranda-cuba-mantiene-activas-la-vigilancia-clinico-epidemiologica-y-microbiologica-en-todos-los-niveles-de-atencion\/#breadcrumb\"},\"inLanguage\":\"es\",\"potentialAction\":[{\"@type\":\"ReadAction\",\"target\":[\"https:\/\/instituciones.gtm.sld.cu\/dmsims\/2024\/01\/10\/portal-miranda-cuba-mantiene-activas-la-vigilancia-clinico-epidemiologica-y-microbiologica-en-todos-los-niveles-de-atencion\/\"]}]},{\"@type\":\"BreadcrumbList\",\"@id\":\"https:\/\/instituciones.gtm.sld.cu\/dmsims\/2024\/01\/10\/portal-miranda-cuba-mantiene-activas-la-vigilancia-clinico-epidemiologica-y-microbiologica-en-todos-los-niveles-de-atencion\/#breadcrumb\",\"itemListElement\":[{\"@type\":\"ListItem\",\"position\":1,\"name\":\"Portada\",\"item\":\"https:\/\/instituciones.gtm.sld.cu\/dmsims\/\"},{\"@type\":\"ListItem\",\"position\":2,\"name\":\"Portal Miranda: Cuba mantiene activas la vigilancia cl\u00ednico-epidemiol\u00f3gica y microbiol\u00f3gica en todos los niveles de atenci\u00f3n\"}]},{\"@type\":\"WebSite\",\"@id\":\"https:\/\/instituciones.gtm.sld.cu\/dmsims\/#website\",\"url\":\"https:\/\/instituciones.gtm.sld.cu\/dmsims\/\",\"name\":\"Policl\u00ednico &quot;Ciro Fr\u00edas Cabrera&quot;\",\"description\":\"Policl\u00ednico &quot;Ciro Fr\u00edas Cabrera&quot;\",\"potentialAction\":[{\"@type\":\"SearchAction\",\"target\":{\"@type\":\"EntryPoint\",\"urlTemplate\":\"https:\/\/instituciones.gtm.sld.cu\/dmsims\/?s={search_term_string}\"},\"query-input\":\"required name=search_term_string\"}],\"inLanguage\":\"es\"},{\"@type\":\"Person\",\"@id\":\"https:\/\/instituciones.gtm.sld.cu\/dmsims\/#\/schema\/person\/e02d318b45e27c313e3bbe3f7698cc47\",\"name\":\"dmsims\",\"url\":\"https:\/\/instituciones.gtm.sld.cu\/dmsims\/author\/dmsims\/\"}]}<\/script>\n<!-- \/ Yoast SEO plugin. -->","yoast_head_json":{"title":"Portal Miranda: Cuba mantiene activas la vigilancia cl\u00ednico-epidemiol\u00f3gica y microbiol\u00f3gica en todos los niveles de atenci\u00f3n - Policl\u00ednico &quot;Ciro Fr\u00edas Cabrera&quot;","robots":{"index":"index","follow":"follow","max-snippet":"max-snippet:-1","max-image-preview":"max-image-preview:large","max-video-preview":"max-video-preview:-1"},"canonical":"https:\/\/instituciones.gtm.sld.cu\/dmsims\/2024\/01\/10\/portal-miranda-cuba-mantiene-activas-la-vigilancia-clinico-epidemiologica-y-microbiologica-en-todos-los-niveles-de-atencion\/","og_locale":"es_ES","og_type":"article","og_title":"Portal Miranda: Cuba mantiene activas la vigilancia cl\u00ednico-epidemiol\u00f3gica y microbiol\u00f3gica en todos los niveles de atenci\u00f3n - Policl\u00ednico &quot;Ciro Fr\u00edas Cabrera&quot;","og_description":"EEl Ministro de Salud P\u00fablica inform\u00f3 en sus redes sociales que, al concluir el a\u00f1o 2023, en Cuba se realizaron unos 2 817 000 consultas asociadas a infecciones respiratorias agudas y que el pa\u00eds mantiene activas la vigilancia cl\u00ednico-epidemiol\u00f3gica y microbiol\u00f3gica en todos los niveles de atenci\u00f3n del Sistema Nacional de Salud.","og_url":"https:\/\/instituciones.gtm.sld.cu\/dmsims\/2024\/01\/10\/portal-miranda-cuba-mantiene-activas-la-vigilancia-clinico-epidemiologica-y-microbiologica-en-todos-los-niveles-de-atencion\/","og_site_name":"Policl\u00ednico &quot;Ciro Fr\u00edas Cabrera&quot;","article_published_time":"2024-01-10T20:05:08+00:00","article_modified_time":"2024-01-10T20:05:43+00:00","og_image":[{"width":145,"height":81,"url":"http:\/\/instituciones.gtm.sld.cu\/dmsims\/wp-content\/uploads\/sites\/34\/2024\/01\/IMG_20240108_213009_775-e1704768286484.jpg","type":"image\/jpeg"}],"author":"dmsims","twitter_card":"summary_large_image","twitter_misc":{"Escrito por":"dmsims","Tiempo de lectura":"3 minutos"},"schema":{"@context":"https:\/\/schema.org","@graph":[{"@type":"WebPage","@id":"https:\/\/instituciones.gtm.sld.cu\/dmsims\/2024\/01\/10\/portal-miranda-cuba-mantiene-activas-la-vigilancia-clinico-epidemiologica-y-microbiologica-en-todos-los-niveles-de-atencion\/","url":"https:\/\/instituciones.gtm.sld.cu\/dmsims\/2024\/01\/10\/portal-miranda-cuba-mantiene-activas-la-vigilancia-clinico-epidemiologica-y-microbiologica-en-todos-los-niveles-de-atencion\/","name":"Portal Miranda: Cuba mantiene activas la vigilancia cl\u00ednico-epidemiol\u00f3gica y microbiol\u00f3gica en todos los niveles de atenci\u00f3n - Policl\u00ednico &quot;Ciro Fr\u00edas Cabrera&quot;","isPartOf":{"@id":"https:\/\/instituciones.gtm.sld.cu\/dmsims\/#website"},"datePublished":"2024-01-10T20:05:08+00:00","dateModified":"2024-01-10T20:05:43+00:00","author":{"@id":"https:\/\/instituciones.gtm.sld.cu\/dmsims\/#\/schema\/person\/e02d318b45e27c313e3bbe3f7698cc47"},"breadcrumb":{"@id":"https:\/\/instituciones.gtm.sld.cu\/dmsims\/2024\/01\/10\/portal-miranda-cuba-mantiene-activas-la-vigilancia-clinico-epidemiologica-y-microbiologica-en-todos-los-niveles-de-atencion\/#breadcrumb"},"inLanguage":"es","potentialAction":[{"@type":"ReadAction","target":["https:\/\/instituciones.gtm.sld.cu\/dmsims\/2024\/01\/10\/portal-miranda-cuba-mantiene-activas-la-vigilancia-clinico-epidemiologica-y-microbiologica-en-todos-los-niveles-de-atencion\/"]}]},{"@type":"BreadcrumbList","@id":"https:\/\/instituciones.gtm.sld.cu\/dmsims\/2024\/01\/10\/portal-miranda-cuba-mantiene-activas-la-vigilancia-clinico-epidemiologica-y-microbiologica-en-todos-los-niveles-de-atencion\/#breadcrumb","itemListElement":[{"@type":"ListItem","position":1,"name":"Portada","item":"https:\/\/instituciones.gtm.sld.cu\/dmsims\/"},{"@type":"ListItem","position":2,"name":"Portal Miranda: Cuba mantiene activas la vigilancia cl\u00ednico-epidemiol\u00f3gica y microbiol\u00f3gica en todos los niveles de atenci\u00f3n"}]},{"@type":"WebSite","@id":"https:\/\/instituciones.gtm.sld.cu\/dmsims\/#website","url":"https:\/\/instituciones.gtm.sld.cu\/dmsims\/","name":"Policl\u00ednico &quot;Ciro Fr\u00edas Cabrera&quot;","description":"Policl\u00ednico &quot;Ciro Fr\u00edas Cabrera&quot;","potentialAction":[{"@type":"SearchAction","target":{"@type":"EntryPoint","urlTemplate":"https:\/\/instituciones.gtm.sld.cu\/dmsims\/?s={search_term_string}"},"query-input":"required name=search_term_string"}],"inLanguage":"es"},{"@type":"Person","@id":"https:\/\/instituciones.gtm.sld.cu\/dmsims\/#\/schema\/person\/e02d318b45e27c313e3bbe3f7698cc47","name":"dmsims","url":"https:\/\/instituciones.gtm.sld.cu\/dmsims\/author\/dmsims\/"}]}},"_links":{"self":[{"href":"https:\/\/instituciones.gtm.sld.cu\/dmsims\/wp-json\/wp\/v2\/posts\/2137"}],"collection":[{"href":"https:\/\/instituciones.gtm.sld.cu\/dmsims\/wp-json\/wp\/v2\/posts"}],"about":[{"href":"https:\/\/instituciones.gtm.sld.cu\/dmsims\/wp-json\/wp\/v2\/types\/post"}],"author":[{"embeddable":true,"href":"https:\/\/instituciones.gtm.sld.cu\/dmsims\/wp-json\/wp\/v2\/users\/88"}],"replies":[{"embeddable":true,"href":"https:\/\/instituciones.gtm.sld.cu\/dmsims\/wp-json\/wp\/v2\/comments?post=2137"}],"version-history":[{"count":1,"href":"https:\/\/instituciones.gtm.sld.cu\/dmsims\/wp-json\/wp\/v2\/posts\/2137\/revisions"}],"predecessor-version":[{"id":2138,"href":"https:\/\/instituciones.gtm.sld.cu\/dmsims\/wp-json\/wp\/v2\/posts\/2137\/revisions\/2138"}],"wp:featuredmedia":[{"embeddable":true,"href":"https:\/\/instituciones.gtm.sld.cu\/dmsims\/wp-json\/wp\/v2\/media\/2135"}],"wp:attachment":[{"href":"https:\/\/instituciones.gtm.sld.cu\/dmsims\/wp-json\/wp\/v2\/media?parent=2137"}],"wp:term":[{"taxonomy":"category","embeddable":true,"href":"https:\/\/instituciones.gtm.sld.cu\/dmsims\/wp-json\/wp\/v2\/categories?post=2137"},{"taxonomy":"post_tag","embeddable":true,"href":"https:\/\/instituciones.gtm.sld.cu\/dmsims\/wp-json\/wp\/v2\/tags?post=2137"}],"curies":[{"name":"wp","href":"https:\/\/api.w.org\/{rel}","templated":true}]}}