{"id":2174,"date":"2024-03-11T14:11:55","date_gmt":"2024-03-11T18:11:55","guid":{"rendered":"https:\/\/instituciones.gtm.sld.cu\/dmsims\/?p=2174"},"modified":"2024-03-11T14:13:11","modified_gmt":"2024-03-11T18:13:11","slug":"nasalferon-alfa-2b-obtiene-registro-sanitario-condicionado-para-tratar-enfermedades-respiratorias-agudas","status":"publish","type":"post","link":"https:\/\/instituciones.gtm.sld.cu\/dmsims\/2024\/03\/11\/nasalferon-alfa-2b-obtiene-registro-sanitario-condicionado-para-tratar-enfermedades-respiratorias-agudas\/","title":{"rendered":"Nasalferon Alfa 2b obtiene registro sanitario condicionado para tratar enfermedades respiratorias agudas"},"content":{"rendered":"<p>El <a href=\"http:\/\/www.cubadebate.cu\/etiqueta\/centro-de-ingenieria-genetica-y-biotecnologia-cigb\/\">Centro de Ingenier\u00eda Gen\u00e9tica y Biotecnolog\u00eda (CIGB)<\/a> de Cuba dio a conocer hoy el otorgamiento del registro sanitario condicionado al Nasalferon Alfa 2b <strong>para tratar enfermedades respiratorias agudas, incluida la covid-19<\/strong>.<!--more--><\/p>\n<p>Dicha licencia fue autorizada por el Centro de Control Estatal de Medicamentos, Equipos y Dispositivos M\u00e9dicos (Cecmed) a esta soluci\u00f3n nasal que contiene interfer\u00f3n alfa 2b humano recombinante con una actuaci\u00f3n desde la primera gota, probada con elevada efectividad en pacientes infectados por el SARS-Cov-2, causante de la covid-19.<\/p>\n<p>Una vez evaluado el expediente, la entidad reguladora cubana&nbsp;<strong>Cecmed concluy\u00f3 que el Nasalferon cumple los requisitos de calidad, seguridad y eficacia para la obtenci\u00f3n el registro sanitario condicionado<\/strong>.<\/p>\n<p>De acuerdo con la descripci\u00f3n,&nbsp;<strong>este f\u00e1rmaco tiene acciones biol\u00f3gicas como antiviral e inmunomodulador<\/strong>, y est\u00e1 indicado para la profilaxis temporal de la infecci\u00f3n por SARS-CoV-2 en individuos entre los 19 y 80 a\u00f1os, con alto riesgo de exposici\u00f3n al virus, como son personal de la salud, personas que son contactos de sospechosos o casos confirmados y viajeros.<\/p>\n<blockquote><p>La administraci\u00f3n del interfer\u00f3n alfa 2b humano recombinante por v\u00eda nasal se basa en que las c\u00e9lulas epiteliales nasales funcionan como la primera barrera defensiva durante la exposici\u00f3n de las personas a las part\u00edculas del virus que llegan a la mucosa nasal.<\/p><\/blockquote>\n<p>Los efectos beneficiosos del Interfer\u00f3n alfa 2b humano recombinante administrado por v\u00eda nasal&nbsp;<strong>est\u00e1n mediados por su interacci\u00f3n con las poblaciones de c\u00e9lulas reguladoras presentes en la mucosa del tracto respiratorio superior<\/strong>, y son amplificados por los mecanismos que suceden en esa zona.<\/p>\n<p>El registro sanitario condicionado <strong>es la posibilidad de uso del producto en el territorio nacional y en el extranjero, y una condici\u00f3n para obtener su registro cuando concluyan todas las condiciones requeridas<\/strong>, y que solo se otorga al terminar el ensayo cl\u00ednico fase III.<\/p>\n<p>Tal autorizaci\u00f3n permite el uso del medicamento, porque ya est\u00e1n demostradas su calidad y seguridad.<\/p>\n<p>Fuente:Cubadebate<\/p>\n","protected":false},"excerpt":{"rendered":"<p>El Centro de Ingenier\u00eda Gen\u00e9tica y Biotecnolog\u00eda (CIGB) de Cuba dio a conocer hoy el otorgamiento del registro sanitario condicionado al Nasalferon Alfa 2b para tratar enfermedades respiratorias agudas, incluida la covid-19.<\/p><p><a class=\"more-link btn\" href=\"https:\/\/instituciones.gtm.sld.cu\/dmsims\/2024\/03\/11\/nasalferon-alfa-2b-obtiene-registro-sanitario-condicionado-para-tratar-enfermedades-respiratorias-agudas\/\">Seguir leyendo<\/a><\/p>\n","protected":false},"author":88,"featured_media":2175,"comment_status":"closed","ping_status":"open","sticky":false,"template":"","format":"standard","meta":{"ngg_post_thumbnail":0},"categories":[1],"tags":[],"yoast_head":"<!-- This site is optimized with the Yoast SEO plugin v21.8 - https:\/\/yoast.com\/wordpress\/plugins\/seo\/ -->\n<title>Nasalferon Alfa 2b obtiene registro sanitario condicionado para tratar enfermedades respiratorias agudas - Policl\u00ednico &quot;Ciro Fr\u00edas Cabrera&quot;<\/title>\n<meta name=\"robots\" content=\"index, follow, max-snippet:-1, max-image-preview:large, max-video-preview:-1\" \/>\n<link rel=\"canonical\" href=\"https:\/\/instituciones.gtm.sld.cu\/dmsims\/2024\/03\/11\/nasalferon-alfa-2b-obtiene-registro-sanitario-condicionado-para-tratar-enfermedades-respiratorias-agudas\/\" \/>\n<meta property=\"og:locale\" content=\"es_ES\" \/>\n<meta property=\"og:type\" content=\"article\" \/>\n<meta property=\"og:title\" content=\"Nasalferon Alfa 2b obtiene registro sanitario condicionado para tratar enfermedades respiratorias agudas - Policl\u00ednico &quot;Ciro Fr\u00edas Cabrera&quot;\" \/>\n<meta property=\"og:description\" content=\"El Centro de Ingenier\u00eda Gen\u00e9tica y Biotecnolog\u00eda (CIGB) de Cuba dio a conocer hoy el otorgamiento del registro sanitario condicionado al Nasalferon Alfa 2b para tratar enfermedades respiratorias agudas, incluida la covid-19.\" \/>\n<meta property=\"og:url\" content=\"https:\/\/instituciones.gtm.sld.cu\/dmsims\/2024\/03\/11\/nasalferon-alfa-2b-obtiene-registro-sanitario-condicionado-para-tratar-enfermedades-respiratorias-agudas\/\" \/>\n<meta property=\"og:site_name\" content=\"Policl\u00ednico &quot;Ciro Fr\u00edas Cabrera&quot;\" \/>\n<meta property=\"article:published_time\" content=\"2024-03-11T18:11:55+00:00\" \/>\n<meta property=\"article:modified_time\" content=\"2024-03-11T18:13:11+00:00\" \/>\n<meta property=\"og:image\" content=\"http:\/\/instituciones.gtm.sld.cu\/dmsims\/wp-content\/uploads\/sites\/34\/2024\/03\/nasalferon.png\" \/>\n\t<meta property=\"og:image:width\" content=\"145\" \/>\n\t<meta property=\"og:image:height\" content=\"83\" \/>\n\t<meta property=\"og:image:type\" content=\"image\/png\" \/>\n<meta name=\"author\" content=\"dmsims\" \/>\n<meta name=\"twitter:card\" content=\"summary_large_image\" \/>\n<meta name=\"twitter:label1\" content=\"Escrito por\" \/>\n\t<meta name=\"twitter:data1\" content=\"dmsims\" \/>\n\t<meta name=\"twitter:label2\" content=\"Tiempo de lectura\" \/>\n\t<meta name=\"twitter:data2\" content=\"2 minutos\" \/>\n<script type=\"application\/ld+json\" class=\"yoast-schema-graph\">{\"@context\":\"https:\/\/schema.org\",\"@graph\":[{\"@type\":\"WebPage\",\"@id\":\"https:\/\/instituciones.gtm.sld.cu\/dmsims\/2024\/03\/11\/nasalferon-alfa-2b-obtiene-registro-sanitario-condicionado-para-tratar-enfermedades-respiratorias-agudas\/\",\"url\":\"https:\/\/instituciones.gtm.sld.cu\/dmsims\/2024\/03\/11\/nasalferon-alfa-2b-obtiene-registro-sanitario-condicionado-para-tratar-enfermedades-respiratorias-agudas\/\",\"name\":\"Nasalferon Alfa 2b obtiene registro sanitario condicionado para tratar enfermedades respiratorias agudas - Policl\u00ednico &quot;Ciro Fr\u00edas Cabrera&quot;\",\"isPartOf\":{\"@id\":\"https:\/\/instituciones.gtm.sld.cu\/dmsims\/#website\"},\"datePublished\":\"2024-03-11T18:11:55+00:00\",\"dateModified\":\"2024-03-11T18:13:11+00:00\",\"author\":{\"@id\":\"https:\/\/instituciones.gtm.sld.cu\/dmsims\/#\/schema\/person\/e02d318b45e27c313e3bbe3f7698cc47\"},\"breadcrumb\":{\"@id\":\"https:\/\/instituciones.gtm.sld.cu\/dmsims\/2024\/03\/11\/nasalferon-alfa-2b-obtiene-registro-sanitario-condicionado-para-tratar-enfermedades-respiratorias-agudas\/#breadcrumb\"},\"inLanguage\":\"es\",\"potentialAction\":[{\"@type\":\"ReadAction\",\"target\":[\"https:\/\/instituciones.gtm.sld.cu\/dmsims\/2024\/03\/11\/nasalferon-alfa-2b-obtiene-registro-sanitario-condicionado-para-tratar-enfermedades-respiratorias-agudas\/\"]}]},{\"@type\":\"BreadcrumbList\",\"@id\":\"https:\/\/instituciones.gtm.sld.cu\/dmsims\/2024\/03\/11\/nasalferon-alfa-2b-obtiene-registro-sanitario-condicionado-para-tratar-enfermedades-respiratorias-agudas\/#breadcrumb\",\"itemListElement\":[{\"@type\":\"ListItem\",\"position\":1,\"name\":\"Portada\",\"item\":\"https:\/\/instituciones.gtm.sld.cu\/dmsims\/\"},{\"@type\":\"ListItem\",\"position\":2,\"name\":\"Nasalferon Alfa 2b obtiene registro sanitario condicionado para tratar enfermedades respiratorias agudas\"}]},{\"@type\":\"WebSite\",\"@id\":\"https:\/\/instituciones.gtm.sld.cu\/dmsims\/#website\",\"url\":\"https:\/\/instituciones.gtm.sld.cu\/dmsims\/\",\"name\":\"Policl\u00ednico &quot;Ciro Fr\u00edas Cabrera&quot;\",\"description\":\"Policl\u00ednico &quot;Ciro Fr\u00edas Cabrera&quot;\",\"potentialAction\":[{\"@type\":\"SearchAction\",\"target\":{\"@type\":\"EntryPoint\",\"urlTemplate\":\"https:\/\/instituciones.gtm.sld.cu\/dmsims\/?s={search_term_string}\"},\"query-input\":\"required name=search_term_string\"}],\"inLanguage\":\"es\"},{\"@type\":\"Person\",\"@id\":\"https:\/\/instituciones.gtm.sld.cu\/dmsims\/#\/schema\/person\/e02d318b45e27c313e3bbe3f7698cc47\",\"name\":\"dmsims\",\"url\":\"https:\/\/instituciones.gtm.sld.cu\/dmsims\/author\/dmsims\/\"}]}<\/script>\n<!-- \/ Yoast SEO plugin. -->","yoast_head_json":{"title":"Nasalferon Alfa 2b obtiene registro sanitario condicionado para tratar enfermedades respiratorias agudas - Policl\u00ednico &quot;Ciro Fr\u00edas Cabrera&quot;","robots":{"index":"index","follow":"follow","max-snippet":"max-snippet:-1","max-image-preview":"max-image-preview:large","max-video-preview":"max-video-preview:-1"},"canonical":"https:\/\/instituciones.gtm.sld.cu\/dmsims\/2024\/03\/11\/nasalferon-alfa-2b-obtiene-registro-sanitario-condicionado-para-tratar-enfermedades-respiratorias-agudas\/","og_locale":"es_ES","og_type":"article","og_title":"Nasalferon Alfa 2b obtiene registro sanitario condicionado para tratar enfermedades respiratorias agudas - Policl\u00ednico &quot;Ciro Fr\u00edas Cabrera&quot;","og_description":"El Centro de Ingenier\u00eda Gen\u00e9tica y Biotecnolog\u00eda (CIGB) de Cuba dio a conocer hoy el otorgamiento del registro sanitario condicionado al Nasalferon Alfa 2b para tratar enfermedades respiratorias agudas, incluida la covid-19.","og_url":"https:\/\/instituciones.gtm.sld.cu\/dmsims\/2024\/03\/11\/nasalferon-alfa-2b-obtiene-registro-sanitario-condicionado-para-tratar-enfermedades-respiratorias-agudas\/","og_site_name":"Policl\u00ednico &quot;Ciro Fr\u00edas Cabrera&quot;","article_published_time":"2024-03-11T18:11:55+00:00","article_modified_time":"2024-03-11T18:13:11+00:00","og_image":[{"width":145,"height":83,"url":"http:\/\/instituciones.gtm.sld.cu\/dmsims\/wp-content\/uploads\/sites\/34\/2024\/03\/nasalferon.png","type":"image\/png"}],"author":"dmsims","twitter_card":"summary_large_image","twitter_misc":{"Escrito por":"dmsims","Tiempo de lectura":"2 minutos"},"schema":{"@context":"https:\/\/schema.org","@graph":[{"@type":"WebPage","@id":"https:\/\/instituciones.gtm.sld.cu\/dmsims\/2024\/03\/11\/nasalferon-alfa-2b-obtiene-registro-sanitario-condicionado-para-tratar-enfermedades-respiratorias-agudas\/","url":"https:\/\/instituciones.gtm.sld.cu\/dmsims\/2024\/03\/11\/nasalferon-alfa-2b-obtiene-registro-sanitario-condicionado-para-tratar-enfermedades-respiratorias-agudas\/","name":"Nasalferon Alfa 2b obtiene registro sanitario condicionado para tratar enfermedades respiratorias agudas - Policl\u00ednico &quot;Ciro Fr\u00edas Cabrera&quot;","isPartOf":{"@id":"https:\/\/instituciones.gtm.sld.cu\/dmsims\/#website"},"datePublished":"2024-03-11T18:11:55+00:00","dateModified":"2024-03-11T18:13:11+00:00","author":{"@id":"https:\/\/instituciones.gtm.sld.cu\/dmsims\/#\/schema\/person\/e02d318b45e27c313e3bbe3f7698cc47"},"breadcrumb":{"@id":"https:\/\/instituciones.gtm.sld.cu\/dmsims\/2024\/03\/11\/nasalferon-alfa-2b-obtiene-registro-sanitario-condicionado-para-tratar-enfermedades-respiratorias-agudas\/#breadcrumb"},"inLanguage":"es","potentialAction":[{"@type":"ReadAction","target":["https:\/\/instituciones.gtm.sld.cu\/dmsims\/2024\/03\/11\/nasalferon-alfa-2b-obtiene-registro-sanitario-condicionado-para-tratar-enfermedades-respiratorias-agudas\/"]}]},{"@type":"BreadcrumbList","@id":"https:\/\/instituciones.gtm.sld.cu\/dmsims\/2024\/03\/11\/nasalferon-alfa-2b-obtiene-registro-sanitario-condicionado-para-tratar-enfermedades-respiratorias-agudas\/#breadcrumb","itemListElement":[{"@type":"ListItem","position":1,"name":"Portada","item":"https:\/\/instituciones.gtm.sld.cu\/dmsims\/"},{"@type":"ListItem","position":2,"name":"Nasalferon Alfa 2b obtiene registro sanitario condicionado para tratar enfermedades respiratorias agudas"}]},{"@type":"WebSite","@id":"https:\/\/instituciones.gtm.sld.cu\/dmsims\/#website","url":"https:\/\/instituciones.gtm.sld.cu\/dmsims\/","name":"Policl\u00ednico &quot;Ciro Fr\u00edas Cabrera&quot;","description":"Policl\u00ednico &quot;Ciro Fr\u00edas Cabrera&quot;","potentialAction":[{"@type":"SearchAction","target":{"@type":"EntryPoint","urlTemplate":"https:\/\/instituciones.gtm.sld.cu\/dmsims\/?s={search_term_string}"},"query-input":"required name=search_term_string"}],"inLanguage":"es"},{"@type":"Person","@id":"https:\/\/instituciones.gtm.sld.cu\/dmsims\/#\/schema\/person\/e02d318b45e27c313e3bbe3f7698cc47","name":"dmsims","url":"https:\/\/instituciones.gtm.sld.cu\/dmsims\/author\/dmsims\/"}]}},"_links":{"self":[{"href":"https:\/\/instituciones.gtm.sld.cu\/dmsims\/wp-json\/wp\/v2\/posts\/2174"}],"collection":[{"href":"https:\/\/instituciones.gtm.sld.cu\/dmsims\/wp-json\/wp\/v2\/posts"}],"about":[{"href":"https:\/\/instituciones.gtm.sld.cu\/dmsims\/wp-json\/wp\/v2\/types\/post"}],"author":[{"embeddable":true,"href":"https:\/\/instituciones.gtm.sld.cu\/dmsims\/wp-json\/wp\/v2\/users\/88"}],"replies":[{"embeddable":true,"href":"https:\/\/instituciones.gtm.sld.cu\/dmsims\/wp-json\/wp\/v2\/comments?post=2174"}],"version-history":[{"count":2,"href":"https:\/\/instituciones.gtm.sld.cu\/dmsims\/wp-json\/wp\/v2\/posts\/2174\/revisions"}],"predecessor-version":[{"id":2178,"href":"https:\/\/instituciones.gtm.sld.cu\/dmsims\/wp-json\/wp\/v2\/posts\/2174\/revisions\/2178"}],"wp:featuredmedia":[{"embeddable":true,"href":"https:\/\/instituciones.gtm.sld.cu\/dmsims\/wp-json\/wp\/v2\/media\/2175"}],"wp:attachment":[{"href":"https:\/\/instituciones.gtm.sld.cu\/dmsims\/wp-json\/wp\/v2\/media?parent=2174"}],"wp:term":[{"taxonomy":"category","embeddable":true,"href":"https:\/\/instituciones.gtm.sld.cu\/dmsims\/wp-json\/wp\/v2\/categories?post=2174"},{"taxonomy":"post_tag","embeddable":true,"href":"https:\/\/instituciones.gtm.sld.cu\/dmsims\/wp-json\/wp\/v2\/tags?post=2174"}],"curies":[{"name":"wp","href":"https:\/\/api.w.org\/{rel}","templated":true}]}}