{"id":2385,"date":"2024-04-23T08:44:41","date_gmt":"2024-04-23T12:44:41","guid":{"rendered":"https:\/\/instituciones.gtm.sld.cu\/dmsims\/?p=2385"},"modified":"2024-04-23T08:44:41","modified_gmt":"2024-04-23T12:44:41","slug":"campana-de-vacunacion-antipoliomielitica-oral","status":"publish","type":"post","link":"https:\/\/instituciones.gtm.sld.cu\/dmsims\/2024\/04\/23\/campana-de-vacunacion-antipoliomielitica-oral\/","title":{"rendered":"Campa\u00f1a de Vacunaci\u00f3n Antipoliomiel\u00edtica Oral"},"content":{"rendered":"<p>En el municipio de Imias&nbsp; se comenzo con \u00e9xito la<strong> 63 Campa\u00f1a Nacional de Vacunaci\u00f3n Antipoliomiel\u00edtica Oral<\/strong>, coincidiendo con la <strong><em>22 Semana de Vacunaci\u00f3n de las Am\u00e9ricas<\/em><\/strong> y la <strong><em>13<sup>a<\/sup> Semana Mundial de Inmunizaci\u00f3n<\/em><\/strong> bajo el lema <strong>\u201clas vacunas para una vida plena\u201d.<\/strong><span id=\"more-13040\"><\/span><!--more--><\/p>\n<p>Se vacunar\u00e1n todos los ni\u00f1os que el d\u00eda 22 de abril tengan m\u00e1s de mes de nacido o no hayan cumplido los tres a\u00f1os. A todos los ni\u00f1os que se les administre la primera dosis en la primera etapa se les administrar\u00e1 la segunda dosis en la segunda etapa.<\/p>\n<ul>\n<li>Vacunar con dos dosis de vacuna antipoliomiel\u00edtica oral bivalente a ni\u00f1os desde un mes de nacidos hasta los dos a\u00f1os, 11 meses y 29 d\u00edas.<\/li>\n<li>Reactivar con una dosis de vacuna antipoliomiel\u00edtica oral bivalente a ni\u00f1os de nueve a\u00f1os de edad.<\/li>\n<\/ul>\n<p>La primera etapa se realizar\u00e1 entre el <strong>22 y el 26 de abril<\/strong>, con una semana de recuperaci\u00f3n del <strong>29 de abril y 3 de mayo<\/strong> para ni\u00f1os enfermos, entre otras causas que le impidieron vacunarse en la semana de la campa\u00f1a.<\/p>\n<p>La segunda etapa se ejecutar\u00e1 entre el <strong>17 y 21 de junio<\/strong> con recuperaci\u00f3n entre el <strong>24 y el 28 de junio.<\/strong><\/p>\n<p>Emitido por: <strong>Direcci\u00f3n General de Salud. Guant\u00e1namo<\/strong><\/p>\n","protected":false},"excerpt":{"rendered":"<p>En el municipio de Imias&nbsp; se comenzo con \u00e9xito la 63 Campa\u00f1a Nacional de Vacunaci\u00f3n Antipoliomiel\u00edtica Oral, coincidiendo con la 22 Semana de Vacunaci\u00f3n de las Am\u00e9ricas y la 13a Semana Mundial de Inmunizaci\u00f3n bajo el lema \u201clas vacunas para una vida plena\u201d.<\/p><p><a class=\"more-link btn\" href=\"https:\/\/instituciones.gtm.sld.cu\/dmsims\/2024\/04\/23\/campana-de-vacunacion-antipoliomielitica-oral\/\">Seguir leyendo<\/a><\/p>\n","protected":false},"author":88,"featured_media":0,"comment_status":"closed","ping_status":"open","sticky":false,"template":"","format":"standard","meta":{"ngg_post_thumbnail":0},"categories":[11],"tags":[],"yoast_head":"<!-- This site is optimized with the Yoast SEO plugin v21.8 - https:\/\/yoast.com\/wordpress\/plugins\/seo\/ -->\n<title>Campa\u00f1a de Vacunaci\u00f3n Antipoliomiel\u00edtica Oral - Policl\u00ednico &quot;Ciro Fr\u00edas Cabrera&quot;<\/title>\n<meta name=\"robots\" content=\"index, follow, max-snippet:-1, max-image-preview:large, max-video-preview:-1\" \/>\n<link rel=\"canonical\" href=\"https:\/\/instituciones.gtm.sld.cu\/dmsims\/2024\/04\/23\/campana-de-vacunacion-antipoliomielitica-oral\/\" \/>\n<meta property=\"og:locale\" content=\"es_ES\" \/>\n<meta property=\"og:type\" content=\"article\" \/>\n<meta property=\"og:title\" content=\"Campa\u00f1a de Vacunaci\u00f3n Antipoliomiel\u00edtica Oral - Policl\u00ednico &quot;Ciro Fr\u00edas Cabrera&quot;\" \/>\n<meta property=\"og:description\" content=\"En el municipio de Imias&nbsp; se comenzo con \u00e9xito la 63 Campa\u00f1a Nacional de Vacunaci\u00f3n Antipoliomiel\u00edtica Oral, coincidiendo con la 22 Semana de Vacunaci\u00f3n de las Am\u00e9ricas y la 13a Semana Mundial de Inmunizaci\u00f3n bajo el lema \u201clas vacunas para una vida plena\u201d.\" \/>\n<meta property=\"og:url\" content=\"https:\/\/instituciones.gtm.sld.cu\/dmsims\/2024\/04\/23\/campana-de-vacunacion-antipoliomielitica-oral\/\" \/>\n<meta property=\"og:site_name\" content=\"Policl\u00ednico &quot;Ciro Fr\u00edas Cabrera&quot;\" \/>\n<meta property=\"article:published_time\" content=\"2024-04-23T12:44:41+00:00\" \/>\n<meta name=\"author\" content=\"dmsims\" \/>\n<meta name=\"twitter:card\" content=\"summary_large_image\" \/>\n<meta name=\"twitter:label1\" content=\"Escrito por\" \/>\n\t<meta name=\"twitter:data1\" content=\"dmsims\" \/>\n\t<meta name=\"twitter:label2\" content=\"Tiempo de lectura\" \/>\n\t<meta name=\"twitter:data2\" content=\"1 minuto\" \/>\n<script type=\"application\/ld+json\" class=\"yoast-schema-graph\">{\"@context\":\"https:\/\/schema.org\",\"@graph\":[{\"@type\":\"WebPage\",\"@id\":\"https:\/\/instituciones.gtm.sld.cu\/dmsims\/2024\/04\/23\/campana-de-vacunacion-antipoliomielitica-oral\/\",\"url\":\"https:\/\/instituciones.gtm.sld.cu\/dmsims\/2024\/04\/23\/campana-de-vacunacion-antipoliomielitica-oral\/\",\"name\":\"Campa\u00f1a de Vacunaci\u00f3n Antipoliomiel\u00edtica Oral - Policl\u00ednico &quot;Ciro Fr\u00edas Cabrera&quot;\",\"isPartOf\":{\"@id\":\"https:\/\/instituciones.gtm.sld.cu\/dmsims\/#website\"},\"datePublished\":\"2024-04-23T12:44:41+00:00\",\"dateModified\":\"2024-04-23T12:44:41+00:00\",\"author\":{\"@id\":\"https:\/\/instituciones.gtm.sld.cu\/dmsims\/#\/schema\/person\/e02d318b45e27c313e3bbe3f7698cc47\"},\"breadcrumb\":{\"@id\":\"https:\/\/instituciones.gtm.sld.cu\/dmsims\/2024\/04\/23\/campana-de-vacunacion-antipoliomielitica-oral\/#breadcrumb\"},\"inLanguage\":\"es\",\"potentialAction\":[{\"@type\":\"ReadAction\",\"target\":[\"https:\/\/instituciones.gtm.sld.cu\/dmsims\/2024\/04\/23\/campana-de-vacunacion-antipoliomielitica-oral\/\"]}]},{\"@type\":\"BreadcrumbList\",\"@id\":\"https:\/\/instituciones.gtm.sld.cu\/dmsims\/2024\/04\/23\/campana-de-vacunacion-antipoliomielitica-oral\/#breadcrumb\",\"itemListElement\":[{\"@type\":\"ListItem\",\"position\":1,\"name\":\"Portada\",\"item\":\"https:\/\/instituciones.gtm.sld.cu\/dmsims\/\"},{\"@type\":\"ListItem\",\"position\":2,\"name\":\"Campa\u00f1a de Vacunaci\u00f3n Antipoliomiel\u00edtica Oral\"}]},{\"@type\":\"WebSite\",\"@id\":\"https:\/\/instituciones.gtm.sld.cu\/dmsims\/#website\",\"url\":\"https:\/\/instituciones.gtm.sld.cu\/dmsims\/\",\"name\":\"Policl\u00ednico &quot;Ciro Fr\u00edas Cabrera&quot;\",\"description\":\"Policl\u00ednico &quot;Ciro Fr\u00edas Cabrera&quot;\",\"potentialAction\":[{\"@type\":\"SearchAction\",\"target\":{\"@type\":\"EntryPoint\",\"urlTemplate\":\"https:\/\/instituciones.gtm.sld.cu\/dmsims\/?s={search_term_string}\"},\"query-input\":\"required name=search_term_string\"}],\"inLanguage\":\"es\"},{\"@type\":\"Person\",\"@id\":\"https:\/\/instituciones.gtm.sld.cu\/dmsims\/#\/schema\/person\/e02d318b45e27c313e3bbe3f7698cc47\",\"name\":\"dmsims\",\"url\":\"https:\/\/instituciones.gtm.sld.cu\/dmsims\/author\/dmsims\/\"}]}<\/script>\n<!-- \/ Yoast SEO plugin. -->","yoast_head_json":{"title":"Campa\u00f1a de Vacunaci\u00f3n Antipoliomiel\u00edtica Oral - Policl\u00ednico &quot;Ciro Fr\u00edas Cabrera&quot;","robots":{"index":"index","follow":"follow","max-snippet":"max-snippet:-1","max-image-preview":"max-image-preview:large","max-video-preview":"max-video-preview:-1"},"canonical":"https:\/\/instituciones.gtm.sld.cu\/dmsims\/2024\/04\/23\/campana-de-vacunacion-antipoliomielitica-oral\/","og_locale":"es_ES","og_type":"article","og_title":"Campa\u00f1a de Vacunaci\u00f3n Antipoliomiel\u00edtica Oral - Policl\u00ednico &quot;Ciro Fr\u00edas Cabrera&quot;","og_description":"En el municipio de Imias&nbsp; se comenzo con \u00e9xito la 63 Campa\u00f1a Nacional de Vacunaci\u00f3n Antipoliomiel\u00edtica Oral, coincidiendo con la 22 Semana de Vacunaci\u00f3n de las Am\u00e9ricas y la 13a Semana Mundial de Inmunizaci\u00f3n bajo el lema \u201clas vacunas para una vida plena\u201d.","og_url":"https:\/\/instituciones.gtm.sld.cu\/dmsims\/2024\/04\/23\/campana-de-vacunacion-antipoliomielitica-oral\/","og_site_name":"Policl\u00ednico &quot;Ciro Fr\u00edas Cabrera&quot;","article_published_time":"2024-04-23T12:44:41+00:00","author":"dmsims","twitter_card":"summary_large_image","twitter_misc":{"Escrito por":"dmsims","Tiempo de lectura":"1 minuto"},"schema":{"@context":"https:\/\/schema.org","@graph":[{"@type":"WebPage","@id":"https:\/\/instituciones.gtm.sld.cu\/dmsims\/2024\/04\/23\/campana-de-vacunacion-antipoliomielitica-oral\/","url":"https:\/\/instituciones.gtm.sld.cu\/dmsims\/2024\/04\/23\/campana-de-vacunacion-antipoliomielitica-oral\/","name":"Campa\u00f1a de Vacunaci\u00f3n Antipoliomiel\u00edtica Oral - Policl\u00ednico &quot;Ciro Fr\u00edas Cabrera&quot;","isPartOf":{"@id":"https:\/\/instituciones.gtm.sld.cu\/dmsims\/#website"},"datePublished":"2024-04-23T12:44:41+00:00","dateModified":"2024-04-23T12:44:41+00:00","author":{"@id":"https:\/\/instituciones.gtm.sld.cu\/dmsims\/#\/schema\/person\/e02d318b45e27c313e3bbe3f7698cc47"},"breadcrumb":{"@id":"https:\/\/instituciones.gtm.sld.cu\/dmsims\/2024\/04\/23\/campana-de-vacunacion-antipoliomielitica-oral\/#breadcrumb"},"inLanguage":"es","potentialAction":[{"@type":"ReadAction","target":["https:\/\/instituciones.gtm.sld.cu\/dmsims\/2024\/04\/23\/campana-de-vacunacion-antipoliomielitica-oral\/"]}]},{"@type":"BreadcrumbList","@id":"https:\/\/instituciones.gtm.sld.cu\/dmsims\/2024\/04\/23\/campana-de-vacunacion-antipoliomielitica-oral\/#breadcrumb","itemListElement":[{"@type":"ListItem","position":1,"name":"Portada","item":"https:\/\/instituciones.gtm.sld.cu\/dmsims\/"},{"@type":"ListItem","position":2,"name":"Campa\u00f1a de Vacunaci\u00f3n Antipoliomiel\u00edtica Oral"}]},{"@type":"WebSite","@id":"https:\/\/instituciones.gtm.sld.cu\/dmsims\/#website","url":"https:\/\/instituciones.gtm.sld.cu\/dmsims\/","name":"Policl\u00ednico &quot;Ciro Fr\u00edas Cabrera&quot;","description":"Policl\u00ednico &quot;Ciro Fr\u00edas Cabrera&quot;","potentialAction":[{"@type":"SearchAction","target":{"@type":"EntryPoint","urlTemplate":"https:\/\/instituciones.gtm.sld.cu\/dmsims\/?s={search_term_string}"},"query-input":"required name=search_term_string"}],"inLanguage":"es"},{"@type":"Person","@id":"https:\/\/instituciones.gtm.sld.cu\/dmsims\/#\/schema\/person\/e02d318b45e27c313e3bbe3f7698cc47","name":"dmsims","url":"https:\/\/instituciones.gtm.sld.cu\/dmsims\/author\/dmsims\/"}]}},"_links":{"self":[{"href":"https:\/\/instituciones.gtm.sld.cu\/dmsims\/wp-json\/wp\/v2\/posts\/2385"}],"collection":[{"href":"https:\/\/instituciones.gtm.sld.cu\/dmsims\/wp-json\/wp\/v2\/posts"}],"about":[{"href":"https:\/\/instituciones.gtm.sld.cu\/dmsims\/wp-json\/wp\/v2\/types\/post"}],"author":[{"embeddable":true,"href":"https:\/\/instituciones.gtm.sld.cu\/dmsims\/wp-json\/wp\/v2\/users\/88"}],"replies":[{"embeddable":true,"href":"https:\/\/instituciones.gtm.sld.cu\/dmsims\/wp-json\/wp\/v2\/comments?post=2385"}],"version-history":[{"count":1,"href":"https:\/\/instituciones.gtm.sld.cu\/dmsims\/wp-json\/wp\/v2\/posts\/2385\/revisions"}],"predecessor-version":[{"id":2386,"href":"https:\/\/instituciones.gtm.sld.cu\/dmsims\/wp-json\/wp\/v2\/posts\/2385\/revisions\/2386"}],"wp:attachment":[{"href":"https:\/\/instituciones.gtm.sld.cu\/dmsims\/wp-json\/wp\/v2\/media?parent=2385"}],"wp:term":[{"taxonomy":"category","embeddable":true,"href":"https:\/\/instituciones.gtm.sld.cu\/dmsims\/wp-json\/wp\/v2\/categories?post=2385"},{"taxonomy":"post_tag","embeddable":true,"href":"https:\/\/instituciones.gtm.sld.cu\/dmsims\/wp-json\/wp\/v2\/tags?post=2385"}],"curies":[{"name":"wp","href":"https:\/\/api.w.org\/{rel}","templated":true}]}}