{"id":2452,"date":"2024-12-11T14:49:22","date_gmt":"2024-12-11T19:49:22","guid":{"rendered":"https:\/\/instituciones.gtm.sld.cu\/dmsims\/?p=2452"},"modified":"2024-12-11T14:49:22","modified_gmt":"2024-12-11T19:49:22","slug":"oms-alerta-sobre-aumento-de-casos-de-malaria-en-africa","status":"publish","type":"post","link":"https:\/\/instituciones.gtm.sld.cu\/dmsims\/2024\/12\/11\/oms-alerta-sobre-aumento-de-casos-de-malaria-en-africa\/","title":{"rendered":"OMS alerta sobre aumento de casos de malaria en \u00c1frica"},"content":{"rendered":"<p>La Organizaci\u00f3n Mundial de la Salud (OMS) dio a conocer este mi\u00e9rcoles su informe mundial sobre la malaria, en el cual destac\u00f3 un notable incremento en el n\u00famero de casos y fallecimientos relacionados con esta enfermedad.<!--more--><\/p>\n<p>Seg\u00fan la OMS, en 2023 se produjeron 263 millones de casos y 597 mil muertes por esta afecci\u00f3n en todo el mundo, lo cual representa unos 11 millones de casos m\u00e1s que en 2022, y casi el mismo n\u00famero de muertes.<\/p>\n<p>Aproximadamente el 95% de esos decesos se produjeron en \u00c1frica, donde muchas personas en riesgo siguen sin tener acceso a los servicios que necesitan de prevenci\u00f3n, detecci\u00f3n y tratamiento de la enfermedad.<\/p>\n<p>La enfermedad contin\u00faa da\u00f1ando de manera desproporcionada a las personas que viven en esa regi\u00f3n, especialmente los ni\u00f1os peque\u00f1os y las mujeres embarazadas.<\/p>\n<p>Etiop\u00eda, Madagascar, Pakist\u00e1n, Nigeria y la Rep\u00fablica Democr\u00e1tica del Congo representaron La mayor parte del aumento de casos, con Etiop\u00eda por s\u00ed sola reportando 4.5 millones de casos adicionales.<\/p>\n<p>Cuatro pa\u00edses, Nigeria, la Rep\u00fablica Democr\u00e1tica del Congo, N\u00edger y Tanzania, contribuyeron con m\u00e1s de la mitad de los fallecidos de la regi\u00f3n.<\/p>\n<p>No obstante, los nuevos datos de la OMS revelan que desde el a\u00f1o 2000 se han evitado unos dos mil 200 millones de casos de malaria (o paludismo) y 12.7 millones de muertes, pero la enfermedad sigue suponiendo una grave amenaza para la salud mundial, sobre todo en \u00c1frica.<\/p>\n<p>Por otro lado, est\u00e1n las amenazas constantes de la resistencia a los medicamentos y los insecticidas y los desaf\u00edos emergentes planteados por los par\u00e1sitos zoon\u00f3ticos y las especies de mosquitos invasores.<\/p>\n<p>Un paquete ampliado de herramientas que salvan vidas ahora ofrece una mejor protecci\u00f3n contra la enfermedad, pero se necesitan mayores inversiones y acciones en los pa\u00edses africanos con una alta carga para frenar la amenaza.<\/p>\n<p>La OMS recomienda los mosquiteros tratados con insecticidas de nueva generaci\u00f3n como una herramienta fundamental para combatir este desaf\u00edo y se\u00f1al\u00f3 que la especie de mosquito invasor Anopheles stephensi, que prospera en entornos urbanos, ampli\u00f3 su \u00e1rea de distribuci\u00f3n a ocho pa\u00edses africanos.<\/p>\n<p>Originario del sur de Asia y la Pen\u00ednsula Ar\u00e1biga, Anopheles stephensi representa una amenaza importante para el control de la malaria urbana debido a su resistencia a los insecticidas y su adaptabilidad a las altas temperaturas.<\/p>\n<p>La investigaci\u00f3n puso de relieve la creciente intersecci\u00f3n entre la malaria y el cambio clim\u00e1tico, subrayando c\u00f3mo el aumento de las temperaturas y los fen\u00f3menos meteorol\u00f3gicos extremos exacerban la carga mundial de este mal.<\/p>\n<p>Asimismo, los conflictos, la variabilidad clim\u00e1tica y la migraci\u00f3n siguen impidiendo el acceso a servicios esenciales de prevenci\u00f3n, diagn\u00f3stico y tratamiento.<\/p>\n<p>Fuente:Cubadebate<\/p>\n","protected":false},"excerpt":{"rendered":"<p>La Organizaci\u00f3n Mundial de la Salud (OMS) dio a conocer este mi\u00e9rcoles su informe mundial sobre la malaria, en el cual destac\u00f3 un notable incremento en el n\u00famero de casos y fallecimientos relacionados con esta enfermedad.<\/p><p><a class=\"more-link btn\" href=\"https:\/\/instituciones.gtm.sld.cu\/dmsims\/2024\/12\/11\/oms-alerta-sobre-aumento-de-casos-de-malaria-en-africa\/\">Seguir leyendo<\/a><\/p>\n","protected":false},"author":88,"featured_media":2453,"comment_status":"closed","ping_status":"open","sticky":false,"template":"","format":"standard","meta":{"ngg_post_thumbnail":0},"categories":[1],"tags":[],"yoast_head":"<!-- This site is optimized with the Yoast SEO plugin v21.8 - https:\/\/yoast.com\/wordpress\/plugins\/seo\/ -->\n<title>OMS alerta sobre aumento de casos de malaria en \u00c1frica - Policl\u00ednico &quot;Ciro Fr\u00edas Cabrera&quot;<\/title>\n<meta name=\"robots\" content=\"index, follow, max-snippet:-1, max-image-preview:large, max-video-preview:-1\" \/>\n<link rel=\"canonical\" href=\"https:\/\/instituciones.gtm.sld.cu\/dmsims\/2024\/12\/11\/oms-alerta-sobre-aumento-de-casos-de-malaria-en-africa\/\" \/>\n<meta property=\"og:locale\" content=\"es_ES\" \/>\n<meta property=\"og:type\" content=\"article\" \/>\n<meta property=\"og:title\" content=\"OMS alerta sobre aumento de casos de malaria en \u00c1frica - Policl\u00ednico &quot;Ciro Fr\u00edas Cabrera&quot;\" \/>\n<meta property=\"og:description\" content=\"La Organizaci\u00f3n Mundial de la Salud (OMS) dio a conocer este mi\u00e9rcoles su informe mundial sobre la malaria, en el cual destac\u00f3 un notable incremento en el n\u00famero de casos y fallecimientos relacionados con esta enfermedad.\" \/>\n<meta property=\"og:url\" content=\"https:\/\/instituciones.gtm.sld.cu\/dmsims\/2024\/12\/11\/oms-alerta-sobre-aumento-de-casos-de-malaria-en-africa\/\" \/>\n<meta property=\"og:site_name\" content=\"Policl\u00ednico &quot;Ciro Fr\u00edas Cabrera&quot;\" \/>\n<meta property=\"article:published_time\" content=\"2024-12-11T19:49:22+00:00\" \/>\n<meta property=\"og:image\" content=\"http:\/\/instituciones.gtm.sld.cu\/dmsims\/wp-content\/uploads\/sites\/34\/2024\/12\/enfermedades-brotes-1-580x348-1.jpg\" \/>\n\t<meta property=\"og:image:width\" content=\"580\" \/>\n\t<meta property=\"og:image:height\" content=\"348\" \/>\n\t<meta property=\"og:image:type\" content=\"image\/jpeg\" \/>\n<meta name=\"author\" content=\"dmsims\" \/>\n<meta name=\"twitter:card\" content=\"summary_large_image\" \/>\n<meta name=\"twitter:label1\" content=\"Escrito por\" \/>\n\t<meta name=\"twitter:data1\" content=\"dmsims\" \/>\n\t<meta name=\"twitter:label2\" content=\"Tiempo de lectura\" \/>\n\t<meta name=\"twitter:data2\" content=\"3 minutos\" \/>\n<script type=\"application\/ld+json\" class=\"yoast-schema-graph\">{\"@context\":\"https:\/\/schema.org\",\"@graph\":[{\"@type\":\"WebPage\",\"@id\":\"https:\/\/instituciones.gtm.sld.cu\/dmsims\/2024\/12\/11\/oms-alerta-sobre-aumento-de-casos-de-malaria-en-africa\/\",\"url\":\"https:\/\/instituciones.gtm.sld.cu\/dmsims\/2024\/12\/11\/oms-alerta-sobre-aumento-de-casos-de-malaria-en-africa\/\",\"name\":\"OMS alerta sobre aumento de casos de malaria en \u00c1frica - Policl\u00ednico &quot;Ciro Fr\u00edas Cabrera&quot;\",\"isPartOf\":{\"@id\":\"https:\/\/instituciones.gtm.sld.cu\/dmsims\/#website\"},\"datePublished\":\"2024-12-11T19:49:22+00:00\",\"dateModified\":\"2024-12-11T19:49:22+00:00\",\"author\":{\"@id\":\"https:\/\/instituciones.gtm.sld.cu\/dmsims\/#\/schema\/person\/e02d318b45e27c313e3bbe3f7698cc47\"},\"breadcrumb\":{\"@id\":\"https:\/\/instituciones.gtm.sld.cu\/dmsims\/2024\/12\/11\/oms-alerta-sobre-aumento-de-casos-de-malaria-en-africa\/#breadcrumb\"},\"inLanguage\":\"es\",\"potentialAction\":[{\"@type\":\"ReadAction\",\"target\":[\"https:\/\/instituciones.gtm.sld.cu\/dmsims\/2024\/12\/11\/oms-alerta-sobre-aumento-de-casos-de-malaria-en-africa\/\"]}]},{\"@type\":\"BreadcrumbList\",\"@id\":\"https:\/\/instituciones.gtm.sld.cu\/dmsims\/2024\/12\/11\/oms-alerta-sobre-aumento-de-casos-de-malaria-en-africa\/#breadcrumb\",\"itemListElement\":[{\"@type\":\"ListItem\",\"position\":1,\"name\":\"Portada\",\"item\":\"https:\/\/instituciones.gtm.sld.cu\/dmsims\/\"},{\"@type\":\"ListItem\",\"position\":2,\"name\":\"OMS alerta sobre aumento de casos de malaria en \u00c1frica\"}]},{\"@type\":\"WebSite\",\"@id\":\"https:\/\/instituciones.gtm.sld.cu\/dmsims\/#website\",\"url\":\"https:\/\/instituciones.gtm.sld.cu\/dmsims\/\",\"name\":\"Policl\u00ednico &quot;Ciro Fr\u00edas Cabrera&quot;\",\"description\":\"Policl\u00ednico &quot;Ciro Fr\u00edas Cabrera&quot;\",\"potentialAction\":[{\"@type\":\"SearchAction\",\"target\":{\"@type\":\"EntryPoint\",\"urlTemplate\":\"https:\/\/instituciones.gtm.sld.cu\/dmsims\/?s={search_term_string}\"},\"query-input\":\"required name=search_term_string\"}],\"inLanguage\":\"es\"},{\"@type\":\"Person\",\"@id\":\"https:\/\/instituciones.gtm.sld.cu\/dmsims\/#\/schema\/person\/e02d318b45e27c313e3bbe3f7698cc47\",\"name\":\"dmsims\",\"url\":\"https:\/\/instituciones.gtm.sld.cu\/dmsims\/author\/dmsims\/\"}]}<\/script>\n<!-- \/ Yoast SEO plugin. -->","yoast_head_json":{"title":"OMS alerta sobre aumento de casos de malaria en \u00c1frica - Policl\u00ednico &quot;Ciro Fr\u00edas Cabrera&quot;","robots":{"index":"index","follow":"follow","max-snippet":"max-snippet:-1","max-image-preview":"max-image-preview:large","max-video-preview":"max-video-preview:-1"},"canonical":"https:\/\/instituciones.gtm.sld.cu\/dmsims\/2024\/12\/11\/oms-alerta-sobre-aumento-de-casos-de-malaria-en-africa\/","og_locale":"es_ES","og_type":"article","og_title":"OMS alerta sobre aumento de casos de malaria en \u00c1frica - Policl\u00ednico &quot;Ciro Fr\u00edas Cabrera&quot;","og_description":"La Organizaci\u00f3n Mundial de la Salud (OMS) dio a conocer este mi\u00e9rcoles su informe mundial sobre la malaria, en el cual destac\u00f3 un notable incremento en el n\u00famero de casos y fallecimientos relacionados con esta enfermedad.","og_url":"https:\/\/instituciones.gtm.sld.cu\/dmsims\/2024\/12\/11\/oms-alerta-sobre-aumento-de-casos-de-malaria-en-africa\/","og_site_name":"Policl\u00ednico &quot;Ciro Fr\u00edas Cabrera&quot;","article_published_time":"2024-12-11T19:49:22+00:00","og_image":[{"width":580,"height":348,"url":"http:\/\/instituciones.gtm.sld.cu\/dmsims\/wp-content\/uploads\/sites\/34\/2024\/12\/enfermedades-brotes-1-580x348-1.jpg","type":"image\/jpeg"}],"author":"dmsims","twitter_card":"summary_large_image","twitter_misc":{"Escrito por":"dmsims","Tiempo de lectura":"3 minutos"},"schema":{"@context":"https:\/\/schema.org","@graph":[{"@type":"WebPage","@id":"https:\/\/instituciones.gtm.sld.cu\/dmsims\/2024\/12\/11\/oms-alerta-sobre-aumento-de-casos-de-malaria-en-africa\/","url":"https:\/\/instituciones.gtm.sld.cu\/dmsims\/2024\/12\/11\/oms-alerta-sobre-aumento-de-casos-de-malaria-en-africa\/","name":"OMS alerta sobre aumento de casos de malaria en \u00c1frica - Policl\u00ednico &quot;Ciro Fr\u00edas Cabrera&quot;","isPartOf":{"@id":"https:\/\/instituciones.gtm.sld.cu\/dmsims\/#website"},"datePublished":"2024-12-11T19:49:22+00:00","dateModified":"2024-12-11T19:49:22+00:00","author":{"@id":"https:\/\/instituciones.gtm.sld.cu\/dmsims\/#\/schema\/person\/e02d318b45e27c313e3bbe3f7698cc47"},"breadcrumb":{"@id":"https:\/\/instituciones.gtm.sld.cu\/dmsims\/2024\/12\/11\/oms-alerta-sobre-aumento-de-casos-de-malaria-en-africa\/#breadcrumb"},"inLanguage":"es","potentialAction":[{"@type":"ReadAction","target":["https:\/\/instituciones.gtm.sld.cu\/dmsims\/2024\/12\/11\/oms-alerta-sobre-aumento-de-casos-de-malaria-en-africa\/"]}]},{"@type":"BreadcrumbList","@id":"https:\/\/instituciones.gtm.sld.cu\/dmsims\/2024\/12\/11\/oms-alerta-sobre-aumento-de-casos-de-malaria-en-africa\/#breadcrumb","itemListElement":[{"@type":"ListItem","position":1,"name":"Portada","item":"https:\/\/instituciones.gtm.sld.cu\/dmsims\/"},{"@type":"ListItem","position":2,"name":"OMS alerta sobre aumento de casos de malaria en \u00c1frica"}]},{"@type":"WebSite","@id":"https:\/\/instituciones.gtm.sld.cu\/dmsims\/#website","url":"https:\/\/instituciones.gtm.sld.cu\/dmsims\/","name":"Policl\u00ednico &quot;Ciro Fr\u00edas Cabrera&quot;","description":"Policl\u00ednico &quot;Ciro Fr\u00edas Cabrera&quot;","potentialAction":[{"@type":"SearchAction","target":{"@type":"EntryPoint","urlTemplate":"https:\/\/instituciones.gtm.sld.cu\/dmsims\/?s={search_term_string}"},"query-input":"required name=search_term_string"}],"inLanguage":"es"},{"@type":"Person","@id":"https:\/\/instituciones.gtm.sld.cu\/dmsims\/#\/schema\/person\/e02d318b45e27c313e3bbe3f7698cc47","name":"dmsims","url":"https:\/\/instituciones.gtm.sld.cu\/dmsims\/author\/dmsims\/"}]}},"_links":{"self":[{"href":"https:\/\/instituciones.gtm.sld.cu\/dmsims\/wp-json\/wp\/v2\/posts\/2452"}],"collection":[{"href":"https:\/\/instituciones.gtm.sld.cu\/dmsims\/wp-json\/wp\/v2\/posts"}],"about":[{"href":"https:\/\/instituciones.gtm.sld.cu\/dmsims\/wp-json\/wp\/v2\/types\/post"}],"author":[{"embeddable":true,"href":"https:\/\/instituciones.gtm.sld.cu\/dmsims\/wp-json\/wp\/v2\/users\/88"}],"replies":[{"embeddable":true,"href":"https:\/\/instituciones.gtm.sld.cu\/dmsims\/wp-json\/wp\/v2\/comments?post=2452"}],"version-history":[{"count":1,"href":"https:\/\/instituciones.gtm.sld.cu\/dmsims\/wp-json\/wp\/v2\/posts\/2452\/revisions"}],"predecessor-version":[{"id":2454,"href":"https:\/\/instituciones.gtm.sld.cu\/dmsims\/wp-json\/wp\/v2\/posts\/2452\/revisions\/2454"}],"wp:featuredmedia":[{"embeddable":true,"href":"https:\/\/instituciones.gtm.sld.cu\/dmsims\/wp-json\/wp\/v2\/media\/2453"}],"wp:attachment":[{"href":"https:\/\/instituciones.gtm.sld.cu\/dmsims\/wp-json\/wp\/v2\/media?parent=2452"}],"wp:term":[{"taxonomy":"category","embeddable":true,"href":"https:\/\/instituciones.gtm.sld.cu\/dmsims\/wp-json\/wp\/v2\/categories?post=2452"},{"taxonomy":"post_tag","embeddable":true,"href":"https:\/\/instituciones.gtm.sld.cu\/dmsims\/wp-json\/wp\/v2\/tags?post=2452"}],"curies":[{"name":"wp","href":"https:\/\/api.w.org\/{rel}","templated":true}]}}