{"id":2476,"date":"2025-03-29T09:14:01","date_gmt":"2025-03-29T13:14:01","guid":{"rendered":"https:\/\/instituciones.gtm.sld.cu\/dmsims\/?p=2476"},"modified":"2025-03-29T09:14:01","modified_gmt":"2025-03-29T13:14:01","slug":"cuba-y-japon-celebran-exito-de-proyecto-de-digitalizacion-hospitalaria-en-el-diagnostico-de-imagen","status":"publish","type":"post","link":"https:\/\/instituciones.gtm.sld.cu\/dmsims\/2025\/03\/29\/cuba-y-japon-celebran-exito-de-proyecto-de-digitalizacion-hospitalaria-en-el-diagnostico-de-imagen\/","title":{"rendered":"Cuba y Jap\u00f3n celebran \u00e9xito de proyecto de digitalizaci\u00f3n hospitalaria en el diagn\u00f3stico de imagen"},"content":{"rendered":"<p><strong>Cuba reconoci\u00f3 hoy el impacto favorable del proyecto para la digitalizaci\u00f3n hospitalaria en el diagn\u00f3stico de imagen, impulsado por la Agencia de Cooperaci\u00f3n Internacional de Jap\u00f3n (JICA) y el <a href=\"http:\/\/www.cubadebate.cu\/etiqueta\/ministerio-de-salud-publica-minsap\/\">Ministerio de Salud P\u00fablica de Cuba (Minsap).<\/a><\/strong><\/p>\n<p>La cooperaci\u00f3n conjunta, que inici\u00f3 en 2022 y concluy\u00f3 este viernes, permiti\u00f3 la introducci\u00f3n de medios de c\u00f3mputo, tecnolog\u00edas e insumos para la infraestructura de conectividad de redes y el empleo del m\u00f3dulo de medio diagn\u00f3stico del Sistema Galen Cl\u00ednica en cinco hospitales de la naci\u00f3n caribe\u00f1a.<\/p>\n<p>De acuerdo con la viceministra primera del Minsap, Tania Margarita Cruz, y el embajador japon\u00e9s en la isla, Nakamura Kazuhito, la colaboraci\u00f3n solidaria entre ambas naciones durante los \u00faltimos tres a\u00f1os benefici\u00f3, principalmente, al sistema sanitario cubano.<!--more--><\/p>\n<blockquote><p>En la ceremonia de cierre del proyecto, efectuada en el capitalino hospital Manuel Fajardo, la vicetitular del Minsap asegur\u00f3 que la digitalizaci\u00f3n de los servicios de imagenolog\u00eda en los hospitales seleccionados propicia el intercambio entre profesionales con fines asistenciales y acad\u00e9micos.<\/p>\n<p>Asimismo representa un paso de avance en la transformaci\u00f3n digital en esas instituciones, eleva la calidad en la prestaci\u00f3n de los servicios a la poblaci\u00f3n, al facilitar un informe y resultado diagn\u00f3sticos m\u00e1s \u00e1giles para la toma de decisiones con el paciente, disminuyendo los tiempos de espera, apunt\u00f3.<\/p>\n<p>Por su parte, el diplom\u00e1tico nip\u00f3n resalt\u00f3 el fortalecimiento de los nexos bilaterales para materializar la cooperaci\u00f3n t\u00e9cnica en el \u00e1rea sanitaria y se\u00f1al\u00f3 que durante los tres a\u00f1os de implementaci\u00f3n, 24 especialistas cubanos recibieron entrenamiento en su pa\u00eds.<\/p>\n<p>Nakamura reconoci\u00f3 asimismo el prestigio y consagraci\u00f3n de m\u00e9dicos, enfermeros y t\u00e9cnicos del sistema de salud cubanos sin los cuales no hubiera sido posible el proyecto, al que calific\u00f3 de muestra de amistad del pueblo y el Gobierno japon\u00e9s con su contraparte en la isla antillana.<\/p>\n<p>Seg\u00fan el representante de JICA en La Habana, Ashida Tatsuya, y la directora del hospital Manuel Fajardo, Mirtha Miranda, el proyecto dot\u00f3, adem\u00e1s, a las instituciones escogidas de servidores y discos duros de almacenamiento, sistemas de aterramiento para nodos, cables de fibra \u00f3ptica, terminales de visualizaci\u00f3n, ente otros medios.<\/p>\n<p>Los hospitales Fajardo, Miguel Enr\u00edquez, Calixto Garc\u00eda y Juan Manuel M\u00e1rquez (en la capital) y el Abel Santamar\u00eda de Pinar del R\u00edos (occidente) se beneficiaron de la colaboraci\u00f3n cubano-japonesa.<\/p>\n<p>Fuente:Cubadebate<\/p><\/blockquote>\n","protected":false},"excerpt":{"rendered":"<p>Cuba reconoci\u00f3 hoy el impacto favorable del proyecto para la digitalizaci\u00f3n hospitalaria en el diagn\u00f3stico de imagen, impulsado por la Agencia de Cooperaci\u00f3n Internacional de Jap\u00f3n (JICA) y el Ministerio de Salud P\u00fablica de Cuba (Minsap). La cooperaci\u00f3n conjunta, que inici\u00f3 en 2022 y concluy\u00f3 este viernes, permiti\u00f3 la introducci\u00f3n de medios de c\u00f3mputo, tecnolog\u00edas &hellip; <\/p>\n<p><a class=\"more-link btn\" href=\"https:\/\/instituciones.gtm.sld.cu\/dmsims\/2025\/03\/29\/cuba-y-japon-celebran-exito-de-proyecto-de-digitalizacion-hospitalaria-en-el-diagnostico-de-imagen\/\">Seguir leyendo<\/a><\/p>\n","protected":false},"author":88,"featured_media":2477,"comment_status":"closed","ping_status":"open","sticky":false,"template":"","format":"standard","meta":{"ngg_post_thumbnail":0},"categories":[1],"tags":[],"yoast_head":"<!-- This site is optimized with the Yoast SEO plugin v21.8 - https:\/\/yoast.com\/wordpress\/plugins\/seo\/ -->\n<title>Cuba y Jap\u00f3n celebran \u00e9xito de proyecto de digitalizaci\u00f3n hospitalaria en el diagn\u00f3stico de imagen - Policl\u00ednico &quot;Ciro Fr\u00edas Cabrera&quot;<\/title>\n<meta name=\"robots\" content=\"index, follow, max-snippet:-1, max-image-preview:large, max-video-preview:-1\" \/>\n<link rel=\"canonical\" href=\"https:\/\/instituciones.gtm.sld.cu\/dmsims\/2025\/03\/29\/cuba-y-japon-celebran-exito-de-proyecto-de-digitalizacion-hospitalaria-en-el-diagnostico-de-imagen\/\" \/>\n<meta property=\"og:locale\" content=\"es_ES\" \/>\n<meta property=\"og:type\" content=\"article\" \/>\n<meta property=\"og:title\" content=\"Cuba y Jap\u00f3n celebran \u00e9xito de proyecto de digitalizaci\u00f3n hospitalaria en el diagn\u00f3stico de imagen - Policl\u00ednico &quot;Ciro Fr\u00edas Cabrera&quot;\" \/>\n<meta property=\"og:description\" content=\"Cuba reconoci\u00f3 hoy el impacto favorable del proyecto para la digitalizaci\u00f3n hospitalaria en el diagn\u00f3stico de imagen, impulsado por la Agencia de Cooperaci\u00f3n Internacional de Jap\u00f3n (JICA) y el Ministerio de Salud P\u00fablica de Cuba (Minsap). La cooperaci\u00f3n conjunta, que inici\u00f3 en 2022 y concluy\u00f3 este viernes, permiti\u00f3 la introducci\u00f3n de medios de c\u00f3mputo, tecnolog\u00edas &hellip; Seguir leyendo\" \/>\n<meta property=\"og:url\" content=\"https:\/\/instituciones.gtm.sld.cu\/dmsims\/2025\/03\/29\/cuba-y-japon-celebran-exito-de-proyecto-de-digitalizacion-hospitalaria-en-el-diagnostico-de-imagen\/\" \/>\n<meta property=\"og:site_name\" content=\"Policl\u00ednico &quot;Ciro Fr\u00edas Cabrera&quot;\" \/>\n<meta property=\"article:published_time\" content=\"2025-03-29T13:14:01+00:00\" \/>\n<meta property=\"og:image\" content=\"http:\/\/instituciones.gtm.sld.cu\/dmsims\/wp-content\/uploads\/sites\/34\/2025\/03\/cuba-japon-imagenologia1.png\" \/>\n\t<meta property=\"og:image:width\" content=\"290\" \/>\n\t<meta property=\"og:image:height\" content=\"176\" \/>\n\t<meta property=\"og:image:type\" content=\"image\/png\" \/>\n<meta name=\"author\" content=\"dmsims\" \/>\n<meta name=\"twitter:card\" content=\"summary_large_image\" \/>\n<meta name=\"twitter:label1\" content=\"Escrito por\" \/>\n\t<meta name=\"twitter:data1\" content=\"dmsims\" \/>\n\t<meta name=\"twitter:label2\" content=\"Tiempo de lectura\" \/>\n\t<meta name=\"twitter:data2\" content=\"1 minuto\" \/>\n<script type=\"application\/ld+json\" class=\"yoast-schema-graph\">{\"@context\":\"https:\/\/schema.org\",\"@graph\":[{\"@type\":\"WebPage\",\"@id\":\"https:\/\/instituciones.gtm.sld.cu\/dmsims\/2025\/03\/29\/cuba-y-japon-celebran-exito-de-proyecto-de-digitalizacion-hospitalaria-en-el-diagnostico-de-imagen\/\",\"url\":\"https:\/\/instituciones.gtm.sld.cu\/dmsims\/2025\/03\/29\/cuba-y-japon-celebran-exito-de-proyecto-de-digitalizacion-hospitalaria-en-el-diagnostico-de-imagen\/\",\"name\":\"Cuba y Jap\u00f3n celebran \u00e9xito de proyecto de digitalizaci\u00f3n hospitalaria en el diagn\u00f3stico de imagen - Policl\u00ednico &quot;Ciro Fr\u00edas Cabrera&quot;\",\"isPartOf\":{\"@id\":\"https:\/\/instituciones.gtm.sld.cu\/dmsims\/#website\"},\"datePublished\":\"2025-03-29T13:14:01+00:00\",\"dateModified\":\"2025-03-29T13:14:01+00:00\",\"author\":{\"@id\":\"https:\/\/instituciones.gtm.sld.cu\/dmsims\/#\/schema\/person\/e02d318b45e27c313e3bbe3f7698cc47\"},\"breadcrumb\":{\"@id\":\"https:\/\/instituciones.gtm.sld.cu\/dmsims\/2025\/03\/29\/cuba-y-japon-celebran-exito-de-proyecto-de-digitalizacion-hospitalaria-en-el-diagnostico-de-imagen\/#breadcrumb\"},\"inLanguage\":\"es\",\"potentialAction\":[{\"@type\":\"ReadAction\",\"target\":[\"https:\/\/instituciones.gtm.sld.cu\/dmsims\/2025\/03\/29\/cuba-y-japon-celebran-exito-de-proyecto-de-digitalizacion-hospitalaria-en-el-diagnostico-de-imagen\/\"]}]},{\"@type\":\"BreadcrumbList\",\"@id\":\"https:\/\/instituciones.gtm.sld.cu\/dmsims\/2025\/03\/29\/cuba-y-japon-celebran-exito-de-proyecto-de-digitalizacion-hospitalaria-en-el-diagnostico-de-imagen\/#breadcrumb\",\"itemListElement\":[{\"@type\":\"ListItem\",\"position\":1,\"name\":\"Portada\",\"item\":\"https:\/\/instituciones.gtm.sld.cu\/dmsims\/\"},{\"@type\":\"ListItem\",\"position\":2,\"name\":\"Cuba y Jap\u00f3n celebran \u00e9xito de proyecto de digitalizaci\u00f3n hospitalaria en el diagn\u00f3stico de imagen\"}]},{\"@type\":\"WebSite\",\"@id\":\"https:\/\/instituciones.gtm.sld.cu\/dmsims\/#website\",\"url\":\"https:\/\/instituciones.gtm.sld.cu\/dmsims\/\",\"name\":\"Policl\u00ednico &quot;Ciro Fr\u00edas Cabrera&quot;\",\"description\":\"Policl\u00ednico &quot;Ciro Fr\u00edas Cabrera&quot;\",\"potentialAction\":[{\"@type\":\"SearchAction\",\"target\":{\"@type\":\"EntryPoint\",\"urlTemplate\":\"https:\/\/instituciones.gtm.sld.cu\/dmsims\/?s={search_term_string}\"},\"query-input\":\"required name=search_term_string\"}],\"inLanguage\":\"es\"},{\"@type\":\"Person\",\"@id\":\"https:\/\/instituciones.gtm.sld.cu\/dmsims\/#\/schema\/person\/e02d318b45e27c313e3bbe3f7698cc47\",\"name\":\"dmsims\",\"url\":\"https:\/\/instituciones.gtm.sld.cu\/dmsims\/author\/dmsims\/\"}]}<\/script>\n<!-- \/ Yoast SEO plugin. -->","yoast_head_json":{"title":"Cuba y Jap\u00f3n celebran \u00e9xito de proyecto de digitalizaci\u00f3n hospitalaria en el diagn\u00f3stico de imagen - Policl\u00ednico &quot;Ciro Fr\u00edas Cabrera&quot;","robots":{"index":"index","follow":"follow","max-snippet":"max-snippet:-1","max-image-preview":"max-image-preview:large","max-video-preview":"max-video-preview:-1"},"canonical":"https:\/\/instituciones.gtm.sld.cu\/dmsims\/2025\/03\/29\/cuba-y-japon-celebran-exito-de-proyecto-de-digitalizacion-hospitalaria-en-el-diagnostico-de-imagen\/","og_locale":"es_ES","og_type":"article","og_title":"Cuba y Jap\u00f3n celebran \u00e9xito de proyecto de digitalizaci\u00f3n hospitalaria en el diagn\u00f3stico de imagen - Policl\u00ednico &quot;Ciro Fr\u00edas Cabrera&quot;","og_description":"Cuba reconoci\u00f3 hoy el impacto favorable del proyecto para la digitalizaci\u00f3n hospitalaria en el diagn\u00f3stico de imagen, impulsado por la Agencia de Cooperaci\u00f3n Internacional de Jap\u00f3n (JICA) y el Ministerio de Salud P\u00fablica de Cuba (Minsap). La cooperaci\u00f3n conjunta, que inici\u00f3 en 2022 y concluy\u00f3 este viernes, permiti\u00f3 la introducci\u00f3n de medios de c\u00f3mputo, tecnolog\u00edas &hellip; Seguir leyendo","og_url":"https:\/\/instituciones.gtm.sld.cu\/dmsims\/2025\/03\/29\/cuba-y-japon-celebran-exito-de-proyecto-de-digitalizacion-hospitalaria-en-el-diagnostico-de-imagen\/","og_site_name":"Policl\u00ednico &quot;Ciro Fr\u00edas Cabrera&quot;","article_published_time":"2025-03-29T13:14:01+00:00","og_image":[{"width":290,"height":176,"url":"http:\/\/instituciones.gtm.sld.cu\/dmsims\/wp-content\/uploads\/sites\/34\/2025\/03\/cuba-japon-imagenologia1.png","type":"image\/png"}],"author":"dmsims","twitter_card":"summary_large_image","twitter_misc":{"Escrito por":"dmsims","Tiempo de lectura":"1 minuto"},"schema":{"@context":"https:\/\/schema.org","@graph":[{"@type":"WebPage","@id":"https:\/\/instituciones.gtm.sld.cu\/dmsims\/2025\/03\/29\/cuba-y-japon-celebran-exito-de-proyecto-de-digitalizacion-hospitalaria-en-el-diagnostico-de-imagen\/","url":"https:\/\/instituciones.gtm.sld.cu\/dmsims\/2025\/03\/29\/cuba-y-japon-celebran-exito-de-proyecto-de-digitalizacion-hospitalaria-en-el-diagnostico-de-imagen\/","name":"Cuba y Jap\u00f3n celebran \u00e9xito de proyecto de digitalizaci\u00f3n hospitalaria en el diagn\u00f3stico de imagen - Policl\u00ednico &quot;Ciro Fr\u00edas Cabrera&quot;","isPartOf":{"@id":"https:\/\/instituciones.gtm.sld.cu\/dmsims\/#website"},"datePublished":"2025-03-29T13:14:01+00:00","dateModified":"2025-03-29T13:14:01+00:00","author":{"@id":"https:\/\/instituciones.gtm.sld.cu\/dmsims\/#\/schema\/person\/e02d318b45e27c313e3bbe3f7698cc47"},"breadcrumb":{"@id":"https:\/\/instituciones.gtm.sld.cu\/dmsims\/2025\/03\/29\/cuba-y-japon-celebran-exito-de-proyecto-de-digitalizacion-hospitalaria-en-el-diagnostico-de-imagen\/#breadcrumb"},"inLanguage":"es","potentialAction":[{"@type":"ReadAction","target":["https:\/\/instituciones.gtm.sld.cu\/dmsims\/2025\/03\/29\/cuba-y-japon-celebran-exito-de-proyecto-de-digitalizacion-hospitalaria-en-el-diagnostico-de-imagen\/"]}]},{"@type":"BreadcrumbList","@id":"https:\/\/instituciones.gtm.sld.cu\/dmsims\/2025\/03\/29\/cuba-y-japon-celebran-exito-de-proyecto-de-digitalizacion-hospitalaria-en-el-diagnostico-de-imagen\/#breadcrumb","itemListElement":[{"@type":"ListItem","position":1,"name":"Portada","item":"https:\/\/instituciones.gtm.sld.cu\/dmsims\/"},{"@type":"ListItem","position":2,"name":"Cuba y Jap\u00f3n celebran \u00e9xito de proyecto de digitalizaci\u00f3n hospitalaria en el diagn\u00f3stico de imagen"}]},{"@type":"WebSite","@id":"https:\/\/instituciones.gtm.sld.cu\/dmsims\/#website","url":"https:\/\/instituciones.gtm.sld.cu\/dmsims\/","name":"Policl\u00ednico &quot;Ciro Fr\u00edas Cabrera&quot;","description":"Policl\u00ednico &quot;Ciro Fr\u00edas Cabrera&quot;","potentialAction":[{"@type":"SearchAction","target":{"@type":"EntryPoint","urlTemplate":"https:\/\/instituciones.gtm.sld.cu\/dmsims\/?s={search_term_string}"},"query-input":"required name=search_term_string"}],"inLanguage":"es"},{"@type":"Person","@id":"https:\/\/instituciones.gtm.sld.cu\/dmsims\/#\/schema\/person\/e02d318b45e27c313e3bbe3f7698cc47","name":"dmsims","url":"https:\/\/instituciones.gtm.sld.cu\/dmsims\/author\/dmsims\/"}]}},"_links":{"self":[{"href":"https:\/\/instituciones.gtm.sld.cu\/dmsims\/wp-json\/wp\/v2\/posts\/2476"}],"collection":[{"href":"https:\/\/instituciones.gtm.sld.cu\/dmsims\/wp-json\/wp\/v2\/posts"}],"about":[{"href":"https:\/\/instituciones.gtm.sld.cu\/dmsims\/wp-json\/wp\/v2\/types\/post"}],"author":[{"embeddable":true,"href":"https:\/\/instituciones.gtm.sld.cu\/dmsims\/wp-json\/wp\/v2\/users\/88"}],"replies":[{"embeddable":true,"href":"https:\/\/instituciones.gtm.sld.cu\/dmsims\/wp-json\/wp\/v2\/comments?post=2476"}],"version-history":[{"count":1,"href":"https:\/\/instituciones.gtm.sld.cu\/dmsims\/wp-json\/wp\/v2\/posts\/2476\/revisions"}],"predecessor-version":[{"id":2478,"href":"https:\/\/instituciones.gtm.sld.cu\/dmsims\/wp-json\/wp\/v2\/posts\/2476\/revisions\/2478"}],"wp:featuredmedia":[{"embeddable":true,"href":"https:\/\/instituciones.gtm.sld.cu\/dmsims\/wp-json\/wp\/v2\/media\/2477"}],"wp:attachment":[{"href":"https:\/\/instituciones.gtm.sld.cu\/dmsims\/wp-json\/wp\/v2\/media?parent=2476"}],"wp:term":[{"taxonomy":"category","embeddable":true,"href":"https:\/\/instituciones.gtm.sld.cu\/dmsims\/wp-json\/wp\/v2\/categories?post=2476"},{"taxonomy":"post_tag","embeddable":true,"href":"https:\/\/instituciones.gtm.sld.cu\/dmsims\/wp-json\/wp\/v2\/tags?post=2476"}],"curies":[{"name":"wp","href":"https:\/\/api.w.org\/{rel}","templated":true}]}}