{"id":2479,"date":"2025-04-01T08:30:15","date_gmt":"2025-04-01T12:30:15","guid":{"rendered":"https:\/\/instituciones.gtm.sld.cu\/dmsims\/?p=2479"},"modified":"2025-04-01T08:30:15","modified_gmt":"2025-04-01T12:30:15","slug":"cuba-en-datos-cual-ha-sido-el-impacto-global-de-la-colaboracion-medica-cubana","status":"publish","type":"post","link":"https:\/\/instituciones.gtm.sld.cu\/dmsims\/2025\/04\/01\/cuba-en-datos-cual-ha-sido-el-impacto-global-de-la-colaboracion-medica-cubana\/","title":{"rendered":"Cuba en datos: \u00bfCu\u00e1l ha sido el impacto global de la colaboraci\u00f3n m\u00e9dica cubana?"},"content":{"rendered":"<p><span style=\"font-family: arial, helvetica, sans-serif\">Para entender la inmensa obra de amor y humanismo que es la <a href=\"http:\/\/www.cubadebate.cu\/especiales\/2019\/09\/23\/cuba-en-datos-colaboracion-medica-historias-de-solidaridad\/\">cooperaci\u00f3n m\u00e9dica cubana<\/a> es imprescindible repasar su historia desde su concepci\u00f3n. <\/span><\/p>\n<p><span style=\"font-family: arial, helvetica, sans-serif\">El 17 de octubre del a\u00f1o 1962, Fidel anuncia al pueblo, en el acto de inauguraci\u00f3n del Instituto de Ciencias B\u00e1sicas y Precl\u00ednicas Victoria de Gir\u00f3n, la decisi\u00f3n del gobierno de brindar ayuda en el campo de la salud y expresa que se enviar\u00edan 50 m\u00e9dicos a Argelia. En su discurso le dijo a los estudiantes de medicina:<\/span><\/p>\n<blockquote><p><span style=\"font-family: arial, helvetica, sans-serif\">(\u2026) estoy seguro de que no faltar\u00e1n voluntarios (\u2026) Hoy podemos enviar solo 50, pero dentro de 8 o 10 a\u00f1os, qui\u00e9n sabe cu\u00e1ntos, y estaremos ayudando a nuestros hermanos (\u2026) porque la Revoluci\u00f3n tiene el derecho de recoger los frutos que ha sembrado (\u2026).<\/span><\/p>\n<p><span style=\"font-family: arial, helvetica, sans-serif\">En 1963, Cuba envi\u00f3 su <strong>primera brigada m\u00e9dica a Argeli<\/strong>a, marcando el inicio de una colaboraci\u00f3n que ha llegado a 165 pa\u00edses. Desde entonces, m\u00e1s de 600 000 profesionales de la salud han prestado servicios en los lugares m\u00e1s necesitados del mundo.<\/span><\/p>\n<p><span style=\"font-family: arial, helvetica, sans-serif\">Un momento significativo result\u00f3 la creaci\u00f3n del Programa Integral de Salud, implementado tras el paso de los <strong>huracanes Mitch y George por Centroam\u00e9rica<\/strong>, basado en el modelo de Atenci\u00f3n Primaria de salud. Un programa que transform\u00f3 la colaboraci\u00f3n m\u00e9dica caribe\u00f1a y fue seguido por la creaci\u00f3n de algunas experiencias inolvidables como <strong>\u201cBarrio Adentro\u201d<\/strong>, en Venezuela, y la <strong>\u201cOperaci\u00f3n Milagro\u201d<\/strong>.<\/span><\/p>\n<p><span style=\"font-family: arial, helvetica, sans-serif\">En 2005, luego de los da\u00f1os provocados por el <strong>hurac\u00e1n Katrina en Estados Unidos<\/strong>, Cuba cre\u00f3, por idea del Comandante en Jefe, el Contingente Henry Reeve, con una cifra superior a los 10 000 profesionales dispuestos a cooperar. Este contingente tambi\u00e9n jug\u00f3 un papel crucial durante la epidemia del \u00e9bola en \u00c1frica Occidental, en 2014, cuando llegaron 256 colaboradores en los estados afectados.<\/span><\/p>\n<p><span style=\"font-family: arial, helvetica, sans-serif\">En el 2014 aparece la <strong>epidemia del \u00e9bola en Sierra Leona, Guinea-Conakri y Liberia<\/strong>. Cuba fue el \u00fani\u00adco pa\u00eds que prest\u00f3 ayuda en com\u00adposici\u00f3n de brigadas permanentes, aunque estuvo presente la OMS y otras naciones, pero por breve tiempo. Sobre la base de nuestra experiencia se logr\u00f3 concentrar la enfermedad en esos tres pa\u00edses sin que se extendiera a m\u00e1s regiones.<\/span><\/p>\n<p><span style=\"font-family: arial, helvetica, sans-serif\">Una vez decretada la <a href=\"http:\/\/www.cubadebate.cu\/especiales\/2020\/09\/15\/sin-fronteras-la-cooperacion-medica-cubana-en-el-contexto-de-la-covid-19\/\">pandemia de la <strong>COVID-19<\/strong><\/a> por la Organiza\u00adci\u00f3n Mundial de la Salud (OMS), el 15 de marzo salieron los primeros colaboradores (asesores fundamen\u00adtalmente) hacia Venezuela para compartir las pocas experiencias que se ten\u00edan en esos instantes.<\/span><\/p>\n<p><span style=\"font-family: arial, helvetica, sans-serif\">Cuba traz\u00f3 su estrategia de co\u00adlaboraci\u00f3n m\u00e9dica internacional y desde ese momento parti\u00f3 otra brigada a Lombard\u00eda, Italia, don\u00adde estaba el epicentro de la enfer\u00admedad.<\/span><\/p>\n<p><span style=\"font-family: arial, helvetica, sans-serif\">A inicios del 2022 se completa la brigada 58 en 42 naciones para combatir la pandemia, que tam\u00adbi\u00e9n marc\u00f3 la historia de la coo\u00adperaci\u00f3n m\u00e9dica internacional que Cuba ha ofrecido al mundo.<\/span><\/p>\n<p><span style=\"font-family: arial, helvetica, sans-serif\">En febrero de 2023, dos potentes terremotos, de magnitud 7,8 y 7,5, respectivamente, dejaron miles de muertos y una enorme <strong>devastaci\u00f3n en Turqu\u00eda y Siria<\/strong>. En menos de 48 horas se con\u00adform\u00f3 una brigada con 32 colabo\u00adradores cubanos con el fin de contribuir a salvar vidas y ayudar a la recupe\u00adraci\u00f3n de las v\u00edctimas.<\/span><\/p>\n<h3><span style=\"font-family: arial, helvetica, sans-serif\">Impacto global de la colaboraci\u00f3n m\u00e9dica cubana:<\/span><\/h3>\n<p><span style=\"font-family: arial, helvetica, sans-serif\">Los m\u00e9dicos cubanos han atendido a <strong>m\u00e1s de 2 300 millones de personas<\/strong>, realizado 17 millones de intervenciones quir\u00fargicas y ayudado a nacer a 5 millones de ni\u00f1os. Adem\u00e1s, se estima que <strong>12 millones de vidas<\/strong> han sido salvadas gracias a su labor.<\/span><\/p><\/blockquote>\n<p>&nbsp;<\/p>\n<p>Fuente:Cubadebate<\/p>\n","protected":false},"excerpt":{"rendered":"<p>Para entender la inmensa obra de amor y humanismo que es la cooperaci\u00f3n m\u00e9dica cubana es imprescindible repasar su historia desde su concepci\u00f3n. El 17 de octubre del a\u00f1o 1962, Fidel anuncia al pueblo, en el acto de inauguraci\u00f3n del Instituto de Ciencias B\u00e1sicas y Precl\u00ednicas Victoria de Gir\u00f3n, la decisi\u00f3n del gobierno de brindar &hellip; <\/p>\n<p><a class=\"more-link btn\" href=\"https:\/\/instituciones.gtm.sld.cu\/dmsims\/2025\/04\/01\/cuba-en-datos-cual-ha-sido-el-impacto-global-de-la-colaboracion-medica-cubana\/\">Seguir leyendo<\/a><\/p>\n","protected":false},"author":88,"featured_media":2480,"comment_status":"closed","ping_status":"open","sticky":false,"template":"","format":"standard","meta":{"ngg_post_thumbnail":0},"categories":[1],"tags":[],"yoast_head":"<!-- This site is optimized with the Yoast SEO plugin v21.8 - https:\/\/yoast.com\/wordpress\/plugins\/seo\/ -->\n<title>Cuba en datos: \u00bfCu\u00e1l ha sido el impacto global de la colaboraci\u00f3n m\u00e9dica cubana? - Policl\u00ednico &quot;Ciro Fr\u00edas Cabrera&quot;<\/title>\n<meta name=\"robots\" content=\"index, follow, max-snippet:-1, max-image-preview:large, max-video-preview:-1\" \/>\n<link rel=\"canonical\" href=\"https:\/\/instituciones.gtm.sld.cu\/dmsims\/2025\/04\/01\/cuba-en-datos-cual-ha-sido-el-impacto-global-de-la-colaboracion-medica-cubana\/\" \/>\n<meta property=\"og:locale\" content=\"es_ES\" \/>\n<meta property=\"og:type\" content=\"article\" \/>\n<meta property=\"og:title\" content=\"Cuba en datos: \u00bfCu\u00e1l ha sido el impacto global de la colaboraci\u00f3n m\u00e9dica cubana? - Policl\u00ednico &quot;Ciro Fr\u00edas Cabrera&quot;\" \/>\n<meta property=\"og:description\" content=\"Para entender la inmensa obra de amor y humanismo que es la cooperaci\u00f3n m\u00e9dica cubana es imprescindible repasar su historia desde su concepci\u00f3n. El 17 de octubre del a\u00f1o 1962, Fidel anuncia al pueblo, en el acto de inauguraci\u00f3n del Instituto de Ciencias B\u00e1sicas y Precl\u00ednicas Victoria de Gir\u00f3n, la decisi\u00f3n del gobierno de brindar &hellip; Seguir leyendo\" \/>\n<meta property=\"og:url\" content=\"https:\/\/instituciones.gtm.sld.cu\/dmsims\/2025\/04\/01\/cuba-en-datos-cual-ha-sido-el-impacto-global-de-la-colaboracion-medica-cubana\/\" \/>\n<meta property=\"og:site_name\" content=\"Policl\u00ednico &quot;Ciro Fr\u00edas Cabrera&quot;\" \/>\n<meta property=\"article:published_time\" content=\"2025-04-01T12:30:15+00:00\" \/>\n<meta property=\"og:image\" content=\"http:\/\/instituciones.gtm.sld.cu\/dmsims\/wp-content\/uploads\/sites\/34\/2025\/04\/colaboracion-medica-cuba-580px.png\" \/>\n\t<meta property=\"og:image:width\" content=\"290\" \/>\n\t<meta property=\"og:image:height\" content=\"165\" \/>\n\t<meta property=\"og:image:type\" content=\"image\/png\" \/>\n<meta name=\"author\" content=\"dmsims\" \/>\n<meta name=\"twitter:card\" content=\"summary_large_image\" \/>\n<meta name=\"twitter:label1\" content=\"Escrito por\" \/>\n\t<meta name=\"twitter:data1\" content=\"dmsims\" \/>\n\t<meta name=\"twitter:label2\" content=\"Tiempo de lectura\" \/>\n\t<meta name=\"twitter:data2\" content=\"1 minuto\" \/>\n<script type=\"application\/ld+json\" class=\"yoast-schema-graph\">{\"@context\":\"https:\/\/schema.org\",\"@graph\":[{\"@type\":\"WebPage\",\"@id\":\"https:\/\/instituciones.gtm.sld.cu\/dmsims\/2025\/04\/01\/cuba-en-datos-cual-ha-sido-el-impacto-global-de-la-colaboracion-medica-cubana\/\",\"url\":\"https:\/\/instituciones.gtm.sld.cu\/dmsims\/2025\/04\/01\/cuba-en-datos-cual-ha-sido-el-impacto-global-de-la-colaboracion-medica-cubana\/\",\"name\":\"Cuba en datos: \u00bfCu\u00e1l ha sido el impacto global de la colaboraci\u00f3n m\u00e9dica cubana? - Policl\u00ednico &quot;Ciro Fr\u00edas Cabrera&quot;\",\"isPartOf\":{\"@id\":\"https:\/\/instituciones.gtm.sld.cu\/dmsims\/#website\"},\"datePublished\":\"2025-04-01T12:30:15+00:00\",\"dateModified\":\"2025-04-01T12:30:15+00:00\",\"author\":{\"@id\":\"https:\/\/instituciones.gtm.sld.cu\/dmsims\/#\/schema\/person\/e02d318b45e27c313e3bbe3f7698cc47\"},\"breadcrumb\":{\"@id\":\"https:\/\/instituciones.gtm.sld.cu\/dmsims\/2025\/04\/01\/cuba-en-datos-cual-ha-sido-el-impacto-global-de-la-colaboracion-medica-cubana\/#breadcrumb\"},\"inLanguage\":\"es\",\"potentialAction\":[{\"@type\":\"ReadAction\",\"target\":[\"https:\/\/instituciones.gtm.sld.cu\/dmsims\/2025\/04\/01\/cuba-en-datos-cual-ha-sido-el-impacto-global-de-la-colaboracion-medica-cubana\/\"]}]},{\"@type\":\"BreadcrumbList\",\"@id\":\"https:\/\/instituciones.gtm.sld.cu\/dmsims\/2025\/04\/01\/cuba-en-datos-cual-ha-sido-el-impacto-global-de-la-colaboracion-medica-cubana\/#breadcrumb\",\"itemListElement\":[{\"@type\":\"ListItem\",\"position\":1,\"name\":\"Portada\",\"item\":\"https:\/\/instituciones.gtm.sld.cu\/dmsims\/\"},{\"@type\":\"ListItem\",\"position\":2,\"name\":\"Cuba en datos: \u00bfCu\u00e1l ha sido el impacto global de la colaboraci\u00f3n m\u00e9dica cubana?\"}]},{\"@type\":\"WebSite\",\"@id\":\"https:\/\/instituciones.gtm.sld.cu\/dmsims\/#website\",\"url\":\"https:\/\/instituciones.gtm.sld.cu\/dmsims\/\",\"name\":\"Policl\u00ednico &quot;Ciro Fr\u00edas Cabrera&quot;\",\"description\":\"Policl\u00ednico &quot;Ciro Fr\u00edas Cabrera&quot;\",\"potentialAction\":[{\"@type\":\"SearchAction\",\"target\":{\"@type\":\"EntryPoint\",\"urlTemplate\":\"https:\/\/instituciones.gtm.sld.cu\/dmsims\/?s={search_term_string}\"},\"query-input\":\"required name=search_term_string\"}],\"inLanguage\":\"es\"},{\"@type\":\"Person\",\"@id\":\"https:\/\/instituciones.gtm.sld.cu\/dmsims\/#\/schema\/person\/e02d318b45e27c313e3bbe3f7698cc47\",\"name\":\"dmsims\",\"url\":\"https:\/\/instituciones.gtm.sld.cu\/dmsims\/author\/dmsims\/\"}]}<\/script>\n<!-- \/ Yoast SEO plugin. -->","yoast_head_json":{"title":"Cuba en datos: \u00bfCu\u00e1l ha sido el impacto global de la colaboraci\u00f3n m\u00e9dica cubana? - Policl\u00ednico &quot;Ciro Fr\u00edas Cabrera&quot;","robots":{"index":"index","follow":"follow","max-snippet":"max-snippet:-1","max-image-preview":"max-image-preview:large","max-video-preview":"max-video-preview:-1"},"canonical":"https:\/\/instituciones.gtm.sld.cu\/dmsims\/2025\/04\/01\/cuba-en-datos-cual-ha-sido-el-impacto-global-de-la-colaboracion-medica-cubana\/","og_locale":"es_ES","og_type":"article","og_title":"Cuba en datos: \u00bfCu\u00e1l ha sido el impacto global de la colaboraci\u00f3n m\u00e9dica cubana? - Policl\u00ednico &quot;Ciro Fr\u00edas Cabrera&quot;","og_description":"Para entender la inmensa obra de amor y humanismo que es la cooperaci\u00f3n m\u00e9dica cubana es imprescindible repasar su historia desde su concepci\u00f3n. El 17 de octubre del a\u00f1o 1962, Fidel anuncia al pueblo, en el acto de inauguraci\u00f3n del Instituto de Ciencias B\u00e1sicas y Precl\u00ednicas Victoria de Gir\u00f3n, la decisi\u00f3n del gobierno de brindar &hellip; Seguir leyendo","og_url":"https:\/\/instituciones.gtm.sld.cu\/dmsims\/2025\/04\/01\/cuba-en-datos-cual-ha-sido-el-impacto-global-de-la-colaboracion-medica-cubana\/","og_site_name":"Policl\u00ednico &quot;Ciro Fr\u00edas Cabrera&quot;","article_published_time":"2025-04-01T12:30:15+00:00","og_image":[{"width":290,"height":165,"url":"http:\/\/instituciones.gtm.sld.cu\/dmsims\/wp-content\/uploads\/sites\/34\/2025\/04\/colaboracion-medica-cuba-580px.png","type":"image\/png"}],"author":"dmsims","twitter_card":"summary_large_image","twitter_misc":{"Escrito por":"dmsims","Tiempo de lectura":"1 minuto"},"schema":{"@context":"https:\/\/schema.org","@graph":[{"@type":"WebPage","@id":"https:\/\/instituciones.gtm.sld.cu\/dmsims\/2025\/04\/01\/cuba-en-datos-cual-ha-sido-el-impacto-global-de-la-colaboracion-medica-cubana\/","url":"https:\/\/instituciones.gtm.sld.cu\/dmsims\/2025\/04\/01\/cuba-en-datos-cual-ha-sido-el-impacto-global-de-la-colaboracion-medica-cubana\/","name":"Cuba en datos: \u00bfCu\u00e1l ha sido el impacto global de la colaboraci\u00f3n m\u00e9dica cubana? - Policl\u00ednico &quot;Ciro Fr\u00edas Cabrera&quot;","isPartOf":{"@id":"https:\/\/instituciones.gtm.sld.cu\/dmsims\/#website"},"datePublished":"2025-04-01T12:30:15+00:00","dateModified":"2025-04-01T12:30:15+00:00","author":{"@id":"https:\/\/instituciones.gtm.sld.cu\/dmsims\/#\/schema\/person\/e02d318b45e27c313e3bbe3f7698cc47"},"breadcrumb":{"@id":"https:\/\/instituciones.gtm.sld.cu\/dmsims\/2025\/04\/01\/cuba-en-datos-cual-ha-sido-el-impacto-global-de-la-colaboracion-medica-cubana\/#breadcrumb"},"inLanguage":"es","potentialAction":[{"@type":"ReadAction","target":["https:\/\/instituciones.gtm.sld.cu\/dmsims\/2025\/04\/01\/cuba-en-datos-cual-ha-sido-el-impacto-global-de-la-colaboracion-medica-cubana\/"]}]},{"@type":"BreadcrumbList","@id":"https:\/\/instituciones.gtm.sld.cu\/dmsims\/2025\/04\/01\/cuba-en-datos-cual-ha-sido-el-impacto-global-de-la-colaboracion-medica-cubana\/#breadcrumb","itemListElement":[{"@type":"ListItem","position":1,"name":"Portada","item":"https:\/\/instituciones.gtm.sld.cu\/dmsims\/"},{"@type":"ListItem","position":2,"name":"Cuba en datos: \u00bfCu\u00e1l ha sido el impacto global de la colaboraci\u00f3n m\u00e9dica cubana?"}]},{"@type":"WebSite","@id":"https:\/\/instituciones.gtm.sld.cu\/dmsims\/#website","url":"https:\/\/instituciones.gtm.sld.cu\/dmsims\/","name":"Policl\u00ednico &quot;Ciro Fr\u00edas Cabrera&quot;","description":"Policl\u00ednico &quot;Ciro Fr\u00edas Cabrera&quot;","potentialAction":[{"@type":"SearchAction","target":{"@type":"EntryPoint","urlTemplate":"https:\/\/instituciones.gtm.sld.cu\/dmsims\/?s={search_term_string}"},"query-input":"required name=search_term_string"}],"inLanguage":"es"},{"@type":"Person","@id":"https:\/\/instituciones.gtm.sld.cu\/dmsims\/#\/schema\/person\/e02d318b45e27c313e3bbe3f7698cc47","name":"dmsims","url":"https:\/\/instituciones.gtm.sld.cu\/dmsims\/author\/dmsims\/"}]}},"_links":{"self":[{"href":"https:\/\/instituciones.gtm.sld.cu\/dmsims\/wp-json\/wp\/v2\/posts\/2479"}],"collection":[{"href":"https:\/\/instituciones.gtm.sld.cu\/dmsims\/wp-json\/wp\/v2\/posts"}],"about":[{"href":"https:\/\/instituciones.gtm.sld.cu\/dmsims\/wp-json\/wp\/v2\/types\/post"}],"author":[{"embeddable":true,"href":"https:\/\/instituciones.gtm.sld.cu\/dmsims\/wp-json\/wp\/v2\/users\/88"}],"replies":[{"embeddable":true,"href":"https:\/\/instituciones.gtm.sld.cu\/dmsims\/wp-json\/wp\/v2\/comments?post=2479"}],"version-history":[{"count":1,"href":"https:\/\/instituciones.gtm.sld.cu\/dmsims\/wp-json\/wp\/v2\/posts\/2479\/revisions"}],"predecessor-version":[{"id":2481,"href":"https:\/\/instituciones.gtm.sld.cu\/dmsims\/wp-json\/wp\/v2\/posts\/2479\/revisions\/2481"}],"wp:featuredmedia":[{"embeddable":true,"href":"https:\/\/instituciones.gtm.sld.cu\/dmsims\/wp-json\/wp\/v2\/media\/2480"}],"wp:attachment":[{"href":"https:\/\/instituciones.gtm.sld.cu\/dmsims\/wp-json\/wp\/v2\/media?parent=2479"}],"wp:term":[{"taxonomy":"category","embeddable":true,"href":"https:\/\/instituciones.gtm.sld.cu\/dmsims\/wp-json\/wp\/v2\/categories?post=2479"},{"taxonomy":"post_tag","embeddable":true,"href":"https:\/\/instituciones.gtm.sld.cu\/dmsims\/wp-json\/wp\/v2\/tags?post=2479"}],"curies":[{"name":"wp","href":"https:\/\/api.w.org\/{rel}","templated":true}]}}