{"id":2587,"date":"2025-08-06T11:54:42","date_gmt":"2025-08-06T15:54:42","guid":{"rendered":"https:\/\/instituciones.gtm.sld.cu\/dmsims\/?p=2587"},"modified":"2025-08-06T11:55:36","modified_gmt":"2025-08-06T15:55:36","slug":"covid-19-vacunacion-avisada","status":"publish","type":"post","link":"https:\/\/instituciones.gtm.sld.cu\/dmsims\/2025\/08\/06\/covid-19-vacunacion-avisada\/","title":{"rendered":"COVID 19: Vacunaci\u00f3n avisada\u2026"},"content":{"rendered":"<p>La palabra no es reinicio, a fin de cuentas, desde que existen las vacunas anticovid 19 \u201cHechas en Cuba\u201d, no se ha detenido la inmunizaci\u00f3n contra esa enfermedad que fren\u00f3 al mundo durante casi dos a\u00f1os de los que, la mayor\u00eda, preferimos no acordarnos.<!--more--><\/p>\n<p>Por eso, Mar\u00eda Elena S\u00e1nchez Garc\u00eda, responsable del programa de inmunizaci\u00f3n del Centro provincial de Higiene, Epidemiolog\u00eda y Microbiolog\u00eda prefiere hablar de reimpulso, a ra\u00edz de una intenci\u00f3n sectorial previa al alza de las enfermedades respiratorias agudas en el pa\u00eds, pero tambi\u00e9n, por qu\u00e9 negarlo, al incremento de la percepci\u00f3n de riesgo ante las mutaciones del coronavirus.<\/p>\n<p>\u201cAunque -me aclara, en total coincidencia con autoridades nacionales- siguen apareciendo casos, no existe una situaci\u00f3n compleja de COVID-19 en el territorio.<\/p>\n<p>\u201cLas vacunas anticovid, por su parte, forman parte del esquema nacional de inmunizaci\u00f3n -que incluye 16 vacunas-, con indicaciones definidas. El tema es que no todos los territorios logran vacunar a m\u00e1s del 95 por ciento del universo, y ese indicador -que se mide a nivel nacional- debe recuperarse\u201d, explica.<\/p>\n<p><strong><em>\u00bfCu\u00e1les son los grupos que se deben vacunar?<\/em><\/strong><\/p>\n<p>El esquema anticovid inicia con los ni\u00f1os que arriban a los dos a\u00f1os de edad; quienes reciben tres dosis de Abdala, con intervalos de 14 d\u00edas entre ellas, y un refuerzo a los seis meses. Con esas dosis, se considera que ese infante est\u00e1 protegido contra la enfermedad, y por eso es tan importante.<\/p>\n<p>Tambi\u00e9n, se dedica un refuerzo a grupos de riesgo: gestantes, pu\u00e9rperas con ni\u00f1os de hasta dos a\u00f1os, y personas con cardiopat\u00eda, hipertensi\u00f3n, obesidad, par\u00e1lisis cerebral infantil, retrovirosis cr\u00f3nica, insuficiencia renal, psiqui\u00e1tricos cr\u00f3nicos, fibrosis qu\u00edstica y enfermedades pulmonares obstructivas; as\u00ed como a los asistentes a casas de abuelos, y quienes viven en hogares de ancianos y centros psicopedag\u00f3gicos.<\/p>\n<p>Se protegen, adem\u00e1s, los trabajadores de salud p\u00fablica y los estudiantes de medicina. Si alguna persona quiere vacunarse y han transcurrido m\u00e1s de seis meses tras su \u00faltima dosis, tambi\u00e9n puede hacerlo.<\/p>\n<p><strong><em>\u00bfCu\u00e1l es el esquema para las gestantes, un grupo especial de riesgo?<\/em><\/strong><\/p>\n<p>Tenemos unas 2 mil embarazadas en la provincia, que no siempre llegan a la captaci\u00f3n con evidencia de estar protegidas contra la enfermedad.<\/p>\n<p>Si la futura madre tiene evidencia de esquema completo \u2013tres dosis y al menos un refuerzo- ocurren dos cosas: si no han pasado seis meses de la \u00faltima vacuna, se le inocula en la semana 32 de gestaci\u00f3n; y si ya transcurri\u00f3 ese tiempo, recibe un refuerzo al momento de la captaci\u00f3n, y otro a los seis meses.<\/p>\n<p>En el caso de que no exista esa evidencia, por seguridad, se les protege con tres dosis y un refuerzo.<\/p>\n<p><strong>\u00bfD\u00f3nde est\u00e1n los mayores atrasos? <\/strong><\/p>\n<p>La provincia, al cierre del primer semestre, cumple con el indicador de inmunizar a m\u00e1s del 95 por ciento del universo; pero cinco de nuestros 10 municipios est\u00e1n por detr\u00e1s: Baracoa, San Antonio del Sur, Yateras, Manuel Tames e Im\u00edas, que es el peor, con una cobertura de 69 por ciento.<\/p>\n<p>En esos territorios, chequeamos semanalmente la marcha del programa, y en las reuniones t\u00e9cnicas, y en presencia de las m\u00e1ximas autoridades sectoriales, se realizan los an\u00e1lisis con los incumplidores.<\/p>\n<p><strong>\u00bfEn general, se garantizan los recursos necesarios? <\/strong><\/p>\n<p>Tenemos vacunas suficientes en calidad y cantidad, jeringuillas, y el personal sanitario en los vacunatorios centrales de los policl\u00ednicos y los perif\u00e9ricos que acercan los servicios a las comunidades m\u00e1s alejadas.<\/p>\n<p><strong>\u00bfAdem\u00e1s de las vacunas anticovid, qu\u00e9 otros inmun\u00f3genos deben aplicarse en lo que resta de a\u00f1o?<\/strong><\/p>\n<p>Se siguen aplicando las vacunas del esquema de rutina, en las diferentes edades. Se aplica adem\u00e1s, desde septiembre pasado, la antineumoc\u00f3cica Pneumosil a los ni\u00f1os que arriban a los dos, cuatro y 11 meses de edad, para protegerlos contra enfermedades como la neumon\u00eda y la meningoencefalitis.<\/p>\n<p>Con el reinicio del curso escolar, tambi\u00e9n se inmunizar\u00e1 a los pioneros de primer y segundo grados con vacuna duple bacteriana contra la difteria y t\u00e9tanos, y estamos en espera de indicaciones para aplicar la vacuna contra el papiloma humano a las ni\u00f1as de cuarto grado.<\/p>\n<p>Fuente:Venceremos.<\/p>\n","protected":false},"excerpt":{"rendered":"<p>La palabra no es reinicio, a fin de cuentas, desde que existen las vacunas anticovid 19 \u201cHechas en Cuba\u201d, no se ha detenido la inmunizaci\u00f3n contra esa enfermedad que fren\u00f3 al mundo durante casi dos a\u00f1os de los que, la mayor\u00eda, preferimos no acordarnos.<\/p><p><a class=\"more-link btn\" href=\"https:\/\/instituciones.gtm.sld.cu\/dmsims\/2025\/08\/06\/covid-19-vacunacion-avisada\/\">Seguir leyendo<\/a><\/p>\n","protected":false},"author":88,"featured_media":2588,"comment_status":"closed","ping_status":"open","sticky":false,"template":"","format":"standard","meta":{"ngg_post_thumbnail":0},"categories":[11],"tags":[],"yoast_head":"<!-- This site is optimized with the Yoast SEO plugin v21.8 - https:\/\/yoast.com\/wordpress\/plugins\/seo\/ -->\n<title>COVID 19: Vacunaci\u00f3n avisada\u2026 - Policl\u00ednico &quot;Ciro Fr\u00edas Cabrera&quot;<\/title>\n<meta name=\"robots\" content=\"index, follow, max-snippet:-1, max-image-preview:large, max-video-preview:-1\" \/>\n<link rel=\"canonical\" href=\"https:\/\/instituciones.gtm.sld.cu\/dmsims\/2025\/08\/06\/covid-19-vacunacion-avisada\/\" \/>\n<meta property=\"og:locale\" content=\"es_ES\" \/>\n<meta property=\"og:type\" content=\"article\" \/>\n<meta property=\"og:title\" content=\"COVID 19: Vacunaci\u00f3n avisada\u2026 - Policl\u00ednico &quot;Ciro Fr\u00edas Cabrera&quot;\" \/>\n<meta property=\"og:description\" content=\"La palabra no es reinicio, a fin de cuentas, desde que existen las vacunas anticovid 19 \u201cHechas en Cuba\u201d, no se ha detenido la inmunizaci\u00f3n contra esa enfermedad que fren\u00f3 al mundo durante casi dos a\u00f1os de los que, la mayor\u00eda, preferimos no acordarnos.\" \/>\n<meta property=\"og:url\" content=\"https:\/\/instituciones.gtm.sld.cu\/dmsims\/2025\/08\/06\/covid-19-vacunacion-avisada\/\" \/>\n<meta property=\"og:site_name\" content=\"Policl\u00ednico &quot;Ciro Fr\u00edas Cabrera&quot;\" \/>\n<meta property=\"article:published_time\" content=\"2025-08-06T15:54:42+00:00\" \/>\n<meta property=\"article:modified_time\" content=\"2025-08-06T15:55:36+00:00\" \/>\n<meta property=\"og:image\" content=\"http:\/\/instituciones.gtm.sld.cu\/dmsims\/wp-content\/uploads\/sites\/34\/2025\/08\/2_vacuna.jpg\" \/>\n\t<meta property=\"og:image:width\" content=\"192\" \/>\n\t<meta property=\"og:image:height\" content=\"255\" \/>\n\t<meta property=\"og:image:type\" content=\"image\/jpeg\" \/>\n<meta name=\"author\" content=\"dmsims\" \/>\n<meta name=\"twitter:card\" content=\"summary_large_image\" \/>\n<meta name=\"twitter:label1\" content=\"Escrito por\" \/>\n\t<meta name=\"twitter:data1\" content=\"dmsims\" \/>\n\t<meta name=\"twitter:label2\" content=\"Tiempo de lectura\" \/>\n\t<meta name=\"twitter:data2\" content=\"4 minutos\" \/>\n<script type=\"application\/ld+json\" class=\"yoast-schema-graph\">{\"@context\":\"https:\/\/schema.org\",\"@graph\":[{\"@type\":\"WebPage\",\"@id\":\"https:\/\/instituciones.gtm.sld.cu\/dmsims\/2025\/08\/06\/covid-19-vacunacion-avisada\/\",\"url\":\"https:\/\/instituciones.gtm.sld.cu\/dmsims\/2025\/08\/06\/covid-19-vacunacion-avisada\/\",\"name\":\"COVID 19: Vacunaci\u00f3n avisada\u2026 - Policl\u00ednico &quot;Ciro Fr\u00edas Cabrera&quot;\",\"isPartOf\":{\"@id\":\"https:\/\/instituciones.gtm.sld.cu\/dmsims\/#website\"},\"datePublished\":\"2025-08-06T15:54:42+00:00\",\"dateModified\":\"2025-08-06T15:55:36+00:00\",\"author\":{\"@id\":\"https:\/\/instituciones.gtm.sld.cu\/dmsims\/#\/schema\/person\/e02d318b45e27c313e3bbe3f7698cc47\"},\"breadcrumb\":{\"@id\":\"https:\/\/instituciones.gtm.sld.cu\/dmsims\/2025\/08\/06\/covid-19-vacunacion-avisada\/#breadcrumb\"},\"inLanguage\":\"es\",\"potentialAction\":[{\"@type\":\"ReadAction\",\"target\":[\"https:\/\/instituciones.gtm.sld.cu\/dmsims\/2025\/08\/06\/covid-19-vacunacion-avisada\/\"]}]},{\"@type\":\"BreadcrumbList\",\"@id\":\"https:\/\/instituciones.gtm.sld.cu\/dmsims\/2025\/08\/06\/covid-19-vacunacion-avisada\/#breadcrumb\",\"itemListElement\":[{\"@type\":\"ListItem\",\"position\":1,\"name\":\"Portada\",\"item\":\"https:\/\/instituciones.gtm.sld.cu\/dmsims\/\"},{\"@type\":\"ListItem\",\"position\":2,\"name\":\"COVID 19: Vacunaci\u00f3n avisada\u2026\"}]},{\"@type\":\"WebSite\",\"@id\":\"https:\/\/instituciones.gtm.sld.cu\/dmsims\/#website\",\"url\":\"https:\/\/instituciones.gtm.sld.cu\/dmsims\/\",\"name\":\"Policl\u00ednico &quot;Ciro Fr\u00edas Cabrera&quot;\",\"description\":\"Policl\u00ednico &quot;Ciro Fr\u00edas Cabrera&quot;\",\"potentialAction\":[{\"@type\":\"SearchAction\",\"target\":{\"@type\":\"EntryPoint\",\"urlTemplate\":\"https:\/\/instituciones.gtm.sld.cu\/dmsims\/?s={search_term_string}\"},\"query-input\":\"required name=search_term_string\"}],\"inLanguage\":\"es\"},{\"@type\":\"Person\",\"@id\":\"https:\/\/instituciones.gtm.sld.cu\/dmsims\/#\/schema\/person\/e02d318b45e27c313e3bbe3f7698cc47\",\"name\":\"dmsims\",\"url\":\"https:\/\/instituciones.gtm.sld.cu\/dmsims\/author\/dmsims\/\"}]}<\/script>\n<!-- \/ Yoast SEO plugin. -->","yoast_head_json":{"title":"COVID 19: Vacunaci\u00f3n avisada\u2026 - Policl\u00ednico &quot;Ciro Fr\u00edas Cabrera&quot;","robots":{"index":"index","follow":"follow","max-snippet":"max-snippet:-1","max-image-preview":"max-image-preview:large","max-video-preview":"max-video-preview:-1"},"canonical":"https:\/\/instituciones.gtm.sld.cu\/dmsims\/2025\/08\/06\/covid-19-vacunacion-avisada\/","og_locale":"es_ES","og_type":"article","og_title":"COVID 19: Vacunaci\u00f3n avisada\u2026 - Policl\u00ednico &quot;Ciro Fr\u00edas Cabrera&quot;","og_description":"La palabra no es reinicio, a fin de cuentas, desde que existen las vacunas anticovid 19 \u201cHechas en Cuba\u201d, no se ha detenido la inmunizaci\u00f3n contra esa enfermedad que fren\u00f3 al mundo durante casi dos a\u00f1os de los que, la mayor\u00eda, preferimos no acordarnos.","og_url":"https:\/\/instituciones.gtm.sld.cu\/dmsims\/2025\/08\/06\/covid-19-vacunacion-avisada\/","og_site_name":"Policl\u00ednico &quot;Ciro Fr\u00edas Cabrera&quot;","article_published_time":"2025-08-06T15:54:42+00:00","article_modified_time":"2025-08-06T15:55:36+00:00","og_image":[{"width":192,"height":255,"url":"http:\/\/instituciones.gtm.sld.cu\/dmsims\/wp-content\/uploads\/sites\/34\/2025\/08\/2_vacuna.jpg","type":"image\/jpeg"}],"author":"dmsims","twitter_card":"summary_large_image","twitter_misc":{"Escrito por":"dmsims","Tiempo de lectura":"4 minutos"},"schema":{"@context":"https:\/\/schema.org","@graph":[{"@type":"WebPage","@id":"https:\/\/instituciones.gtm.sld.cu\/dmsims\/2025\/08\/06\/covid-19-vacunacion-avisada\/","url":"https:\/\/instituciones.gtm.sld.cu\/dmsims\/2025\/08\/06\/covid-19-vacunacion-avisada\/","name":"COVID 19: Vacunaci\u00f3n avisada\u2026 - Policl\u00ednico &quot;Ciro Fr\u00edas Cabrera&quot;","isPartOf":{"@id":"https:\/\/instituciones.gtm.sld.cu\/dmsims\/#website"},"datePublished":"2025-08-06T15:54:42+00:00","dateModified":"2025-08-06T15:55:36+00:00","author":{"@id":"https:\/\/instituciones.gtm.sld.cu\/dmsims\/#\/schema\/person\/e02d318b45e27c313e3bbe3f7698cc47"},"breadcrumb":{"@id":"https:\/\/instituciones.gtm.sld.cu\/dmsims\/2025\/08\/06\/covid-19-vacunacion-avisada\/#breadcrumb"},"inLanguage":"es","potentialAction":[{"@type":"ReadAction","target":["https:\/\/instituciones.gtm.sld.cu\/dmsims\/2025\/08\/06\/covid-19-vacunacion-avisada\/"]}]},{"@type":"BreadcrumbList","@id":"https:\/\/instituciones.gtm.sld.cu\/dmsims\/2025\/08\/06\/covid-19-vacunacion-avisada\/#breadcrumb","itemListElement":[{"@type":"ListItem","position":1,"name":"Portada","item":"https:\/\/instituciones.gtm.sld.cu\/dmsims\/"},{"@type":"ListItem","position":2,"name":"COVID 19: Vacunaci\u00f3n avisada\u2026"}]},{"@type":"WebSite","@id":"https:\/\/instituciones.gtm.sld.cu\/dmsims\/#website","url":"https:\/\/instituciones.gtm.sld.cu\/dmsims\/","name":"Policl\u00ednico &quot;Ciro Fr\u00edas Cabrera&quot;","description":"Policl\u00ednico &quot;Ciro Fr\u00edas Cabrera&quot;","potentialAction":[{"@type":"SearchAction","target":{"@type":"EntryPoint","urlTemplate":"https:\/\/instituciones.gtm.sld.cu\/dmsims\/?s={search_term_string}"},"query-input":"required name=search_term_string"}],"inLanguage":"es"},{"@type":"Person","@id":"https:\/\/instituciones.gtm.sld.cu\/dmsims\/#\/schema\/person\/e02d318b45e27c313e3bbe3f7698cc47","name":"dmsims","url":"https:\/\/instituciones.gtm.sld.cu\/dmsims\/author\/dmsims\/"}]}},"_links":{"self":[{"href":"https:\/\/instituciones.gtm.sld.cu\/dmsims\/wp-json\/wp\/v2\/posts\/2587"}],"collection":[{"href":"https:\/\/instituciones.gtm.sld.cu\/dmsims\/wp-json\/wp\/v2\/posts"}],"about":[{"href":"https:\/\/instituciones.gtm.sld.cu\/dmsims\/wp-json\/wp\/v2\/types\/post"}],"author":[{"embeddable":true,"href":"https:\/\/instituciones.gtm.sld.cu\/dmsims\/wp-json\/wp\/v2\/users\/88"}],"replies":[{"embeddable":true,"href":"https:\/\/instituciones.gtm.sld.cu\/dmsims\/wp-json\/wp\/v2\/comments?post=2587"}],"version-history":[{"count":2,"href":"https:\/\/instituciones.gtm.sld.cu\/dmsims\/wp-json\/wp\/v2\/posts\/2587\/revisions"}],"predecessor-version":[{"id":2590,"href":"https:\/\/instituciones.gtm.sld.cu\/dmsims\/wp-json\/wp\/v2\/posts\/2587\/revisions\/2590"}],"wp:featuredmedia":[{"embeddable":true,"href":"https:\/\/instituciones.gtm.sld.cu\/dmsims\/wp-json\/wp\/v2\/media\/2588"}],"wp:attachment":[{"href":"https:\/\/instituciones.gtm.sld.cu\/dmsims\/wp-json\/wp\/v2\/media?parent=2587"}],"wp:term":[{"taxonomy":"category","embeddable":true,"href":"https:\/\/instituciones.gtm.sld.cu\/dmsims\/wp-json\/wp\/v2\/categories?post=2587"},{"taxonomy":"post_tag","embeddable":true,"href":"https:\/\/instituciones.gtm.sld.cu\/dmsims\/wp-json\/wp\/v2\/tags?post=2587"}],"curies":[{"name":"wp","href":"https:\/\/api.w.org\/{rel}","templated":true}]}}