{"id":2592,"date":"2025-08-08T08:55:35","date_gmt":"2025-08-08T12:55:35","guid":{"rendered":"https:\/\/instituciones.gtm.sld.cu\/dmsims\/?p=2592"},"modified":"2025-08-08T08:55:35","modified_gmt":"2025-08-08T12:55:35","slug":"alertas-con-las-infecciones-respiratorias-agudas","status":"publish","type":"post","link":"https:\/\/instituciones.gtm.sld.cu\/dmsims\/2025\/08\/08\/alertas-con-las-infecciones-respiratorias-agudas\/","title":{"rendered":"Alertas con las infecciones respiratorias agudas"},"content":{"rendered":"<p>M\u00e1s de nueve mil consultas m\u00e9dicas por infecciones respiratorias agudas (IRA) comput\u00f3 la provincia de Guant\u00e1namo entre enero y agosto del presente a\u00f1o, cifra superior al mismo lapso de 2024, lo cual obedeci\u00f3, en opini\u00f3n de los especialistas, a la estacionalidad propia de estas patolog\u00edas y al incrermento de las temperaturas, factores que favorecen la intensidad de la circulaci\u00f3n viral.<!--more--><\/p>\n<p>\u201cLas infecciones respiratorias agudas constituyen un conjunto de enfermedades del aparato respiratorio causadas, fundamentalmente, por virus y bacterias. Su periodo de incubaci\u00f3n es de dos a tres d\u00edas, y suelen ser transmisibles de tres a siete. Tras el inicio de los s\u00edntomas, la evoluci\u00f3n puede extenderse de diez a quince d\u00edas, lo que denominamos catarro com\u00fan o influenza\u201d, explica la doctora Aime Blanco Chivas, jefa de Enfermedades Transmisibles del Centro provincial de Higiene de Guant\u00e1namo.<\/p>\n<p>El mecanismo de contagio es principalmente por las part\u00edculas de saliva expulsadas al toser o estornudar. \u201cTambi\u00e9n es de contacto: si alguien toca superficies contaminadas o comparte utensilios con un enfermo, corre el riesgo de infectarse\u201d, a\u00f1ade la especialista.<\/p>\n<p>Entre los territorios m\u00e1s afectados figuran los municipios de Niceto P\u00e9rez, Caimanera, Yateras, San Antonio del Sur, Manuel Tames y Guant\u00e1namo, \u00faltimo territorio que concentra los mayores reportes en consultorios del m\u00e9dico de la familia. Los grupos de mayor riesgo son los ni\u00f1os de uno a cuatro a\u00f1os y los adultos mayores de 65, segmentos etarios en los cuales se observa el mayor n\u00famero de casos.<\/p>\n<p>Del estudio de las muestras tomadas en pacientes sintom\u00e1ticos, se detect\u00f3 un predominio del virus respiratorio sincicial, principal responsable de bronquiolitis en infantes, as\u00ed como la influenza AH1N1 y el rinovirus. En menor medida se registra SARS-CoV-2, causante del COVID-19, aunque sus manifestaciones cl\u00ednicas actuales son m\u00e1s leves.<\/p>\n<p>Ante esta situaci\u00f3n, las autoridades de salud han reforzado los protocolos de atenci\u00f3n y vigilancia epidemiol\u00f3gica en toda la red asistencial, desde los consultorios del m\u00e9dico de la familia hasta los hospitales y servicios de urgencia. Asimismo, se intensifican las acciones de educaci\u00f3n sanitaria y promoci\u00f3n de salud, con el fin de prevenir nuevos contagios.<\/p>\n<p>\u201cEs fundamental que la poblaci\u00f3n acuda oportunamente a su m\u00e9dico de familia o al cuerpo de guardia del policl\u00ednico ante la aparici\u00f3n de s\u00edntomas respiratorios\u201d, indic\u00f3 Blanco Chivas, quien tambi\u00e9n exhort\u00f3 a mantener el lavado de manos frecuente, evitar el hacinamiento, ventilar los espacios cerrados correctamente y consumir agua tratada para prevenir complicaciones asociadas.<\/p>\n<p>Como parte de las estrategias de prevenci\u00f3n, se reiter\u00f3 la importancia de completar el esquema de vacunaci\u00f3n anti-COVID-19, \u201cContamos con dosis necesarias para garantizar la inmunizaci\u00f3n. La vacuna es una herramienta clave para evitar complicaciones graves del COVID-19, que tanto impacto trajo a nuestras familias y al sistema sanitario\u201d, subray\u00f3 la especialista.<\/p>\n<p>En medio del calor veraniego y el aumento de la circulaci\u00f3n viral, las autoridades insisten en no subestimar los s\u00edntomas y mantenerse vigilantes ante la evoluci\u00f3n de esta situaci\u00f3n epidemiol\u00f3gica, que no solo impacta en la salud individual, sino en los servicios asistenciales del territorio.<\/p>\n<p>Fuente:Tomado de Venceremos<\/p>\n","protected":false},"excerpt":{"rendered":"<p>M\u00e1s de nueve mil consultas m\u00e9dicas por infecciones respiratorias agudas (IRA) comput\u00f3 la provincia de Guant\u00e1namo entre enero y agosto del presente a\u00f1o, cifra superior al mismo lapso de 2024, lo cual obedeci\u00f3, en opini\u00f3n de los especialistas, a la estacionalidad propia de estas patolog\u00edas y al incrermento de las temperaturas, factores que favorecen la &hellip; <\/p>\n<p><a class=\"more-link btn\" href=\"https:\/\/instituciones.gtm.sld.cu\/dmsims\/2025\/08\/08\/alertas-con-las-infecciones-respiratorias-agudas\/\">Seguir leyendo<\/a><\/p>\n","protected":false},"author":88,"featured_media":2593,"comment_status":"closed","ping_status":"open","sticky":false,"template":"","format":"standard","meta":{"ngg_post_thumbnail":0},"categories":[11],"tags":[],"yoast_head":"<!-- This site is optimized with the Yoast SEO plugin v21.8 - https:\/\/yoast.com\/wordpress\/plugins\/seo\/ -->\n<title>Alertas con las infecciones respiratorias agudas - Policl\u00ednico &quot;Ciro Fr\u00edas Cabrera&quot;<\/title>\n<meta name=\"robots\" content=\"index, follow, max-snippet:-1, max-image-preview:large, max-video-preview:-1\" \/>\n<link rel=\"canonical\" href=\"https:\/\/instituciones.gtm.sld.cu\/dmsims\/2025\/08\/08\/alertas-con-las-infecciones-respiratorias-agudas\/\" \/>\n<meta property=\"og:locale\" content=\"es_ES\" \/>\n<meta property=\"og:type\" content=\"article\" \/>\n<meta property=\"og:title\" content=\"Alertas con las infecciones respiratorias agudas - Policl\u00ednico &quot;Ciro Fr\u00edas Cabrera&quot;\" \/>\n<meta property=\"og:description\" content=\"M\u00e1s de nueve mil consultas m\u00e9dicas por infecciones respiratorias agudas (IRA) comput\u00f3 la provincia de Guant\u00e1namo entre enero y agosto del presente a\u00f1o, cifra superior al mismo lapso de 2024, lo cual obedeci\u00f3, en opini\u00f3n de los especialistas, a la estacionalidad propia de estas patolog\u00edas y al incrermento de las temperaturas, factores que favorecen la &hellip; Seguir leyendo\" \/>\n<meta property=\"og:url\" content=\"https:\/\/instituciones.gtm.sld.cu\/dmsims\/2025\/08\/08\/alertas-con-las-infecciones-respiratorias-agudas\/\" \/>\n<meta property=\"og:site_name\" content=\"Policl\u00ednico &quot;Ciro Fr\u00edas Cabrera&quot;\" \/>\n<meta property=\"article:published_time\" content=\"2025-08-08T12:55:35+00:00\" \/>\n<meta property=\"og:image\" content=\"http:\/\/instituciones.gtm.sld.cu\/dmsims\/wp-content\/uploads\/sites\/34\/2025\/08\/Enfermedades-respiratorias-300x165-1.jpg\" \/>\n\t<meta property=\"og:image:width\" content=\"300\" \/>\n\t<meta property=\"og:image:height\" content=\"165\" \/>\n\t<meta property=\"og:image:type\" content=\"image\/jpeg\" \/>\n<meta name=\"author\" content=\"dmsims\" \/>\n<meta name=\"twitter:card\" content=\"summary_large_image\" \/>\n<meta name=\"twitter:label1\" content=\"Escrito por\" \/>\n\t<meta name=\"twitter:data1\" content=\"dmsims\" \/>\n\t<meta name=\"twitter:label2\" content=\"Tiempo de lectura\" \/>\n\t<meta name=\"twitter:data2\" content=\"3 minutos\" \/>\n<script type=\"application\/ld+json\" class=\"yoast-schema-graph\">{\"@context\":\"https:\/\/schema.org\",\"@graph\":[{\"@type\":\"WebPage\",\"@id\":\"https:\/\/instituciones.gtm.sld.cu\/dmsims\/2025\/08\/08\/alertas-con-las-infecciones-respiratorias-agudas\/\",\"url\":\"https:\/\/instituciones.gtm.sld.cu\/dmsims\/2025\/08\/08\/alertas-con-las-infecciones-respiratorias-agudas\/\",\"name\":\"Alertas con las infecciones respiratorias agudas - Policl\u00ednico &quot;Ciro Fr\u00edas Cabrera&quot;\",\"isPartOf\":{\"@id\":\"https:\/\/instituciones.gtm.sld.cu\/dmsims\/#website\"},\"datePublished\":\"2025-08-08T12:55:35+00:00\",\"dateModified\":\"2025-08-08T12:55:35+00:00\",\"author\":{\"@id\":\"https:\/\/instituciones.gtm.sld.cu\/dmsims\/#\/schema\/person\/e02d318b45e27c313e3bbe3f7698cc47\"},\"breadcrumb\":{\"@id\":\"https:\/\/instituciones.gtm.sld.cu\/dmsims\/2025\/08\/08\/alertas-con-las-infecciones-respiratorias-agudas\/#breadcrumb\"},\"inLanguage\":\"es\",\"potentialAction\":[{\"@type\":\"ReadAction\",\"target\":[\"https:\/\/instituciones.gtm.sld.cu\/dmsims\/2025\/08\/08\/alertas-con-las-infecciones-respiratorias-agudas\/\"]}]},{\"@type\":\"BreadcrumbList\",\"@id\":\"https:\/\/instituciones.gtm.sld.cu\/dmsims\/2025\/08\/08\/alertas-con-las-infecciones-respiratorias-agudas\/#breadcrumb\",\"itemListElement\":[{\"@type\":\"ListItem\",\"position\":1,\"name\":\"Portada\",\"item\":\"https:\/\/instituciones.gtm.sld.cu\/dmsims\/\"},{\"@type\":\"ListItem\",\"position\":2,\"name\":\"Alertas con las infecciones respiratorias agudas\"}]},{\"@type\":\"WebSite\",\"@id\":\"https:\/\/instituciones.gtm.sld.cu\/dmsims\/#website\",\"url\":\"https:\/\/instituciones.gtm.sld.cu\/dmsims\/\",\"name\":\"Policl\u00ednico &quot;Ciro Fr\u00edas Cabrera&quot;\",\"description\":\"Policl\u00ednico &quot;Ciro Fr\u00edas Cabrera&quot;\",\"potentialAction\":[{\"@type\":\"SearchAction\",\"target\":{\"@type\":\"EntryPoint\",\"urlTemplate\":\"https:\/\/instituciones.gtm.sld.cu\/dmsims\/?s={search_term_string}\"},\"query-input\":\"required name=search_term_string\"}],\"inLanguage\":\"es\"},{\"@type\":\"Person\",\"@id\":\"https:\/\/instituciones.gtm.sld.cu\/dmsims\/#\/schema\/person\/e02d318b45e27c313e3bbe3f7698cc47\",\"name\":\"dmsims\",\"url\":\"https:\/\/instituciones.gtm.sld.cu\/dmsims\/author\/dmsims\/\"}]}<\/script>\n<!-- \/ Yoast SEO plugin. -->","yoast_head_json":{"title":"Alertas con las infecciones respiratorias agudas - Policl\u00ednico &quot;Ciro Fr\u00edas Cabrera&quot;","robots":{"index":"index","follow":"follow","max-snippet":"max-snippet:-1","max-image-preview":"max-image-preview:large","max-video-preview":"max-video-preview:-1"},"canonical":"https:\/\/instituciones.gtm.sld.cu\/dmsims\/2025\/08\/08\/alertas-con-las-infecciones-respiratorias-agudas\/","og_locale":"es_ES","og_type":"article","og_title":"Alertas con las infecciones respiratorias agudas - Policl\u00ednico &quot;Ciro Fr\u00edas Cabrera&quot;","og_description":"M\u00e1s de nueve mil consultas m\u00e9dicas por infecciones respiratorias agudas (IRA) comput\u00f3 la provincia de Guant\u00e1namo entre enero y agosto del presente a\u00f1o, cifra superior al mismo lapso de 2024, lo cual obedeci\u00f3, en opini\u00f3n de los especialistas, a la estacionalidad propia de estas patolog\u00edas y al incrermento de las temperaturas, factores que favorecen la &hellip; Seguir leyendo","og_url":"https:\/\/instituciones.gtm.sld.cu\/dmsims\/2025\/08\/08\/alertas-con-las-infecciones-respiratorias-agudas\/","og_site_name":"Policl\u00ednico &quot;Ciro Fr\u00edas Cabrera&quot;","article_published_time":"2025-08-08T12:55:35+00:00","og_image":[{"width":300,"height":165,"url":"http:\/\/instituciones.gtm.sld.cu\/dmsims\/wp-content\/uploads\/sites\/34\/2025\/08\/Enfermedades-respiratorias-300x165-1.jpg","type":"image\/jpeg"}],"author":"dmsims","twitter_card":"summary_large_image","twitter_misc":{"Escrito por":"dmsims","Tiempo de lectura":"3 minutos"},"schema":{"@context":"https:\/\/schema.org","@graph":[{"@type":"WebPage","@id":"https:\/\/instituciones.gtm.sld.cu\/dmsims\/2025\/08\/08\/alertas-con-las-infecciones-respiratorias-agudas\/","url":"https:\/\/instituciones.gtm.sld.cu\/dmsims\/2025\/08\/08\/alertas-con-las-infecciones-respiratorias-agudas\/","name":"Alertas con las infecciones respiratorias agudas - Policl\u00ednico &quot;Ciro Fr\u00edas Cabrera&quot;","isPartOf":{"@id":"https:\/\/instituciones.gtm.sld.cu\/dmsims\/#website"},"datePublished":"2025-08-08T12:55:35+00:00","dateModified":"2025-08-08T12:55:35+00:00","author":{"@id":"https:\/\/instituciones.gtm.sld.cu\/dmsims\/#\/schema\/person\/e02d318b45e27c313e3bbe3f7698cc47"},"breadcrumb":{"@id":"https:\/\/instituciones.gtm.sld.cu\/dmsims\/2025\/08\/08\/alertas-con-las-infecciones-respiratorias-agudas\/#breadcrumb"},"inLanguage":"es","potentialAction":[{"@type":"ReadAction","target":["https:\/\/instituciones.gtm.sld.cu\/dmsims\/2025\/08\/08\/alertas-con-las-infecciones-respiratorias-agudas\/"]}]},{"@type":"BreadcrumbList","@id":"https:\/\/instituciones.gtm.sld.cu\/dmsims\/2025\/08\/08\/alertas-con-las-infecciones-respiratorias-agudas\/#breadcrumb","itemListElement":[{"@type":"ListItem","position":1,"name":"Portada","item":"https:\/\/instituciones.gtm.sld.cu\/dmsims\/"},{"@type":"ListItem","position":2,"name":"Alertas con las infecciones respiratorias agudas"}]},{"@type":"WebSite","@id":"https:\/\/instituciones.gtm.sld.cu\/dmsims\/#website","url":"https:\/\/instituciones.gtm.sld.cu\/dmsims\/","name":"Policl\u00ednico &quot;Ciro Fr\u00edas Cabrera&quot;","description":"Policl\u00ednico &quot;Ciro Fr\u00edas Cabrera&quot;","potentialAction":[{"@type":"SearchAction","target":{"@type":"EntryPoint","urlTemplate":"https:\/\/instituciones.gtm.sld.cu\/dmsims\/?s={search_term_string}"},"query-input":"required name=search_term_string"}],"inLanguage":"es"},{"@type":"Person","@id":"https:\/\/instituciones.gtm.sld.cu\/dmsims\/#\/schema\/person\/e02d318b45e27c313e3bbe3f7698cc47","name":"dmsims","url":"https:\/\/instituciones.gtm.sld.cu\/dmsims\/author\/dmsims\/"}]}},"_links":{"self":[{"href":"https:\/\/instituciones.gtm.sld.cu\/dmsims\/wp-json\/wp\/v2\/posts\/2592"}],"collection":[{"href":"https:\/\/instituciones.gtm.sld.cu\/dmsims\/wp-json\/wp\/v2\/posts"}],"about":[{"href":"https:\/\/instituciones.gtm.sld.cu\/dmsims\/wp-json\/wp\/v2\/types\/post"}],"author":[{"embeddable":true,"href":"https:\/\/instituciones.gtm.sld.cu\/dmsims\/wp-json\/wp\/v2\/users\/88"}],"replies":[{"embeddable":true,"href":"https:\/\/instituciones.gtm.sld.cu\/dmsims\/wp-json\/wp\/v2\/comments?post=2592"}],"version-history":[{"count":1,"href":"https:\/\/instituciones.gtm.sld.cu\/dmsims\/wp-json\/wp\/v2\/posts\/2592\/revisions"}],"predecessor-version":[{"id":2594,"href":"https:\/\/instituciones.gtm.sld.cu\/dmsims\/wp-json\/wp\/v2\/posts\/2592\/revisions\/2594"}],"wp:featuredmedia":[{"embeddable":true,"href":"https:\/\/instituciones.gtm.sld.cu\/dmsims\/wp-json\/wp\/v2\/media\/2593"}],"wp:attachment":[{"href":"https:\/\/instituciones.gtm.sld.cu\/dmsims\/wp-json\/wp\/v2\/media?parent=2592"}],"wp:term":[{"taxonomy":"category","embeddable":true,"href":"https:\/\/instituciones.gtm.sld.cu\/dmsims\/wp-json\/wp\/v2\/categories?post=2592"},{"taxonomy":"post_tag","embeddable":true,"href":"https:\/\/instituciones.gtm.sld.cu\/dmsims\/wp-json\/wp\/v2\/tags?post=2592"}],"curies":[{"name":"wp","href":"https:\/\/api.w.org\/{rel}","templated":true}]}}