{"id":2618,"date":"2025-10-02T14:20:06","date_gmt":"2025-10-02T18:20:06","guid":{"rendered":"https:\/\/instituciones.gtm.sld.cu\/dmsims\/?p=2618"},"modified":"2025-10-02T14:20:06","modified_gmt":"2025-10-02T18:20:06","slug":"cuba-vacunara-a-ninas-de-nueve-anos-contra-el-vph","status":"publish","type":"post","link":"https:\/\/instituciones.gtm.sld.cu\/dmsims\/2025\/10\/02\/cuba-vacunara-a-ninas-de-nueve-anos-contra-el-vph\/","title":{"rendered":"Cuba vacunar\u00e1 a ni\u00f1as de nueve a\u00f1os contra el VPH"},"content":{"rendered":"<p><strong>Autoridades sanitarias anunciaron la inclusi\u00f3n de la vacuna contra el Virus del Papiloma Humano (VPH) en el Programa Nacional de Inmunizaci\u00f3n, con la aplicaci\u00f3n a todas las ni\u00f1as de nueve a\u00f1os en Cuba.<\/strong><!--more--><\/p>\n<p>Dagmar Garc\u00eda, subdirectora del Instituto Finlay de Vacunas, explic\u00f3 que la decisi\u00f3n respondi\u00f3 a la relaci\u00f3n comprobada entre la infecci\u00f3n persistente por VPH y el c\u00e1ncer de cuello uterino, una de las principales causas de muerte por c\u00e1ncer en mujeres a nivel mundial, precis\u00f3 el diario <em>Granma.<\/em><\/p>\n<p>La especialista acot\u00f3 que se emplear\u00e1 la vacuna CECOLIN, de tipo bivalente, que protege contra los serotipos 16 y 18, responsables de alrededor del 70 por ciento de los casos de esa enfermedad.<\/p>\n<p>Garc\u00eda se\u00f1al\u00f3 que la inmunizaci\u00f3n resulta m\u00e1s efectiva antes del inicio de la vida sexual, por lo cual se determin\u00f3 aplicarla a ni\u00f1as de nueve a\u00f1os, en correspondencia con las recomendaciones internacionales.<\/p>\n<p>La vacuna CECOLIN, producida por la empresa china Innovax, cuenta con la precalificaci\u00f3n de la Organizaci\u00f3n Mundial de la Salud y ha demostrado seguridad y eficacia en su uso.<\/p>\n<p>El Programa Nacional de Inmunizaci\u00f3n, en funcionamiento desde 1962, administra cada a\u00f1o un promedio de 4 800 000 dosis de 13 tipos de vacunas, de las cuales ocho son de producci\u00f3n nacional.<\/p>\n<p>Gracias a ese programa, Cuba elimin\u00f3 seis enfermedades transmisibles, entre ellas la poliomielitis y el sarampi\u00f3n, y redujo complicaciones graves como el s\u00edndrome de rub\u00e9ola cong\u00e9nita.<\/p>\n<p>Con la incorporaci\u00f3n de la vacuna contra el VPH, el pa\u00eds refuerza su estrategia de prevenci\u00f3n y se adelanta en m\u00e1s de una d\u00e9cada a la aparici\u00f3n de casos de c\u00e1ncer cervicouterino en las nuevas generaciones.<\/p>\n<p>Fuente:Cubadebate<\/p>\n","protected":false},"excerpt":{"rendered":"<p>Autoridades sanitarias anunciaron la inclusi\u00f3n de la vacuna contra el Virus del Papiloma Humano (VPH) en el Programa Nacional de Inmunizaci\u00f3n, con la aplicaci\u00f3n a todas las ni\u00f1as de nueve a\u00f1os en Cuba.<\/p><p><a class=\"more-link btn\" href=\"https:\/\/instituciones.gtm.sld.cu\/dmsims\/2025\/10\/02\/cuba-vacunara-a-ninas-de-nueve-anos-contra-el-vph\/\">Seguir leyendo<\/a><\/p>\n","protected":false},"author":88,"featured_media":2619,"comment_status":"closed","ping_status":"open","sticky":false,"template":"","format":"standard","meta":{"ngg_post_thumbnail":0},"categories":[1],"tags":[],"yoast_head":"<!-- This site is optimized with the Yoast SEO plugin v21.8 - https:\/\/yoast.com\/wordpress\/plugins\/seo\/ -->\n<title>Cuba vacunar\u00e1 a ni\u00f1as de nueve a\u00f1os contra el VPH - Policl\u00ednico &quot;Ciro Fr\u00edas Cabrera&quot;<\/title>\n<meta name=\"robots\" content=\"index, follow, max-snippet:-1, max-image-preview:large, max-video-preview:-1\" \/>\n<link rel=\"canonical\" href=\"https:\/\/instituciones.gtm.sld.cu\/dmsims\/2025\/10\/02\/cuba-vacunara-a-ninas-de-nueve-anos-contra-el-vph\/\" \/>\n<meta property=\"og:locale\" content=\"es_ES\" \/>\n<meta property=\"og:type\" content=\"article\" \/>\n<meta property=\"og:title\" content=\"Cuba vacunar\u00e1 a ni\u00f1as de nueve a\u00f1os contra el VPH - Policl\u00ednico &quot;Ciro Fr\u00edas Cabrera&quot;\" \/>\n<meta property=\"og:description\" content=\"Autoridades sanitarias anunciaron la inclusi\u00f3n de la vacuna contra el Virus del Papiloma Humano (VPH) en el Programa Nacional de Inmunizaci\u00f3n, con la aplicaci\u00f3n a todas las ni\u00f1as de nueve a\u00f1os en Cuba.\" \/>\n<meta property=\"og:url\" content=\"https:\/\/instituciones.gtm.sld.cu\/dmsims\/2025\/10\/02\/cuba-vacunara-a-ninas-de-nueve-anos-contra-el-vph\/\" \/>\n<meta property=\"og:site_name\" content=\"Policl\u00ednico &quot;Ciro Fr\u00edas Cabrera&quot;\" \/>\n<meta property=\"article:published_time\" content=\"2025-10-02T18:20:06+00:00\" \/>\n<meta property=\"og:image\" content=\"http:\/\/instituciones.gtm.sld.cu\/dmsims\/wp-content\/uploads\/sites\/34\/2025\/10\/vph_vacuna_peligros-e1759330244447.jpg\" \/>\n\t<meta property=\"og:image:width\" content=\"270\" \/>\n\t<meta property=\"og:image:height\" content=\"203\" \/>\n\t<meta property=\"og:image:type\" content=\"image\/jpeg\" \/>\n<meta name=\"author\" content=\"dmsims\" \/>\n<meta name=\"twitter:card\" content=\"summary_large_image\" \/>\n<meta name=\"twitter:label1\" content=\"Escrito por\" \/>\n\t<meta name=\"twitter:data1\" content=\"dmsims\" \/>\n\t<meta name=\"twitter:label2\" content=\"Tiempo de lectura\" \/>\n\t<meta name=\"twitter:data2\" content=\"2 minutos\" \/>\n<script type=\"application\/ld+json\" class=\"yoast-schema-graph\">{\"@context\":\"https:\/\/schema.org\",\"@graph\":[{\"@type\":\"WebPage\",\"@id\":\"https:\/\/instituciones.gtm.sld.cu\/dmsims\/2025\/10\/02\/cuba-vacunara-a-ninas-de-nueve-anos-contra-el-vph\/\",\"url\":\"https:\/\/instituciones.gtm.sld.cu\/dmsims\/2025\/10\/02\/cuba-vacunara-a-ninas-de-nueve-anos-contra-el-vph\/\",\"name\":\"Cuba vacunar\u00e1 a ni\u00f1as de nueve a\u00f1os contra el VPH - Policl\u00ednico &quot;Ciro Fr\u00edas Cabrera&quot;\",\"isPartOf\":{\"@id\":\"https:\/\/instituciones.gtm.sld.cu\/dmsims\/#website\"},\"datePublished\":\"2025-10-02T18:20:06+00:00\",\"dateModified\":\"2025-10-02T18:20:06+00:00\",\"author\":{\"@id\":\"https:\/\/instituciones.gtm.sld.cu\/dmsims\/#\/schema\/person\/e02d318b45e27c313e3bbe3f7698cc47\"},\"breadcrumb\":{\"@id\":\"https:\/\/instituciones.gtm.sld.cu\/dmsims\/2025\/10\/02\/cuba-vacunara-a-ninas-de-nueve-anos-contra-el-vph\/#breadcrumb\"},\"inLanguage\":\"es\",\"potentialAction\":[{\"@type\":\"ReadAction\",\"target\":[\"https:\/\/instituciones.gtm.sld.cu\/dmsims\/2025\/10\/02\/cuba-vacunara-a-ninas-de-nueve-anos-contra-el-vph\/\"]}]},{\"@type\":\"BreadcrumbList\",\"@id\":\"https:\/\/instituciones.gtm.sld.cu\/dmsims\/2025\/10\/02\/cuba-vacunara-a-ninas-de-nueve-anos-contra-el-vph\/#breadcrumb\",\"itemListElement\":[{\"@type\":\"ListItem\",\"position\":1,\"name\":\"Portada\",\"item\":\"https:\/\/instituciones.gtm.sld.cu\/dmsims\/\"},{\"@type\":\"ListItem\",\"position\":2,\"name\":\"Cuba vacunar\u00e1 a ni\u00f1as de nueve a\u00f1os contra el VPH\"}]},{\"@type\":\"WebSite\",\"@id\":\"https:\/\/instituciones.gtm.sld.cu\/dmsims\/#website\",\"url\":\"https:\/\/instituciones.gtm.sld.cu\/dmsims\/\",\"name\":\"Policl\u00ednico &quot;Ciro Fr\u00edas Cabrera&quot;\",\"description\":\"Policl\u00ednico &quot;Ciro Fr\u00edas Cabrera&quot;\",\"potentialAction\":[{\"@type\":\"SearchAction\",\"target\":{\"@type\":\"EntryPoint\",\"urlTemplate\":\"https:\/\/instituciones.gtm.sld.cu\/dmsims\/?s={search_term_string}\"},\"query-input\":\"required name=search_term_string\"}],\"inLanguage\":\"es\"},{\"@type\":\"Person\",\"@id\":\"https:\/\/instituciones.gtm.sld.cu\/dmsims\/#\/schema\/person\/e02d318b45e27c313e3bbe3f7698cc47\",\"name\":\"dmsims\",\"url\":\"https:\/\/instituciones.gtm.sld.cu\/dmsims\/author\/dmsims\/\"}]}<\/script>\n<!-- \/ Yoast SEO plugin. -->","yoast_head_json":{"title":"Cuba vacunar\u00e1 a ni\u00f1as de nueve a\u00f1os contra el VPH - Policl\u00ednico &quot;Ciro Fr\u00edas Cabrera&quot;","robots":{"index":"index","follow":"follow","max-snippet":"max-snippet:-1","max-image-preview":"max-image-preview:large","max-video-preview":"max-video-preview:-1"},"canonical":"https:\/\/instituciones.gtm.sld.cu\/dmsims\/2025\/10\/02\/cuba-vacunara-a-ninas-de-nueve-anos-contra-el-vph\/","og_locale":"es_ES","og_type":"article","og_title":"Cuba vacunar\u00e1 a ni\u00f1as de nueve a\u00f1os contra el VPH - Policl\u00ednico &quot;Ciro Fr\u00edas Cabrera&quot;","og_description":"Autoridades sanitarias anunciaron la inclusi\u00f3n de la vacuna contra el Virus del Papiloma Humano (VPH) en el Programa Nacional de Inmunizaci\u00f3n, con la aplicaci\u00f3n a todas las ni\u00f1as de nueve a\u00f1os en Cuba.","og_url":"https:\/\/instituciones.gtm.sld.cu\/dmsims\/2025\/10\/02\/cuba-vacunara-a-ninas-de-nueve-anos-contra-el-vph\/","og_site_name":"Policl\u00ednico &quot;Ciro Fr\u00edas Cabrera&quot;","article_published_time":"2025-10-02T18:20:06+00:00","og_image":[{"width":270,"height":203,"url":"http:\/\/instituciones.gtm.sld.cu\/dmsims\/wp-content\/uploads\/sites\/34\/2025\/10\/vph_vacuna_peligros-e1759330244447.jpg","type":"image\/jpeg"}],"author":"dmsims","twitter_card":"summary_large_image","twitter_misc":{"Escrito por":"dmsims","Tiempo de lectura":"2 minutos"},"schema":{"@context":"https:\/\/schema.org","@graph":[{"@type":"WebPage","@id":"https:\/\/instituciones.gtm.sld.cu\/dmsims\/2025\/10\/02\/cuba-vacunara-a-ninas-de-nueve-anos-contra-el-vph\/","url":"https:\/\/instituciones.gtm.sld.cu\/dmsims\/2025\/10\/02\/cuba-vacunara-a-ninas-de-nueve-anos-contra-el-vph\/","name":"Cuba vacunar\u00e1 a ni\u00f1as de nueve a\u00f1os contra el VPH - Policl\u00ednico &quot;Ciro Fr\u00edas Cabrera&quot;","isPartOf":{"@id":"https:\/\/instituciones.gtm.sld.cu\/dmsims\/#website"},"datePublished":"2025-10-02T18:20:06+00:00","dateModified":"2025-10-02T18:20:06+00:00","author":{"@id":"https:\/\/instituciones.gtm.sld.cu\/dmsims\/#\/schema\/person\/e02d318b45e27c313e3bbe3f7698cc47"},"breadcrumb":{"@id":"https:\/\/instituciones.gtm.sld.cu\/dmsims\/2025\/10\/02\/cuba-vacunara-a-ninas-de-nueve-anos-contra-el-vph\/#breadcrumb"},"inLanguage":"es","potentialAction":[{"@type":"ReadAction","target":["https:\/\/instituciones.gtm.sld.cu\/dmsims\/2025\/10\/02\/cuba-vacunara-a-ninas-de-nueve-anos-contra-el-vph\/"]}]},{"@type":"BreadcrumbList","@id":"https:\/\/instituciones.gtm.sld.cu\/dmsims\/2025\/10\/02\/cuba-vacunara-a-ninas-de-nueve-anos-contra-el-vph\/#breadcrumb","itemListElement":[{"@type":"ListItem","position":1,"name":"Portada","item":"https:\/\/instituciones.gtm.sld.cu\/dmsims\/"},{"@type":"ListItem","position":2,"name":"Cuba vacunar\u00e1 a ni\u00f1as de nueve a\u00f1os contra el VPH"}]},{"@type":"WebSite","@id":"https:\/\/instituciones.gtm.sld.cu\/dmsims\/#website","url":"https:\/\/instituciones.gtm.sld.cu\/dmsims\/","name":"Policl\u00ednico &quot;Ciro Fr\u00edas Cabrera&quot;","description":"Policl\u00ednico &quot;Ciro Fr\u00edas Cabrera&quot;","potentialAction":[{"@type":"SearchAction","target":{"@type":"EntryPoint","urlTemplate":"https:\/\/instituciones.gtm.sld.cu\/dmsims\/?s={search_term_string}"},"query-input":"required name=search_term_string"}],"inLanguage":"es"},{"@type":"Person","@id":"https:\/\/instituciones.gtm.sld.cu\/dmsims\/#\/schema\/person\/e02d318b45e27c313e3bbe3f7698cc47","name":"dmsims","url":"https:\/\/instituciones.gtm.sld.cu\/dmsims\/author\/dmsims\/"}]}},"_links":{"self":[{"href":"https:\/\/instituciones.gtm.sld.cu\/dmsims\/wp-json\/wp\/v2\/posts\/2618"}],"collection":[{"href":"https:\/\/instituciones.gtm.sld.cu\/dmsims\/wp-json\/wp\/v2\/posts"}],"about":[{"href":"https:\/\/instituciones.gtm.sld.cu\/dmsims\/wp-json\/wp\/v2\/types\/post"}],"author":[{"embeddable":true,"href":"https:\/\/instituciones.gtm.sld.cu\/dmsims\/wp-json\/wp\/v2\/users\/88"}],"replies":[{"embeddable":true,"href":"https:\/\/instituciones.gtm.sld.cu\/dmsims\/wp-json\/wp\/v2\/comments?post=2618"}],"version-history":[{"count":1,"href":"https:\/\/instituciones.gtm.sld.cu\/dmsims\/wp-json\/wp\/v2\/posts\/2618\/revisions"}],"predecessor-version":[{"id":2620,"href":"https:\/\/instituciones.gtm.sld.cu\/dmsims\/wp-json\/wp\/v2\/posts\/2618\/revisions\/2620"}],"wp:featuredmedia":[{"embeddable":true,"href":"https:\/\/instituciones.gtm.sld.cu\/dmsims\/wp-json\/wp\/v2\/media\/2619"}],"wp:attachment":[{"href":"https:\/\/instituciones.gtm.sld.cu\/dmsims\/wp-json\/wp\/v2\/media?parent=2618"}],"wp:term":[{"taxonomy":"category","embeddable":true,"href":"https:\/\/instituciones.gtm.sld.cu\/dmsims\/wp-json\/wp\/v2\/categories?post=2618"},{"taxonomy":"post_tag","embeddable":true,"href":"https:\/\/instituciones.gtm.sld.cu\/dmsims\/wp-json\/wp\/v2\/tags?post=2618"}],"curies":[{"name":"wp","href":"https:\/\/api.w.org\/{rel}","templated":true}]}}