{"id":497,"date":"2019-05-10T16:55:51","date_gmt":"2019-05-10T20:55:51","guid":{"rendered":"http:\/\/instituciones.gtm.sld.cu\/dmsims\/?p=497"},"modified":"2019-05-10T16:56:57","modified_gmt":"2019-05-10T20:56:57","slug":"dia-de-las-madres","status":"publish","type":"post","link":"https:\/\/instituciones.gtm.sld.cu\/dmsims\/2019\/05\/10\/dia-de-las-madres\/","title":{"rendered":"D\u00eda de las madres"},"content":{"rendered":"\n<div class=\"wp-block-image\"><figure class=\"alignleft is-resized\"><img decoding=\"async\" loading=\"lazy\" src=\"http:\/\/instituciones.gtm.sld.cu\/dmsims\/wp-content\/uploads\/sites\/16\/2019\/05\/madre.jpg\" alt=\"\" class=\"wp-image-498\" width=\"230\" height=\"129\" \/><\/figure><\/div>\n\n\n\n<p>Llega Mayo, con \u00e9l las lluvias, las flores y, por supuesto, el D\u00eda de  las Madres, un momento no solo para correr tras los regalitos y las  postales, sino tambi\u00e9n sostener una mano,<\/p>\n\n\n\n<!--more-->\n\n\n\n<p> decir \u201cte quiero\u201d, \u201ceres  \u00fanica\u201d, \u201csiempre ser\u00e9 tu hijo\u201d; el espacio ideal para reconocer a  aquella con la que, durante un tiempo, formamos un solo ser.<\/p>\n\n\n\n<p>La celebraci\u00f3n del D\u00eda de las Madres o D\u00eda de la Madre, como se le \nconoce en muchos pa\u00edses, tiene un origen diverso. Se plantea que en la \nantigua Grecia, hacia el 250 a.n.e., se dedicaban festivales a la diosa \nRhea, madre de las deidades J\u00fapiter, Neptuno y Plut\u00f3n.<\/p>\n\n\n\n<p>La celebraci\u00f3n del D\u00eda de las Madres o D\u00eda de la Madre, como se le  conoce en muchos pa\u00edses, tiene un origen diverso. Se plantea que en la  antigua Grecia, hacia el 250 a.n.e., se dedicaban festivales a la diosa  Rhea, madre de las deidades J\u00fapiter, Neptuno y Plut\u00f3n.<\/p>\n\n\n\n<p>Anna, junto a un grupo de amigos, comenz\u00f3 una campa\u00f1a por correo para\n tener el apoyo de ministros influyentes, hombres de negocios y \ncongresistas y poder declarar oficialmente una fecha festiva para ellas.<\/p>\n\n\n\n<p>Como resultado de sus esfuerzos el primer D\u00eda de las Madres fue \nreconocido en una ceremonia religiosa el 10 de mayo de 1908. Los \nclaveles, flores favoritas de las Jarvis, se utilizaron como adorno. \nDesde entonces, el rojo simboliza a las madres con vida, y el blanco \nrepresenta a aquellas que ya no nos acompa\u00f1an.<\/p>\n\n\n\n<p>La pr\u00e1ctica se hizo ley cuando en 1914, el Congreso de los Estados  Unidos aprob\u00f3 la fecha como el D\u00eda de las Madres y se declar\u00f3 fiesta  nacional.<\/p>\n\n\n\n<p>Bolivia. \nEn tanto, el \u00faltimo domingo se les dedica en Francia, Suecia, Rep\u00fablica \nDominicana y Hait\u00ed.<\/p>\n\n\n\n<p>Tailandia: 12 de agosto y Costa Rica el 15.<\/p>\n\n\n\n<p>Argentina: segundo o tercer domingo de octubre.<\/p>\n\n\n\n<p>Rusia: \u00faltimo domingo de noviembre.<\/p>\n\n\n\n<p>Panam\u00e1: 8 de diciembre.<\/p>\n\n\n\n<p>Indonesia: 22 de diciembre.<\/p>\n\n\n\n<p>Tomado de: <a href=\"http:\/\/www.cubadebate.cu\/noticias\/2012\/05\/13\/dia-de-las-madres-en-cuba-%C2%BFpor-que-el-segundo-domingo-de-mayo\/#.XMsUs9hJ-Uk\">CubaDebate<\/a><\/p>\n\n\n\n<p><\/p>\n","protected":false},"excerpt":{"rendered":"<p>Llega Mayo, con \u00e9l las lluvias, las flores y, por supuesto, el D\u00eda de las Madres, un momento no solo para correr tras los regalitos y las postales, sino tambi\u00e9n sostener una mano,<\/p><p><a class=\"more-link btn\" href=\"https:\/\/instituciones.gtm.sld.cu\/dmsims\/2019\/05\/10\/dia-de-las-madres\/\">Seguir leyendo<\/a><\/p>\n","protected":false},"author":17,"featured_media":0,"comment_status":"open","ping_status":"open","sticky":false,"template":"","format":"standard","meta":{"ngg_post_thumbnail":0},"categories":[11],"tags":[],"yoast_head":"<!-- This site is optimized with the Yoast SEO plugin v21.8 - https:\/\/yoast.com\/wordpress\/plugins\/seo\/ -->\n<title>D\u00eda de las madres - Policl\u00ednico &quot;Ciro Fr\u00edas Cabrera&quot;<\/title>\n<meta name=\"robots\" content=\"index, follow, max-snippet:-1, max-image-preview:large, max-video-preview:-1\" \/>\n<link rel=\"canonical\" href=\"https:\/\/instituciones.gtm.sld.cu\/dmsims\/2019\/05\/10\/dia-de-las-madres\/\" \/>\n<meta property=\"og:locale\" content=\"es_ES\" \/>\n<meta property=\"og:type\" content=\"article\" \/>\n<meta property=\"og:title\" content=\"D\u00eda de las madres - Policl\u00ednico &quot;Ciro Fr\u00edas Cabrera&quot;\" \/>\n<meta property=\"og:description\" content=\"Llega Mayo, con \u00e9l las lluvias, las flores y, por supuesto, el D\u00eda de las Madres, un momento no solo para correr tras los regalitos y las postales, sino tambi\u00e9n sostener una mano,\" \/>\n<meta property=\"og:url\" content=\"https:\/\/instituciones.gtm.sld.cu\/dmsims\/2019\/05\/10\/dia-de-las-madres\/\" \/>\n<meta property=\"og:site_name\" content=\"Policl\u00ednico &quot;Ciro Fr\u00edas Cabrera&quot;\" \/>\n<meta property=\"article:published_time\" content=\"2019-05-10T20:55:51+00:00\" \/>\n<meta property=\"article:modified_time\" content=\"2019-05-10T20:56:57+00:00\" \/>\n<meta property=\"og:image\" content=\"http:\/\/instituciones.gtm.sld.cu\/dmsims\/wp-content\/uploads\/sites\/16\/2019\/05\/madre.jpg\" \/>\n<meta name=\"twitter:card\" content=\"summary_large_image\" \/>\n<meta name=\"twitter:label1\" content=\"Escrito por\" \/>\n\t<meta name=\"twitter:data1\" content=\"\" \/>\n\t<meta name=\"twitter:label2\" content=\"Tiempo de lectura\" \/>\n\t<meta name=\"twitter:data2\" content=\"2 minutos\" \/>\n<script type=\"application\/ld+json\" class=\"yoast-schema-graph\">{\"@context\":\"https:\/\/schema.org\",\"@graph\":[{\"@type\":\"WebPage\",\"@id\":\"https:\/\/instituciones.gtm.sld.cu\/dmsims\/2019\/05\/10\/dia-de-las-madres\/\",\"url\":\"https:\/\/instituciones.gtm.sld.cu\/dmsims\/2019\/05\/10\/dia-de-las-madres\/\",\"name\":\"D\u00eda de las madres - Policl\u00ednico &quot;Ciro Fr\u00edas Cabrera&quot;\",\"isPartOf\":{\"@id\":\"https:\/\/instituciones.gtm.sld.cu\/dmsims\/#website\"},\"datePublished\":\"2019-05-10T20:55:51+00:00\",\"dateModified\":\"2019-05-10T20:56:57+00:00\",\"author\":{\"@id\":\"\"},\"breadcrumb\":{\"@id\":\"https:\/\/instituciones.gtm.sld.cu\/dmsims\/2019\/05\/10\/dia-de-las-madres\/#breadcrumb\"},\"inLanguage\":\"es\",\"potentialAction\":[{\"@type\":\"ReadAction\",\"target\":[\"https:\/\/instituciones.gtm.sld.cu\/dmsims\/2019\/05\/10\/dia-de-las-madres\/\"]}]},{\"@type\":\"BreadcrumbList\",\"@id\":\"https:\/\/instituciones.gtm.sld.cu\/dmsims\/2019\/05\/10\/dia-de-las-madres\/#breadcrumb\",\"itemListElement\":[{\"@type\":\"ListItem\",\"position\":1,\"name\":\"Portada\",\"item\":\"https:\/\/instituciones.gtm.sld.cu\/dmsims\/\"},{\"@type\":\"ListItem\",\"position\":2,\"name\":\"D\u00eda de las madres\"}]},{\"@type\":\"WebSite\",\"@id\":\"https:\/\/instituciones.gtm.sld.cu\/dmsims\/#website\",\"url\":\"https:\/\/instituciones.gtm.sld.cu\/dmsims\/\",\"name\":\"Policl\u00ednico &quot;Ciro Fr\u00edas Cabrera&quot;\",\"description\":\"Policl\u00ednico &quot;Ciro Fr\u00edas Cabrera&quot;\",\"potentialAction\":[{\"@type\":\"SearchAction\",\"target\":{\"@type\":\"EntryPoint\",\"urlTemplate\":\"https:\/\/instituciones.gtm.sld.cu\/dmsims\/?s={search_term_string}\"},\"query-input\":\"required name=search_term_string\"}],\"inLanguage\":\"es\"},{\"@type\":\"Person\",\"@id\":\"\",\"url\":\"https:\/\/instituciones.gtm.sld.cu\/dmsims\/author\/\"}]}<\/script>\n<!-- \/ Yoast SEO plugin. -->","yoast_head_json":{"title":"D\u00eda de las madres - Policl\u00ednico &quot;Ciro Fr\u00edas Cabrera&quot;","robots":{"index":"index","follow":"follow","max-snippet":"max-snippet:-1","max-image-preview":"max-image-preview:large","max-video-preview":"max-video-preview:-1"},"canonical":"https:\/\/instituciones.gtm.sld.cu\/dmsims\/2019\/05\/10\/dia-de-las-madres\/","og_locale":"es_ES","og_type":"article","og_title":"D\u00eda de las madres - Policl\u00ednico &quot;Ciro Fr\u00edas Cabrera&quot;","og_description":"Llega Mayo, con \u00e9l las lluvias, las flores y, por supuesto, el D\u00eda de las Madres, un momento no solo para correr tras los regalitos y las postales, sino tambi\u00e9n sostener una mano,","og_url":"https:\/\/instituciones.gtm.sld.cu\/dmsims\/2019\/05\/10\/dia-de-las-madres\/","og_site_name":"Policl\u00ednico &quot;Ciro Fr\u00edas Cabrera&quot;","article_published_time":"2019-05-10T20:55:51+00:00","article_modified_time":"2019-05-10T20:56:57+00:00","og_image":[{"url":"http:\/\/instituciones.gtm.sld.cu\/dmsims\/wp-content\/uploads\/sites\/16\/2019\/05\/madre.jpg"}],"twitter_card":"summary_large_image","twitter_misc":{"Escrito por":"","Tiempo de lectura":"2 minutos"},"schema":{"@context":"https:\/\/schema.org","@graph":[{"@type":"WebPage","@id":"https:\/\/instituciones.gtm.sld.cu\/dmsims\/2019\/05\/10\/dia-de-las-madres\/","url":"https:\/\/instituciones.gtm.sld.cu\/dmsims\/2019\/05\/10\/dia-de-las-madres\/","name":"D\u00eda de las madres - Policl\u00ednico &quot;Ciro Fr\u00edas Cabrera&quot;","isPartOf":{"@id":"https:\/\/instituciones.gtm.sld.cu\/dmsims\/#website"},"datePublished":"2019-05-10T20:55:51+00:00","dateModified":"2019-05-10T20:56:57+00:00","author":{"@id":""},"breadcrumb":{"@id":"https:\/\/instituciones.gtm.sld.cu\/dmsims\/2019\/05\/10\/dia-de-las-madres\/#breadcrumb"},"inLanguage":"es","potentialAction":[{"@type":"ReadAction","target":["https:\/\/instituciones.gtm.sld.cu\/dmsims\/2019\/05\/10\/dia-de-las-madres\/"]}]},{"@type":"BreadcrumbList","@id":"https:\/\/instituciones.gtm.sld.cu\/dmsims\/2019\/05\/10\/dia-de-las-madres\/#breadcrumb","itemListElement":[{"@type":"ListItem","position":1,"name":"Portada","item":"https:\/\/instituciones.gtm.sld.cu\/dmsims\/"},{"@type":"ListItem","position":2,"name":"D\u00eda de las madres"}]},{"@type":"WebSite","@id":"https:\/\/instituciones.gtm.sld.cu\/dmsims\/#website","url":"https:\/\/instituciones.gtm.sld.cu\/dmsims\/","name":"Policl\u00ednico &quot;Ciro Fr\u00edas Cabrera&quot;","description":"Policl\u00ednico &quot;Ciro Fr\u00edas Cabrera&quot;","potentialAction":[{"@type":"SearchAction","target":{"@type":"EntryPoint","urlTemplate":"https:\/\/instituciones.gtm.sld.cu\/dmsims\/?s={search_term_string}"},"query-input":"required name=search_term_string"}],"inLanguage":"es"},{"@type":"Person","@id":"","url":"https:\/\/instituciones.gtm.sld.cu\/dmsims\/author\/"}]}},"_links":{"self":[{"href":"https:\/\/instituciones.gtm.sld.cu\/dmsims\/wp-json\/wp\/v2\/posts\/497"}],"collection":[{"href":"https:\/\/instituciones.gtm.sld.cu\/dmsims\/wp-json\/wp\/v2\/posts"}],"about":[{"href":"https:\/\/instituciones.gtm.sld.cu\/dmsims\/wp-json\/wp\/v2\/types\/post"}],"author":[{"embeddable":true,"href":"https:\/\/instituciones.gtm.sld.cu\/dmsims\/wp-json\/wp\/v2\/users\/17"}],"replies":[{"embeddable":true,"href":"https:\/\/instituciones.gtm.sld.cu\/dmsims\/wp-json\/wp\/v2\/comments?post=497"}],"version-history":[{"count":0,"href":"https:\/\/instituciones.gtm.sld.cu\/dmsims\/wp-json\/wp\/v2\/posts\/497\/revisions"}],"wp:attachment":[{"href":"https:\/\/instituciones.gtm.sld.cu\/dmsims\/wp-json\/wp\/v2\/media?parent=497"}],"wp:term":[{"taxonomy":"category","embeddable":true,"href":"https:\/\/instituciones.gtm.sld.cu\/dmsims\/wp-json\/wp\/v2\/categories?post=497"},{"taxonomy":"post_tag","embeddable":true,"href":"https:\/\/instituciones.gtm.sld.cu\/dmsims\/wp-json\/wp\/v2\/tags?post=497"}],"curies":[{"name":"wp","href":"https:\/\/api.w.org\/{rel}","templated":true}]}}