{"id":602,"date":"2019-08-05T15:04:33","date_gmt":"2019-08-05T19:04:33","guid":{"rendered":"http:\/\/instituciones.gtm.sld.cu\/dmsims\/?p=602"},"modified":"2019-08-05T15:04:54","modified_gmt":"2019-08-05T19:04:54","slug":"lactancia-materna","status":"publish","type":"post","link":"https:\/\/instituciones.gtm.sld.cu\/dmsims\/2019\/08\/05\/lactancia-materna\/","title":{"rendered":"Lactancia Materna."},"content":{"rendered":"\n<div class=\"wp-block-image\"><figure class=\"alignleft is-resized\"><img decoding=\"async\" loading=\"lazy\" src=\"http:\/\/instituciones.gtm.sld.cu\/dmsims\/wp-content\/uploads\/sites\/16\/2019\/08\/67554936_598667263990843_2170238964554792960_n.jpg\" alt=\"\" class=\"wp-image-603\" width=\"182\" height=\"137\" srcset=\"https:\/\/instituciones.gtm.sld.cu\/dmsims\/wp-content\/uploads\/sites\/34\/2019\/08\/67554936_598667263990843_2170238964554792960_n.jpg 960w, https:\/\/instituciones.gtm.sld.cu\/dmsims\/wp-content\/uploads\/sites\/34\/2019\/08\/67554936_598667263990843_2170238964554792960_n-300x225.jpg 300w, https:\/\/instituciones.gtm.sld.cu\/dmsims\/wp-content\/uploads\/sites\/34\/2019\/08\/67554936_598667263990843_2170238964554792960_n-768x576.jpg 768w\" sizes=\"(max-width: 182px) 100vw, 182px\" \/><\/figure><\/div>\n\n\n\n<p>Bajo el lema, \u201cEmpoder\u00e9monos, hagamos posible la lactancia \u00a1Ahora y en el futuro!\u201d, se desarroll\u00f3 el pasado s\u00e1bado una actividad como parte de la Semana Mundial de La Lactancia Materna, que concluir\u00e1 el pr\u00f3ximo 7 de agosto<\/p>\n\n\n\n<!--more-->\n\n\n\n<p>El Equipo B\u00e1sico de Salud # 1, ubicado en la Comunidad del Salao y perteneciente al Policl\u00ednico Ciro Fr\u00edas Cabrera, municipio Im\u00edas, Provincia Guant\u00e1namo, junto a la Federaci\u00f3n de Mujeres Cubanas y pacientes del \u00e1rea, sobre todo embarazadas y pu\u00e9rperas, fueron los protagonistas de la celebraci\u00f3n, apoyados adem\u00e1s por profesores del Grupo B\u00e1sico de Trabajo.<br> El objetivo de \u00e9sta y otras iniciativas que tendr\u00e1n lugar en el municipio de Im\u00edas y en las que se involucrar\u00e1n a madres, padres, familiares, especialistas y vecinos de las comunidades, estar\u00e1 enfocado en el papel principal que desempe\u00f1a la figura del padre en asegurar y apoyar la lactancia materna, para el bienestar y pleno desarrollo de la madre y el beb\u00e9.<\/p>\n\n\n\n<p>Fuente:Comunidad el Salao<\/p>\n","protected":false},"excerpt":{"rendered":"<p>Bajo el lema, \u201cEmpoder\u00e9monos, hagamos posible la lactancia \u00a1Ahora y en el futuro!\u201d, se desarroll\u00f3 el pasado s\u00e1bado una actividad como parte de la Semana Mundial de La Lactancia Materna, que concluir\u00e1 el pr\u00f3ximo 7 de agosto<\/p><p><a class=\"more-link btn\" href=\"https:\/\/instituciones.gtm.sld.cu\/dmsims\/2019\/08\/05\/lactancia-materna\/\">Seguir leyendo<\/a><\/p>\n","protected":false},"author":17,"featured_media":0,"comment_status":"open","ping_status":"open","sticky":false,"template":"","format":"standard","meta":{"ngg_post_thumbnail":0},"categories":[11],"tags":[],"yoast_head":"<!-- This site is optimized with the Yoast SEO plugin v21.8 - https:\/\/yoast.com\/wordpress\/plugins\/seo\/ -->\n<title>Lactancia Materna. - Policl\u00ednico &quot;Ciro Fr\u00edas Cabrera&quot;<\/title>\n<meta name=\"robots\" content=\"index, follow, max-snippet:-1, max-image-preview:large, max-video-preview:-1\" \/>\n<link rel=\"canonical\" href=\"https:\/\/instituciones.gtm.sld.cu\/dmsims\/2019\/08\/05\/lactancia-materna\/\" \/>\n<meta property=\"og:locale\" content=\"es_ES\" \/>\n<meta property=\"og:type\" content=\"article\" \/>\n<meta property=\"og:title\" content=\"Lactancia Materna. - Policl\u00ednico &quot;Ciro Fr\u00edas Cabrera&quot;\" \/>\n<meta property=\"og:description\" content=\"Bajo el lema, \u201cEmpoder\u00e9monos, hagamos posible la lactancia \u00a1Ahora y en el futuro!\u201d, se desarroll\u00f3 el pasado s\u00e1bado una actividad como parte de la Semana Mundial de La Lactancia Materna, que concluir\u00e1 el pr\u00f3ximo 7 de agosto\" \/>\n<meta property=\"og:url\" content=\"https:\/\/instituciones.gtm.sld.cu\/dmsims\/2019\/08\/05\/lactancia-materna\/\" \/>\n<meta property=\"og:site_name\" content=\"Policl\u00ednico &quot;Ciro Fr\u00edas Cabrera&quot;\" \/>\n<meta property=\"article:published_time\" content=\"2019-08-05T19:04:33+00:00\" \/>\n<meta property=\"article:modified_time\" content=\"2019-08-05T19:04:54+00:00\" \/>\n<meta property=\"og:image\" content=\"http:\/\/instituciones.gtm.sld.cu\/dmsims\/wp-content\/uploads\/sites\/16\/2019\/08\/67554936_598667263990843_2170238964554792960_n.jpg\" \/>\n<meta name=\"twitter:card\" content=\"summary_large_image\" \/>\n<meta name=\"twitter:label1\" content=\"Escrito por\" \/>\n\t<meta name=\"twitter:data1\" content=\"\" \/>\n\t<meta name=\"twitter:label2\" content=\"Tiempo de lectura\" \/>\n\t<meta name=\"twitter:data2\" content=\"1 minuto\" \/>\n<script type=\"application\/ld+json\" class=\"yoast-schema-graph\">{\"@context\":\"https:\/\/schema.org\",\"@graph\":[{\"@type\":\"WebPage\",\"@id\":\"https:\/\/instituciones.gtm.sld.cu\/dmsims\/2019\/08\/05\/lactancia-materna\/\",\"url\":\"https:\/\/instituciones.gtm.sld.cu\/dmsims\/2019\/08\/05\/lactancia-materna\/\",\"name\":\"Lactancia Materna. - Policl\u00ednico &quot;Ciro Fr\u00edas Cabrera&quot;\",\"isPartOf\":{\"@id\":\"https:\/\/instituciones.gtm.sld.cu\/dmsims\/#website\"},\"datePublished\":\"2019-08-05T19:04:33+00:00\",\"dateModified\":\"2019-08-05T19:04:54+00:00\",\"author\":{\"@id\":\"\"},\"breadcrumb\":{\"@id\":\"https:\/\/instituciones.gtm.sld.cu\/dmsims\/2019\/08\/05\/lactancia-materna\/#breadcrumb\"},\"inLanguage\":\"es\",\"potentialAction\":[{\"@type\":\"ReadAction\",\"target\":[\"https:\/\/instituciones.gtm.sld.cu\/dmsims\/2019\/08\/05\/lactancia-materna\/\"]}]},{\"@type\":\"BreadcrumbList\",\"@id\":\"https:\/\/instituciones.gtm.sld.cu\/dmsims\/2019\/08\/05\/lactancia-materna\/#breadcrumb\",\"itemListElement\":[{\"@type\":\"ListItem\",\"position\":1,\"name\":\"Portada\",\"item\":\"https:\/\/instituciones.gtm.sld.cu\/dmsims\/\"},{\"@type\":\"ListItem\",\"position\":2,\"name\":\"Lactancia Materna.\"}]},{\"@type\":\"WebSite\",\"@id\":\"https:\/\/instituciones.gtm.sld.cu\/dmsims\/#website\",\"url\":\"https:\/\/instituciones.gtm.sld.cu\/dmsims\/\",\"name\":\"Policl\u00ednico &quot;Ciro Fr\u00edas Cabrera&quot;\",\"description\":\"Policl\u00ednico &quot;Ciro Fr\u00edas Cabrera&quot;\",\"potentialAction\":[{\"@type\":\"SearchAction\",\"target\":{\"@type\":\"EntryPoint\",\"urlTemplate\":\"https:\/\/instituciones.gtm.sld.cu\/dmsims\/?s={search_term_string}\"},\"query-input\":\"required name=search_term_string\"}],\"inLanguage\":\"es\"},{\"@type\":\"Person\",\"@id\":\"\",\"url\":\"https:\/\/instituciones.gtm.sld.cu\/dmsims\/author\/\"}]}<\/script>\n<!-- \/ Yoast SEO plugin. -->","yoast_head_json":{"title":"Lactancia Materna. - Policl\u00ednico &quot;Ciro Fr\u00edas Cabrera&quot;","robots":{"index":"index","follow":"follow","max-snippet":"max-snippet:-1","max-image-preview":"max-image-preview:large","max-video-preview":"max-video-preview:-1"},"canonical":"https:\/\/instituciones.gtm.sld.cu\/dmsims\/2019\/08\/05\/lactancia-materna\/","og_locale":"es_ES","og_type":"article","og_title":"Lactancia Materna. - Policl\u00ednico &quot;Ciro Fr\u00edas Cabrera&quot;","og_description":"Bajo el lema, \u201cEmpoder\u00e9monos, hagamos posible la lactancia \u00a1Ahora y en el futuro!\u201d, se desarroll\u00f3 el pasado s\u00e1bado una actividad como parte de la Semana Mundial de La Lactancia Materna, que concluir\u00e1 el pr\u00f3ximo 7 de agosto","og_url":"https:\/\/instituciones.gtm.sld.cu\/dmsims\/2019\/08\/05\/lactancia-materna\/","og_site_name":"Policl\u00ednico &quot;Ciro Fr\u00edas Cabrera&quot;","article_published_time":"2019-08-05T19:04:33+00:00","article_modified_time":"2019-08-05T19:04:54+00:00","og_image":[{"url":"http:\/\/instituciones.gtm.sld.cu\/dmsims\/wp-content\/uploads\/sites\/16\/2019\/08\/67554936_598667263990843_2170238964554792960_n.jpg"}],"twitter_card":"summary_large_image","twitter_misc":{"Escrito por":"","Tiempo de lectura":"1 minuto"},"schema":{"@context":"https:\/\/schema.org","@graph":[{"@type":"WebPage","@id":"https:\/\/instituciones.gtm.sld.cu\/dmsims\/2019\/08\/05\/lactancia-materna\/","url":"https:\/\/instituciones.gtm.sld.cu\/dmsims\/2019\/08\/05\/lactancia-materna\/","name":"Lactancia Materna. - Policl\u00ednico &quot;Ciro Fr\u00edas Cabrera&quot;","isPartOf":{"@id":"https:\/\/instituciones.gtm.sld.cu\/dmsims\/#website"},"datePublished":"2019-08-05T19:04:33+00:00","dateModified":"2019-08-05T19:04:54+00:00","author":{"@id":""},"breadcrumb":{"@id":"https:\/\/instituciones.gtm.sld.cu\/dmsims\/2019\/08\/05\/lactancia-materna\/#breadcrumb"},"inLanguage":"es","potentialAction":[{"@type":"ReadAction","target":["https:\/\/instituciones.gtm.sld.cu\/dmsims\/2019\/08\/05\/lactancia-materna\/"]}]},{"@type":"BreadcrumbList","@id":"https:\/\/instituciones.gtm.sld.cu\/dmsims\/2019\/08\/05\/lactancia-materna\/#breadcrumb","itemListElement":[{"@type":"ListItem","position":1,"name":"Portada","item":"https:\/\/instituciones.gtm.sld.cu\/dmsims\/"},{"@type":"ListItem","position":2,"name":"Lactancia Materna."}]},{"@type":"WebSite","@id":"https:\/\/instituciones.gtm.sld.cu\/dmsims\/#website","url":"https:\/\/instituciones.gtm.sld.cu\/dmsims\/","name":"Policl\u00ednico &quot;Ciro Fr\u00edas Cabrera&quot;","description":"Policl\u00ednico &quot;Ciro Fr\u00edas Cabrera&quot;","potentialAction":[{"@type":"SearchAction","target":{"@type":"EntryPoint","urlTemplate":"https:\/\/instituciones.gtm.sld.cu\/dmsims\/?s={search_term_string}"},"query-input":"required name=search_term_string"}],"inLanguage":"es"},{"@type":"Person","@id":"","url":"https:\/\/instituciones.gtm.sld.cu\/dmsims\/author\/"}]}},"_links":{"self":[{"href":"https:\/\/instituciones.gtm.sld.cu\/dmsims\/wp-json\/wp\/v2\/posts\/602"}],"collection":[{"href":"https:\/\/instituciones.gtm.sld.cu\/dmsims\/wp-json\/wp\/v2\/posts"}],"about":[{"href":"https:\/\/instituciones.gtm.sld.cu\/dmsims\/wp-json\/wp\/v2\/types\/post"}],"author":[{"embeddable":true,"href":"https:\/\/instituciones.gtm.sld.cu\/dmsims\/wp-json\/wp\/v2\/users\/17"}],"replies":[{"embeddable":true,"href":"https:\/\/instituciones.gtm.sld.cu\/dmsims\/wp-json\/wp\/v2\/comments?post=602"}],"version-history":[{"count":0,"href":"https:\/\/instituciones.gtm.sld.cu\/dmsims\/wp-json\/wp\/v2\/posts\/602\/revisions"}],"wp:attachment":[{"href":"https:\/\/instituciones.gtm.sld.cu\/dmsims\/wp-json\/wp\/v2\/media?parent=602"}],"wp:term":[{"taxonomy":"category","embeddable":true,"href":"https:\/\/instituciones.gtm.sld.cu\/dmsims\/wp-json\/wp\/v2\/categories?post=602"},{"taxonomy":"post_tag","embeddable":true,"href":"https:\/\/instituciones.gtm.sld.cu\/dmsims\/wp-json\/wp\/v2\/tags?post=602"}],"curies":[{"name":"wp","href":"https:\/\/api.w.org\/{rel}","templated":true}]}}