{"id":673,"date":"2019-10-11T10:12:25","date_gmt":"2019-10-11T14:12:25","guid":{"rendered":"http:\/\/instituciones.gtm.sld.cu\/dmsims\/?p=673"},"modified":"2019-10-11T10:12:41","modified_gmt":"2019-10-11T14:12:41","slug":"padecera-algun-trastorno-alergico-mitad-de-la-poblacion-mundial-para-2050","status":"publish","type":"post","link":"https:\/\/instituciones.gtm.sld.cu\/dmsims\/2019\/10\/11\/padecera-algun-trastorno-alergico-mitad-de-la-poblacion-mundial-para-2050\/","title":{"rendered":"Padecer\u00e1 alg\u00fan trastorno al\u00e9rgico mitad de la poblaci\u00f3n mundial para 2050"},"content":{"rendered":"\n<div class=\"wp-block-image\"><figure class=\"alignleft is-resized\"><img decoding=\"async\" loading=\"lazy\" src=\"http:\/\/instituciones.gtm.sld.cu\/dmsims\/wp-content\/uploads\/sites\/16\/2019\/10\/alergia-mini.jpg\" alt=\"\" class=\"wp-image-674\" width=\"73\" height=\"97\" \/><\/figure><\/div>\n\n\n\n<p>M\u00e1s de la mitad de la poblaci\u00f3n mundial padecer\u00e1 alg\u00fan trastorno al\u00e9rgico para 2050, as\u00ed lo indicaron hoy especialistas nacionales y for\u00e1neos al dejar inaugurado aqu\u00ed el VI Encuentro Iberoamericano y X Congreso Nacional de Alergolog\u00eda.<\/p>\n\n\n\n<!--more-->\n\n\n\n<figure class=\"wp-block-image\"><img decoding=\"async\" loading=\"lazy\" width=\"600\" height=\"300\" src=\"http:\/\/instituciones.gtm.sld.cu\/dmsims\/wp-content\/uploads\/sites\/16\/2019\/10\/alertas-alergias-1.jpg\" alt=\"\" class=\"wp-image-676\" srcset=\"https:\/\/instituciones.gtm.sld.cu\/dmsims\/wp-content\/uploads\/sites\/34\/2019\/10\/alertas-alergias-1.jpg 600w, https:\/\/instituciones.gtm.sld.cu\/dmsims\/wp-content\/uploads\/sites\/34\/2019\/10\/alertas-alergias-1-300x150.jpg 300w\" sizes=\"(max-width: 600px) 100vw, 600px\" \/><\/figure>\n\n\n\n<p>Durante la primera jornada cient\u00edfica de Cuba\nAlergia 2019, la presidenta del Comit\u00e9 Organizador, Mirta \u00c1lvarez, asegur\u00f3 a\nPrensa Latina que el encuentro tiene como principal objetivo mejorar la\nprevenci\u00f3n, diagn\u00f3stico, tratamiento y control de las enfermedades al\u00e9rgicas en\nla regi\u00f3n y en el mundo.<\/p>\n\n\n\n<p>\u00c1lvarez advirti\u00f3 que en las \u00faltimas d\u00e9cadas es\nnotable un acelerado aumento de este tipo de padecimiento, sobre todo al inicio\nde la temporada oto\u00f1al, por la aparici\u00f3n de virus y cuadros catarrales\nasociados a factores clim\u00e1ticos como los cambios bruscos de temperatura y\nhumedad.<\/p>\n\n\n\n<p>La especialista cubana detall\u00f3 adem\u00e1s que en\nCuba, estas enfermedades inmunol\u00f3gicas afectan a m\u00e1s del 50 por ciento de la\npoblaci\u00f3n adolescente y adulta joven.<\/p>\n\n\n\n<p>Por su parte, el Representante de la Organizaci\u00f3n\nPanamericana de la Salud en la naci\u00f3n caribe\u00f1a (OMS\/OPS), Jos\u00e9 Moya, puntualiz\u00f3\nque en la regi\u00f3n de las Am\u00e9ricas, la organizaci\u00f3n sanitaria desde hace varios\na\u00f1os, intenta fomentar pol\u00edticas p\u00fablicas de prevenci\u00f3n de los factores de\nriesgo de los trastorno al\u00e9rgicos y las enfermedades cr\u00f3nicas no transmisibles.<\/p>\n\n\n\n<p>Con este tipo de encuentros, pretendemos trazar\nestrategias de trabajo para, desde la especialidad, crear un modelo centrado en\nlas personas, las familias y las comunidades, detall\u00f3 Moya.<\/p>\n\n\n\n<p>Mientras tanto, el director nacional de\nEpidemiolog\u00eda del Ministerio de Salud P\u00fablica (MINSAP), Francisco Alberto Dur\u00e1n\nGarc\u00eda, especific\u00f3 que es necesario desarrollar un plan de trabajo\nmultidisciplinario entre los pa\u00edses en funci\u00f3n de evitar que la calidad de vida\nde las personas contin\u00fae afect\u00e1ndose por las enfermedades al\u00e9rgicas.<\/p>\n\n\n\n<p>Al referirse a la importancia de los v\u00ednculos\nentre entidades del sector a nivel regional, Dur\u00e1n explic\u00f3 que el evento\nconstitu\u00eda un espacio propicio para continuar denunciando la postura del\ngobierno de los Estados Unidos la pasada semana, al negar la visa a la\ndelegaci\u00f3n de la isla, encabezada por el ministro de Salud P\u00fablica, Jos\u00e9 \u00c1ngel\nPortal, que participar\u00eda en el 57 Consejo Directivo de la Organizaci\u00f3n\nPanamericana de la Salud (OPS) en Washintong\u00e7.<\/p>\n\n\n\n<p>La medida los priv\u00f3 de asistir al encuentro m\u00e1s\nimportante de las autoridades de salud de la regi\u00f3n, dijo el funcionario\ncubano.<\/p>\n\n\n\n<p>El X Congreso Nacional de Alergolog\u00eda, Cuba\nAlergia 2019, se extender\u00e1 hasta el pr\u00f3ximo 11 de octubre, paralelo al evento\nse desarrollar\u00e1 el VI Encuentro Iberoamericano de la especialidad con debates y\ntalleres relacionados fundamentalmente con las nuevas t\u00e9cnicas para el\ntratamiento de los trastornos al\u00e9rgicos. (PL).<\/p>\n\n\n\n<p>Fuente: <a href=\"http:\/\/bohemia.cu\/salud\/2019\/10\/padecera-algun-trastorno-alergico-mitad-de-la-poblacion-mundial-para-2050\/\">Bohemia<\/a><\/p>\n","protected":false},"excerpt":{"rendered":"<p>M\u00e1s de la mitad de la poblaci\u00f3n mundial padecer\u00e1 alg\u00fan trastorno al\u00e9rgico para 2050, as\u00ed lo indicaron hoy especialistas nacionales y for\u00e1neos al dejar inaugurado aqu\u00ed el VI Encuentro Iberoamericano y X Congreso Nacional de Alergolog\u00eda.<\/p><p><a class=\"more-link btn\" href=\"https:\/\/instituciones.gtm.sld.cu\/dmsims\/2019\/10\/11\/padecera-algun-trastorno-alergico-mitad-de-la-poblacion-mundial-para-2050\/\">Seguir leyendo<\/a><\/p>\n","protected":false},"author":17,"featured_media":0,"comment_status":"open","ping_status":"open","sticky":false,"template":"","format":"standard","meta":{"ngg_post_thumbnail":0},"categories":[1],"tags":[],"yoast_head":"<!-- This site is optimized with the Yoast SEO plugin v21.8 - https:\/\/yoast.com\/wordpress\/plugins\/seo\/ -->\n<title>Padecer\u00e1 alg\u00fan trastorno al\u00e9rgico mitad de la poblaci\u00f3n mundial para 2050 - Policl\u00ednico &quot;Ciro Fr\u00edas Cabrera&quot;<\/title>\n<meta name=\"robots\" content=\"index, follow, max-snippet:-1, max-image-preview:large, max-video-preview:-1\" \/>\n<link rel=\"canonical\" href=\"https:\/\/instituciones.gtm.sld.cu\/dmsims\/2019\/10\/11\/padecera-algun-trastorno-alergico-mitad-de-la-poblacion-mundial-para-2050\/\" \/>\n<meta property=\"og:locale\" content=\"es_ES\" \/>\n<meta property=\"og:type\" content=\"article\" \/>\n<meta property=\"og:title\" content=\"Padecer\u00e1 alg\u00fan trastorno al\u00e9rgico mitad de la poblaci\u00f3n mundial para 2050 - Policl\u00ednico &quot;Ciro Fr\u00edas Cabrera&quot;\" \/>\n<meta property=\"og:description\" content=\"M\u00e1s de la mitad de la poblaci\u00f3n mundial padecer\u00e1 alg\u00fan trastorno al\u00e9rgico para 2050, as\u00ed lo indicaron hoy especialistas nacionales y for\u00e1neos al dejar inaugurado aqu\u00ed el VI Encuentro Iberoamericano y X Congreso Nacional de Alergolog\u00eda.\" \/>\n<meta property=\"og:url\" content=\"https:\/\/instituciones.gtm.sld.cu\/dmsims\/2019\/10\/11\/padecera-algun-trastorno-alergico-mitad-de-la-poblacion-mundial-para-2050\/\" \/>\n<meta property=\"og:site_name\" content=\"Policl\u00ednico &quot;Ciro Fr\u00edas Cabrera&quot;\" \/>\n<meta property=\"article:published_time\" content=\"2019-10-11T14:12:25+00:00\" \/>\n<meta property=\"article:modified_time\" content=\"2019-10-11T14:12:41+00:00\" \/>\n<meta property=\"og:image\" content=\"http:\/\/instituciones.gtm.sld.cu\/dmsims\/wp-content\/uploads\/sites\/16\/2019\/10\/alergia-mini.jpg\" \/>\n<meta name=\"twitter:card\" content=\"summary_large_image\" \/>\n<meta name=\"twitter:label1\" content=\"Escrito por\" \/>\n\t<meta name=\"twitter:data1\" content=\"\" \/>\n\t<meta name=\"twitter:label2\" content=\"Tiempo de lectura\" \/>\n\t<meta name=\"twitter:data2\" content=\"2 minutos\" \/>\n<script type=\"application\/ld+json\" class=\"yoast-schema-graph\">{\"@context\":\"https:\/\/schema.org\",\"@graph\":[{\"@type\":\"WebPage\",\"@id\":\"https:\/\/instituciones.gtm.sld.cu\/dmsims\/2019\/10\/11\/padecera-algun-trastorno-alergico-mitad-de-la-poblacion-mundial-para-2050\/\",\"url\":\"https:\/\/instituciones.gtm.sld.cu\/dmsims\/2019\/10\/11\/padecera-algun-trastorno-alergico-mitad-de-la-poblacion-mundial-para-2050\/\",\"name\":\"Padecer\u00e1 alg\u00fan trastorno al\u00e9rgico mitad de la poblaci\u00f3n mundial para 2050 - Policl\u00ednico &quot;Ciro Fr\u00edas Cabrera&quot;\",\"isPartOf\":{\"@id\":\"https:\/\/instituciones.gtm.sld.cu\/dmsims\/#website\"},\"datePublished\":\"2019-10-11T14:12:25+00:00\",\"dateModified\":\"2019-10-11T14:12:41+00:00\",\"author\":{\"@id\":\"\"},\"breadcrumb\":{\"@id\":\"https:\/\/instituciones.gtm.sld.cu\/dmsims\/2019\/10\/11\/padecera-algun-trastorno-alergico-mitad-de-la-poblacion-mundial-para-2050\/#breadcrumb\"},\"inLanguage\":\"es\",\"potentialAction\":[{\"@type\":\"ReadAction\",\"target\":[\"https:\/\/instituciones.gtm.sld.cu\/dmsims\/2019\/10\/11\/padecera-algun-trastorno-alergico-mitad-de-la-poblacion-mundial-para-2050\/\"]}]},{\"@type\":\"BreadcrumbList\",\"@id\":\"https:\/\/instituciones.gtm.sld.cu\/dmsims\/2019\/10\/11\/padecera-algun-trastorno-alergico-mitad-de-la-poblacion-mundial-para-2050\/#breadcrumb\",\"itemListElement\":[{\"@type\":\"ListItem\",\"position\":1,\"name\":\"Portada\",\"item\":\"https:\/\/instituciones.gtm.sld.cu\/dmsims\/\"},{\"@type\":\"ListItem\",\"position\":2,\"name\":\"Padecer\u00e1 alg\u00fan trastorno al\u00e9rgico mitad de la poblaci\u00f3n mundial para 2050\"}]},{\"@type\":\"WebSite\",\"@id\":\"https:\/\/instituciones.gtm.sld.cu\/dmsims\/#website\",\"url\":\"https:\/\/instituciones.gtm.sld.cu\/dmsims\/\",\"name\":\"Policl\u00ednico &quot;Ciro Fr\u00edas Cabrera&quot;\",\"description\":\"Policl\u00ednico &quot;Ciro Fr\u00edas Cabrera&quot;\",\"potentialAction\":[{\"@type\":\"SearchAction\",\"target\":{\"@type\":\"EntryPoint\",\"urlTemplate\":\"https:\/\/instituciones.gtm.sld.cu\/dmsims\/?s={search_term_string}\"},\"query-input\":\"required name=search_term_string\"}],\"inLanguage\":\"es\"},{\"@type\":\"Person\",\"@id\":\"\",\"url\":\"https:\/\/instituciones.gtm.sld.cu\/dmsims\/author\/\"}]}<\/script>\n<!-- \/ Yoast SEO plugin. -->","yoast_head_json":{"title":"Padecer\u00e1 alg\u00fan trastorno al\u00e9rgico mitad de la poblaci\u00f3n mundial para 2050 - Policl\u00ednico &quot;Ciro Fr\u00edas Cabrera&quot;","robots":{"index":"index","follow":"follow","max-snippet":"max-snippet:-1","max-image-preview":"max-image-preview:large","max-video-preview":"max-video-preview:-1"},"canonical":"https:\/\/instituciones.gtm.sld.cu\/dmsims\/2019\/10\/11\/padecera-algun-trastorno-alergico-mitad-de-la-poblacion-mundial-para-2050\/","og_locale":"es_ES","og_type":"article","og_title":"Padecer\u00e1 alg\u00fan trastorno al\u00e9rgico mitad de la poblaci\u00f3n mundial para 2050 - Policl\u00ednico &quot;Ciro Fr\u00edas Cabrera&quot;","og_description":"M\u00e1s de la mitad de la poblaci\u00f3n mundial padecer\u00e1 alg\u00fan trastorno al\u00e9rgico para 2050, as\u00ed lo indicaron hoy especialistas nacionales y for\u00e1neos al dejar inaugurado aqu\u00ed el VI Encuentro Iberoamericano y X Congreso Nacional de Alergolog\u00eda.","og_url":"https:\/\/instituciones.gtm.sld.cu\/dmsims\/2019\/10\/11\/padecera-algun-trastorno-alergico-mitad-de-la-poblacion-mundial-para-2050\/","og_site_name":"Policl\u00ednico &quot;Ciro Fr\u00edas Cabrera&quot;","article_published_time":"2019-10-11T14:12:25+00:00","article_modified_time":"2019-10-11T14:12:41+00:00","og_image":[{"url":"http:\/\/instituciones.gtm.sld.cu\/dmsims\/wp-content\/uploads\/sites\/16\/2019\/10\/alergia-mini.jpg"}],"twitter_card":"summary_large_image","twitter_misc":{"Escrito por":"","Tiempo de lectura":"2 minutos"},"schema":{"@context":"https:\/\/schema.org","@graph":[{"@type":"WebPage","@id":"https:\/\/instituciones.gtm.sld.cu\/dmsims\/2019\/10\/11\/padecera-algun-trastorno-alergico-mitad-de-la-poblacion-mundial-para-2050\/","url":"https:\/\/instituciones.gtm.sld.cu\/dmsims\/2019\/10\/11\/padecera-algun-trastorno-alergico-mitad-de-la-poblacion-mundial-para-2050\/","name":"Padecer\u00e1 alg\u00fan trastorno al\u00e9rgico mitad de la poblaci\u00f3n mundial para 2050 - Policl\u00ednico &quot;Ciro Fr\u00edas Cabrera&quot;","isPartOf":{"@id":"https:\/\/instituciones.gtm.sld.cu\/dmsims\/#website"},"datePublished":"2019-10-11T14:12:25+00:00","dateModified":"2019-10-11T14:12:41+00:00","author":{"@id":""},"breadcrumb":{"@id":"https:\/\/instituciones.gtm.sld.cu\/dmsims\/2019\/10\/11\/padecera-algun-trastorno-alergico-mitad-de-la-poblacion-mundial-para-2050\/#breadcrumb"},"inLanguage":"es","potentialAction":[{"@type":"ReadAction","target":["https:\/\/instituciones.gtm.sld.cu\/dmsims\/2019\/10\/11\/padecera-algun-trastorno-alergico-mitad-de-la-poblacion-mundial-para-2050\/"]}]},{"@type":"BreadcrumbList","@id":"https:\/\/instituciones.gtm.sld.cu\/dmsims\/2019\/10\/11\/padecera-algun-trastorno-alergico-mitad-de-la-poblacion-mundial-para-2050\/#breadcrumb","itemListElement":[{"@type":"ListItem","position":1,"name":"Portada","item":"https:\/\/instituciones.gtm.sld.cu\/dmsims\/"},{"@type":"ListItem","position":2,"name":"Padecer\u00e1 alg\u00fan trastorno al\u00e9rgico mitad de la poblaci\u00f3n mundial para 2050"}]},{"@type":"WebSite","@id":"https:\/\/instituciones.gtm.sld.cu\/dmsims\/#website","url":"https:\/\/instituciones.gtm.sld.cu\/dmsims\/","name":"Policl\u00ednico &quot;Ciro Fr\u00edas Cabrera&quot;","description":"Policl\u00ednico &quot;Ciro Fr\u00edas Cabrera&quot;","potentialAction":[{"@type":"SearchAction","target":{"@type":"EntryPoint","urlTemplate":"https:\/\/instituciones.gtm.sld.cu\/dmsims\/?s={search_term_string}"},"query-input":"required name=search_term_string"}],"inLanguage":"es"},{"@type":"Person","@id":"","url":"https:\/\/instituciones.gtm.sld.cu\/dmsims\/author\/"}]}},"_links":{"self":[{"href":"https:\/\/instituciones.gtm.sld.cu\/dmsims\/wp-json\/wp\/v2\/posts\/673"}],"collection":[{"href":"https:\/\/instituciones.gtm.sld.cu\/dmsims\/wp-json\/wp\/v2\/posts"}],"about":[{"href":"https:\/\/instituciones.gtm.sld.cu\/dmsims\/wp-json\/wp\/v2\/types\/post"}],"author":[{"embeddable":true,"href":"https:\/\/instituciones.gtm.sld.cu\/dmsims\/wp-json\/wp\/v2\/users\/17"}],"replies":[{"embeddable":true,"href":"https:\/\/instituciones.gtm.sld.cu\/dmsims\/wp-json\/wp\/v2\/comments?post=673"}],"version-history":[{"count":1,"href":"https:\/\/instituciones.gtm.sld.cu\/dmsims\/wp-json\/wp\/v2\/posts\/673\/revisions"}],"predecessor-version":[{"id":677,"href":"https:\/\/instituciones.gtm.sld.cu\/dmsims\/wp-json\/wp\/v2\/posts\/673\/revisions\/677"}],"wp:attachment":[{"href":"https:\/\/instituciones.gtm.sld.cu\/dmsims\/wp-json\/wp\/v2\/media?parent=673"}],"wp:term":[{"taxonomy":"category","embeddable":true,"href":"https:\/\/instituciones.gtm.sld.cu\/dmsims\/wp-json\/wp\/v2\/categories?post=673"},{"taxonomy":"post_tag","embeddable":true,"href":"https:\/\/instituciones.gtm.sld.cu\/dmsims\/wp-json\/wp\/v2\/tags?post=673"}],"curies":[{"name":"wp","href":"https:\/\/api.w.org\/{rel}","templated":true}]}}