{"id":692,"date":"2019-10-24T10:14:56","date_gmt":"2019-10-24T14:14:56","guid":{"rendered":"http:\/\/instituciones.gtm.sld.cu\/dmsims\/?p=692"},"modified":"2019-10-24T10:31:17","modified_gmt":"2019-10-24T14:31:17","slug":"propuesta-de-la-bvs-cuba-en-el-dia-mundial-de-la-poliomielitis","status":"publish","type":"post","link":"https:\/\/instituciones.gtm.sld.cu\/dmsims\/2019\/10\/24\/propuesta-de-la-bvs-cuba-en-el-dia-mundial-de-la-poliomielitis\/","title":{"rendered":"D\u00eda Mundial de la Poliomielitis"},"content":{"rendered":"\n<div class=\"wp-block-image\"><figure class=\"alignleft\"><img decoding=\"async\" loading=\"lazy\" width=\"63\" height=\"84\" src=\"http:\/\/instituciones.gtm.sld.cu\/dmsims\/wp-content\/uploads\/sites\/16\/2019\/10\/polio-mini.jpg\" alt=\"\" class=\"wp-image-693\" \/><\/figure><\/div>\n\n\n\n<p>Cada 24 de octubre se realizan campa\u00f1as que pretenden concienciar y ayudar a erradicar la polio en el mundo en el <strong>D\u00eda Mundial de la Poliomelitis<\/strong>. La fecha escogida es un tributo y <strong>celebraci\u00f3n al nacimiento de Jonas Salk<\/strong>, el investigador estadounidense que hizo posible el desarrollo de la vacuna que logr\u00f3 prevenir esta enfermedad.<\/p>\n\n\n\n<!--more-->\n\n\n\n<div class=\"wp-block-image\"><figure class=\"aligncenter\"><img decoding=\"async\" loading=\"lazy\" width=\"242\" height=\"338\" src=\"http:\/\/instituciones.gtm.sld.cu\/dmsims\/wp-content\/uploads\/sites\/16\/2019\/10\/dm-poliomielitis-24-octubre.jpg\" alt=\"\" class=\"wp-image-694\" srcset=\"https:\/\/instituciones.gtm.sld.cu\/dmsims\/wp-content\/uploads\/sites\/34\/2019\/10\/dm-poliomielitis-24-octubre.jpg 242w, https:\/\/instituciones.gtm.sld.cu\/dmsims\/wp-content\/uploads\/sites\/34\/2019\/10\/dm-poliomielitis-24-octubre-215x300.jpg 215w\" sizes=\"(max-width: 242px) 100vw, 242px\" \/><\/figure><\/div>\n\n\n\n<p>Desde 1962 Cuba fue el primer pa\u00eds en las\nAm\u00e9ricas que elimin\u00f3 la poliomielitis y actualmente toda la poblaci\u00f3n menor de\n70 a\u00f1os est\u00e1 protegida contra esta enfermedad infantil altamente contagiosa,\nproducida por un poliovirus que afecta al sistema nervioso y puede causar\npar\u00e1lisis en muy corto tiempo.<br>\n<br>\nExpertos del Programa Nacional de Inmunizaci\u00f3n del Ministerio de Salud P\u00fablica\nexplicaron a la Agencia Cubana de Noticias que, en las 57 campa\u00f1as de\nvacunaci\u00f3n, se han aplicado m\u00e1s de 85 millones de dosis de la vacuna contra esa\ndolencia.<\/p>\n\n\n\n<p>Tal acontecimiento, de repercusi\u00f3n internacional\nen el campo de la salud, marc\u00f3 pauta en la realizaci\u00f3n de campa\u00f1as masivas en\nla Mayor de las Antillas, a partir de la inmunizaci\u00f3n gratuita a ni\u00f1os menores\nde tres a\u00f1os y su posterior reactivaci\u00f3n, protegi\u00e9ndolos del poliovirus.<br>\n<br>\nEspecialistas aseveran que la exitosa pr\u00e1ctica sanitaria de m\u00e1s de medio siglo\npreviene de la infecci\u00f3n, que en su forma aguda causa inflamaci\u00f3n en las\nneuronas motoras de la m\u00e9dula espinal y del cerebro, con repercusi\u00f3n en\npar\u00e1lisis, atrofia muscular y muy frecuente deformidad.<\/p>\n\n\n\n<p>Con estos logros la Isla celebra el 24 de octubre\nel D\u00eda Mundial contra la Poliomielitis, creado por Rotary International hace\nm\u00e1s de una d\u00e9cada para conmemorar el nacimiento del m\u00e9dico y vir\u00f3logo Jonas\nEdward Salk, (28 de octubre de 1914-23 de junio de 1995), investigador\nestadounidense que dirigi\u00f3 el primer equipo para desarrollar una vacuna contra\nla terrible dolencia.<br>\n<br>\nLa poliomielitis afecta sobre todo a los peque\u00f1os menores de cinco a\u00f1os, y\naunque no tiene cura, es prevenible y cuando se administra el inmun\u00f3geno varias\nveces, puede conferir una protecci\u00f3n de por vida, refieren expertos.<br>\n<br>\nActualmente la polio existe en las comunidades m\u00e1s pobres y marginadas del\nmundo, donde acecha a los infantes m\u00e1s vulnerables. Seg\u00fan la Organizaci\u00f3n\nMundial de la Salud (OMS), en el planeta m\u00e1s de 15 millones de personas que hoy\npueden caminar, habr\u00edan quedado paralizadas sin la vacunaci\u00f3n.<\/p>\n\n\n\n<p>Afirma la OMS, adem\u00e1s, que el uso de esta vacuna\nde poliovirus inactivado y el generalizado posterior de la antipoliomiel\u00edtica\noral, lograda por Albert Sabin, hizo que se creara la Iniciativa de\nErradicaci\u00f3n Mundial de la Poliomielitis en 1988, y desde entonces se ha\nreducido la dolencia en todo el orbe en un 99 por ciento.<br>\n<br>\nEn las Am\u00e9ricas la poliomielitis fue la segunda enfermedad prevenible por\nvacunaci\u00f3n eliminada en esa regi\u00f3n en 1994, la antecedi\u00f3 la erradicaci\u00f3n de la\nviruela en 1971, y la precedieron la eliminaci\u00f3n de la rub\u00e9ola y del s\u00edndrome\nde la rub\u00e9ola cong\u00e9nita (2015), y en 2017 del sarampi\u00f3n, informa ese organismo\ninternacional de las Naciones Unidas.<br>\n<br>\nSin embargo, el poliovirus que produce el mal todav\u00eda circula en tres pa\u00edses,\npor lo cual hasta que la poliomielitis no sea erradicada totalmente la\npoblaci\u00f3n universal estar\u00e1 corriendo peligro.<br>\n<br>\nPor tal motivo el D\u00eda Mundial contra la Poliomielitis es una oportunidad para\nrenovar el compromiso contra\u00eddo de erradicar esa enfermedad. <\/p>\n\n\n\n<p>Fuente: <a href=\"http:\/\/www.radiorebelde.cu\">RadioRebelde<\/a><\/p>\n","protected":false},"excerpt":{"rendered":"<p>Cada 24 de octubre se realizan campa\u00f1as que pretenden concienciar y ayudar a erradicar la polio en el mundo en el D\u00eda Mundial de la Poliomelitis. La fecha escogida es un tributo y celebraci\u00f3n al nacimiento de Jonas Salk, el investigador estadounidense que hizo posible el desarrollo de la vacuna que logr\u00f3 prevenir esta enfermedad.<\/p><p><a class=\"more-link btn\" href=\"https:\/\/instituciones.gtm.sld.cu\/dmsims\/2019\/10\/24\/propuesta-de-la-bvs-cuba-en-el-dia-mundial-de-la-poliomielitis\/\">Seguir leyendo<\/a><\/p>\n","protected":false},"author":17,"featured_media":0,"comment_status":"closed","ping_status":"open","sticky":false,"template":"","format":"standard","meta":{"ngg_post_thumbnail":0},"categories":[1],"tags":[],"yoast_head":"<!-- This site is optimized with the Yoast SEO plugin v21.8 - https:\/\/yoast.com\/wordpress\/plugins\/seo\/ -->\n<title>D\u00eda Mundial de la Poliomielitis - Policl\u00ednico &quot;Ciro Fr\u00edas Cabrera&quot;<\/title>\n<meta name=\"robots\" content=\"index, follow, max-snippet:-1, max-image-preview:large, max-video-preview:-1\" \/>\n<link rel=\"canonical\" href=\"https:\/\/instituciones.gtm.sld.cu\/dmsims\/2019\/10\/24\/propuesta-de-la-bvs-cuba-en-el-dia-mundial-de-la-poliomielitis\/\" \/>\n<meta property=\"og:locale\" content=\"es_ES\" \/>\n<meta property=\"og:type\" content=\"article\" \/>\n<meta property=\"og:title\" content=\"D\u00eda Mundial de la Poliomielitis - Policl\u00ednico &quot;Ciro Fr\u00edas Cabrera&quot;\" \/>\n<meta property=\"og:description\" content=\"Cada 24 de octubre se realizan campa\u00f1as que pretenden concienciar y ayudar a erradicar la polio en el mundo en el D\u00eda Mundial de la Poliomelitis. La fecha escogida es un tributo y celebraci\u00f3n al nacimiento de Jonas Salk, el investigador estadounidense que hizo posible el desarrollo de la vacuna que logr\u00f3 prevenir esta enfermedad.\" \/>\n<meta property=\"og:url\" content=\"https:\/\/instituciones.gtm.sld.cu\/dmsims\/2019\/10\/24\/propuesta-de-la-bvs-cuba-en-el-dia-mundial-de-la-poliomielitis\/\" \/>\n<meta property=\"og:site_name\" content=\"Policl\u00ednico &quot;Ciro Fr\u00edas Cabrera&quot;\" \/>\n<meta property=\"article:published_time\" content=\"2019-10-24T14:14:56+00:00\" \/>\n<meta property=\"article:modified_time\" content=\"2019-10-24T14:31:17+00:00\" \/>\n<meta property=\"og:image\" content=\"http:\/\/instituciones.gtm.sld.cu\/dmsims\/wp-content\/uploads\/sites\/16\/2019\/10\/polio-mini.jpg\" \/>\n<meta name=\"twitter:card\" content=\"summary_large_image\" \/>\n<meta name=\"twitter:label1\" content=\"Escrito por\" \/>\n\t<meta name=\"twitter:data1\" content=\"\" \/>\n\t<meta name=\"twitter:label2\" content=\"Tiempo de lectura\" \/>\n\t<meta name=\"twitter:data2\" content=\"3 minutos\" \/>\n<script type=\"application\/ld+json\" class=\"yoast-schema-graph\">{\"@context\":\"https:\/\/schema.org\",\"@graph\":[{\"@type\":\"WebPage\",\"@id\":\"https:\/\/instituciones.gtm.sld.cu\/dmsims\/2019\/10\/24\/propuesta-de-la-bvs-cuba-en-el-dia-mundial-de-la-poliomielitis\/\",\"url\":\"https:\/\/instituciones.gtm.sld.cu\/dmsims\/2019\/10\/24\/propuesta-de-la-bvs-cuba-en-el-dia-mundial-de-la-poliomielitis\/\",\"name\":\"D\u00eda Mundial de la Poliomielitis - Policl\u00ednico &quot;Ciro Fr\u00edas Cabrera&quot;\",\"isPartOf\":{\"@id\":\"https:\/\/instituciones.gtm.sld.cu\/dmsims\/#website\"},\"datePublished\":\"2019-10-24T14:14:56+00:00\",\"dateModified\":\"2019-10-24T14:31:17+00:00\",\"author\":{\"@id\":\"\"},\"breadcrumb\":{\"@id\":\"https:\/\/instituciones.gtm.sld.cu\/dmsims\/2019\/10\/24\/propuesta-de-la-bvs-cuba-en-el-dia-mundial-de-la-poliomielitis\/#breadcrumb\"},\"inLanguage\":\"es\",\"potentialAction\":[{\"@type\":\"ReadAction\",\"target\":[\"https:\/\/instituciones.gtm.sld.cu\/dmsims\/2019\/10\/24\/propuesta-de-la-bvs-cuba-en-el-dia-mundial-de-la-poliomielitis\/\"]}]},{\"@type\":\"BreadcrumbList\",\"@id\":\"https:\/\/instituciones.gtm.sld.cu\/dmsims\/2019\/10\/24\/propuesta-de-la-bvs-cuba-en-el-dia-mundial-de-la-poliomielitis\/#breadcrumb\",\"itemListElement\":[{\"@type\":\"ListItem\",\"position\":1,\"name\":\"Portada\",\"item\":\"https:\/\/instituciones.gtm.sld.cu\/dmsims\/\"},{\"@type\":\"ListItem\",\"position\":2,\"name\":\"D\u00eda Mundial de la Poliomielitis\"}]},{\"@type\":\"WebSite\",\"@id\":\"https:\/\/instituciones.gtm.sld.cu\/dmsims\/#website\",\"url\":\"https:\/\/instituciones.gtm.sld.cu\/dmsims\/\",\"name\":\"Policl\u00ednico &quot;Ciro Fr\u00edas Cabrera&quot;\",\"description\":\"Policl\u00ednico &quot;Ciro Fr\u00edas Cabrera&quot;\",\"potentialAction\":[{\"@type\":\"SearchAction\",\"target\":{\"@type\":\"EntryPoint\",\"urlTemplate\":\"https:\/\/instituciones.gtm.sld.cu\/dmsims\/?s={search_term_string}\"},\"query-input\":\"required name=search_term_string\"}],\"inLanguage\":\"es\"},{\"@type\":\"Person\",\"@id\":\"\",\"url\":\"https:\/\/instituciones.gtm.sld.cu\/dmsims\/author\/\"}]}<\/script>\n<!-- \/ Yoast SEO plugin. -->","yoast_head_json":{"title":"D\u00eda Mundial de la Poliomielitis - Policl\u00ednico &quot;Ciro Fr\u00edas Cabrera&quot;","robots":{"index":"index","follow":"follow","max-snippet":"max-snippet:-1","max-image-preview":"max-image-preview:large","max-video-preview":"max-video-preview:-1"},"canonical":"https:\/\/instituciones.gtm.sld.cu\/dmsims\/2019\/10\/24\/propuesta-de-la-bvs-cuba-en-el-dia-mundial-de-la-poliomielitis\/","og_locale":"es_ES","og_type":"article","og_title":"D\u00eda Mundial de la Poliomielitis - Policl\u00ednico &quot;Ciro Fr\u00edas Cabrera&quot;","og_description":"Cada 24 de octubre se realizan campa\u00f1as que pretenden concienciar y ayudar a erradicar la polio en el mundo en el D\u00eda Mundial de la Poliomelitis. La fecha escogida es un tributo y celebraci\u00f3n al nacimiento de Jonas Salk, el investigador estadounidense que hizo posible el desarrollo de la vacuna que logr\u00f3 prevenir esta enfermedad.","og_url":"https:\/\/instituciones.gtm.sld.cu\/dmsims\/2019\/10\/24\/propuesta-de-la-bvs-cuba-en-el-dia-mundial-de-la-poliomielitis\/","og_site_name":"Policl\u00ednico &quot;Ciro Fr\u00edas Cabrera&quot;","article_published_time":"2019-10-24T14:14:56+00:00","article_modified_time":"2019-10-24T14:31:17+00:00","og_image":[{"url":"http:\/\/instituciones.gtm.sld.cu\/dmsims\/wp-content\/uploads\/sites\/16\/2019\/10\/polio-mini.jpg"}],"twitter_card":"summary_large_image","twitter_misc":{"Escrito por":"","Tiempo de lectura":"3 minutos"},"schema":{"@context":"https:\/\/schema.org","@graph":[{"@type":"WebPage","@id":"https:\/\/instituciones.gtm.sld.cu\/dmsims\/2019\/10\/24\/propuesta-de-la-bvs-cuba-en-el-dia-mundial-de-la-poliomielitis\/","url":"https:\/\/instituciones.gtm.sld.cu\/dmsims\/2019\/10\/24\/propuesta-de-la-bvs-cuba-en-el-dia-mundial-de-la-poliomielitis\/","name":"D\u00eda Mundial de la Poliomielitis - Policl\u00ednico &quot;Ciro Fr\u00edas Cabrera&quot;","isPartOf":{"@id":"https:\/\/instituciones.gtm.sld.cu\/dmsims\/#website"},"datePublished":"2019-10-24T14:14:56+00:00","dateModified":"2019-10-24T14:31:17+00:00","author":{"@id":""},"breadcrumb":{"@id":"https:\/\/instituciones.gtm.sld.cu\/dmsims\/2019\/10\/24\/propuesta-de-la-bvs-cuba-en-el-dia-mundial-de-la-poliomielitis\/#breadcrumb"},"inLanguage":"es","potentialAction":[{"@type":"ReadAction","target":["https:\/\/instituciones.gtm.sld.cu\/dmsims\/2019\/10\/24\/propuesta-de-la-bvs-cuba-en-el-dia-mundial-de-la-poliomielitis\/"]}]},{"@type":"BreadcrumbList","@id":"https:\/\/instituciones.gtm.sld.cu\/dmsims\/2019\/10\/24\/propuesta-de-la-bvs-cuba-en-el-dia-mundial-de-la-poliomielitis\/#breadcrumb","itemListElement":[{"@type":"ListItem","position":1,"name":"Portada","item":"https:\/\/instituciones.gtm.sld.cu\/dmsims\/"},{"@type":"ListItem","position":2,"name":"D\u00eda Mundial de la Poliomielitis"}]},{"@type":"WebSite","@id":"https:\/\/instituciones.gtm.sld.cu\/dmsims\/#website","url":"https:\/\/instituciones.gtm.sld.cu\/dmsims\/","name":"Policl\u00ednico &quot;Ciro Fr\u00edas Cabrera&quot;","description":"Policl\u00ednico &quot;Ciro Fr\u00edas Cabrera&quot;","potentialAction":[{"@type":"SearchAction","target":{"@type":"EntryPoint","urlTemplate":"https:\/\/instituciones.gtm.sld.cu\/dmsims\/?s={search_term_string}"},"query-input":"required name=search_term_string"}],"inLanguage":"es"},{"@type":"Person","@id":"","url":"https:\/\/instituciones.gtm.sld.cu\/dmsims\/author\/"}]}},"_links":{"self":[{"href":"https:\/\/instituciones.gtm.sld.cu\/dmsims\/wp-json\/wp\/v2\/posts\/692"}],"collection":[{"href":"https:\/\/instituciones.gtm.sld.cu\/dmsims\/wp-json\/wp\/v2\/posts"}],"about":[{"href":"https:\/\/instituciones.gtm.sld.cu\/dmsims\/wp-json\/wp\/v2\/types\/post"}],"author":[{"embeddable":true,"href":"https:\/\/instituciones.gtm.sld.cu\/dmsims\/wp-json\/wp\/v2\/users\/17"}],"replies":[{"embeddable":true,"href":"https:\/\/instituciones.gtm.sld.cu\/dmsims\/wp-json\/wp\/v2\/comments?post=692"}],"version-history":[{"count":3,"href":"https:\/\/instituciones.gtm.sld.cu\/dmsims\/wp-json\/wp\/v2\/posts\/692\/revisions"}],"predecessor-version":[{"id":703,"href":"https:\/\/instituciones.gtm.sld.cu\/dmsims\/wp-json\/wp\/v2\/posts\/692\/revisions\/703"}],"wp:attachment":[{"href":"https:\/\/instituciones.gtm.sld.cu\/dmsims\/wp-json\/wp\/v2\/media?parent=692"}],"wp:term":[{"taxonomy":"category","embeddable":true,"href":"https:\/\/instituciones.gtm.sld.cu\/dmsims\/wp-json\/wp\/v2\/categories?post=692"},{"taxonomy":"post_tag","embeddable":true,"href":"https:\/\/instituciones.gtm.sld.cu\/dmsims\/wp-json\/wp\/v2\/tags?post=692"}],"curies":[{"name":"wp","href":"https:\/\/api.w.org\/{rel}","templated":true}]}}