{"id":741,"date":"2019-11-07T07:59:51","date_gmt":"2019-11-07T12:59:51","guid":{"rendered":"http:\/\/instituciones.gtm.sld.cu\/dmsims\/?p=741"},"modified":"2019-11-07T08:02:14","modified_gmt":"2019-11-07T13:02:14","slug":"subdireccion-de-higiene-e-epidemiologia","status":"publish","type":"post","link":"https:\/\/instituciones.gtm.sld.cu\/dmsims\/2019\/11\/07\/subdireccion-de-higiene-e-epidemiologia\/","title":{"rendered":"Subdirecci\u00f3n de Higiene e Epidemiolog\u00eda"},"content":{"rendered":"\n<div class=\"wp-block-image\"><figure class=\"alignleft is-resized\"><img decoding=\"async\" loading=\"lazy\" src=\"http:\/\/instituciones.gtm.sld.cu\/dmsims\/wp-content\/uploads\/sites\/16\/2019\/11\/74602849_661961270994775_335330911664996352_o.jpg\" alt=\"\" class=\"wp-image-742\" width=\"116\" height=\"87\" srcset=\"https:\/\/instituciones.gtm.sld.cu\/dmsims\/wp-content\/uploads\/sites\/34\/2019\/11\/74602849_661961270994775_335330911664996352_o.jpg 960w, https:\/\/instituciones.gtm.sld.cu\/dmsims\/wp-content\/uploads\/sites\/34\/2019\/11\/74602849_661961270994775_335330911664996352_o-300x225.jpg 300w, https:\/\/instituciones.gtm.sld.cu\/dmsims\/wp-content\/uploads\/sites\/34\/2019\/11\/74602849_661961270994775_335330911664996352_o-768x576.jpg 768w\" sizes=\"(max-width: 116px) 100vw, 116px\" \/><\/figure><\/div>\n\n\n\n<p>A pesar de las incesantes medidas\nde asfixia e intento de desaliento que impone el inhumano bloqueo de Estados\nUnidos a Cuba, m\u00e9dicos, enfermeras, t\u00e9cnicos y otro personal de salud del\nmunicipio de Im\u00edas, Guant\u00e1namo<\/p>\n\n\n\n<!--more-->\n\n\n\n<p>sale cada d\u00eda con compromiso y entusiasmo a realizar una tarea m\u00e1s dentro de sus funciones: la realizaci\u00f3n de la pesquisa activa.La misma tiene como objetivo; detectar y eliminar riesgos que favorezcan la aparici\u00f3n de mosquitos, dar charlas educativas de promoci\u00f3n de salud para aumentar el nivel de percepci\u00f3n de riesgo en la poblaci\u00f3n para lograr que ante los s\u00edntomas explicados; asistan de manera urgente al m\u00e9dico, adem\u00e1s; que se sensibilicen con la noble tarea ya que sin su total apoyo, no valdr\u00e1 de nada todo el esfuerzo que hace el pa\u00eds por preservar la salud del pueblo.<\/p>\n\n\n\n<ul class=\"wp-block-gallery columns-2 is-cropped wp-block-gallery-1 is-layout-flex\"><li class=\"blocks-gallery-item\"><figure><img decoding=\"async\" loading=\"lazy\" width=\"960\" height=\"720\" src=\"http:\/\/instituciones.gtm.sld.cu\/dmsims\/wp-content\/uploads\/sites\/16\/2019\/11\/75339620_661961794328056_9072224879213805568_o.jpg\" alt=\"\" data-id=\"743\" class=\"wp-image-743\" srcset=\"https:\/\/instituciones.gtm.sld.cu\/dmsims\/wp-content\/uploads\/sites\/34\/2019\/11\/75339620_661961794328056_9072224879213805568_o.jpg 960w, https:\/\/instituciones.gtm.sld.cu\/dmsims\/wp-content\/uploads\/sites\/34\/2019\/11\/75339620_661961794328056_9072224879213805568_o-300x225.jpg 300w, https:\/\/instituciones.gtm.sld.cu\/dmsims\/wp-content\/uploads\/sites\/34\/2019\/11\/75339620_661961794328056_9072224879213805568_o-768x576.jpg 768w\" sizes=\"(max-width: 960px) 100vw, 960px\" \/><\/figure><\/li><li class=\"blocks-gallery-item\"><figure><img decoding=\"async\" loading=\"lazy\" width=\"960\" height=\"720\" src=\"http:\/\/instituciones.gtm.sld.cu\/dmsims\/wp-content\/uploads\/sites\/16\/2019\/11\/75264918_661962667661302_14873334307094528_o-1.jpg\" alt=\"\" data-id=\"745\" data-link=\"http:\/\/instituciones.gtm.sld.cu\/dmsims\/?attachment_id=745\" class=\"wp-image-745\" srcset=\"https:\/\/instituciones.gtm.sld.cu\/dmsims\/wp-content\/uploads\/sites\/34\/2019\/11\/75264918_661962667661302_14873334307094528_o-1.jpg 960w, https:\/\/instituciones.gtm.sld.cu\/dmsims\/wp-content\/uploads\/sites\/34\/2019\/11\/75264918_661962667661302_14873334307094528_o-1-300x225.jpg 300w, https:\/\/instituciones.gtm.sld.cu\/dmsims\/wp-content\/uploads\/sites\/34\/2019\/11\/75264918_661962667661302_14873334307094528_o-1-768x576.jpg 768w\" sizes=\"(max-width: 960px) 100vw, 960px\" \/><\/figure><\/li><\/ul>\n\n\n\n<p>Fuente:Subdirecci\u00f3n de Higiene.  <\/p>\n","protected":false},"excerpt":{"rendered":"<p>A pesar de las incesantes medidas de asfixia e intento de desaliento que impone el inhumano bloqueo de Estados Unidos a Cuba, m\u00e9dicos, enfermeras, t\u00e9cnicos y otro personal de salud del municipio de Im\u00edas, Guant\u00e1namo<\/p><p><a class=\"more-link btn\" href=\"https:\/\/instituciones.gtm.sld.cu\/dmsims\/2019\/11\/07\/subdireccion-de-higiene-e-epidemiologia\/\">Seguir leyendo<\/a><\/p>\n","protected":false},"author":17,"featured_media":0,"comment_status":"open","ping_status":"open","sticky":false,"template":"","format":"standard","meta":{"ngg_post_thumbnail":0},"categories":[11],"tags":[],"yoast_head":"<!-- This site is optimized with the Yoast SEO plugin v21.8 - https:\/\/yoast.com\/wordpress\/plugins\/seo\/ -->\n<title>Subdirecci\u00f3n de Higiene e Epidemiolog\u00eda - Policl\u00ednico &quot;Ciro Fr\u00edas Cabrera&quot;<\/title>\n<meta name=\"robots\" content=\"index, follow, max-snippet:-1, max-image-preview:large, max-video-preview:-1\" \/>\n<link rel=\"canonical\" href=\"https:\/\/instituciones.gtm.sld.cu\/dmsims\/2019\/11\/07\/subdireccion-de-higiene-e-epidemiologia\/\" \/>\n<meta property=\"og:locale\" content=\"es_ES\" \/>\n<meta property=\"og:type\" content=\"article\" \/>\n<meta property=\"og:title\" content=\"Subdirecci\u00f3n de Higiene e Epidemiolog\u00eda - Policl\u00ednico &quot;Ciro Fr\u00edas Cabrera&quot;\" \/>\n<meta property=\"og:description\" content=\"A pesar de las incesantes medidas de asfixia e intento de desaliento que impone el inhumano bloqueo de Estados Unidos a Cuba, m\u00e9dicos, enfermeras, t\u00e9cnicos y otro personal de salud del municipio de Im\u00edas, Guant\u00e1namo\" \/>\n<meta property=\"og:url\" content=\"https:\/\/instituciones.gtm.sld.cu\/dmsims\/2019\/11\/07\/subdireccion-de-higiene-e-epidemiologia\/\" \/>\n<meta property=\"og:site_name\" content=\"Policl\u00ednico &quot;Ciro Fr\u00edas Cabrera&quot;\" \/>\n<meta property=\"article:published_time\" content=\"2019-11-07T12:59:51+00:00\" \/>\n<meta property=\"article:modified_time\" content=\"2019-11-07T13:02:14+00:00\" \/>\n<meta property=\"og:image\" content=\"http:\/\/instituciones.gtm.sld.cu\/dmsims\/wp-content\/uploads\/sites\/16\/2019\/11\/74602849_661961270994775_335330911664996352_o.jpg\" \/>\n<meta name=\"twitter:card\" content=\"summary_large_image\" \/>\n<meta name=\"twitter:label1\" content=\"Escrito por\" \/>\n\t<meta name=\"twitter:data1\" content=\"\" \/>\n\t<meta name=\"twitter:label2\" content=\"Tiempo de lectura\" \/>\n\t<meta name=\"twitter:data2\" content=\"1 minuto\" \/>\n<script type=\"application\/ld+json\" class=\"yoast-schema-graph\">{\"@context\":\"https:\/\/schema.org\",\"@graph\":[{\"@type\":\"WebPage\",\"@id\":\"https:\/\/instituciones.gtm.sld.cu\/dmsims\/2019\/11\/07\/subdireccion-de-higiene-e-epidemiologia\/\",\"url\":\"https:\/\/instituciones.gtm.sld.cu\/dmsims\/2019\/11\/07\/subdireccion-de-higiene-e-epidemiologia\/\",\"name\":\"Subdirecci\u00f3n de Higiene e Epidemiolog\u00eda - Policl\u00ednico &quot;Ciro Fr\u00edas Cabrera&quot;\",\"isPartOf\":{\"@id\":\"https:\/\/instituciones.gtm.sld.cu\/dmsims\/#website\"},\"datePublished\":\"2019-11-07T12:59:51+00:00\",\"dateModified\":\"2019-11-07T13:02:14+00:00\",\"author\":{\"@id\":\"\"},\"breadcrumb\":{\"@id\":\"https:\/\/instituciones.gtm.sld.cu\/dmsims\/2019\/11\/07\/subdireccion-de-higiene-e-epidemiologia\/#breadcrumb\"},\"inLanguage\":\"es\",\"potentialAction\":[{\"@type\":\"ReadAction\",\"target\":[\"https:\/\/instituciones.gtm.sld.cu\/dmsims\/2019\/11\/07\/subdireccion-de-higiene-e-epidemiologia\/\"]}]},{\"@type\":\"BreadcrumbList\",\"@id\":\"https:\/\/instituciones.gtm.sld.cu\/dmsims\/2019\/11\/07\/subdireccion-de-higiene-e-epidemiologia\/#breadcrumb\",\"itemListElement\":[{\"@type\":\"ListItem\",\"position\":1,\"name\":\"Portada\",\"item\":\"https:\/\/instituciones.gtm.sld.cu\/dmsims\/\"},{\"@type\":\"ListItem\",\"position\":2,\"name\":\"Subdirecci\u00f3n de Higiene e Epidemiolog\u00eda\"}]},{\"@type\":\"WebSite\",\"@id\":\"https:\/\/instituciones.gtm.sld.cu\/dmsims\/#website\",\"url\":\"https:\/\/instituciones.gtm.sld.cu\/dmsims\/\",\"name\":\"Policl\u00ednico &quot;Ciro Fr\u00edas Cabrera&quot;\",\"description\":\"Policl\u00ednico &quot;Ciro Fr\u00edas Cabrera&quot;\",\"potentialAction\":[{\"@type\":\"SearchAction\",\"target\":{\"@type\":\"EntryPoint\",\"urlTemplate\":\"https:\/\/instituciones.gtm.sld.cu\/dmsims\/?s={search_term_string}\"},\"query-input\":\"required name=search_term_string\"}],\"inLanguage\":\"es\"},{\"@type\":\"Person\",\"@id\":\"\",\"url\":\"https:\/\/instituciones.gtm.sld.cu\/dmsims\/author\/\"}]}<\/script>\n<!-- \/ Yoast SEO plugin. -->","yoast_head_json":{"title":"Subdirecci\u00f3n de Higiene e Epidemiolog\u00eda - Policl\u00ednico &quot;Ciro Fr\u00edas Cabrera&quot;","robots":{"index":"index","follow":"follow","max-snippet":"max-snippet:-1","max-image-preview":"max-image-preview:large","max-video-preview":"max-video-preview:-1"},"canonical":"https:\/\/instituciones.gtm.sld.cu\/dmsims\/2019\/11\/07\/subdireccion-de-higiene-e-epidemiologia\/","og_locale":"es_ES","og_type":"article","og_title":"Subdirecci\u00f3n de Higiene e Epidemiolog\u00eda - Policl\u00ednico &quot;Ciro Fr\u00edas Cabrera&quot;","og_description":"A pesar de las incesantes medidas de asfixia e intento de desaliento que impone el inhumano bloqueo de Estados Unidos a Cuba, m\u00e9dicos, enfermeras, t\u00e9cnicos y otro personal de salud del municipio de Im\u00edas, Guant\u00e1namo","og_url":"https:\/\/instituciones.gtm.sld.cu\/dmsims\/2019\/11\/07\/subdireccion-de-higiene-e-epidemiologia\/","og_site_name":"Policl\u00ednico &quot;Ciro Fr\u00edas Cabrera&quot;","article_published_time":"2019-11-07T12:59:51+00:00","article_modified_time":"2019-11-07T13:02:14+00:00","og_image":[{"url":"http:\/\/instituciones.gtm.sld.cu\/dmsims\/wp-content\/uploads\/sites\/16\/2019\/11\/74602849_661961270994775_335330911664996352_o.jpg"}],"twitter_card":"summary_large_image","twitter_misc":{"Escrito por":"","Tiempo de lectura":"1 minuto"},"schema":{"@context":"https:\/\/schema.org","@graph":[{"@type":"WebPage","@id":"https:\/\/instituciones.gtm.sld.cu\/dmsims\/2019\/11\/07\/subdireccion-de-higiene-e-epidemiologia\/","url":"https:\/\/instituciones.gtm.sld.cu\/dmsims\/2019\/11\/07\/subdireccion-de-higiene-e-epidemiologia\/","name":"Subdirecci\u00f3n de Higiene e Epidemiolog\u00eda - Policl\u00ednico &quot;Ciro Fr\u00edas Cabrera&quot;","isPartOf":{"@id":"https:\/\/instituciones.gtm.sld.cu\/dmsims\/#website"},"datePublished":"2019-11-07T12:59:51+00:00","dateModified":"2019-11-07T13:02:14+00:00","author":{"@id":""},"breadcrumb":{"@id":"https:\/\/instituciones.gtm.sld.cu\/dmsims\/2019\/11\/07\/subdireccion-de-higiene-e-epidemiologia\/#breadcrumb"},"inLanguage":"es","potentialAction":[{"@type":"ReadAction","target":["https:\/\/instituciones.gtm.sld.cu\/dmsims\/2019\/11\/07\/subdireccion-de-higiene-e-epidemiologia\/"]}]},{"@type":"BreadcrumbList","@id":"https:\/\/instituciones.gtm.sld.cu\/dmsims\/2019\/11\/07\/subdireccion-de-higiene-e-epidemiologia\/#breadcrumb","itemListElement":[{"@type":"ListItem","position":1,"name":"Portada","item":"https:\/\/instituciones.gtm.sld.cu\/dmsims\/"},{"@type":"ListItem","position":2,"name":"Subdirecci\u00f3n de Higiene e Epidemiolog\u00eda"}]},{"@type":"WebSite","@id":"https:\/\/instituciones.gtm.sld.cu\/dmsims\/#website","url":"https:\/\/instituciones.gtm.sld.cu\/dmsims\/","name":"Policl\u00ednico &quot;Ciro Fr\u00edas Cabrera&quot;","description":"Policl\u00ednico &quot;Ciro Fr\u00edas Cabrera&quot;","potentialAction":[{"@type":"SearchAction","target":{"@type":"EntryPoint","urlTemplate":"https:\/\/instituciones.gtm.sld.cu\/dmsims\/?s={search_term_string}"},"query-input":"required name=search_term_string"}],"inLanguage":"es"},{"@type":"Person","@id":"","url":"https:\/\/instituciones.gtm.sld.cu\/dmsims\/author\/"}]}},"_links":{"self":[{"href":"https:\/\/instituciones.gtm.sld.cu\/dmsims\/wp-json\/wp\/v2\/posts\/741"}],"collection":[{"href":"https:\/\/instituciones.gtm.sld.cu\/dmsims\/wp-json\/wp\/v2\/posts"}],"about":[{"href":"https:\/\/instituciones.gtm.sld.cu\/dmsims\/wp-json\/wp\/v2\/types\/post"}],"author":[{"embeddable":true,"href":"https:\/\/instituciones.gtm.sld.cu\/dmsims\/wp-json\/wp\/v2\/users\/17"}],"replies":[{"embeddable":true,"href":"https:\/\/instituciones.gtm.sld.cu\/dmsims\/wp-json\/wp\/v2\/comments?post=741"}],"version-history":[{"count":2,"href":"https:\/\/instituciones.gtm.sld.cu\/dmsims\/wp-json\/wp\/v2\/posts\/741\/revisions"}],"predecessor-version":[{"id":747,"href":"https:\/\/instituciones.gtm.sld.cu\/dmsims\/wp-json\/wp\/v2\/posts\/741\/revisions\/747"}],"wp:attachment":[{"href":"https:\/\/instituciones.gtm.sld.cu\/dmsims\/wp-json\/wp\/v2\/media?parent=741"}],"wp:term":[{"taxonomy":"category","embeddable":true,"href":"https:\/\/instituciones.gtm.sld.cu\/dmsims\/wp-json\/wp\/v2\/categories?post=741"},{"taxonomy":"post_tag","embeddable":true,"href":"https:\/\/instituciones.gtm.sld.cu\/dmsims\/wp-json\/wp\/v2\/tags?post=741"}],"curies":[{"name":"wp","href":"https:\/\/api.w.org\/{rel}","templated":true}]}}