{"id":759,"date":"2019-12-06T11:01:43","date_gmt":"2019-12-06T16:01:43","guid":{"rendered":"http:\/\/instituciones.gtm.sld.cu\/dmsims\/?p=759"},"modified":"2019-12-06T11:03:25","modified_gmt":"2019-12-06T16:03:25","slug":"la-cruzada-de-estados-unidos-contra-la-cooperacion-medica-internacional-de-cuba","status":"publish","type":"post","link":"https:\/\/instituciones.gtm.sld.cu\/dmsims\/2019\/12\/06\/la-cruzada-de-estados-unidos-contra-la-cooperacion-medica-internacional-de-cuba\/","title":{"rendered":"La cruzada de Estados Unidos contra la cooperaci\u00f3n m\u00e9dica internacional de Cuba"},"content":{"rendered":"\n<div class=\"wp-block-image\"><figure class=\"alignleft\"><img decoding=\"async\" loading=\"lazy\" width=\"63\" height=\"84\" src=\"http:\/\/instituciones.gtm.sld.cu\/dmsims\/wp-content\/uploads\/sites\/16\/2019\/12\/medicos-colaboracion-mini.jpg\" alt=\"\" class=\"wp-image-761\" \/><\/figure><\/div>\n\n\n\n<p>Dirigida detalladamente desde el Consejo de Seguridad Nacional de la Casa Blanca, cuenta con la activa participaci\u00f3n de senadores y congresistas asociados a la mafia anticubana de la Florida y de fren\u00e9ticos funcionarios del Departamento de Estado.<\/p>\n\n\n\n<!--more-->\n\n\n\n<figure class=\"wp-block-image\"><img decoding=\"async\" loading=\"lazy\" width=\"980\" height=\"450\" src=\"http:\/\/instituciones.gtm.sld.cu\/dmsims\/wp-content\/uploads\/sites\/16\/2019\/12\/Dise\u00f1o-sin-t\u00edtulo3-1.png\" alt=\"\" class=\"wp-image-763\" srcset=\"https:\/\/instituciones.gtm.sld.cu\/dmsims\/wp-content\/uploads\/sites\/34\/2019\/12\/Dise\u00f1o-sin-t\u00edtulo3-1.png 980w, https:\/\/instituciones.gtm.sld.cu\/dmsims\/wp-content\/uploads\/sites\/34\/2019\/12\/Dise\u00f1o-sin-t\u00edtulo3-1-300x138.png 300w, https:\/\/instituciones.gtm.sld.cu\/dmsims\/wp-content\/uploads\/sites\/34\/2019\/12\/Dise\u00f1o-sin-t\u00edtulo3-1-768x353.png 768w\" sizes=\"(max-width: 980px) 100vw, 980px\" \/><\/figure>\n\n\n\n<p>Como se alert\u00f3 en la Declaraci\u00f3n del MINREX del\n29 de agosto de 2019, el gobierno de los Estados Unidos ha desplegado, desde el\na\u00f1o pasado, una intensa e injuriosa campa\u00f1a contra la colaboraci\u00f3n m\u00e9dica que\nCuba ofrece, combinada con la amenaza de sanciones a dirigentes cubanos y\npresiones contra los Estados receptores para que prescindan de ella.<\/p>\n\n\n\n<p>Dirigida detalladamente desde el Consejo de\nSeguridad Nacional de la Casa Blanca, cuenta con la activa participaci\u00f3n de\nsenadores y congresistas asociados a la mafia anticubana de la Florida y de\nfren\u00e9ticos funcionarios del Departamento de Estado.<\/p>\n\n\n\n<p>Acusan a Cuba de supuesta \u201cesclavitud moderna\u201d y\n\u201ctrata de personas\u201d que laboran en el sistema de salud cubano, con fines de\nexplotaci\u00f3n, o de alegada injerencia de estos en asuntos internos de los\nEstados en que est\u00e1n ubicados.<\/p>\n\n\n\n<p>Intentan adem\u00e1s restablecer el llamado \u201cPrograma\nde Parole para Profesionales M\u00e9dicos Cubanos\u201d, existente hasta el 12 de enero\nde 2017, como sustento de una activa gesti\u00f3n de incitaci\u00f3n a la deserci\u00f3n, pago\nde pasajes y servicios legales, provisi\u00f3n de visas estadounidenses y documentos\nde viaje a cooperantes en terceros pa\u00edses con el prop\u00f3sito de sabotear los\nacuerdos bilaterales firmados con estos, privarlos de sus servicios y\ndespojarnos de recursos humanos altamente calificados.<\/p>\n\n\n\n<p>En mayo de 2019, el Secretario General de la\nOrganizaci\u00f3n de Estados Americanos organiz\u00f3 una Conferencia en la sede de dicha\norganizaci\u00f3n sobre los supuestos cr\u00edmenes de lesa humanidad cometidos por Cuba,\nen relaci\u00f3n con la cooperaci\u00f3n m\u00e9dica cubana en el exterior.<\/p>\n\n\n\n<p>En junio, el Departamento de Estado, en su\nInforme sobre la Trata de Personas 2019, denigr\u00f3 la cooperaci\u00f3n m\u00e9dica\ninternacional de Cuba y, un mes despu\u00e9s, impuso sanciones de restricci\u00f3n de\nvisas a funcionarios cubanos vinculados con las misiones m\u00e9dicas.<br>\n&nbsp;<br>\nDespu\u00e9s, la Agencia para el Desarrollo Internacional (USAID), instituci\u00f3n\nestadounidense que aporta fondos para los programas de subversi\u00f3n contra el\nGobierno de Cuba, destin\u00f3 3 millones de d\u00f3lares para proyectos dirigidos contra\nlas brigadas m\u00e9dicas de Cuba en el exterior.<\/p>\n\n\n\n<p>La persecuci\u00f3n de Estados Unidos se inici\u00f3 por\nAm\u00e9rica Latina y ha forzado el cese de los programas de cooperaci\u00f3n en Brasil,\nEcuador y Bolivia.<br>\n&nbsp;<br>\nEl fascista y servil Presidente brasile\u00f1o Jair Bolsonaro denigr\u00f3 y expuls\u00f3\nfactualmente a nuestros m\u00e9dicos especialistas quienes, al amparo de un acuerdo\ntripartito con la Organizaci\u00f3n Panamericana de la Salud, desde agosto de 2013\nhasta noviembre de 2018, atendieron a 113 millones 359 mil pacientes, en m\u00e1s de\n3 mil 600 municipios y dieron cobertura permanente a 60 millones de brasile\u00f1os.<\/p>\n\n\n\n<p>En nuestro pa\u00eds, 1214 estudiantes brasile\u00f1os se\ngraduaron de medicina.<\/p>\n\n\n\n<p>Esa decisi\u00f3n le permiti\u00f3 mostrarse complaciente\ncon el gobierno norteamericano y desmontar un programa dirigido a familias de\nbajos ingresos, dentro de una pol\u00edtica brutal de reversi\u00f3n de conquistas\nsociales alcanzadas durante los gobiernos progresistas del Partido de los\nTrabajadores.<\/p>\n\n\n\n<p>Altos funcionarios de los Estados Unidos han\nusado la calumnia de que las brigadas m\u00e9dicas cubanas en la Rep\u00fablica\nBolivariana de Venezuela son tropas militares, lo que Bolsonaro repiti\u00f3 como un\npapagayo, en septiembre de 2019, durante su discurso en la Asamblea General de\nNaciones Unidas, triplicando de manera rid\u00edcula, por maldad o ignorancia, la\ncifra mentirosa e infundada, utilizada por Washington.<\/p>\n\n\n\n<p>Funcionarios del Departamento de Estado, de la\nAgencia para el Desarrollo Internacional (USAID) y de Embajadas estadounidenses\nhan acudido a autoridades nacionales, como en Guatemala, para inquirir de forma\nperentoria y sospechosa, datos precisos de la cooperaci\u00f3n m\u00e9dica cubana con el\nobjetivo de encontrar la manera de eliminarla.<\/p>\n\n\n\n<p>En mayo de 2019, la Embajada de Estados Unidos en\nEcuador reclam\u00f3 a altos funcionarios del gobierno informaci\u00f3n detallada sobre\nlos convenios y los servicios de los cooperantes cubanos. Cinco meses despu\u00e9s,\nel gobierno ecuatoriano los dio por terminados, de forma inmediata pese a su\ninminente expiraci\u00f3n, alegando razones econ\u00f3micas.<\/p>\n\n\n\n<p>Desde el inicio de la colaboraci\u00f3n m\u00e9dica en este\npa\u00eds, brindaron sus servicios un total de 3 mil 565 profesionales de la salud\ncubana. Se realizaron 6 millones 749 mil 666 consultas m\u00e9dicas, 212 mil 360\nintervenciones quir\u00fargicas, se asistieron 3 mil 548 partos y se aplicaron 100\nmil 84 dosis de vacunaci\u00f3n. Participaron en la \u201cOperaci\u00f3n Milagro\u201d 153\ncolaboradores, programa mediante el cual se realizaron 168 mil 543\nintervenciones quir\u00fargicas. Como resultado de la Misi\u00f3n Solidaria \u201cManuela\nEspejo\u201d, fueron atendidas 825 mil 576 personas, de ellas 35 mil 257 en\nconsultas especializadas de neurofisiolog\u00eda y otorrinolaringolog\u00eda y a 21 mil\n62 pacientes se les hicieron estudios de gen\u00e9tica cl\u00ednica.<\/p>\n\n\n\n<p>Tambi\u00e9n, terminaron sus estudios en Cuba, 2093\nj\u00f3venes ecuatorianos.<\/p>\n\n\n\n<p>En octubre, el Ministerio de Relaciones\nExteriores del Ecuador solicit\u00f3 conocer el prop\u00f3sito del viaje a ese pa\u00eds de\nuna lista de ciudadanos cubanos portadores de pasaportes diplom\u00e1ticos y\noficiales. Luego, la Ministra de Gobierno declar\u00f3 injuriosamente que varios\ncubanos, asociados a los convenios de cooperaci\u00f3n, participaron en las\nprotestas que el pueblo ecuatoriano protagoniz\u00f3 contra la aplicaci\u00f3n de medidas\nneoliberales en ese periodo.<\/p>\n\n\n\n<p>Como se ha comprobado, ning\u00fan cubano fue\nparticipante u organizador de esas masivas manifestaciones populares y ni un\nsolo pasaporte oficial o diplom\u00e1tico fue indebidamente utilizado.&nbsp; Los\nmanipuladores no han podido presentar una sola evidencia.<\/p>\n\n\n\n<p>El Estado cubano expide los pasaportes\ndiplom\u00e1ticos, oficiales y de servicio, en correspondencia con lo establecido en\nla Convenci\u00f3n de Viena sobre Relaciones Diplom\u00e1ticas y Consulares, y garantiza\nque los titulares cumplan con lo establecido para el uso adecuado de los\nmismos.<\/p>\n\n\n\n<p>Durante el golpe de estado en Bolivia, la&nbsp;\nEmbajada de Estados Unidos en La Paz instig\u00f3, condujo y particip\u00f3 directamente\nen acciones hostiles de fuerzas policiales y, sorprendentemente de bomberos,\ncontra los cooperantes cubanos. Como se denunci\u00f3 p\u00fablicamente, funcionarios\nnorteamericanos participaron directamente en dichos actos, utilizando el auto\ndiplom\u00e1tico estadounidense con matr\u00edcula 28 CD-17.<\/p>\n\n\n\n<p>En esos d\u00edas, se produjeron 26 incidentes graves\ncontra nuestros cooperantes, incluida la golpeadura de dos de ellos; la\nincitaci\u00f3n p\u00fablica de autoridades golpistas a&nbsp; la violencia; registros\nbrutales a sus personas, pertenencias y domicilios; acusaciones falsas, la\ndetenci\u00f3n temporal arbitraria de 50 colaboradores de la salud, 4 de ellos por\nvarios d\u00edas.<\/p>\n\n\n\n<p>Ante esta situaci\u00f3n, el gobierno cubano se vio\nobligado a proceder al retorno inmediato de nuestro personal y rechaz\u00f3\ncontundentemente las declaraciones mentirosas del llamado Ministro de Salud\ngolpista que exagera descaradamente el monto de los estipendios de los\nespecialistas m\u00e9dicos cubanos, en realidad inferior al de los m\u00e9dicos generales\nbolivianos; y oculta que Cuba no recibi\u00f3 un centavo de beneficio de esta\ncooperaci\u00f3n.<\/p>\n\n\n\n<p>La Brigada M\u00e9dica Cubana en Bolivia, integrada\npor un 54% de mujeres, estaba compuesta por 406 m\u00e9dicos de 32 especialidades\ncomo Medicina General Integral, Pediatr\u00eda, Medicina Interna, Ginecolog\u00eda y\nObstetricia, Anestesiolog\u00eda y Reanimaci\u00f3n, Oftalmolog\u00eda, Cirug\u00eda General,\nOrtopedia y Traumatolog\u00eda, Medicina Intensiva y Emergencia, Neonatolog\u00eda, entre\notras. Igualmente desplegaban una destacada labor, 258 licenciados en\ntecnolog\u00edas de la salud como imagenolog\u00eda, endoscopia, electromedicina,\nlaboratoristas cl\u00ednicos, rehabilitadores y enfermer\u00eda.<\/p>\n\n\n\n<p>En estos a\u00f1os de trabajo, ofrecieron 73 millones\n330 mil 447 consultas y realizaron 1 mill\u00f3n 529 301 intervenciones quir\u00fargicas.\nAsistieron 60 mil 640 partos, aplicaron 22 mil 221 vacunas y realizaron 508 mil\n403 cirug\u00edas oftalmol\u00f3gicas.<\/p>\n\n\n\n<p>En las universidades cubanas, se han graduado\n5184 m\u00e9dicos bolivianos.<\/p>\n\n\n\n<p>La persecuci\u00f3n y b\u00fasqueda de informaci\u00f3n ha\nincluido intentos de interrogar al personal cubano por \u201cdiplom\u00e1ticos\u201d de\nEstados Unidos en los propios centros de salud donde este labora en el\nexterior, incluso en \u00c1frica Norte y Medio Oriente.<\/p>\n\n\n\n<p>Es inmoral e inaceptable que se cuestione la\ndignidad, la profesionalidad y el altruismo de los m\u00e1s de 400 mil colaboradores\ncubanos de la salud que, en 56 a\u00f1os, han cumplido misiones en 164 naciones.<\/p>\n\n\n\n<p>Se destacan sus haza\u00f1as en la lucha contra el\n\u00e9bola en \u00c1frica, la ceguera en Am\u00e9rica Latina y el Caribe, el c\u00f3lera en Hait\u00ed y\nla participaci\u00f3n de 26 brigadas del Contingente Internacional de M\u00e9dicos\nEspecializados en Desastres y Grandes Epidemias \u201cHenry Reeve\u201d en Pakist\u00e1n, Indonesia,\nM\u00e9xico, Ecuador, Per\u00fa, Chile y Venezuela, entre otros.<\/p>\n\n\n\n<p>Con el mismo desinter\u00e9s y consagraci\u00f3n, en Cuba\nse han formado de manera gratuita 35 mil 613 profesionales de la salud de 138\npa\u00edses.<\/p>\n\n\n\n<p>En el caso de las naciones con condiciones\necon\u00f3micas m\u00e1s desfavorables, Cuba asume pr\u00e1cticamente los gastos de la\ncolaboraci\u00f3n. De igual modo y en l\u00ednea con las concepciones de las Naciones\nUnidas sobre la cooperaci\u00f3n entre pa\u00edses en desarrollo, esta se ofrece en otras\nnaciones sobre la base de la complementariedad y la compensaci\u00f3n parcial por\nlos servicios prestados.<\/p>\n\n\n\n<p>Los t\u00e9cnicos y profesionales cubanos que\nparticipan en esos programas lo hacen absolutamente de manera libre y\nvoluntaria. Durante el cumplimiento de su misi\u00f3n, contin\u00faan recibiendo\n\u00edntegramente su salario en Cuba y disponen, adem\u00e1s, de un estipendio en el pa\u00eds\nde destino, junto a otras prestaciones.<\/p>\n\n\n\n<p>Cuando Cuba recibe compensaci\u00f3n por la\ncooperaci\u00f3n prestada, esos colaboradores tienen el m\u00e9rito de brindar un aporte\njusto y totalmente leg\u00edtimo para el financiamiento, la sostenibilidad y el\ndesarrollo del sistema de salud masivo y gratuito, accesible a todos los\ncubanos, as\u00ed como para los programas de cooperaci\u00f3n que se despliegan, sin\nning\u00fan pago a nuestro pa\u00eds, en muchas partes del mundo.<\/p>\n\n\n\n<p>Conforme declaramos el pasado 29 de agosto, el\nacceso a la salud es un derecho humano. La cruzada de los Estados Unidos contra\nla cooperaci\u00f3n m\u00e9dica internacional es un acto infame y criminal contra los\npueblos necesitados de asistencia m\u00e9dica, que no podr\u00e1 opacar el aporte\nsolidario y humano de los 29 mil profesionales de la salud cubanos, quienes con\nenorme sacrificio y comprensi\u00f3n de sus familiares, ofrecen servicios\nactualmente a 65 naciones.<\/p>\n\n\n\n<p>La actitud del Gobierno de Estados Unidos en este\nasunto es despreciable. La respuesta de Cuba es firme: continuaremos salvando\nvidas y procurando la salud y el bienestar por el mundo, al l\u00edmite de nuestras\nposibilidades, donde quiera que se nos solicite. &nbsp;<\/p>\n\n\n\n<p>La Habana, 5 de diciembre de 2019.<\/p>\n\n\n\n<p>Fuente: MINSAP<\/p>\n","protected":false},"excerpt":{"rendered":"<p>Dirigida detalladamente desde el Consejo de Seguridad Nacional de la Casa Blanca, cuenta con la activa participaci\u00f3n de senadores y congresistas asociados a la mafia anticubana de la Florida y de fren\u00e9ticos funcionarios del Departamento de Estado.<\/p><p><a class=\"more-link btn\" href=\"https:\/\/instituciones.gtm.sld.cu\/dmsims\/2019\/12\/06\/la-cruzada-de-estados-unidos-contra-la-cooperacion-medica-internacional-de-cuba\/\">Seguir leyendo<\/a><\/p>\n","protected":false},"author":17,"featured_media":0,"comment_status":"open","ping_status":"open","sticky":false,"template":"","format":"standard","meta":{"ngg_post_thumbnail":0},"categories":[1],"tags":[],"yoast_head":"<!-- This site is optimized with the Yoast SEO plugin v21.8 - https:\/\/yoast.com\/wordpress\/plugins\/seo\/ -->\n<title>La cruzada de Estados Unidos contra la cooperaci\u00f3n m\u00e9dica internacional de Cuba - Policl\u00ednico &quot;Ciro Fr\u00edas Cabrera&quot;<\/title>\n<meta name=\"robots\" content=\"index, follow, max-snippet:-1, max-image-preview:large, max-video-preview:-1\" \/>\n<link rel=\"canonical\" href=\"https:\/\/instituciones.gtm.sld.cu\/dmsims\/2019\/12\/06\/la-cruzada-de-estados-unidos-contra-la-cooperacion-medica-internacional-de-cuba\/\" \/>\n<meta property=\"og:locale\" content=\"es_ES\" \/>\n<meta property=\"og:type\" content=\"article\" \/>\n<meta property=\"og:title\" content=\"La cruzada de Estados Unidos contra la cooperaci\u00f3n m\u00e9dica internacional de Cuba - Policl\u00ednico &quot;Ciro Fr\u00edas Cabrera&quot;\" \/>\n<meta property=\"og:description\" content=\"Dirigida detalladamente desde el Consejo de Seguridad Nacional de la Casa Blanca, cuenta con la activa participaci\u00f3n de senadores y congresistas asociados a la mafia anticubana de la Florida y de fren\u00e9ticos funcionarios del Departamento de Estado.\" \/>\n<meta property=\"og:url\" content=\"https:\/\/instituciones.gtm.sld.cu\/dmsims\/2019\/12\/06\/la-cruzada-de-estados-unidos-contra-la-cooperacion-medica-internacional-de-cuba\/\" \/>\n<meta property=\"og:site_name\" content=\"Policl\u00ednico &quot;Ciro Fr\u00edas Cabrera&quot;\" \/>\n<meta property=\"article:published_time\" content=\"2019-12-06T16:01:43+00:00\" \/>\n<meta property=\"article:modified_time\" content=\"2019-12-06T16:03:25+00:00\" \/>\n<meta property=\"og:image\" content=\"http:\/\/instituciones.gtm.sld.cu\/dmsims\/wp-content\/uploads\/sites\/16\/2019\/12\/medicos-colaboracion-mini.jpg\" \/>\n<meta name=\"twitter:card\" content=\"summary_large_image\" \/>\n<meta name=\"twitter:label1\" content=\"Escrito por\" \/>\n\t<meta name=\"twitter:data1\" content=\"\" \/>\n\t<meta name=\"twitter:label2\" content=\"Tiempo de lectura\" \/>\n\t<meta name=\"twitter:data2\" content=\"9 minutos\" \/>\n<script type=\"application\/ld+json\" class=\"yoast-schema-graph\">{\"@context\":\"https:\/\/schema.org\",\"@graph\":[{\"@type\":\"WebPage\",\"@id\":\"https:\/\/instituciones.gtm.sld.cu\/dmsims\/2019\/12\/06\/la-cruzada-de-estados-unidos-contra-la-cooperacion-medica-internacional-de-cuba\/\",\"url\":\"https:\/\/instituciones.gtm.sld.cu\/dmsims\/2019\/12\/06\/la-cruzada-de-estados-unidos-contra-la-cooperacion-medica-internacional-de-cuba\/\",\"name\":\"La cruzada de Estados Unidos contra la cooperaci\u00f3n m\u00e9dica internacional de Cuba - Policl\u00ednico &quot;Ciro Fr\u00edas Cabrera&quot;\",\"isPartOf\":{\"@id\":\"https:\/\/instituciones.gtm.sld.cu\/dmsims\/#website\"},\"datePublished\":\"2019-12-06T16:01:43+00:00\",\"dateModified\":\"2019-12-06T16:03:25+00:00\",\"author\":{\"@id\":\"\"},\"breadcrumb\":{\"@id\":\"https:\/\/instituciones.gtm.sld.cu\/dmsims\/2019\/12\/06\/la-cruzada-de-estados-unidos-contra-la-cooperacion-medica-internacional-de-cuba\/#breadcrumb\"},\"inLanguage\":\"es\",\"potentialAction\":[{\"@type\":\"ReadAction\",\"target\":[\"https:\/\/instituciones.gtm.sld.cu\/dmsims\/2019\/12\/06\/la-cruzada-de-estados-unidos-contra-la-cooperacion-medica-internacional-de-cuba\/\"]}]},{\"@type\":\"BreadcrumbList\",\"@id\":\"https:\/\/instituciones.gtm.sld.cu\/dmsims\/2019\/12\/06\/la-cruzada-de-estados-unidos-contra-la-cooperacion-medica-internacional-de-cuba\/#breadcrumb\",\"itemListElement\":[{\"@type\":\"ListItem\",\"position\":1,\"name\":\"Portada\",\"item\":\"https:\/\/instituciones.gtm.sld.cu\/dmsims\/\"},{\"@type\":\"ListItem\",\"position\":2,\"name\":\"La cruzada de Estados Unidos contra la cooperaci\u00f3n m\u00e9dica internacional de Cuba\"}]},{\"@type\":\"WebSite\",\"@id\":\"https:\/\/instituciones.gtm.sld.cu\/dmsims\/#website\",\"url\":\"https:\/\/instituciones.gtm.sld.cu\/dmsims\/\",\"name\":\"Policl\u00ednico &quot;Ciro Fr\u00edas Cabrera&quot;\",\"description\":\"Policl\u00ednico &quot;Ciro Fr\u00edas Cabrera&quot;\",\"potentialAction\":[{\"@type\":\"SearchAction\",\"target\":{\"@type\":\"EntryPoint\",\"urlTemplate\":\"https:\/\/instituciones.gtm.sld.cu\/dmsims\/?s={search_term_string}\"},\"query-input\":\"required name=search_term_string\"}],\"inLanguage\":\"es\"},{\"@type\":\"Person\",\"@id\":\"\",\"url\":\"https:\/\/instituciones.gtm.sld.cu\/dmsims\/author\/\"}]}<\/script>\n<!-- \/ Yoast SEO plugin. -->","yoast_head_json":{"title":"La cruzada de Estados Unidos contra la cooperaci\u00f3n m\u00e9dica internacional de Cuba - Policl\u00ednico &quot;Ciro Fr\u00edas Cabrera&quot;","robots":{"index":"index","follow":"follow","max-snippet":"max-snippet:-1","max-image-preview":"max-image-preview:large","max-video-preview":"max-video-preview:-1"},"canonical":"https:\/\/instituciones.gtm.sld.cu\/dmsims\/2019\/12\/06\/la-cruzada-de-estados-unidos-contra-la-cooperacion-medica-internacional-de-cuba\/","og_locale":"es_ES","og_type":"article","og_title":"La cruzada de Estados Unidos contra la cooperaci\u00f3n m\u00e9dica internacional de Cuba - Policl\u00ednico &quot;Ciro Fr\u00edas Cabrera&quot;","og_description":"Dirigida detalladamente desde el Consejo de Seguridad Nacional de la Casa Blanca, cuenta con la activa participaci\u00f3n de senadores y congresistas asociados a la mafia anticubana de la Florida y de fren\u00e9ticos funcionarios del Departamento de Estado.","og_url":"https:\/\/instituciones.gtm.sld.cu\/dmsims\/2019\/12\/06\/la-cruzada-de-estados-unidos-contra-la-cooperacion-medica-internacional-de-cuba\/","og_site_name":"Policl\u00ednico &quot;Ciro Fr\u00edas Cabrera&quot;","article_published_time":"2019-12-06T16:01:43+00:00","article_modified_time":"2019-12-06T16:03:25+00:00","og_image":[{"url":"http:\/\/instituciones.gtm.sld.cu\/dmsims\/wp-content\/uploads\/sites\/16\/2019\/12\/medicos-colaboracion-mini.jpg"}],"twitter_card":"summary_large_image","twitter_misc":{"Escrito por":"","Tiempo de lectura":"9 minutos"},"schema":{"@context":"https:\/\/schema.org","@graph":[{"@type":"WebPage","@id":"https:\/\/instituciones.gtm.sld.cu\/dmsims\/2019\/12\/06\/la-cruzada-de-estados-unidos-contra-la-cooperacion-medica-internacional-de-cuba\/","url":"https:\/\/instituciones.gtm.sld.cu\/dmsims\/2019\/12\/06\/la-cruzada-de-estados-unidos-contra-la-cooperacion-medica-internacional-de-cuba\/","name":"La cruzada de Estados Unidos contra la cooperaci\u00f3n m\u00e9dica internacional de Cuba - Policl\u00ednico &quot;Ciro Fr\u00edas Cabrera&quot;","isPartOf":{"@id":"https:\/\/instituciones.gtm.sld.cu\/dmsims\/#website"},"datePublished":"2019-12-06T16:01:43+00:00","dateModified":"2019-12-06T16:03:25+00:00","author":{"@id":""},"breadcrumb":{"@id":"https:\/\/instituciones.gtm.sld.cu\/dmsims\/2019\/12\/06\/la-cruzada-de-estados-unidos-contra-la-cooperacion-medica-internacional-de-cuba\/#breadcrumb"},"inLanguage":"es","potentialAction":[{"@type":"ReadAction","target":["https:\/\/instituciones.gtm.sld.cu\/dmsims\/2019\/12\/06\/la-cruzada-de-estados-unidos-contra-la-cooperacion-medica-internacional-de-cuba\/"]}]},{"@type":"BreadcrumbList","@id":"https:\/\/instituciones.gtm.sld.cu\/dmsims\/2019\/12\/06\/la-cruzada-de-estados-unidos-contra-la-cooperacion-medica-internacional-de-cuba\/#breadcrumb","itemListElement":[{"@type":"ListItem","position":1,"name":"Portada","item":"https:\/\/instituciones.gtm.sld.cu\/dmsims\/"},{"@type":"ListItem","position":2,"name":"La cruzada de Estados Unidos contra la cooperaci\u00f3n m\u00e9dica internacional de Cuba"}]},{"@type":"WebSite","@id":"https:\/\/instituciones.gtm.sld.cu\/dmsims\/#website","url":"https:\/\/instituciones.gtm.sld.cu\/dmsims\/","name":"Policl\u00ednico &quot;Ciro Fr\u00edas Cabrera&quot;","description":"Policl\u00ednico &quot;Ciro Fr\u00edas Cabrera&quot;","potentialAction":[{"@type":"SearchAction","target":{"@type":"EntryPoint","urlTemplate":"https:\/\/instituciones.gtm.sld.cu\/dmsims\/?s={search_term_string}"},"query-input":"required name=search_term_string"}],"inLanguage":"es"},{"@type":"Person","@id":"","url":"https:\/\/instituciones.gtm.sld.cu\/dmsims\/author\/"}]}},"_links":{"self":[{"href":"https:\/\/instituciones.gtm.sld.cu\/dmsims\/wp-json\/wp\/v2\/posts\/759"}],"collection":[{"href":"https:\/\/instituciones.gtm.sld.cu\/dmsims\/wp-json\/wp\/v2\/posts"}],"about":[{"href":"https:\/\/instituciones.gtm.sld.cu\/dmsims\/wp-json\/wp\/v2\/types\/post"}],"author":[{"embeddable":true,"href":"https:\/\/instituciones.gtm.sld.cu\/dmsims\/wp-json\/wp\/v2\/users\/17"}],"replies":[{"embeddable":true,"href":"https:\/\/instituciones.gtm.sld.cu\/dmsims\/wp-json\/wp\/v2\/comments?post=759"}],"version-history":[{"count":2,"href":"https:\/\/instituciones.gtm.sld.cu\/dmsims\/wp-json\/wp\/v2\/posts\/759\/revisions"}],"predecessor-version":[{"id":764,"href":"https:\/\/instituciones.gtm.sld.cu\/dmsims\/wp-json\/wp\/v2\/posts\/759\/revisions\/764"}],"wp:attachment":[{"href":"https:\/\/instituciones.gtm.sld.cu\/dmsims\/wp-json\/wp\/v2\/media?parent=759"}],"wp:term":[{"taxonomy":"category","embeddable":true,"href":"https:\/\/instituciones.gtm.sld.cu\/dmsims\/wp-json\/wp\/v2\/categories?post=759"},{"taxonomy":"post_tag","embeddable":true,"href":"https:\/\/instituciones.gtm.sld.cu\/dmsims\/wp-json\/wp\/v2\/tags?post=759"}],"curies":[{"name":"wp","href":"https:\/\/api.w.org\/{rel}","templated":true}]}}