{"id":830,"date":"2019-12-23T09:38:58","date_gmt":"2019-12-23T14:38:58","guid":{"rendered":"http:\/\/instituciones.gtm.sld.cu\/dmsims\/?p=830"},"modified":"2019-12-23T09:39:48","modified_gmt":"2019-12-23T14:39:48","slug":"no-debes-abusar-de-la-sal","status":"publish","type":"post","link":"https:\/\/instituciones.gtm.sld.cu\/dmsims\/2019\/12\/23\/no-debes-abusar-de-la-sal\/","title":{"rendered":"No debes abusar de la sal"},"content":{"rendered":"\n<div class=\"wp-block-image\"><figure class=\"alignleft\"><img decoding=\"async\" loading=\"lazy\" width=\"63\" height=\"84\" src=\"http:\/\/instituciones.gtm.sld.cu\/dmsims\/wp-content\/uploads\/sites\/16\/2019\/12\/no-sal-mini2.jpg\" alt=\"\" class=\"wp-image-831\" \/><\/figure><\/div>\n\n\n\n<p> En los tiempos actuales, las poblaciones del mundo entero consumen alimentos mucho m\u00e1s ricos en sal y en calor\u00edas, contenidas en las grasas, alimentos refinados y az\u00facar. La sal, cloruro de sodio, es la fuente principal de sodio aportada al organismo, cuyo crecido consumo se asocia a la hipertensi\u00f3n arterial y a un mayor riesgo a sufrir enfermedades del coraz\u00f3n y accidentes cerebrovasculares. <\/p>\n\n\n\n<!--more-->\n\n\n\n<figure class=\"wp-block-image\"><img decoding=\"async\" loading=\"lazy\" width=\"800\" height=\"533\" src=\"http:\/\/instituciones.gtm.sld.cu\/dmsims\/wp-content\/uploads\/sites\/16\/2019\/12\/tipos-de-sal-cual-es-la-mas-saludable-o-si-es-dannina.jpg\" alt=\"\" class=\"wp-image-832\" srcset=\"https:\/\/instituciones.gtm.sld.cu\/dmsims\/wp-content\/uploads\/sites\/34\/2019\/12\/tipos-de-sal-cual-es-la-mas-saludable-o-si-es-dannina.jpg 800w, https:\/\/instituciones.gtm.sld.cu\/dmsims\/wp-content\/uploads\/sites\/34\/2019\/12\/tipos-de-sal-cual-es-la-mas-saludable-o-si-es-dannina-300x200.jpg 300w, https:\/\/instituciones.gtm.sld.cu\/dmsims\/wp-content\/uploads\/sites\/34\/2019\/12\/tipos-de-sal-cual-es-la-mas-saludable-o-si-es-dannina-768x512.jpg 768w\" sizes=\"(max-width: 800px) 100vw, 800px\" \/><\/figure>\n\n\n\n<p>En los tiempos actuales, las\npoblaciones del mundo entero consumen alimentos mucho m\u00e1s ricos en sal y en\ncalor\u00edas, contenidas en las grasas, alimentos refinados y az\u00facar. La sal,\ncloruro de sodio, es la fuente principal de sodio aportada al organismo, cuyo\ncrecido consumo se asocia a la hipertensi\u00f3n arterial y a un mayor riesgo a\nsufrir enfermedades del coraz\u00f3n y accidentes cerebrovasculares. Estos cambios\nmodernos en los h\u00e1bitos alimentarios tambi\u00e9n conllevan a consumir menos frutas,\nverduras y fibras, elementos claves de una alimentaci\u00f3n sana. Las frutas y las\nverduras contienen potasio, capaces de contribuir a bajar la tensi\u00f3n arterial.<\/p>\n\n\n\n<p><br>\n<br>\n<strong>\u00bfDe d\u00f3nde viene la sal?<\/strong><\/p>\n\n\n\n<p>La sal puede provenir de alimentos elaborados; carnes procesadas, como el tocino, el jam\u00f3n y el salame; quesos y meriendas saladas, etc.; o porque suelen consumirse en grandes cantidades en productos como el pan y los productos de cereales elaborados industrialmente. Tambi\u00e9n se adiciona sal a los alimentos durante la cocci\u00f3n en forma de cubitos de caldo o bien en la mesa con la salsa de soja, salsa de pescado o sal de mesa. Tambi\u00e9n puede aportarlo el glutamato de sodio, un condimento utilizado en muchas partes del mundo.<\/p>\n\n\n\n<figure class=\"wp-block-image\"><img decoding=\"async\" loading=\"lazy\" width=\"800\" height=\"650\" src=\"http:\/\/instituciones.gtm.sld.cu\/dmsims\/wp-content\/uploads\/sites\/16\/2019\/12\/alimentos-ricos-en-sodio-mejores-consumo-sal.jpg\" alt=\"\" class=\"wp-image-833\" srcset=\"https:\/\/instituciones.gtm.sld.cu\/dmsims\/wp-content\/uploads\/sites\/34\/2019\/12\/alimentos-ricos-en-sodio-mejores-consumo-sal.jpg 800w, https:\/\/instituciones.gtm.sld.cu\/dmsims\/wp-content\/uploads\/sites\/34\/2019\/12\/alimentos-ricos-en-sodio-mejores-consumo-sal-300x244.jpg 300w, https:\/\/instituciones.gtm.sld.cu\/dmsims\/wp-content\/uploads\/sites\/34\/2019\/12\/alimentos-ricos-en-sodio-mejores-consumo-sal-768x624.jpg 768w\" sizes=\"(max-width: 800px) 100vw, 800px\" \/><\/figure>\n\n\n\n<p><strong>Para\nquienes consumen demasiada sal<\/strong><\/p>\n\n\n\n<p>Un elevado consumo de sodio, m\u00e1s\nde 2 gramos diarios, equivalente a 5 gramos de sal por d\u00eda, sumado a la\nabsorci\u00f3n insuficiente del potasio de los alimentos, menos de 3,5 gramos\ndiarios, contribuyen a la hipertensi\u00f3n arterial y aumentan el riesgo de las\nfrecuentes enfermedades del coraz\u00f3n y accidentes cerebrovasculares. La mayor\u00eda\nde las personas consumen excesivas cantidades de sal, de 9 a 12 gramos por d\u00eda\nen promedio, es decir, dos veces la ingesta m\u00e1xima recomendada.<br>\n<br>\n<strong>Buenos consejos<\/strong><\/p>\n\n\n\n<p>La Organizaci\u00f3n Mundial de la Salud (OMS) recomienda consumir menos de 5 gramos de sal cada d\u00eda, el contenido de un poco menos de una cucharadita. <br> Adem\u00e1s, toda la sal consumida debe ser yodada, es decir \u00abenriquecida\u00bb con yodo, esencial para un desarrollo sano del cerebro del feto y del ni\u00f1o peque\u00f1o, as\u00ed como para optimizar las funciones mentales en general. Los consumidores deber\u00edan leer las etiquetas para comprar los productos de bajo contenido en sodio, pues algunos fabricantes reformulan sus recetas a fin de reducir el contenido de sal de sus productos; un consumo de sal inferior a 5 gramos diarios en el adulto contribuye a conservar la salud cardiovascular, pues el principal beneficio de esa reducci\u00f3n es combatir la hipertensi\u00f3n arterial.<\/p>\n\n\n\n<figure class=\"wp-block-image\"><img decoding=\"async\" loading=\"lazy\" width=\"700\" height=\"359\" src=\"http:\/\/instituciones.gtm.sld.cu\/dmsims\/wp-content\/uploads\/sites\/16\/2019\/12\/razones-para-no-usar-sal.jpg\" alt=\"\" class=\"wp-image-834\" srcset=\"https:\/\/instituciones.gtm.sld.cu\/dmsims\/wp-content\/uploads\/sites\/34\/2019\/12\/razones-para-no-usar-sal.jpg 700w, https:\/\/instituciones.gtm.sld.cu\/dmsims\/wp-content\/uploads\/sites\/34\/2019\/12\/razones-para-no-usar-sal-300x154.jpg 300w\" sizes=\"(max-width: 700px) 100vw, 700px\" \/><\/figure>\n\n\n\n<p><strong>Opiniones de la Organizaci\u00f3n Mundial de la Salud <\/strong><\/p>\n\n\n\n<p>Los Estados Miembros de la OMS han acordado reducir en un 30 por ciento el consumo de sal de la poblaci\u00f3n mundial de aqu\u00ed al a\u00f1o 2025 y se considera como <br> esa reducci\u00f3n es una de las medidas m\u00e1s eficaces que los pa\u00edses pueden tomar para mejorar la situaci\u00f3n sanitaria de la poblaci\u00f3n y a muy bajo costo. Estas medidas de disminuir la sal generar\u00e1n un a\u00f1o m\u00e1s de vida sana a un costo inferior al ingreso anual medio o al producto interno bruto por persona, estim\u00e1ndose que cada a\u00f1o se podr\u00edan evitar 2,5 millones de defunciones si el consumo de sal a nivel mundial se redujera al nivel recomendado. <\/p>\n\n\n\n<p>Fuente: <a href=\"http:\/\/www.radiorebelde.cu\/noticia\/\">Radio Rebelde<\/a><\/p>\n","protected":false},"excerpt":{"rendered":"<p>En los tiempos actuales, las poblaciones del mundo entero consumen alimentos mucho m\u00e1s ricos en sal y en calor\u00edas, contenidas en las grasas, alimentos refinados y az\u00facar. La sal, cloruro de sodio, es la fuente principal de sodio aportada al organismo, cuyo crecido consumo se asocia a la hipertensi\u00f3n arterial y a un mayor riesgo &hellip; <\/p>\n<p><a class=\"more-link btn\" href=\"https:\/\/instituciones.gtm.sld.cu\/dmsims\/2019\/12\/23\/no-debes-abusar-de-la-sal\/\">Seguir leyendo<\/a><\/p>\n","protected":false},"author":17,"featured_media":0,"comment_status":"open","ping_status":"open","sticky":false,"template":"","format":"standard","meta":{"ngg_post_thumbnail":0},"categories":[1],"tags":[],"yoast_head":"<!-- This site is optimized with the Yoast SEO plugin v21.8 - https:\/\/yoast.com\/wordpress\/plugins\/seo\/ -->\n<title>No debes abusar de la sal - Policl\u00ednico &quot;Ciro Fr\u00edas Cabrera&quot;<\/title>\n<meta name=\"robots\" content=\"index, follow, max-snippet:-1, max-image-preview:large, max-video-preview:-1\" \/>\n<link rel=\"canonical\" href=\"https:\/\/instituciones.gtm.sld.cu\/dmsims\/2019\/12\/23\/no-debes-abusar-de-la-sal\/\" \/>\n<meta property=\"og:locale\" content=\"es_ES\" \/>\n<meta property=\"og:type\" content=\"article\" \/>\n<meta property=\"og:title\" content=\"No debes abusar de la sal - Policl\u00ednico &quot;Ciro Fr\u00edas Cabrera&quot;\" \/>\n<meta property=\"og:description\" content=\"En los tiempos actuales, las poblaciones del mundo entero consumen alimentos mucho m\u00e1s ricos en sal y en calor\u00edas, contenidas en las grasas, alimentos refinados y az\u00facar. La sal, cloruro de sodio, es la fuente principal de sodio aportada al organismo, cuyo crecido consumo se asocia a la hipertensi\u00f3n arterial y a un mayor riesgo &hellip; Seguir leyendo\" \/>\n<meta property=\"og:url\" content=\"https:\/\/instituciones.gtm.sld.cu\/dmsims\/2019\/12\/23\/no-debes-abusar-de-la-sal\/\" \/>\n<meta property=\"og:site_name\" content=\"Policl\u00ednico &quot;Ciro Fr\u00edas Cabrera&quot;\" \/>\n<meta property=\"article:published_time\" content=\"2019-12-23T14:38:58+00:00\" \/>\n<meta property=\"article:modified_time\" content=\"2019-12-23T14:39:48+00:00\" \/>\n<meta property=\"og:image\" content=\"http:\/\/instituciones.gtm.sld.cu\/dmsims\/wp-content\/uploads\/sites\/16\/2019\/12\/no-sal-mini2.jpg\" \/>\n<meta name=\"twitter:card\" content=\"summary_large_image\" \/>\n<meta name=\"twitter:label1\" content=\"Escrito por\" \/>\n\t<meta name=\"twitter:data1\" content=\"\" \/>\n\t<meta name=\"twitter:label2\" content=\"Tiempo de lectura\" \/>\n\t<meta name=\"twitter:data2\" content=\"3 minutos\" \/>\n<script type=\"application\/ld+json\" class=\"yoast-schema-graph\">{\"@context\":\"https:\/\/schema.org\",\"@graph\":[{\"@type\":\"WebPage\",\"@id\":\"https:\/\/instituciones.gtm.sld.cu\/dmsims\/2019\/12\/23\/no-debes-abusar-de-la-sal\/\",\"url\":\"https:\/\/instituciones.gtm.sld.cu\/dmsims\/2019\/12\/23\/no-debes-abusar-de-la-sal\/\",\"name\":\"No debes abusar de la sal - Policl\u00ednico &quot;Ciro Fr\u00edas Cabrera&quot;\",\"isPartOf\":{\"@id\":\"https:\/\/instituciones.gtm.sld.cu\/dmsims\/#website\"},\"datePublished\":\"2019-12-23T14:38:58+00:00\",\"dateModified\":\"2019-12-23T14:39:48+00:00\",\"author\":{\"@id\":\"\"},\"breadcrumb\":{\"@id\":\"https:\/\/instituciones.gtm.sld.cu\/dmsims\/2019\/12\/23\/no-debes-abusar-de-la-sal\/#breadcrumb\"},\"inLanguage\":\"es\",\"potentialAction\":[{\"@type\":\"ReadAction\",\"target\":[\"https:\/\/instituciones.gtm.sld.cu\/dmsims\/2019\/12\/23\/no-debes-abusar-de-la-sal\/\"]}]},{\"@type\":\"BreadcrumbList\",\"@id\":\"https:\/\/instituciones.gtm.sld.cu\/dmsims\/2019\/12\/23\/no-debes-abusar-de-la-sal\/#breadcrumb\",\"itemListElement\":[{\"@type\":\"ListItem\",\"position\":1,\"name\":\"Portada\",\"item\":\"https:\/\/instituciones.gtm.sld.cu\/dmsims\/\"},{\"@type\":\"ListItem\",\"position\":2,\"name\":\"No debes abusar de la sal\"}]},{\"@type\":\"WebSite\",\"@id\":\"https:\/\/instituciones.gtm.sld.cu\/dmsims\/#website\",\"url\":\"https:\/\/instituciones.gtm.sld.cu\/dmsims\/\",\"name\":\"Policl\u00ednico &quot;Ciro Fr\u00edas Cabrera&quot;\",\"description\":\"Policl\u00ednico &quot;Ciro Fr\u00edas Cabrera&quot;\",\"potentialAction\":[{\"@type\":\"SearchAction\",\"target\":{\"@type\":\"EntryPoint\",\"urlTemplate\":\"https:\/\/instituciones.gtm.sld.cu\/dmsims\/?s={search_term_string}\"},\"query-input\":\"required name=search_term_string\"}],\"inLanguage\":\"es\"},{\"@type\":\"Person\",\"@id\":\"\",\"url\":\"https:\/\/instituciones.gtm.sld.cu\/dmsims\/author\/\"}]}<\/script>\n<!-- \/ Yoast SEO plugin. -->","yoast_head_json":{"title":"No debes abusar de la sal - Policl\u00ednico &quot;Ciro Fr\u00edas Cabrera&quot;","robots":{"index":"index","follow":"follow","max-snippet":"max-snippet:-1","max-image-preview":"max-image-preview:large","max-video-preview":"max-video-preview:-1"},"canonical":"https:\/\/instituciones.gtm.sld.cu\/dmsims\/2019\/12\/23\/no-debes-abusar-de-la-sal\/","og_locale":"es_ES","og_type":"article","og_title":"No debes abusar de la sal - Policl\u00ednico &quot;Ciro Fr\u00edas Cabrera&quot;","og_description":"En los tiempos actuales, las poblaciones del mundo entero consumen alimentos mucho m\u00e1s ricos en sal y en calor\u00edas, contenidas en las grasas, alimentos refinados y az\u00facar. La sal, cloruro de sodio, es la fuente principal de sodio aportada al organismo, cuyo crecido consumo se asocia a la hipertensi\u00f3n arterial y a un mayor riesgo &hellip; Seguir leyendo","og_url":"https:\/\/instituciones.gtm.sld.cu\/dmsims\/2019\/12\/23\/no-debes-abusar-de-la-sal\/","og_site_name":"Policl\u00ednico &quot;Ciro Fr\u00edas Cabrera&quot;","article_published_time":"2019-12-23T14:38:58+00:00","article_modified_time":"2019-12-23T14:39:48+00:00","og_image":[{"url":"http:\/\/instituciones.gtm.sld.cu\/dmsims\/wp-content\/uploads\/sites\/16\/2019\/12\/no-sal-mini2.jpg"}],"twitter_card":"summary_large_image","twitter_misc":{"Escrito por":"","Tiempo de lectura":"3 minutos"},"schema":{"@context":"https:\/\/schema.org","@graph":[{"@type":"WebPage","@id":"https:\/\/instituciones.gtm.sld.cu\/dmsims\/2019\/12\/23\/no-debes-abusar-de-la-sal\/","url":"https:\/\/instituciones.gtm.sld.cu\/dmsims\/2019\/12\/23\/no-debes-abusar-de-la-sal\/","name":"No debes abusar de la sal - Policl\u00ednico &quot;Ciro Fr\u00edas Cabrera&quot;","isPartOf":{"@id":"https:\/\/instituciones.gtm.sld.cu\/dmsims\/#website"},"datePublished":"2019-12-23T14:38:58+00:00","dateModified":"2019-12-23T14:39:48+00:00","author":{"@id":""},"breadcrumb":{"@id":"https:\/\/instituciones.gtm.sld.cu\/dmsims\/2019\/12\/23\/no-debes-abusar-de-la-sal\/#breadcrumb"},"inLanguage":"es","potentialAction":[{"@type":"ReadAction","target":["https:\/\/instituciones.gtm.sld.cu\/dmsims\/2019\/12\/23\/no-debes-abusar-de-la-sal\/"]}]},{"@type":"BreadcrumbList","@id":"https:\/\/instituciones.gtm.sld.cu\/dmsims\/2019\/12\/23\/no-debes-abusar-de-la-sal\/#breadcrumb","itemListElement":[{"@type":"ListItem","position":1,"name":"Portada","item":"https:\/\/instituciones.gtm.sld.cu\/dmsims\/"},{"@type":"ListItem","position":2,"name":"No debes abusar de la sal"}]},{"@type":"WebSite","@id":"https:\/\/instituciones.gtm.sld.cu\/dmsims\/#website","url":"https:\/\/instituciones.gtm.sld.cu\/dmsims\/","name":"Policl\u00ednico &quot;Ciro Fr\u00edas Cabrera&quot;","description":"Policl\u00ednico &quot;Ciro Fr\u00edas Cabrera&quot;","potentialAction":[{"@type":"SearchAction","target":{"@type":"EntryPoint","urlTemplate":"https:\/\/instituciones.gtm.sld.cu\/dmsims\/?s={search_term_string}"},"query-input":"required name=search_term_string"}],"inLanguage":"es"},{"@type":"Person","@id":"","url":"https:\/\/instituciones.gtm.sld.cu\/dmsims\/author\/"}]}},"_links":{"self":[{"href":"https:\/\/instituciones.gtm.sld.cu\/dmsims\/wp-json\/wp\/v2\/posts\/830"}],"collection":[{"href":"https:\/\/instituciones.gtm.sld.cu\/dmsims\/wp-json\/wp\/v2\/posts"}],"about":[{"href":"https:\/\/instituciones.gtm.sld.cu\/dmsims\/wp-json\/wp\/v2\/types\/post"}],"author":[{"embeddable":true,"href":"https:\/\/instituciones.gtm.sld.cu\/dmsims\/wp-json\/wp\/v2\/users\/17"}],"replies":[{"embeddable":true,"href":"https:\/\/instituciones.gtm.sld.cu\/dmsims\/wp-json\/wp\/v2\/comments?post=830"}],"version-history":[{"count":1,"href":"https:\/\/instituciones.gtm.sld.cu\/dmsims\/wp-json\/wp\/v2\/posts\/830\/revisions"}],"predecessor-version":[{"id":835,"href":"https:\/\/instituciones.gtm.sld.cu\/dmsims\/wp-json\/wp\/v2\/posts\/830\/revisions\/835"}],"wp:attachment":[{"href":"https:\/\/instituciones.gtm.sld.cu\/dmsims\/wp-json\/wp\/v2\/media?parent=830"}],"wp:term":[{"taxonomy":"category","embeddable":true,"href":"https:\/\/instituciones.gtm.sld.cu\/dmsims\/wp-json\/wp\/v2\/categories?post=830"},{"taxonomy":"post_tag","embeddable":true,"href":"https:\/\/instituciones.gtm.sld.cu\/dmsims\/wp-json\/wp\/v2\/tags?post=830"}],"curies":[{"name":"wp","href":"https:\/\/api.w.org\/{rel}","templated":true}]}}