{"id":844,"date":"2019-12-30T10:34:37","date_gmt":"2019-12-30T15:34:37","guid":{"rendered":"http:\/\/instituciones.gtm.sld.cu\/dmsims\/?p=844"},"modified":"2019-12-30T10:36:30","modified_gmt":"2019-12-30T15:36:30","slug":"incremento-de-atencion-primaria-de-salud-en-cuba-logro-de-2019","status":"publish","type":"post","link":"https:\/\/instituciones.gtm.sld.cu\/dmsims\/2019\/12\/30\/incremento-de-atencion-primaria-de-salud-en-cuba-logro-de-2019\/","title":{"rendered":"Incremento de atenci\u00f3n primaria de salud en Cuba, logro de 2019"},"content":{"rendered":"\n<div class=\"wp-block-image\"><figure class=\"alignleft\"><img decoding=\"async\" loading=\"lazy\" width=\"63\" height=\"84\" src=\"http:\/\/instituciones.gtm.sld.cu\/dmsims\/wp-content\/uploads\/sites\/16\/2019\/12\/salud_barrio_medidicna_familiar_mini_0.jpg\" alt=\"\" class=\"wp-image-845\" \/><\/figure><\/div>\n\n\n\n<p>El incremento de las consultas en la atenci\u00f3n primaria de salud y de la cobertura de vacunaci\u00f3n formaron parte de los logros en esa esfera alcanzados por Cuba en 2019, informaron hoy fuentes oficiales.<\/p>\n\n\n\n<!--more-->\n\n\n\n<figure class=\"wp-block-image\"><img decoding=\"async\" loading=\"lazy\" width=\"977\" height=\"607\" src=\"http:\/\/instituciones.gtm.sld.cu\/dmsims\/wp-content\/uploads\/sites\/16\/2019\/12\/Atencion-primaria-salud-SAS.jpg\" alt=\"\" class=\"wp-image-846\" srcset=\"https:\/\/instituciones.gtm.sld.cu\/dmsims\/wp-content\/uploads\/sites\/34\/2019\/12\/Atencion-primaria-salud-SAS.jpg 977w, https:\/\/instituciones.gtm.sld.cu\/dmsims\/wp-content\/uploads\/sites\/34\/2019\/12\/Atencion-primaria-salud-SAS-300x186.jpg 300w, https:\/\/instituciones.gtm.sld.cu\/dmsims\/wp-content\/uploads\/sites\/34\/2019\/12\/Atencion-primaria-salud-SAS-768x477.jpg 768w\" sizes=\"(max-width: 977px) 100vw, 977px\" \/><\/figure>\n\n\n\n<p>El incremento de las consultas en la atenci\u00f3n\nprimaria de salud y de la cobertura de vacunaci\u00f3n formaron parte de los logros\nen esa esfera alcanzados por Cuba en 2019, informaron hoy fuentes oficiales.<\/p>\n\n\n\n<p>El ministro cubano de Salud P\u00fablica, Jos\u00e9 \u00c1ngel\nPortal, citado por la Agencia Cubana de Noticias, se\u00f1al\u00f3 que las consultas en\nel nivel primario aumentaron cerca de dos millones respecto al a\u00f1o anterior y\nse ubicaron en 89 millones.<br>\n<br>\nRespecto a la cobertura de vacunaci\u00f3n, el titular inform\u00f3 que estuvo en un 98\npor ciento, lo cual permiti\u00f3 proteger a los ni\u00f1os contra 13 enfermedades y\nmantener eliminados 14 padecimientos infecciosos.<br>\n<br>\nSe redujo tambi\u00e9n la mortalidad prematura en la poblaci\u00f3n menor de 60 a\u00f1os por\nenfermedades del coraz\u00f3n, cerebro-vasculares y diabetes mellitus.<br>\n<br>\nSe realizaron un mill\u00f3n 199 mil cirug\u00edas, un 103 por ciento m\u00e1s de lo\nplanificado, y 39 mil m\u00e1s que en 2018, afirm\u00f3 Portal.<br>\n<br>\nEl titular a\u00f1adi\u00f3 que se ratific\u00f3 a la salud p\u00fablica como un derecho de todas\nlas personas, recogido en la Constituci\u00f3n.<\/p>\n\n\n\n<p>Fuente: <a href=\"http:\/\/www.solvision.cu\/es\/salud\">Solvision<\/a><\/p>\n","protected":false},"excerpt":{"rendered":"<p>El incremento de las consultas en la atenci\u00f3n primaria de salud y de la cobertura de vacunaci\u00f3n formaron parte de los logros en esa esfera alcanzados por Cuba en 2019, informaron hoy fuentes oficiales.<\/p><p><a class=\"more-link btn\" href=\"https:\/\/instituciones.gtm.sld.cu\/dmsims\/2019\/12\/30\/incremento-de-atencion-primaria-de-salud-en-cuba-logro-de-2019\/\">Seguir leyendo<\/a><\/p>\n","protected":false},"author":17,"featured_media":0,"comment_status":"open","ping_status":"open","sticky":false,"template":"","format":"standard","meta":{"ngg_post_thumbnail":0},"categories":[1],"tags":[],"yoast_head":"<!-- This site is optimized with the Yoast SEO plugin v21.8 - https:\/\/yoast.com\/wordpress\/plugins\/seo\/ -->\n<title>Incremento de atenci\u00f3n primaria de salud en Cuba, logro de 2019 - Policl\u00ednico &quot;Ciro Fr\u00edas Cabrera&quot;<\/title>\n<meta name=\"robots\" content=\"index, follow, max-snippet:-1, max-image-preview:large, max-video-preview:-1\" \/>\n<link rel=\"canonical\" href=\"https:\/\/instituciones.gtm.sld.cu\/dmsims\/2019\/12\/30\/incremento-de-atencion-primaria-de-salud-en-cuba-logro-de-2019\/\" \/>\n<meta property=\"og:locale\" content=\"es_ES\" \/>\n<meta property=\"og:type\" content=\"article\" \/>\n<meta property=\"og:title\" content=\"Incremento de atenci\u00f3n primaria de salud en Cuba, logro de 2019 - Policl\u00ednico &quot;Ciro Fr\u00edas Cabrera&quot;\" \/>\n<meta property=\"og:description\" content=\"El incremento de las consultas en la atenci\u00f3n primaria de salud y de la cobertura de vacunaci\u00f3n formaron parte de los logros en esa esfera alcanzados por Cuba en 2019, informaron hoy fuentes oficiales.\" \/>\n<meta property=\"og:url\" content=\"https:\/\/instituciones.gtm.sld.cu\/dmsims\/2019\/12\/30\/incremento-de-atencion-primaria-de-salud-en-cuba-logro-de-2019\/\" \/>\n<meta property=\"og:site_name\" content=\"Policl\u00ednico &quot;Ciro Fr\u00edas Cabrera&quot;\" \/>\n<meta property=\"article:published_time\" content=\"2019-12-30T15:34:37+00:00\" \/>\n<meta property=\"article:modified_time\" content=\"2019-12-30T15:36:30+00:00\" \/>\n<meta property=\"og:image\" content=\"http:\/\/instituciones.gtm.sld.cu\/dmsims\/wp-content\/uploads\/sites\/16\/2019\/12\/salud_barrio_medidicna_familiar_mini_0.jpg\" \/>\n<meta name=\"twitter:card\" content=\"summary_large_image\" \/>\n<meta name=\"twitter:label1\" content=\"Escrito por\" \/>\n\t<meta name=\"twitter:data1\" content=\"\" \/>\n\t<meta name=\"twitter:label2\" content=\"Tiempo de lectura\" \/>\n\t<meta name=\"twitter:data2\" content=\"1 minuto\" \/>\n<script type=\"application\/ld+json\" class=\"yoast-schema-graph\">{\"@context\":\"https:\/\/schema.org\",\"@graph\":[{\"@type\":\"WebPage\",\"@id\":\"https:\/\/instituciones.gtm.sld.cu\/dmsims\/2019\/12\/30\/incremento-de-atencion-primaria-de-salud-en-cuba-logro-de-2019\/\",\"url\":\"https:\/\/instituciones.gtm.sld.cu\/dmsims\/2019\/12\/30\/incremento-de-atencion-primaria-de-salud-en-cuba-logro-de-2019\/\",\"name\":\"Incremento de atenci\u00f3n primaria de salud en Cuba, logro de 2019 - Policl\u00ednico &quot;Ciro Fr\u00edas Cabrera&quot;\",\"isPartOf\":{\"@id\":\"https:\/\/instituciones.gtm.sld.cu\/dmsims\/#website\"},\"datePublished\":\"2019-12-30T15:34:37+00:00\",\"dateModified\":\"2019-12-30T15:36:30+00:00\",\"author\":{\"@id\":\"\"},\"breadcrumb\":{\"@id\":\"https:\/\/instituciones.gtm.sld.cu\/dmsims\/2019\/12\/30\/incremento-de-atencion-primaria-de-salud-en-cuba-logro-de-2019\/#breadcrumb\"},\"inLanguage\":\"es\",\"potentialAction\":[{\"@type\":\"ReadAction\",\"target\":[\"https:\/\/instituciones.gtm.sld.cu\/dmsims\/2019\/12\/30\/incremento-de-atencion-primaria-de-salud-en-cuba-logro-de-2019\/\"]}]},{\"@type\":\"BreadcrumbList\",\"@id\":\"https:\/\/instituciones.gtm.sld.cu\/dmsims\/2019\/12\/30\/incremento-de-atencion-primaria-de-salud-en-cuba-logro-de-2019\/#breadcrumb\",\"itemListElement\":[{\"@type\":\"ListItem\",\"position\":1,\"name\":\"Portada\",\"item\":\"https:\/\/instituciones.gtm.sld.cu\/dmsims\/\"},{\"@type\":\"ListItem\",\"position\":2,\"name\":\"Incremento de atenci\u00f3n primaria de salud en Cuba, logro de 2019\"}]},{\"@type\":\"WebSite\",\"@id\":\"https:\/\/instituciones.gtm.sld.cu\/dmsims\/#website\",\"url\":\"https:\/\/instituciones.gtm.sld.cu\/dmsims\/\",\"name\":\"Policl\u00ednico &quot;Ciro Fr\u00edas Cabrera&quot;\",\"description\":\"Policl\u00ednico &quot;Ciro Fr\u00edas Cabrera&quot;\",\"potentialAction\":[{\"@type\":\"SearchAction\",\"target\":{\"@type\":\"EntryPoint\",\"urlTemplate\":\"https:\/\/instituciones.gtm.sld.cu\/dmsims\/?s={search_term_string}\"},\"query-input\":\"required name=search_term_string\"}],\"inLanguage\":\"es\"},{\"@type\":\"Person\",\"@id\":\"\",\"url\":\"https:\/\/instituciones.gtm.sld.cu\/dmsims\/author\/\"}]}<\/script>\n<!-- \/ Yoast SEO plugin. -->","yoast_head_json":{"title":"Incremento de atenci\u00f3n primaria de salud en Cuba, logro de 2019 - Policl\u00ednico &quot;Ciro Fr\u00edas Cabrera&quot;","robots":{"index":"index","follow":"follow","max-snippet":"max-snippet:-1","max-image-preview":"max-image-preview:large","max-video-preview":"max-video-preview:-1"},"canonical":"https:\/\/instituciones.gtm.sld.cu\/dmsims\/2019\/12\/30\/incremento-de-atencion-primaria-de-salud-en-cuba-logro-de-2019\/","og_locale":"es_ES","og_type":"article","og_title":"Incremento de atenci\u00f3n primaria de salud en Cuba, logro de 2019 - Policl\u00ednico &quot;Ciro Fr\u00edas Cabrera&quot;","og_description":"El incremento de las consultas en la atenci\u00f3n primaria de salud y de la cobertura de vacunaci\u00f3n formaron parte de los logros en esa esfera alcanzados por Cuba en 2019, informaron hoy fuentes oficiales.","og_url":"https:\/\/instituciones.gtm.sld.cu\/dmsims\/2019\/12\/30\/incremento-de-atencion-primaria-de-salud-en-cuba-logro-de-2019\/","og_site_name":"Policl\u00ednico &quot;Ciro Fr\u00edas Cabrera&quot;","article_published_time":"2019-12-30T15:34:37+00:00","article_modified_time":"2019-12-30T15:36:30+00:00","og_image":[{"url":"http:\/\/instituciones.gtm.sld.cu\/dmsims\/wp-content\/uploads\/sites\/16\/2019\/12\/salud_barrio_medidicna_familiar_mini_0.jpg"}],"twitter_card":"summary_large_image","twitter_misc":{"Escrito por":"","Tiempo de lectura":"1 minuto"},"schema":{"@context":"https:\/\/schema.org","@graph":[{"@type":"WebPage","@id":"https:\/\/instituciones.gtm.sld.cu\/dmsims\/2019\/12\/30\/incremento-de-atencion-primaria-de-salud-en-cuba-logro-de-2019\/","url":"https:\/\/instituciones.gtm.sld.cu\/dmsims\/2019\/12\/30\/incremento-de-atencion-primaria-de-salud-en-cuba-logro-de-2019\/","name":"Incremento de atenci\u00f3n primaria de salud en Cuba, logro de 2019 - Policl\u00ednico &quot;Ciro Fr\u00edas Cabrera&quot;","isPartOf":{"@id":"https:\/\/instituciones.gtm.sld.cu\/dmsims\/#website"},"datePublished":"2019-12-30T15:34:37+00:00","dateModified":"2019-12-30T15:36:30+00:00","author":{"@id":""},"breadcrumb":{"@id":"https:\/\/instituciones.gtm.sld.cu\/dmsims\/2019\/12\/30\/incremento-de-atencion-primaria-de-salud-en-cuba-logro-de-2019\/#breadcrumb"},"inLanguage":"es","potentialAction":[{"@type":"ReadAction","target":["https:\/\/instituciones.gtm.sld.cu\/dmsims\/2019\/12\/30\/incremento-de-atencion-primaria-de-salud-en-cuba-logro-de-2019\/"]}]},{"@type":"BreadcrumbList","@id":"https:\/\/instituciones.gtm.sld.cu\/dmsims\/2019\/12\/30\/incremento-de-atencion-primaria-de-salud-en-cuba-logro-de-2019\/#breadcrumb","itemListElement":[{"@type":"ListItem","position":1,"name":"Portada","item":"https:\/\/instituciones.gtm.sld.cu\/dmsims\/"},{"@type":"ListItem","position":2,"name":"Incremento de atenci\u00f3n primaria de salud en Cuba, logro de 2019"}]},{"@type":"WebSite","@id":"https:\/\/instituciones.gtm.sld.cu\/dmsims\/#website","url":"https:\/\/instituciones.gtm.sld.cu\/dmsims\/","name":"Policl\u00ednico &quot;Ciro Fr\u00edas Cabrera&quot;","description":"Policl\u00ednico &quot;Ciro Fr\u00edas Cabrera&quot;","potentialAction":[{"@type":"SearchAction","target":{"@type":"EntryPoint","urlTemplate":"https:\/\/instituciones.gtm.sld.cu\/dmsims\/?s={search_term_string}"},"query-input":"required name=search_term_string"}],"inLanguage":"es"},{"@type":"Person","@id":"","url":"https:\/\/instituciones.gtm.sld.cu\/dmsims\/author\/"}]}},"_links":{"self":[{"href":"https:\/\/instituciones.gtm.sld.cu\/dmsims\/wp-json\/wp\/v2\/posts\/844"}],"collection":[{"href":"https:\/\/instituciones.gtm.sld.cu\/dmsims\/wp-json\/wp\/v2\/posts"}],"about":[{"href":"https:\/\/instituciones.gtm.sld.cu\/dmsims\/wp-json\/wp\/v2\/types\/post"}],"author":[{"embeddable":true,"href":"https:\/\/instituciones.gtm.sld.cu\/dmsims\/wp-json\/wp\/v2\/users\/17"}],"replies":[{"embeddable":true,"href":"https:\/\/instituciones.gtm.sld.cu\/dmsims\/wp-json\/wp\/v2\/comments?post=844"}],"version-history":[{"count":2,"href":"https:\/\/instituciones.gtm.sld.cu\/dmsims\/wp-json\/wp\/v2\/posts\/844\/revisions"}],"predecessor-version":[{"id":849,"href":"https:\/\/instituciones.gtm.sld.cu\/dmsims\/wp-json\/wp\/v2\/posts\/844\/revisions\/849"}],"wp:attachment":[{"href":"https:\/\/instituciones.gtm.sld.cu\/dmsims\/wp-json\/wp\/v2\/media?parent=844"}],"wp:term":[{"taxonomy":"category","embeddable":true,"href":"https:\/\/instituciones.gtm.sld.cu\/dmsims\/wp-json\/wp\/v2\/categories?post=844"},{"taxonomy":"post_tag","embeddable":true,"href":"https:\/\/instituciones.gtm.sld.cu\/dmsims\/wp-json\/wp\/v2\/tags?post=844"}],"curies":[{"name":"wp","href":"https:\/\/api.w.org\/{rel}","templated":true}]}}