{"id":918,"date":"2020-01-28T08:25:13","date_gmt":"2020-01-28T13:25:13","guid":{"rendered":"http:\/\/instituciones.gtm.sld.cu\/dmsims\/?p=918"},"modified":"2020-01-28T08:26:15","modified_gmt":"2020-01-28T13:26:15","slug":"marti-y-la-medicina-que-cura-el-alma","status":"publish","type":"post","link":"https:\/\/instituciones.gtm.sld.cu\/dmsims\/2020\/01\/28\/marti-y-la-medicina-que-cura-el-alma\/","title":{"rendered":"Mart\u00ed y la medicina que cura el alma"},"content":{"rendered":"\n<div class=\"wp-block-image\"><figure class=\"alignleft\"><img decoding=\"async\" loading=\"lazy\" width=\"63\" height=\"84\" src=\"http:\/\/instituciones.gtm.sld.cu\/dmsims\/wp-content\/uploads\/sites\/16\/2020\/01\/jose-marti.png\" alt=\"\" class=\"wp-image-919\" \/><\/figure><\/div>\n\n\n\n<p>Jos\u00e9 Mart\u00ed fue un periodista que se interes\u00f3 por una amplia variedad de temas, y con esa misma diversidad escribi\u00f3. Dentro de esa amalgama, se incluye la medicina preventiva como una v\u00eda  eficaz para evitar las enfermedades y, por ende, garantizar la  estabilidad de la salud en los seres humanos. <\/p>\n\n\n\n<!--more-->\n\n\n\n<p style=\"text-align:center\">Mart\u00ed mantuvo estrecha amistad con m\u00e9dicos a lo largo de su vida; la m\u00e1s importante de ellas con Ferm\u00edn Vald\u00e9s Dom\u00ednguez (a la izquieda en la foto); al centro, Panchito, hijo de M\u00e1ximo G\u00f3mez. <strong>Foto:<\/strong> Archivo Granma<\/p>\n\n\n\n<p>\u00abLa\nmedicina pasa al m\u00e9dico, que ya por serlo cura, y con su sonrisa suele abatir\nla fiebre\u00bb. <strong>Jos\u00e9 Mart\u00ed<\/strong><\/p>\n\n\n\n<p>Jos\u00e9\nMart\u00ed fue un periodista que se interes\u00f3 por una amplia variedad de temas, y con\nesa misma diversidad escribi\u00f3.<\/p>\n\n\n\n<p>Dentro\nde esa amalgama, se incluye la medicina preventiva como una v\u00eda eficaz para\nevitar las enfermedades y, por ende, garantizar la estabilidad de la salud en\nlos seres humanos.<\/p>\n\n\n\n<p>En\nrelaci\u00f3n con ello expres\u00f3 que m\u00e1s que recomponer los miembros deshechos del que\ncae rebotando por un despe\u00f1adero, vale indicar el modo de apartarse de \u00e9l.<\/p>\n\n\n\n<p>Mart\u00ed\nrealiz\u00f3 diversas valoraciones acerca del desarrollo de las Ciencias M\u00e9dicas en\nel siglo XIX, emiti\u00f3 criterios sobre el ejercicio de la \u00e9tica en esa\ndisciplina, mostr\u00f3 gran inter\u00e9s por el conocimiento y aplicaci\u00f3n de los\nrecursos que aportaban las plantas medicinales, mencion\u00f3 diferentes\nenfermedades vinculadas a los m\u00e9todos terap\u00e9uticos.<\/p>\n\n\n\n<p>Entre\nlos padecimientos y las curas a las que hizo referencia se hallan:<\/p>\n\n\n\n<p>V\u00f3mito\nnegro o fiebre amarilla: \u00abTonatiyacapan es el nombre de un medicamento mexicano\ncon que un indio compasivo salv\u00f3 a Esmeralda del v\u00f3mito negro\u2026\u00bb. Se refer\u00eda a\nuna planta sagrada de la cultura aborigen. En su \u00e9poca se populariz\u00f3 en\nArgentina (Buenos Aires) y Uruguay. El Tonatiyacapan recibi\u00f3 el reconocimiento\nde los consejos higi\u00e9nicos de varios pa\u00edses de&nbsp; Am\u00e9rica.<\/p>\n\n\n\n<p>Afecci\u00f3n\npulmonar cr\u00f3nica: Plante\u00f3 que \u00abla ciencia ha analizado los elementos de que se\ncompone la leche de burra y que la halla eficac\u00edsima contra las afecciones\npulmonares. Seg\u00fan criterios de algunos especialistas, est\u00e1 reconocida por su\nalto valor nutricional y sus propiedades digestivas. Se inscribe as\u00ed en la\nrelaci\u00f3n de alimentos que pueden mejorar el estado de cualquier paciente\u00bb.<\/p>\n\n\n\n<p>Insomnio:\nMart\u00ed lo refiri\u00f3 como una muestra de alteraci\u00f3n del equilibrio emocional del\nindividuo, destac\u00f3 la existencia de varias medicinas contra la falta de sue\u00f1o,\ny que adem\u00e1s resulta peligroso automedicarse sin acudir a un especialista ni\ntener un diagn\u00f3stico acerca de las causas que lo generan. Propuso tratamientos\nespec\u00edficos: \u00abSi viene de pesares, conviene el uso de la morfina, narce\u00edna y\ncode\u00edna\u2026 En los insomnios puramente nerviosos, no hay otra cosa como el\ncloroformo en cortas cantidades. En todos los casos es aplicable el hidrato de\ncloral, menos en los de dispepsia y males del coraz\u00f3n\u2026 El insomnio de los\nancianos y personas d\u00e9biles debe ser tratado con vinos amargos y cosas\nsemejantes\u2026\u00bb.<\/p>\n\n\n\n<p>Asma:\nPara esta enfermedad recomienda \u00abel t\u00e9 de yagruma\u00bb.<\/p>\n\n\n\n<p>Afecci\u00f3n\nbronquial: \u00abAgua de hojas de guan\u00e1bana, es pectoral bueno y cocimiento grato\u00bb,\nescribe.<\/p>\n\n\n\n<p>C\u00e1ncer\nde piel: Hizo referencia a una planta medicinal originaria de Brasil, conocida\ncomo alveolos \u00abque de hace alg\u00fan tiempo se viene aplicando en aquellas tierras\ncon \u00e9xito contra el c\u00e1ncer\u00bb. Las propiedades terap\u00e9uticas de la planta fueron\ncorroboradas por un m\u00e9dico local, Alcib\u00edades Belloso. Seg\u00fan rese\u00f1\u00f3 Mart\u00ed, \u00abel\nalveolos es una planta clasificada en la familia Euphorbiacea, crece\nabundantemente en Pernambuco, y su aplicaci\u00f3n debe realizarse en forma de jugo\nsobre la piel afectada, pues su uso es de forma natural y directa, es externo\u00bb.\nHabl\u00f3 sobre algunos ejemplos de curaciones de c\u00e1ncer de piel con esta planta:\n\u00abUn magistrado hab\u00eda sanado de un epitelioma de la cara, con s\u00f3lo aplicarle el\njugo de alveolos y Belloso, que lo quiso averiguar, por s\u00ed vio con sorpresa que\nlos pacientes a quienes someti\u00f3 como prueba al remedio, uno que ten\u00eda cancroide\nen la nariz cur\u00f3 en 40 d\u00edas y otro con un epitelioma en el labio, en dos\nmeses\u00bb. Describi\u00f3 tambi\u00e9n la forma en que el alveolos act\u00faa y sus posibles\ncontraindicaciones: \u00abEs irritante y produce una exacerbaci\u00f3n en la piel. Parece\nque el alveolos destruye el tejido m\u00f3rbido, que es reemplazado enseguida por\ngranulaciones sanas\u00bb.<\/p>\n\n\n\n<p>Fuente:\n<a href=\"http:\/\/www.granma.cu\">Granma<\/a><\/p>\n","protected":false},"excerpt":{"rendered":"<p>Jos\u00e9 Mart\u00ed fue un periodista que se interes\u00f3 por una amplia variedad de temas, y con esa misma diversidad escribi\u00f3. Dentro de esa amalgama, se incluye la medicina preventiva como una v\u00eda eficaz para evitar las enfermedades y, por ende, garantizar la estabilidad de la salud en los seres humanos.<\/p><p><a class=\"more-link btn\" href=\"https:\/\/instituciones.gtm.sld.cu\/dmsims\/2020\/01\/28\/marti-y-la-medicina-que-cura-el-alma\/\">Seguir leyendo<\/a><\/p>\n","protected":false},"author":17,"featured_media":0,"comment_status":"open","ping_status":"open","sticky":false,"template":"","format":"standard","meta":{"ngg_post_thumbnail":0},"categories":[1],"tags":[],"yoast_head":"<!-- This site is optimized with the Yoast SEO plugin v21.8 - https:\/\/yoast.com\/wordpress\/plugins\/seo\/ -->\n<title>Mart\u00ed y la medicina que cura el alma - Policl\u00ednico &quot;Ciro Fr\u00edas Cabrera&quot;<\/title>\n<meta name=\"robots\" content=\"index, follow, max-snippet:-1, max-image-preview:large, max-video-preview:-1\" \/>\n<link rel=\"canonical\" href=\"https:\/\/instituciones.gtm.sld.cu\/dmsims\/2020\/01\/28\/marti-y-la-medicina-que-cura-el-alma\/\" \/>\n<meta property=\"og:locale\" content=\"es_ES\" \/>\n<meta property=\"og:type\" content=\"article\" \/>\n<meta property=\"og:title\" content=\"Mart\u00ed y la medicina que cura el alma - Policl\u00ednico &quot;Ciro Fr\u00edas Cabrera&quot;\" \/>\n<meta property=\"og:description\" content=\"Jos\u00e9 Mart\u00ed fue un periodista que se interes\u00f3 por una amplia variedad de temas, y con esa misma diversidad escribi\u00f3. Dentro de esa amalgama, se incluye la medicina preventiva como una v\u00eda eficaz para evitar las enfermedades y, por ende, garantizar la estabilidad de la salud en los seres humanos.\" \/>\n<meta property=\"og:url\" content=\"https:\/\/instituciones.gtm.sld.cu\/dmsims\/2020\/01\/28\/marti-y-la-medicina-que-cura-el-alma\/\" \/>\n<meta property=\"og:site_name\" content=\"Policl\u00ednico &quot;Ciro Fr\u00edas Cabrera&quot;\" \/>\n<meta property=\"article:published_time\" content=\"2020-01-28T13:25:13+00:00\" \/>\n<meta property=\"article:modified_time\" content=\"2020-01-28T13:26:15+00:00\" \/>\n<meta property=\"og:image\" content=\"http:\/\/instituciones.gtm.sld.cu\/dmsims\/wp-content\/uploads\/sites\/16\/2020\/01\/jose-marti.png\" \/>\n<meta name=\"twitter:card\" content=\"summary_large_image\" \/>\n<meta name=\"twitter:label1\" content=\"Escrito por\" \/>\n\t<meta name=\"twitter:data1\" content=\"\" \/>\n\t<meta name=\"twitter:label2\" content=\"Tiempo de lectura\" \/>\n\t<meta name=\"twitter:data2\" content=\"4 minutos\" \/>\n<script type=\"application\/ld+json\" class=\"yoast-schema-graph\">{\"@context\":\"https:\/\/schema.org\",\"@graph\":[{\"@type\":\"WebPage\",\"@id\":\"https:\/\/instituciones.gtm.sld.cu\/dmsims\/2020\/01\/28\/marti-y-la-medicina-que-cura-el-alma\/\",\"url\":\"https:\/\/instituciones.gtm.sld.cu\/dmsims\/2020\/01\/28\/marti-y-la-medicina-que-cura-el-alma\/\",\"name\":\"Mart\u00ed y la medicina que cura el alma - Policl\u00ednico &quot;Ciro Fr\u00edas Cabrera&quot;\",\"isPartOf\":{\"@id\":\"https:\/\/instituciones.gtm.sld.cu\/dmsims\/#website\"},\"datePublished\":\"2020-01-28T13:25:13+00:00\",\"dateModified\":\"2020-01-28T13:26:15+00:00\",\"author\":{\"@id\":\"\"},\"breadcrumb\":{\"@id\":\"https:\/\/instituciones.gtm.sld.cu\/dmsims\/2020\/01\/28\/marti-y-la-medicina-que-cura-el-alma\/#breadcrumb\"},\"inLanguage\":\"es\",\"potentialAction\":[{\"@type\":\"ReadAction\",\"target\":[\"https:\/\/instituciones.gtm.sld.cu\/dmsims\/2020\/01\/28\/marti-y-la-medicina-que-cura-el-alma\/\"]}]},{\"@type\":\"BreadcrumbList\",\"@id\":\"https:\/\/instituciones.gtm.sld.cu\/dmsims\/2020\/01\/28\/marti-y-la-medicina-que-cura-el-alma\/#breadcrumb\",\"itemListElement\":[{\"@type\":\"ListItem\",\"position\":1,\"name\":\"Portada\",\"item\":\"https:\/\/instituciones.gtm.sld.cu\/dmsims\/\"},{\"@type\":\"ListItem\",\"position\":2,\"name\":\"Mart\u00ed y la medicina que cura el alma\"}]},{\"@type\":\"WebSite\",\"@id\":\"https:\/\/instituciones.gtm.sld.cu\/dmsims\/#website\",\"url\":\"https:\/\/instituciones.gtm.sld.cu\/dmsims\/\",\"name\":\"Policl\u00ednico &quot;Ciro Fr\u00edas Cabrera&quot;\",\"description\":\"Policl\u00ednico &quot;Ciro Fr\u00edas Cabrera&quot;\",\"potentialAction\":[{\"@type\":\"SearchAction\",\"target\":{\"@type\":\"EntryPoint\",\"urlTemplate\":\"https:\/\/instituciones.gtm.sld.cu\/dmsims\/?s={search_term_string}\"},\"query-input\":\"required name=search_term_string\"}],\"inLanguage\":\"es\"},{\"@type\":\"Person\",\"@id\":\"\",\"url\":\"https:\/\/instituciones.gtm.sld.cu\/dmsims\/author\/\"}]}<\/script>\n<!-- \/ Yoast SEO plugin. -->","yoast_head_json":{"title":"Mart\u00ed y la medicina que cura el alma - Policl\u00ednico &quot;Ciro Fr\u00edas Cabrera&quot;","robots":{"index":"index","follow":"follow","max-snippet":"max-snippet:-1","max-image-preview":"max-image-preview:large","max-video-preview":"max-video-preview:-1"},"canonical":"https:\/\/instituciones.gtm.sld.cu\/dmsims\/2020\/01\/28\/marti-y-la-medicina-que-cura-el-alma\/","og_locale":"es_ES","og_type":"article","og_title":"Mart\u00ed y la medicina que cura el alma - Policl\u00ednico &quot;Ciro Fr\u00edas Cabrera&quot;","og_description":"Jos\u00e9 Mart\u00ed fue un periodista que se interes\u00f3 por una amplia variedad de temas, y con esa misma diversidad escribi\u00f3. Dentro de esa amalgama, se incluye la medicina preventiva como una v\u00eda eficaz para evitar las enfermedades y, por ende, garantizar la estabilidad de la salud en los seres humanos.","og_url":"https:\/\/instituciones.gtm.sld.cu\/dmsims\/2020\/01\/28\/marti-y-la-medicina-que-cura-el-alma\/","og_site_name":"Policl\u00ednico &quot;Ciro Fr\u00edas Cabrera&quot;","article_published_time":"2020-01-28T13:25:13+00:00","article_modified_time":"2020-01-28T13:26:15+00:00","og_image":[{"url":"http:\/\/instituciones.gtm.sld.cu\/dmsims\/wp-content\/uploads\/sites\/16\/2020\/01\/jose-marti.png"}],"twitter_card":"summary_large_image","twitter_misc":{"Escrito por":"","Tiempo de lectura":"4 minutos"},"schema":{"@context":"https:\/\/schema.org","@graph":[{"@type":"WebPage","@id":"https:\/\/instituciones.gtm.sld.cu\/dmsims\/2020\/01\/28\/marti-y-la-medicina-que-cura-el-alma\/","url":"https:\/\/instituciones.gtm.sld.cu\/dmsims\/2020\/01\/28\/marti-y-la-medicina-que-cura-el-alma\/","name":"Mart\u00ed y la medicina que cura el alma - Policl\u00ednico &quot;Ciro Fr\u00edas Cabrera&quot;","isPartOf":{"@id":"https:\/\/instituciones.gtm.sld.cu\/dmsims\/#website"},"datePublished":"2020-01-28T13:25:13+00:00","dateModified":"2020-01-28T13:26:15+00:00","author":{"@id":""},"breadcrumb":{"@id":"https:\/\/instituciones.gtm.sld.cu\/dmsims\/2020\/01\/28\/marti-y-la-medicina-que-cura-el-alma\/#breadcrumb"},"inLanguage":"es","potentialAction":[{"@type":"ReadAction","target":["https:\/\/instituciones.gtm.sld.cu\/dmsims\/2020\/01\/28\/marti-y-la-medicina-que-cura-el-alma\/"]}]},{"@type":"BreadcrumbList","@id":"https:\/\/instituciones.gtm.sld.cu\/dmsims\/2020\/01\/28\/marti-y-la-medicina-que-cura-el-alma\/#breadcrumb","itemListElement":[{"@type":"ListItem","position":1,"name":"Portada","item":"https:\/\/instituciones.gtm.sld.cu\/dmsims\/"},{"@type":"ListItem","position":2,"name":"Mart\u00ed y la medicina que cura el alma"}]},{"@type":"WebSite","@id":"https:\/\/instituciones.gtm.sld.cu\/dmsims\/#website","url":"https:\/\/instituciones.gtm.sld.cu\/dmsims\/","name":"Policl\u00ednico &quot;Ciro Fr\u00edas Cabrera&quot;","description":"Policl\u00ednico &quot;Ciro Fr\u00edas Cabrera&quot;","potentialAction":[{"@type":"SearchAction","target":{"@type":"EntryPoint","urlTemplate":"https:\/\/instituciones.gtm.sld.cu\/dmsims\/?s={search_term_string}"},"query-input":"required name=search_term_string"}],"inLanguage":"es"},{"@type":"Person","@id":"","url":"https:\/\/instituciones.gtm.sld.cu\/dmsims\/author\/"}]}},"_links":{"self":[{"href":"https:\/\/instituciones.gtm.sld.cu\/dmsims\/wp-json\/wp\/v2\/posts\/918"}],"collection":[{"href":"https:\/\/instituciones.gtm.sld.cu\/dmsims\/wp-json\/wp\/v2\/posts"}],"about":[{"href":"https:\/\/instituciones.gtm.sld.cu\/dmsims\/wp-json\/wp\/v2\/types\/post"}],"author":[{"embeddable":true,"href":"https:\/\/instituciones.gtm.sld.cu\/dmsims\/wp-json\/wp\/v2\/users\/17"}],"replies":[{"embeddable":true,"href":"https:\/\/instituciones.gtm.sld.cu\/dmsims\/wp-json\/wp\/v2\/comments?post=918"}],"version-history":[{"count":1,"href":"https:\/\/instituciones.gtm.sld.cu\/dmsims\/wp-json\/wp\/v2\/posts\/918\/revisions"}],"predecessor-version":[{"id":920,"href":"https:\/\/instituciones.gtm.sld.cu\/dmsims\/wp-json\/wp\/v2\/posts\/918\/revisions\/920"}],"wp:attachment":[{"href":"https:\/\/instituciones.gtm.sld.cu\/dmsims\/wp-json\/wp\/v2\/media?parent=918"}],"wp:term":[{"taxonomy":"category","embeddable":true,"href":"https:\/\/instituciones.gtm.sld.cu\/dmsims\/wp-json\/wp\/v2\/categories?post=918"},{"taxonomy":"post_tag","embeddable":true,"href":"https:\/\/instituciones.gtm.sld.cu\/dmsims\/wp-json\/wp\/v2\/tags?post=918"}],"curies":[{"name":"wp","href":"https:\/\/api.w.org\/{rel}","templated":true}]}}