{"id":1144,"date":"2019-05-22T17:40:48","date_gmt":"2019-05-22T17:40:48","guid":{"rendered":"http:\/\/instituciones2.gtm.sld.cu\/dmsmta\/?p=1144"},"modified":"2019-05-22T17:40:48","modified_gmt":"2019-05-22T17:40:48","slug":"forum-de-ciencia-y-tecnica","status":"publish","type":"post","link":"https:\/\/instituciones.gtm.sld.cu\/dmsmta\/forum-de-ciencia-y-tecnica\/","title":{"rendered":"FORUM DE CIENCIA Y T\u00c9CNICA"},"content":{"rendered":"<p style=\"text-align: justify\"><strong> <img decoding=\"async\" loading=\"lazy\" class=\"alignleft wp-image-1147\" src=\"http:\/\/instituciones2.gtm.sld.cu\/dmsmta\/wp-content\/uploads\/sites\/7\/2019\/05\/260px-Forum_de_ciencia_y_tecnica-150x150.jpg\" alt=\"\" width=\"150\" height=\"150\" \/><\/strong><\/p>\n<p style=\"text-align: justify\"><strong>La Unidad Municipal<\/strong><strong> de Salud <\/strong><strong>Manuel Tames<\/strong> invita a todos los trabajadores interesados en participar en el F\u00f3rum de Ciencia y T\u00e9cnica \u00a02019 de esta instituci\u00f3n,<\/p>\n<p style=\"text-align: justify\">El mismo se efectuar\u00e1 el d\u00eda 25 de Junio a las 9:00 am en aula docente del mencionado centro.<\/p>\n<p style=\"text-align: justify\">\u00a0\u00a0\u00a0\u00a0\u00a0\u00a0\u00a0\u00a0\u00a0\u00a0\u00a0\u00a0\u00a0\u00a0\u00a0\u00a0\u00a0\u00a0\u00a0\u00a0\u00a0\u00a0\u00a0\u00a0\u00a0\u00a0\u00a0\u00a0\u00a0 TE ESPERAMOS<\/p>\n<p><strong>\u201c\u2026<\/strong><strong>El foro\u2026 un poderoso movimiento pol\u00edtico e ideol\u00f3gico; sirve para demostrar el nivel de conciencia, de unidad, de integraci\u00f3n que hay en nuestro pa\u00eds<\/strong> <strong>\u2026\u201d<\/strong><\/p>\n<p><strong><em>Fidel Castro Ruz<\/em><\/strong><\/p>\n<p><strong>Fuente: <\/strong>Departamento de Docencia del Policl\u00ednico M\u00e1rtires de Jamaica.<\/p>\n","protected":false},"excerpt":{"rendered":"<p>La Unidad Municipal de Salud Manuel Tames invita a todos los trabajadores interesados en participar en el F\u00f3rum de Ciencia y T\u00e9cnica \u00a02019 de esta instituci\u00f3n, El mismo se efectuar\u00e1 el d\u00eda 25 de Junio a las 9:00 am en aula docente del mencionado centro. \u00a0\u00a0\u00a0\u00a0\u00a0\u00a0\u00a0\u00a0\u00a0\u00a0\u00a0\u00a0\u00a0\u00a0\u00a0\u00a0\u00a0\u00a0\u00a0\u00a0\u00a0\u00a0\u00a0\u00a0\u00a0\u00a0\u00a0\u00a0\u00a0 TE ESPERAMOS \u201c\u2026El foro\u2026 un poderoso movimiento pol\u00edtico e &hellip; <\/p>\n<p><a class=\"more-link btn\" href=\"https:\/\/instituciones.gtm.sld.cu\/dmsmta\/forum-de-ciencia-y-tecnica\/\">Seguir leyendo<\/a><\/p>\n","protected":false},"author":79,"featured_media":0,"comment_status":"open","ping_status":"open","sticky":false,"template":"","format":"standard","meta":{"ngg_post_thumbnail":0},"categories":[78],"tags":[],"yoast_head":"<!-- This site is optimized with the Yoast SEO plugin v21.8 - https:\/\/yoast.com\/wordpress\/plugins\/seo\/ -->\n<title>FORUM DE CIENCIA Y T\u00c9CNICA - Direcci\u00f3n General de Salud<\/title>\n<meta name=\"robots\" content=\"index, follow, max-snippet:-1, max-image-preview:large, max-video-preview:-1\" \/>\n<link rel=\"canonical\" href=\"https:\/\/instituciones.gtm.sld.cu\/dmsmta\/forum-de-ciencia-y-tecnica\/\" \/>\n<meta property=\"og:locale\" content=\"es_ES\" \/>\n<meta property=\"og:type\" content=\"article\" \/>\n<meta property=\"og:title\" content=\"FORUM DE CIENCIA Y T\u00c9CNICA - Direcci\u00f3n General de Salud\" \/>\n<meta property=\"og:description\" content=\"La Unidad Municipal de Salud Manuel Tames invita a todos los trabajadores interesados en participar en el F\u00f3rum de Ciencia y T\u00e9cnica \u00a02019 de esta instituci\u00f3n, El mismo se efectuar\u00e1 el d\u00eda 25 de Junio a las 9:00 am en aula docente del mencionado centro. \u00a0\u00a0\u00a0\u00a0\u00a0\u00a0\u00a0\u00a0\u00a0\u00a0\u00a0\u00a0\u00a0\u00a0\u00a0\u00a0\u00a0\u00a0\u00a0\u00a0\u00a0\u00a0\u00a0\u00a0\u00a0\u00a0\u00a0\u00a0\u00a0 TE ESPERAMOS \u201c\u2026El foro\u2026 un poderoso movimiento pol\u00edtico e &hellip; Seguir leyendo\" \/>\n<meta property=\"og:url\" content=\"https:\/\/instituciones.gtm.sld.cu\/dmsmta\/forum-de-ciencia-y-tecnica\/\" \/>\n<meta property=\"og:site_name\" content=\"Direcci\u00f3n General de Salud\" \/>\n<meta property=\"article:published_time\" content=\"2019-05-22T17:40:48+00:00\" \/>\n<meta property=\"og:image\" content=\"http:\/\/instituciones2.gtm.sld.cu\/dmsmta\/wp-content\/uploads\/sites\/7\/2019\/05\/260px-Forum_de_ciencia_y_tecnica-150x150.jpg\" \/>\n<meta name=\"author\" content=\"dmsmta\" \/>\n<meta name=\"twitter:card\" content=\"summary_large_image\" \/>\n<meta name=\"twitter:label1\" content=\"Escrito por\" \/>\n\t<meta name=\"twitter:data1\" content=\"dmsmta\" \/>\n<script type=\"application\/ld+json\" class=\"yoast-schema-graph\">{\"@context\":\"https:\/\/schema.org\",\"@graph\":[{\"@type\":\"WebPage\",\"@id\":\"https:\/\/instituciones.gtm.sld.cu\/dmsmta\/forum-de-ciencia-y-tecnica\/\",\"url\":\"https:\/\/instituciones.gtm.sld.cu\/dmsmta\/forum-de-ciencia-y-tecnica\/\",\"name\":\"FORUM DE CIENCIA Y T\u00c9CNICA - Direcci\u00f3n General de Salud\",\"isPartOf\":{\"@id\":\"https:\/\/instituciones.gtm.sld.cu\/dmsmta\/#website\"},\"datePublished\":\"2019-05-22T17:40:48+00:00\",\"dateModified\":\"2019-05-22T17:40:48+00:00\",\"author\":{\"@id\":\"https:\/\/instituciones.gtm.sld.cu\/dmsmta\/#\/schema\/person\/20a8a2fa26b9875f4370f2e0c5487910\"},\"breadcrumb\":{\"@id\":\"https:\/\/instituciones.gtm.sld.cu\/dmsmta\/forum-de-ciencia-y-tecnica\/#breadcrumb\"},\"inLanguage\":\"es\",\"potentialAction\":[{\"@type\":\"ReadAction\",\"target\":[\"https:\/\/instituciones.gtm.sld.cu\/dmsmta\/forum-de-ciencia-y-tecnica\/\"]}]},{\"@type\":\"BreadcrumbList\",\"@id\":\"https:\/\/instituciones.gtm.sld.cu\/dmsmta\/forum-de-ciencia-y-tecnica\/#breadcrumb\",\"itemListElement\":[{\"@type\":\"ListItem\",\"position\":1,\"name\":\"Portada\",\"item\":\"https:\/\/instituciones.gtm.sld.cu\/dmsmta\/\"},{\"@type\":\"ListItem\",\"position\":2,\"name\":\"FORUM DE CIENCIA Y T\u00c9CNICA\"}]},{\"@type\":\"WebSite\",\"@id\":\"https:\/\/instituciones.gtm.sld.cu\/dmsmta\/#website\",\"url\":\"https:\/\/instituciones.gtm.sld.cu\/dmsmta\/\",\"name\":\"Direcci\u00f3n General de Salud\",\"description\":\"Manuel Tames\",\"potentialAction\":[{\"@type\":\"SearchAction\",\"target\":{\"@type\":\"EntryPoint\",\"urlTemplate\":\"https:\/\/instituciones.gtm.sld.cu\/dmsmta\/?s={search_term_string}\"},\"query-input\":\"required name=search_term_string\"}],\"inLanguage\":\"es\"},{\"@type\":\"Person\",\"@id\":\"https:\/\/instituciones.gtm.sld.cu\/dmsmta\/#\/schema\/person\/20a8a2fa26b9875f4370f2e0c5487910\",\"name\":\"dmsmta\",\"url\":\"https:\/\/instituciones.gtm.sld.cu\/dmsmta\/author\/dmsmta\/\"}]}<\/script>\n<!-- \/ Yoast SEO plugin. -->","yoast_head_json":{"title":"FORUM DE CIENCIA Y T\u00c9CNICA - Direcci\u00f3n General de Salud","robots":{"index":"index","follow":"follow","max-snippet":"max-snippet:-1","max-image-preview":"max-image-preview:large","max-video-preview":"max-video-preview:-1"},"canonical":"https:\/\/instituciones.gtm.sld.cu\/dmsmta\/forum-de-ciencia-y-tecnica\/","og_locale":"es_ES","og_type":"article","og_title":"FORUM DE CIENCIA Y T\u00c9CNICA - Direcci\u00f3n General de Salud","og_description":"La Unidad Municipal de Salud Manuel Tames invita a todos los trabajadores interesados en participar en el F\u00f3rum de Ciencia y T\u00e9cnica \u00a02019 de esta instituci\u00f3n, El mismo se efectuar\u00e1 el d\u00eda 25 de Junio a las 9:00 am en aula docente del mencionado centro. \u00a0\u00a0\u00a0\u00a0\u00a0\u00a0\u00a0\u00a0\u00a0\u00a0\u00a0\u00a0\u00a0\u00a0\u00a0\u00a0\u00a0\u00a0\u00a0\u00a0\u00a0\u00a0\u00a0\u00a0\u00a0\u00a0\u00a0\u00a0\u00a0 TE ESPERAMOS \u201c\u2026El foro\u2026 un poderoso movimiento pol\u00edtico e &hellip; Seguir leyendo","og_url":"https:\/\/instituciones.gtm.sld.cu\/dmsmta\/forum-de-ciencia-y-tecnica\/","og_site_name":"Direcci\u00f3n General de Salud","article_published_time":"2019-05-22T17:40:48+00:00","og_image":[{"url":"http:\/\/instituciones2.gtm.sld.cu\/dmsmta\/wp-content\/uploads\/sites\/7\/2019\/05\/260px-Forum_de_ciencia_y_tecnica-150x150.jpg"}],"author":"dmsmta","twitter_card":"summary_large_image","twitter_misc":{"Escrito por":"dmsmta"},"schema":{"@context":"https:\/\/schema.org","@graph":[{"@type":"WebPage","@id":"https:\/\/instituciones.gtm.sld.cu\/dmsmta\/forum-de-ciencia-y-tecnica\/","url":"https:\/\/instituciones.gtm.sld.cu\/dmsmta\/forum-de-ciencia-y-tecnica\/","name":"FORUM DE CIENCIA Y T\u00c9CNICA - Direcci\u00f3n General de Salud","isPartOf":{"@id":"https:\/\/instituciones.gtm.sld.cu\/dmsmta\/#website"},"datePublished":"2019-05-22T17:40:48+00:00","dateModified":"2019-05-22T17:40:48+00:00","author":{"@id":"https:\/\/instituciones.gtm.sld.cu\/dmsmta\/#\/schema\/person\/20a8a2fa26b9875f4370f2e0c5487910"},"breadcrumb":{"@id":"https:\/\/instituciones.gtm.sld.cu\/dmsmta\/forum-de-ciencia-y-tecnica\/#breadcrumb"},"inLanguage":"es","potentialAction":[{"@type":"ReadAction","target":["https:\/\/instituciones.gtm.sld.cu\/dmsmta\/forum-de-ciencia-y-tecnica\/"]}]},{"@type":"BreadcrumbList","@id":"https:\/\/instituciones.gtm.sld.cu\/dmsmta\/forum-de-ciencia-y-tecnica\/#breadcrumb","itemListElement":[{"@type":"ListItem","position":1,"name":"Portada","item":"https:\/\/instituciones.gtm.sld.cu\/dmsmta\/"},{"@type":"ListItem","position":2,"name":"FORUM DE CIENCIA Y T\u00c9CNICA"}]},{"@type":"WebSite","@id":"https:\/\/instituciones.gtm.sld.cu\/dmsmta\/#website","url":"https:\/\/instituciones.gtm.sld.cu\/dmsmta\/","name":"Direcci\u00f3n General de Salud","description":"Manuel Tames","potentialAction":[{"@type":"SearchAction","target":{"@type":"EntryPoint","urlTemplate":"https:\/\/instituciones.gtm.sld.cu\/dmsmta\/?s={search_term_string}"},"query-input":"required name=search_term_string"}],"inLanguage":"es"},{"@type":"Person","@id":"https:\/\/instituciones.gtm.sld.cu\/dmsmta\/#\/schema\/person\/20a8a2fa26b9875f4370f2e0c5487910","name":"dmsmta","url":"https:\/\/instituciones.gtm.sld.cu\/dmsmta\/author\/dmsmta\/"}]}},"_links":{"self":[{"href":"https:\/\/instituciones.gtm.sld.cu\/dmsmta\/wp-json\/wp\/v2\/posts\/1144"}],"collection":[{"href":"https:\/\/instituciones.gtm.sld.cu\/dmsmta\/wp-json\/wp\/v2\/posts"}],"about":[{"href":"https:\/\/instituciones.gtm.sld.cu\/dmsmta\/wp-json\/wp\/v2\/types\/post"}],"author":[{"embeddable":true,"href":"https:\/\/instituciones.gtm.sld.cu\/dmsmta\/wp-json\/wp\/v2\/users\/79"}],"replies":[{"embeddable":true,"href":"https:\/\/instituciones.gtm.sld.cu\/dmsmta\/wp-json\/wp\/v2\/comments?post=1144"}],"version-history":[{"count":0,"href":"https:\/\/instituciones.gtm.sld.cu\/dmsmta\/wp-json\/wp\/v2\/posts\/1144\/revisions"}],"wp:attachment":[{"href":"https:\/\/instituciones.gtm.sld.cu\/dmsmta\/wp-json\/wp\/v2\/media?parent=1144"}],"wp:term":[{"taxonomy":"category","embeddable":true,"href":"https:\/\/instituciones.gtm.sld.cu\/dmsmta\/wp-json\/wp\/v2\/categories?post=1144"},{"taxonomy":"post_tag","embeddable":true,"href":"https:\/\/instituciones.gtm.sld.cu\/dmsmta\/wp-json\/wp\/v2\/tags?post=1144"}],"curies":[{"name":"wp","href":"https:\/\/api.w.org\/{rel}","templated":true}]}}