{"id":1462,"date":"2019-11-13T15:59:59","date_gmt":"2019-11-13T15:59:59","guid":{"rendered":"http:\/\/instituciones2.gtm.sld.cu\/dmsmta\/?p=1462"},"modified":"2019-11-13T15:59:59","modified_gmt":"2019-11-13T15:59:59","slug":"3-de-diciembre-dia-de-la-medicina-latinoamericana","status":"publish","type":"post","link":"https:\/\/instituciones.gtm.sld.cu\/dmsmta\/3-de-diciembre-dia-de-la-medicina-latinoamericana\/","title":{"rendered":"3 de diciembre D\u00eda de la Medicina Latinoamericana"},"content":{"rendered":"<p><img decoding=\"async\" loading=\"lazy\" class=\"alignleft  wp-image-1463\" src=\"http:\/\/instituciones2.gtm.sld.cu\/dmsmta\/wp-content\/uploads\/sites\/7\/2019\/11\/Medicina-Latinoamericana-150x150.jpg\" alt=\"\" width=\"150\" height=\"150\" \/>En honor a Carlos J. Finlay, gran m\u00e9dico, la fecha de su natalicio qued\u00f3 instituida como el D\u00eda de la Medicina Latinoamericana, su ejemplo constituye est\u00edmulo para quienes como \u00e9l, consagran su vida a la conciencia, a las investigaciones, a combatir las enfermedades, y a hacer de la atenci\u00f3n m\u00e9dica un derecho cotidiano de la humanidad.<\/p>\n<p>La Representaci\u00f3n de Organizaci\u00f3n Panamericana de la Salud en Cuba, reconoce y felicita a todos los trabajadores de la salud.<\/p>\n<p>&nbsp;<\/p>\n<p><strong>Fuente<\/strong>:\u00a0 www.paho.org\/cub<\/p>\n<p>&nbsp;<\/p>\n","protected":false},"excerpt":{"rendered":"<p>En honor a Carlos J. Finlay, gran m\u00e9dico, la fecha de su natalicio qued\u00f3 instituida como el D\u00eda de la Medicina Latinoamericana, su ejemplo constituye est\u00edmulo para quienes como \u00e9l, consagran su vida a la conciencia, a las investigaciones, a combatir las enfermedades, y a hacer de la atenci\u00f3n m\u00e9dica un derecho cotidiano de la &hellip; <\/p>\n<p><a class=\"more-link btn\" href=\"https:\/\/instituciones.gtm.sld.cu\/dmsmta\/3-de-diciembre-dia-de-la-medicina-latinoamericana\/\">Seguir leyendo<\/a><\/p>\n","protected":false},"author":79,"featured_media":0,"comment_status":"open","ping_status":"open","sticky":false,"template":"","format":"standard","meta":{"ngg_post_thumbnail":0},"categories":[10,56,80],"tags":[],"yoast_head":"<!-- This site is optimized with the Yoast SEO plugin v21.8 - https:\/\/yoast.com\/wordpress\/plugins\/seo\/ -->\n<title>3 de diciembre D\u00eda de la Medicina Latinoamericana - Direcci\u00f3n General de Salud<\/title>\n<meta name=\"robots\" content=\"index, follow, max-snippet:-1, max-image-preview:large, max-video-preview:-1\" \/>\n<link rel=\"canonical\" href=\"https:\/\/instituciones.gtm.sld.cu\/dmsmta\/3-de-diciembre-dia-de-la-medicina-latinoamericana\/\" \/>\n<meta property=\"og:locale\" content=\"es_ES\" \/>\n<meta property=\"og:type\" content=\"article\" \/>\n<meta property=\"og:title\" content=\"3 de diciembre D\u00eda de la Medicina Latinoamericana - Direcci\u00f3n General de Salud\" \/>\n<meta property=\"og:description\" content=\"En honor a Carlos J. Finlay, gran m\u00e9dico, la fecha de su natalicio qued\u00f3 instituida como el D\u00eda de la Medicina Latinoamericana, su ejemplo constituye est\u00edmulo para quienes como \u00e9l, consagran su vida a la conciencia, a las investigaciones, a combatir las enfermedades, y a hacer de la atenci\u00f3n m\u00e9dica un derecho cotidiano de la &hellip; Seguir leyendo\" \/>\n<meta property=\"og:url\" content=\"https:\/\/instituciones.gtm.sld.cu\/dmsmta\/3-de-diciembre-dia-de-la-medicina-latinoamericana\/\" \/>\n<meta property=\"og:site_name\" content=\"Direcci\u00f3n General de Salud\" \/>\n<meta property=\"article:published_time\" content=\"2019-11-13T15:59:59+00:00\" \/>\n<meta property=\"og:image\" content=\"http:\/\/instituciones2.gtm.sld.cu\/dmsmta\/wp-content\/uploads\/sites\/7\/2019\/11\/Medicina-Latinoamericana-150x150.jpg\" \/>\n<meta name=\"author\" content=\"dmsmta\" \/>\n<meta name=\"twitter:card\" content=\"summary_large_image\" \/>\n<meta name=\"twitter:label1\" content=\"Escrito por\" \/>\n\t<meta name=\"twitter:data1\" content=\"dmsmta\" \/>\n<script type=\"application\/ld+json\" class=\"yoast-schema-graph\">{\"@context\":\"https:\/\/schema.org\",\"@graph\":[{\"@type\":\"WebPage\",\"@id\":\"https:\/\/instituciones.gtm.sld.cu\/dmsmta\/3-de-diciembre-dia-de-la-medicina-latinoamericana\/\",\"url\":\"https:\/\/instituciones.gtm.sld.cu\/dmsmta\/3-de-diciembre-dia-de-la-medicina-latinoamericana\/\",\"name\":\"3 de diciembre D\u00eda de la Medicina Latinoamericana - Direcci\u00f3n General de Salud\",\"isPartOf\":{\"@id\":\"https:\/\/instituciones.gtm.sld.cu\/dmsmta\/#website\"},\"datePublished\":\"2019-11-13T15:59:59+00:00\",\"dateModified\":\"2019-11-13T15:59:59+00:00\",\"author\":{\"@id\":\"https:\/\/instituciones.gtm.sld.cu\/dmsmta\/#\/schema\/person\/20a8a2fa26b9875f4370f2e0c5487910\"},\"breadcrumb\":{\"@id\":\"https:\/\/instituciones.gtm.sld.cu\/dmsmta\/3-de-diciembre-dia-de-la-medicina-latinoamericana\/#breadcrumb\"},\"inLanguage\":\"es\",\"potentialAction\":[{\"@type\":\"ReadAction\",\"target\":[\"https:\/\/instituciones.gtm.sld.cu\/dmsmta\/3-de-diciembre-dia-de-la-medicina-latinoamericana\/\"]}]},{\"@type\":\"BreadcrumbList\",\"@id\":\"https:\/\/instituciones.gtm.sld.cu\/dmsmta\/3-de-diciembre-dia-de-la-medicina-latinoamericana\/#breadcrumb\",\"itemListElement\":[{\"@type\":\"ListItem\",\"position\":1,\"name\":\"Portada\",\"item\":\"https:\/\/instituciones.gtm.sld.cu\/dmsmta\/\"},{\"@type\":\"ListItem\",\"position\":2,\"name\":\"3 de diciembre D\u00eda de la Medicina Latinoamericana\"}]},{\"@type\":\"WebSite\",\"@id\":\"https:\/\/instituciones.gtm.sld.cu\/dmsmta\/#website\",\"url\":\"https:\/\/instituciones.gtm.sld.cu\/dmsmta\/\",\"name\":\"Direcci\u00f3n General de Salud\",\"description\":\"Manuel Tames\",\"potentialAction\":[{\"@type\":\"SearchAction\",\"target\":{\"@type\":\"EntryPoint\",\"urlTemplate\":\"https:\/\/instituciones.gtm.sld.cu\/dmsmta\/?s={search_term_string}\"},\"query-input\":\"required name=search_term_string\"}],\"inLanguage\":\"es\"},{\"@type\":\"Person\",\"@id\":\"https:\/\/instituciones.gtm.sld.cu\/dmsmta\/#\/schema\/person\/20a8a2fa26b9875f4370f2e0c5487910\",\"name\":\"dmsmta\",\"url\":\"https:\/\/instituciones.gtm.sld.cu\/dmsmta\/author\/dmsmta\/\"}]}<\/script>\n<!-- \/ Yoast SEO plugin. -->","yoast_head_json":{"title":"3 de diciembre D\u00eda de la Medicina Latinoamericana - Direcci\u00f3n General de Salud","robots":{"index":"index","follow":"follow","max-snippet":"max-snippet:-1","max-image-preview":"max-image-preview:large","max-video-preview":"max-video-preview:-1"},"canonical":"https:\/\/instituciones.gtm.sld.cu\/dmsmta\/3-de-diciembre-dia-de-la-medicina-latinoamericana\/","og_locale":"es_ES","og_type":"article","og_title":"3 de diciembre D\u00eda de la Medicina Latinoamericana - Direcci\u00f3n General de Salud","og_description":"En honor a Carlos J. Finlay, gran m\u00e9dico, la fecha de su natalicio qued\u00f3 instituida como el D\u00eda de la Medicina Latinoamericana, su ejemplo constituye est\u00edmulo para quienes como \u00e9l, consagran su vida a la conciencia, a las investigaciones, a combatir las enfermedades, y a hacer de la atenci\u00f3n m\u00e9dica un derecho cotidiano de la &hellip; Seguir leyendo","og_url":"https:\/\/instituciones.gtm.sld.cu\/dmsmta\/3-de-diciembre-dia-de-la-medicina-latinoamericana\/","og_site_name":"Direcci\u00f3n General de Salud","article_published_time":"2019-11-13T15:59:59+00:00","og_image":[{"url":"http:\/\/instituciones2.gtm.sld.cu\/dmsmta\/wp-content\/uploads\/sites\/7\/2019\/11\/Medicina-Latinoamericana-150x150.jpg"}],"author":"dmsmta","twitter_card":"summary_large_image","twitter_misc":{"Escrito por":"dmsmta"},"schema":{"@context":"https:\/\/schema.org","@graph":[{"@type":"WebPage","@id":"https:\/\/instituciones.gtm.sld.cu\/dmsmta\/3-de-diciembre-dia-de-la-medicina-latinoamericana\/","url":"https:\/\/instituciones.gtm.sld.cu\/dmsmta\/3-de-diciembre-dia-de-la-medicina-latinoamericana\/","name":"3 de diciembre D\u00eda de la Medicina Latinoamericana - Direcci\u00f3n General de Salud","isPartOf":{"@id":"https:\/\/instituciones.gtm.sld.cu\/dmsmta\/#website"},"datePublished":"2019-11-13T15:59:59+00:00","dateModified":"2019-11-13T15:59:59+00:00","author":{"@id":"https:\/\/instituciones.gtm.sld.cu\/dmsmta\/#\/schema\/person\/20a8a2fa26b9875f4370f2e0c5487910"},"breadcrumb":{"@id":"https:\/\/instituciones.gtm.sld.cu\/dmsmta\/3-de-diciembre-dia-de-la-medicina-latinoamericana\/#breadcrumb"},"inLanguage":"es","potentialAction":[{"@type":"ReadAction","target":["https:\/\/instituciones.gtm.sld.cu\/dmsmta\/3-de-diciembre-dia-de-la-medicina-latinoamericana\/"]}]},{"@type":"BreadcrumbList","@id":"https:\/\/instituciones.gtm.sld.cu\/dmsmta\/3-de-diciembre-dia-de-la-medicina-latinoamericana\/#breadcrumb","itemListElement":[{"@type":"ListItem","position":1,"name":"Portada","item":"https:\/\/instituciones.gtm.sld.cu\/dmsmta\/"},{"@type":"ListItem","position":2,"name":"3 de diciembre D\u00eda de la Medicina Latinoamericana"}]},{"@type":"WebSite","@id":"https:\/\/instituciones.gtm.sld.cu\/dmsmta\/#website","url":"https:\/\/instituciones.gtm.sld.cu\/dmsmta\/","name":"Direcci\u00f3n General de Salud","description":"Manuel Tames","potentialAction":[{"@type":"SearchAction","target":{"@type":"EntryPoint","urlTemplate":"https:\/\/instituciones.gtm.sld.cu\/dmsmta\/?s={search_term_string}"},"query-input":"required name=search_term_string"}],"inLanguage":"es"},{"@type":"Person","@id":"https:\/\/instituciones.gtm.sld.cu\/dmsmta\/#\/schema\/person\/20a8a2fa26b9875f4370f2e0c5487910","name":"dmsmta","url":"https:\/\/instituciones.gtm.sld.cu\/dmsmta\/author\/dmsmta\/"}]}},"_links":{"self":[{"href":"https:\/\/instituciones.gtm.sld.cu\/dmsmta\/wp-json\/wp\/v2\/posts\/1462"}],"collection":[{"href":"https:\/\/instituciones.gtm.sld.cu\/dmsmta\/wp-json\/wp\/v2\/posts"}],"about":[{"href":"https:\/\/instituciones.gtm.sld.cu\/dmsmta\/wp-json\/wp\/v2\/types\/post"}],"author":[{"embeddable":true,"href":"https:\/\/instituciones.gtm.sld.cu\/dmsmta\/wp-json\/wp\/v2\/users\/79"}],"replies":[{"embeddable":true,"href":"https:\/\/instituciones.gtm.sld.cu\/dmsmta\/wp-json\/wp\/v2\/comments?post=1462"}],"version-history":[{"count":0,"href":"https:\/\/instituciones.gtm.sld.cu\/dmsmta\/wp-json\/wp\/v2\/posts\/1462\/revisions"}],"wp:attachment":[{"href":"https:\/\/instituciones.gtm.sld.cu\/dmsmta\/wp-json\/wp\/v2\/media?parent=1462"}],"wp:term":[{"taxonomy":"category","embeddable":true,"href":"https:\/\/instituciones.gtm.sld.cu\/dmsmta\/wp-json\/wp\/v2\/categories?post=1462"},{"taxonomy":"post_tag","embeddable":true,"href":"https:\/\/instituciones.gtm.sld.cu\/dmsmta\/wp-json\/wp\/v2\/tags?post=1462"}],"curies":[{"name":"wp","href":"https:\/\/api.w.org\/{rel}","templated":true}]}}