{"id":1516,"date":"2020-02-28T15:19:23","date_gmt":"2020-02-28T15:19:23","guid":{"rendered":"http:\/\/instituciones2.gtm.sld.cu\/dmsmta\/?p=1516"},"modified":"2020-08-11T09:02:20","modified_gmt":"2020-08-11T13:02:20","slug":"disponible-aplicacion-desarrollada-por-infomed-sobre-el-covid-19","status":"publish","type":"post","link":"https:\/\/instituciones.gtm.sld.cu\/dmsmta\/disponible-aplicacion-desarrollada-por-infomed-sobre-el-covid-19\/","title":{"rendered":"Disponible aplicaci\u00f3n desarrollada por Infomed sobre el COVID-19"},"content":{"rendered":"<p style=\"text-align: justify\">Una <a href=\"http:\/\/www.apklis.cu\/application\/cu.sld.COVID_19_InfoCU\" target=\"_blank\" rel=\"noopener noreferrer\">nueva aplicaci\u00f3n<\/a> para dispositivos m\u00f3viles desarrollada por <a href=\"http:\/\/www.sld.cu\/\" target=\"_blank\" rel=\"noopener noreferrer\">Infomed<\/a>, con informaci\u00f3n actualizada y fiable sobre la enfermedad por el <a href=\"https:\/\/temas.sld.cu\/coronavirus\/covid-19\/\" target=\"_blank\" rel=\"noopener noreferrer\">nuevo coronavirus COVID-19<\/a>, est\u00e1 disponible desde este jueves <a href=\"https:\/\/www.apklis.cu\/application\/cu.sld.COVID_19_InfoCU\" target=\"_blank\" rel=\"noopener noreferrer\">en ApkLis.<\/a><\/p>\n<p style=\"text-align: justify\"><a href=\"http:\/\/www.apklis.cu\/application\/cu.sld.COVID_19_InfoCU\" target=\"_blank\" rel=\"noopener noreferrer\"><strong>COVID-19-InfoCU<\/strong> <\/a>se nutre de los contenidos disponibles en el <a href=\"https:\/\/temas.sld.cu\/coronavirus\/\" target=\"_blank\" rel=\"noopener noreferrer\">sitio Infecciones por coronavirus,<\/a> y ofrece a los profesionales del Sistema Nacional de Salud y a la poblaci\u00f3n en general informaci\u00f3n b\u00e1sica sobre la familia de los coronavirus, las infecciones que causan y lo m\u00e1s reciente en cuanto al desarrollo de este pat\u00f3geno: casos confirmados, muertes asociadas y pa\u00edses afectados.<\/p>\n<p style=\"text-align: justify\">Facilita el acceso directo a la informaci\u00f3n originada desde el <a href=\"https:\/\/salud.msp.gob.cu\/\" target=\"_blank\" rel=\"noopener noreferrer\">Ministerio de Salud P\u00fablica de Cuba<\/a>, que incluye estrategias e indicaciones, documentos normativos y recursos especializados de informaci\u00f3n.<\/p>\n<p style=\"text-align: justify\">La apk pone a la mano de los usuarios publicaciones de la <a href=\"https:\/\/www.who.int\/es\/home\">Organizaci\u00f3n Mundial de la Salud<\/a> (OMS), la <a href=\"https:\/\/www.paho.org\/hq\/index.php?lang=es\">Organizaci\u00f3n Panamericana de la Salud <\/a>(OPS) y medios de comunicaci\u00f3n, nacionales e internacionales, referentes al tema.<\/p>\n<p style=\"text-align: justify\">En la secci\u00f3n de Actualidad se podr\u00e1 acceder al bolet\u00edn <a href=\"https:\/\/boletinaldia.sld.cu\/aldia\/\" target=\"_blank\" rel=\"noopener noreferrer\">Al D\u00eda<\/a> y a la <a href=\"https:\/\/temas.sld.cu\/coronavirus\/covid-19\/\" target=\"_blank\" rel=\"noopener noreferrer\">secci\u00f3n de actualidad del sitio Infecciones por coronavirus<\/a>, de la red de portales tem\u00e1ticos de Infomed, en la que se sigue, paso a paso, todo lo que acontece en cuanto al COVID-19.<\/p>\n<p style=\"text-align: justify\">Tambi\u00e9n est\u00e1n disponibles documentos concernientes a la vigilancia: alertas y actualizaciones epidemiol\u00f3gicas, preparaci\u00f3n y respuesta a emergencias causadas por brotes epid\u00e9micos, entre otros.<\/p>\n<p style=\"text-align: justify\"><a href=\"https:\/\/www.apklis.cu\/application\/cu.sld.COVID_19_InfoCU\" target=\"_blank\" rel=\"noopener noreferrer\">COVID-19-InfoCU<\/a> compendia recursos en red que abordan la tem\u00e1tica en Infomed y otros sitios relacionados.<\/p>\n<p style=\"text-align: justify\">Esta iniciativa forma parte de la estrategia adoptada por Cuba para la vigilancia y control de la enfermedad y responde al llamado de la OMS a proporcionar informaci\u00f3n personalizada y confiable sobre el brote, originado en la ciudad China de Wuhan el 31 de diciembre del pasado a\u00f1o.<\/p>\n<p style=\"text-align: justify\">En una <a href=\"https:\/\/temas.sld.cu\/coronavirus\/2020\/02\/26\/sesion-informativa-de-la-mision-de-la-oms-sobre-covid-19-26-de-febrero-de-2020\/\" target=\"_blank\" rel=\"noopener noreferrer\">sesi\u00f3n informativa este 26 de febrero<\/a>, el Director General de la OMS, Dr. Tedros Adhanom Ghebreyesus, subray\u00f3 que \u00abestamos en una pelea que se puede ganar si hacemos lo correcto. Todos los pa\u00edses deben estar preparados para detectar casos de manera temprana, aislar pacientes, rastrear contactos, brindar atenci\u00f3n cl\u00ednica de calidad, prevenir brotes hospitalarios y prevenir la transmisi\u00f3n comunitaria\u00bb.<\/p>\n<p style=\"text-align: justify\"><strong><a href=\"https:\/\/www.apklis.cu\/application\/cu.sld.COVID_19_InfoCU\" target=\"_blank\" rel=\"noopener noreferrer\">&#8211; Descargar la aplicaci\u00f3n desde ApkLis<\/a><br \/>\n<a href=\"http:\/\/ftp.sld.cu\/pub\/APK_Salud\/covid19infocu.apk\" target=\"_blank\" rel=\"noopener noreferrer\">&#8211; Descargar la aplicaci\u00f3n desde Infomed <\/a><\/strong>(s\u00f3lo para usuarios de la red de salud de Cuba)<\/p>\n<p style=\"text-align: justify\">Lic. Yeni Ortega Betancourt<br \/>\nCentro Nacional de Informaci\u00f3n de Ciencias M\u00e9dicas. Infomed<\/p>\n<p style=\"text-align: justify\"><strong>FUENTE: <a href=\"http:\/\/www.apklis.cu\/application\/cu.sld.COVID_19_InfoCU\" target=\"_blank\" rel=\"noopener noreferrer\">CNICM-Infomed<\/a><\/strong><\/p>\n","protected":false},"excerpt":{"rendered":"<p>Una nueva aplicaci\u00f3n para dispositivos m\u00f3viles desarrollada por Infomed, con informaci\u00f3n actualizada y fiable sobre la enfermedad por el nuevo coronavirus COVID-19, est\u00e1 disponible desde este jueves en ApkLis. COVID-19-InfoCU se nutre de los contenidos disponibles en el sitio Infecciones por coronavirus, y ofrece a los profesionales del Sistema Nacional de Salud y a la &hellip; <\/p>\n<p><a class=\"more-link btn\" href=\"https:\/\/instituciones.gtm.sld.cu\/dmsmta\/disponible-aplicacion-desarrollada-por-infomed-sobre-el-covid-19\/\">Seguir leyendo<\/a><\/p>\n","protected":false},"author":79,"featured_media":1537,"comment_status":"open","ping_status":"open","sticky":false,"template":"","format":"standard","meta":{"ngg_post_thumbnail":0},"categories":[18],"tags":[],"yoast_head":"<!-- This site is optimized with the Yoast SEO plugin v21.8 - https:\/\/yoast.com\/wordpress\/plugins\/seo\/ -->\n<title>Disponible aplicaci\u00f3n desarrollada por Infomed sobre el COVID-19 - Direcci\u00f3n General de Salud<\/title>\n<meta name=\"robots\" content=\"index, follow, max-snippet:-1, max-image-preview:large, max-video-preview:-1\" \/>\n<link rel=\"canonical\" href=\"https:\/\/instituciones.gtm.sld.cu\/dmsmta\/disponible-aplicacion-desarrollada-por-infomed-sobre-el-covid-19\/\" \/>\n<meta property=\"og:locale\" content=\"es_ES\" \/>\n<meta property=\"og:type\" content=\"article\" \/>\n<meta property=\"og:title\" content=\"Disponible aplicaci\u00f3n desarrollada por Infomed sobre el COVID-19 - Direcci\u00f3n General de Salud\" \/>\n<meta property=\"og:description\" content=\"Una nueva aplicaci\u00f3n para dispositivos m\u00f3viles desarrollada por Infomed, con informaci\u00f3n actualizada y fiable sobre la enfermedad por el nuevo coronavirus COVID-19, est\u00e1 disponible desde este jueves en ApkLis. COVID-19-InfoCU se nutre de los contenidos disponibles en el sitio Infecciones por coronavirus, y ofrece a los profesionales del Sistema Nacional de Salud y a la &hellip; Seguir leyendo\" \/>\n<meta property=\"og:url\" content=\"https:\/\/instituciones.gtm.sld.cu\/dmsmta\/disponible-aplicacion-desarrollada-por-infomed-sobre-el-covid-19\/\" \/>\n<meta property=\"og:site_name\" content=\"Direcci\u00f3n General de Salud\" \/>\n<meta property=\"article:published_time\" content=\"2020-02-28T15:19:23+00:00\" \/>\n<meta property=\"article:modified_time\" content=\"2020-08-11T13:02:20+00:00\" \/>\n<meta property=\"og:image\" content=\"https:\/\/instituciones.gtm.sld.cu\/dmsmta\/wp-content\/uploads\/sites\/32\/2020\/02\/coronavirus-2-180x150.jpg\" \/>\n\t<meta property=\"og:image:width\" content=\"180\" \/>\n\t<meta property=\"og:image:height\" content=\"150\" \/>\n\t<meta property=\"og:image:type\" content=\"image\/jpeg\" \/>\n<meta name=\"author\" content=\"dmsmta\" \/>\n<meta name=\"twitter:card\" content=\"summary_large_image\" \/>\n<meta name=\"twitter:label1\" content=\"Escrito por\" \/>\n\t<meta name=\"twitter:data1\" content=\"dmsmta\" \/>\n\t<meta name=\"twitter:label2\" content=\"Tiempo de lectura\" \/>\n\t<meta name=\"twitter:data2\" content=\"2 minutos\" \/>\n<script type=\"application\/ld+json\" class=\"yoast-schema-graph\">{\"@context\":\"https:\/\/schema.org\",\"@graph\":[{\"@type\":\"WebPage\",\"@id\":\"https:\/\/instituciones.gtm.sld.cu\/dmsmta\/disponible-aplicacion-desarrollada-por-infomed-sobre-el-covid-19\/\",\"url\":\"https:\/\/instituciones.gtm.sld.cu\/dmsmta\/disponible-aplicacion-desarrollada-por-infomed-sobre-el-covid-19\/\",\"name\":\"Disponible aplicaci\u00f3n desarrollada por Infomed sobre el COVID-19 - Direcci\u00f3n General de Salud\",\"isPartOf\":{\"@id\":\"https:\/\/instituciones.gtm.sld.cu\/dmsmta\/#website\"},\"datePublished\":\"2020-02-28T15:19:23+00:00\",\"dateModified\":\"2020-08-11T13:02:20+00:00\",\"author\":{\"@id\":\"https:\/\/instituciones.gtm.sld.cu\/dmsmta\/#\/schema\/person\/20a8a2fa26b9875f4370f2e0c5487910\"},\"breadcrumb\":{\"@id\":\"https:\/\/instituciones.gtm.sld.cu\/dmsmta\/disponible-aplicacion-desarrollada-por-infomed-sobre-el-covid-19\/#breadcrumb\"},\"inLanguage\":\"es\",\"potentialAction\":[{\"@type\":\"ReadAction\",\"target\":[\"https:\/\/instituciones.gtm.sld.cu\/dmsmta\/disponible-aplicacion-desarrollada-por-infomed-sobre-el-covid-19\/\"]}]},{\"@type\":\"BreadcrumbList\",\"@id\":\"https:\/\/instituciones.gtm.sld.cu\/dmsmta\/disponible-aplicacion-desarrollada-por-infomed-sobre-el-covid-19\/#breadcrumb\",\"itemListElement\":[{\"@type\":\"ListItem\",\"position\":1,\"name\":\"Portada\",\"item\":\"https:\/\/instituciones.gtm.sld.cu\/dmsmta\/\"},{\"@type\":\"ListItem\",\"position\":2,\"name\":\"Disponible aplicaci\u00f3n desarrollada por Infomed sobre el COVID-19\"}]},{\"@type\":\"WebSite\",\"@id\":\"https:\/\/instituciones.gtm.sld.cu\/dmsmta\/#website\",\"url\":\"https:\/\/instituciones.gtm.sld.cu\/dmsmta\/\",\"name\":\"Direcci\u00f3n General de Salud\",\"description\":\"Manuel Tames\",\"potentialAction\":[{\"@type\":\"SearchAction\",\"target\":{\"@type\":\"EntryPoint\",\"urlTemplate\":\"https:\/\/instituciones.gtm.sld.cu\/dmsmta\/?s={search_term_string}\"},\"query-input\":\"required name=search_term_string\"}],\"inLanguage\":\"es\"},{\"@type\":\"Person\",\"@id\":\"https:\/\/instituciones.gtm.sld.cu\/dmsmta\/#\/schema\/person\/20a8a2fa26b9875f4370f2e0c5487910\",\"name\":\"dmsmta\",\"url\":\"https:\/\/instituciones.gtm.sld.cu\/dmsmta\/author\/dmsmta\/\"}]}<\/script>\n<!-- \/ Yoast SEO plugin. -->","yoast_head_json":{"title":"Disponible aplicaci\u00f3n desarrollada por Infomed sobre el COVID-19 - Direcci\u00f3n General de Salud","robots":{"index":"index","follow":"follow","max-snippet":"max-snippet:-1","max-image-preview":"max-image-preview:large","max-video-preview":"max-video-preview:-1"},"canonical":"https:\/\/instituciones.gtm.sld.cu\/dmsmta\/disponible-aplicacion-desarrollada-por-infomed-sobre-el-covid-19\/","og_locale":"es_ES","og_type":"article","og_title":"Disponible aplicaci\u00f3n desarrollada por Infomed sobre el COVID-19 - Direcci\u00f3n General de Salud","og_description":"Una nueva aplicaci\u00f3n para dispositivos m\u00f3viles desarrollada por Infomed, con informaci\u00f3n actualizada y fiable sobre la enfermedad por el nuevo coronavirus COVID-19, est\u00e1 disponible desde este jueves en ApkLis. COVID-19-InfoCU se nutre de los contenidos disponibles en el sitio Infecciones por coronavirus, y ofrece a los profesionales del Sistema Nacional de Salud y a la &hellip; Seguir leyendo","og_url":"https:\/\/instituciones.gtm.sld.cu\/dmsmta\/disponible-aplicacion-desarrollada-por-infomed-sobre-el-covid-19\/","og_site_name":"Direcci\u00f3n General de Salud","article_published_time":"2020-02-28T15:19:23+00:00","article_modified_time":"2020-08-11T13:02:20+00:00","og_image":[{"width":180,"height":150,"url":"https:\/\/instituciones.gtm.sld.cu\/dmsmta\/wp-content\/uploads\/sites\/32\/2020\/02\/coronavirus-2-180x150.jpg","type":"image\/jpeg"}],"author":"dmsmta","twitter_card":"summary_large_image","twitter_misc":{"Escrito por":"dmsmta","Tiempo de lectura":"2 minutos"},"schema":{"@context":"https:\/\/schema.org","@graph":[{"@type":"WebPage","@id":"https:\/\/instituciones.gtm.sld.cu\/dmsmta\/disponible-aplicacion-desarrollada-por-infomed-sobre-el-covid-19\/","url":"https:\/\/instituciones.gtm.sld.cu\/dmsmta\/disponible-aplicacion-desarrollada-por-infomed-sobre-el-covid-19\/","name":"Disponible aplicaci\u00f3n desarrollada por Infomed sobre el COVID-19 - Direcci\u00f3n General de Salud","isPartOf":{"@id":"https:\/\/instituciones.gtm.sld.cu\/dmsmta\/#website"},"datePublished":"2020-02-28T15:19:23+00:00","dateModified":"2020-08-11T13:02:20+00:00","author":{"@id":"https:\/\/instituciones.gtm.sld.cu\/dmsmta\/#\/schema\/person\/20a8a2fa26b9875f4370f2e0c5487910"},"breadcrumb":{"@id":"https:\/\/instituciones.gtm.sld.cu\/dmsmta\/disponible-aplicacion-desarrollada-por-infomed-sobre-el-covid-19\/#breadcrumb"},"inLanguage":"es","potentialAction":[{"@type":"ReadAction","target":["https:\/\/instituciones.gtm.sld.cu\/dmsmta\/disponible-aplicacion-desarrollada-por-infomed-sobre-el-covid-19\/"]}]},{"@type":"BreadcrumbList","@id":"https:\/\/instituciones.gtm.sld.cu\/dmsmta\/disponible-aplicacion-desarrollada-por-infomed-sobre-el-covid-19\/#breadcrumb","itemListElement":[{"@type":"ListItem","position":1,"name":"Portada","item":"https:\/\/instituciones.gtm.sld.cu\/dmsmta\/"},{"@type":"ListItem","position":2,"name":"Disponible aplicaci\u00f3n desarrollada por Infomed sobre el COVID-19"}]},{"@type":"WebSite","@id":"https:\/\/instituciones.gtm.sld.cu\/dmsmta\/#website","url":"https:\/\/instituciones.gtm.sld.cu\/dmsmta\/","name":"Direcci\u00f3n General de Salud","description":"Manuel Tames","potentialAction":[{"@type":"SearchAction","target":{"@type":"EntryPoint","urlTemplate":"https:\/\/instituciones.gtm.sld.cu\/dmsmta\/?s={search_term_string}"},"query-input":"required name=search_term_string"}],"inLanguage":"es"},{"@type":"Person","@id":"https:\/\/instituciones.gtm.sld.cu\/dmsmta\/#\/schema\/person\/20a8a2fa26b9875f4370f2e0c5487910","name":"dmsmta","url":"https:\/\/instituciones.gtm.sld.cu\/dmsmta\/author\/dmsmta\/"}]}},"_links":{"self":[{"href":"https:\/\/instituciones.gtm.sld.cu\/dmsmta\/wp-json\/wp\/v2\/posts\/1516"}],"collection":[{"href":"https:\/\/instituciones.gtm.sld.cu\/dmsmta\/wp-json\/wp\/v2\/posts"}],"about":[{"href":"https:\/\/instituciones.gtm.sld.cu\/dmsmta\/wp-json\/wp\/v2\/types\/post"}],"author":[{"embeddable":true,"href":"https:\/\/instituciones.gtm.sld.cu\/dmsmta\/wp-json\/wp\/v2\/users\/79"}],"replies":[{"embeddable":true,"href":"https:\/\/instituciones.gtm.sld.cu\/dmsmta\/wp-json\/wp\/v2\/comments?post=1516"}],"version-history":[{"count":1,"href":"https:\/\/instituciones.gtm.sld.cu\/dmsmta\/wp-json\/wp\/v2\/posts\/1516\/revisions"}],"predecessor-version":[{"id":1538,"href":"https:\/\/instituciones.gtm.sld.cu\/dmsmta\/wp-json\/wp\/v2\/posts\/1516\/revisions\/1538"}],"wp:featuredmedia":[{"embeddable":true,"href":"https:\/\/instituciones.gtm.sld.cu\/dmsmta\/wp-json\/wp\/v2\/media\/1537"}],"wp:attachment":[{"href":"https:\/\/instituciones.gtm.sld.cu\/dmsmta\/wp-json\/wp\/v2\/media?parent=1516"}],"wp:term":[{"taxonomy":"category","embeddable":true,"href":"https:\/\/instituciones.gtm.sld.cu\/dmsmta\/wp-json\/wp\/v2\/categories?post=1516"},{"taxonomy":"post_tag","embeddable":true,"href":"https:\/\/instituciones.gtm.sld.cu\/dmsmta\/wp-json\/wp\/v2\/tags?post=1516"}],"curies":[{"name":"wp","href":"https:\/\/api.w.org\/{rel}","templated":true}]}}