{"id":1853,"date":"2023-06-09T09:56:03","date_gmt":"2023-06-09T13:56:03","guid":{"rendered":"http:\/\/instituciones.gtm.sld.cu\/dmsmta\/?p=1853"},"modified":"2023-06-09T09:57:44","modified_gmt":"2023-06-09T13:57:44","slug":"destacan-resultados-de-vacunas-de-cuba-en-tratamiento-a-embarazadas","status":"publish","type":"post","link":"https:\/\/instituciones.gtm.sld.cu\/dmsmta\/destacan-resultados-de-vacunas-de-cuba-en-tratamiento-a-embarazadas\/","title":{"rendered":"Destacan resultados de vacunas de Cuba en tratamiento a embarazadas"},"content":{"rendered":"<div class=\"body-noticia col-md-12 col-sm-12 col-xs-12\">\n<div class=\"field field-name-body field-type-text-with-summary field-label-hidden\">\n<div class=\"field-items\">\n<div class=\"field-item even\">\n<p>El presidente de Cuba, Miguel D\u00edaz-Canel, particip\u00f3 hoy en la reuni\u00f3n de expertos de salud donde se informaron los resultados de la vacuna Abdala y el medicamento Jusvinza en su aplicaci\u00f3n a embarazadas para tratar la Covid-19.<\/p>\n<p>El jefe de Estado subray\u00f3 que el uso de los medicamentos cubanos, ahora en tratamientos m\u00e1s espec\u00edficos en embarazadas, dan resultados que son impresionantes y eso es bueno para la isla y para el mundo, public\u00f3 la presidencia de la Rep\u00fablica en su p\u00e1gina web.<\/p>\n<p>Los expertos informaron que en un estudio realizado en 940 pacientes obst\u00e9tricas que recibieron las tres dosis de la vacuna Abdala, en cinco maternidades habaneras; el 92,6 por ciento de ellas no se contagi\u00f3 con la Covid-19 y de las que s\u00ed enfermaron, solo un 0,4 por ciento tuvo enfermedad moderada y el resto leve.<\/p>\n<p>El jefe del departamento docente del hospital Ginecobst\u00e9trico \u00abRam\u00f3n Gonz\u00e1lez Coro\u00bb, Jorge Aguilar, detall\u00f3 que en ninguno de los casos se presentaron eventos adversos graves relacionados con la vacunaci\u00f3n.<\/p>\n<p>Asegur\u00f3, adem\u00e1s, que fueron altos los niveles de anticuerpos detectados en suero materno, del cord\u00f3n umbilical y del calostro, con altos niveles de inhibici\u00f3n del virus, lo cual le confiere protecci\u00f3n contra el SARS-CoV-2, tanto a la madre como a su beb\u00e9.<\/p>\n<p>Por su parte, la vicepresidenta de la Sociedad Cubana de Obstetricia y Ginecolog\u00eda, Idania Baladr\u00f3n, asever\u00f3 que en cualquier trimestre que se vacune a la mujer va a existir beneficio, tanto para ella como para el nonato, siendo el momento m\u00e1s propicio alrededor de la semana 22 de embarazo.<\/p>\n<p>Detallaron asimismo que los resultados respaldan la decisi\u00f3n de no vacunar a los ni\u00f1os menores de dos a\u00f1os, pues se demuestra que tanto por la leche materna como por todo lo que la madre logra transmitir al beb\u00e9, este adquiere un nivel de inmunidad.<\/p>\n<p>Acerca de los resultados de la aplicaci\u00f3n en embarazadas del p\u00e9ptido CIGB-258, nombrado Jusvinza, se observ\u00f3 una mejor\u00eda cl\u00ednica y radiol\u00f3gica, as\u00ed como la reducci\u00f3n de los biomarcadores de inflamaci\u00f3n, en comparaci\u00f3n con las pacientes no tratadas con este f\u00e1rmaco.<\/p>\n<p>Seg\u00fan explic\u00f3 la jefa de Docencia y Postgrado del Hospital Militar Central \u201cDr. Luis D\u00edaz Soto\u201d, Anadys Segura, ninguna de las pacientes que presentaron enfermedad moderada o grave y fueron tratadas con Jusvinza, tuvo progresos de la enfermedad hacia formas m\u00e1s graves.<\/p>\n<p>Entre las perspectivas para el uso de este medicamento, detall\u00f3 que se prev\u00e9 su uso en pacientes graves y cr\u00edticas con hiperinflamaci\u00f3n sin infecci\u00f3n por SARS-CoV-2; abortos recurrentes; s\u00edndrome de preeclampsia-eclampsia; endometriosis; y gestantes con s\u00edndrome antifosfolip\u00eddico.<\/p>\n<\/div>\n<p><strong>Tomado de Cubasi<\/strong><\/p>\n<\/div>\n<\/div>\n<\/div>\n","protected":false},"excerpt":{"rendered":"<p>El presidente de Cuba, Miguel D\u00edaz-Canel, particip\u00f3 hoy en la reuni\u00f3n de expertos de salud donde se informaron los resultados de la vacuna Abdala y el medicamento Jusvinza en su aplicaci\u00f3n a embarazadas para tratar la Covid-19. El jefe de Estado subray\u00f3 que el uso de los medicamentos cubanos, ahora en tratamientos m\u00e1s espec\u00edficos en &hellip; <\/p>\n<p><a class=\"more-link btn\" href=\"https:\/\/instituciones.gtm.sld.cu\/dmsmta\/destacan-resultados-de-vacunas-de-cuba-en-tratamiento-a-embarazadas\/\">Seguir leyendo<\/a><\/p>\n","protected":false},"author":79,"featured_media":1854,"comment_status":"closed","ping_status":"open","sticky":false,"template":"","format":"standard","meta":{"ngg_post_thumbnail":0},"categories":[1],"tags":[],"yoast_head":"<!-- This site is optimized with the Yoast SEO plugin v21.8 - https:\/\/yoast.com\/wordpress\/plugins\/seo\/ -->\n<title>Destacan resultados de vacunas de Cuba en tratamiento a embarazadas - Direcci\u00f3n General de Salud<\/title>\n<meta name=\"robots\" content=\"index, follow, max-snippet:-1, max-image-preview:large, max-video-preview:-1\" \/>\n<link rel=\"canonical\" href=\"https:\/\/instituciones.gtm.sld.cu\/dmsmta\/destacan-resultados-de-vacunas-de-cuba-en-tratamiento-a-embarazadas\/\" \/>\n<meta property=\"og:locale\" content=\"es_ES\" \/>\n<meta property=\"og:type\" content=\"article\" \/>\n<meta property=\"og:title\" content=\"Destacan resultados de vacunas de Cuba en tratamiento a embarazadas - Direcci\u00f3n General de Salud\" \/>\n<meta property=\"og:description\" content=\"El presidente de Cuba, Miguel D\u00edaz-Canel, particip\u00f3 hoy en la reuni\u00f3n de expertos de salud donde se informaron los resultados de la vacuna Abdala y el medicamento Jusvinza en su aplicaci\u00f3n a embarazadas para tratar la Covid-19. El jefe de Estado subray\u00f3 que el uso de los medicamentos cubanos, ahora en tratamientos m\u00e1s espec\u00edficos en &hellip; Seguir leyendo\" \/>\n<meta property=\"og:url\" content=\"https:\/\/instituciones.gtm.sld.cu\/dmsmta\/destacan-resultados-de-vacunas-de-cuba-en-tratamiento-a-embarazadas\/\" \/>\n<meta property=\"og:site_name\" content=\"Direcci\u00f3n General de Salud\" \/>\n<meta property=\"article:published_time\" content=\"2023-06-09T13:56:03+00:00\" \/>\n<meta property=\"article:modified_time\" content=\"2023-06-09T13:57:44+00:00\" \/>\n<meta property=\"og:image\" content=\"https:\/\/instituciones.gtm.sld.cu\/dmsmta\/wp-content\/uploads\/sites\/32\/2023\/06\/mdc-ciencia-060623.jpg\" \/>\n\t<meta property=\"og:image:width\" content=\"766\" \/>\n\t<meta property=\"og:image:height\" content=\"421\" \/>\n\t<meta property=\"og:image:type\" content=\"image\/jpeg\" \/>\n<meta name=\"author\" content=\"dmsmta\" \/>\n<meta name=\"twitter:card\" content=\"summary_large_image\" \/>\n<meta name=\"twitter:label1\" content=\"Escrito por\" \/>\n\t<meta name=\"twitter:data1\" content=\"dmsmta\" \/>\n\t<meta name=\"twitter:label2\" content=\"Tiempo de lectura\" \/>\n\t<meta name=\"twitter:data2\" content=\"2 minutos\" \/>\n<script type=\"application\/ld+json\" class=\"yoast-schema-graph\">{\"@context\":\"https:\/\/schema.org\",\"@graph\":[{\"@type\":\"WebPage\",\"@id\":\"https:\/\/instituciones.gtm.sld.cu\/dmsmta\/destacan-resultados-de-vacunas-de-cuba-en-tratamiento-a-embarazadas\/\",\"url\":\"https:\/\/instituciones.gtm.sld.cu\/dmsmta\/destacan-resultados-de-vacunas-de-cuba-en-tratamiento-a-embarazadas\/\",\"name\":\"Destacan resultados de vacunas de Cuba en tratamiento a embarazadas - Direcci\u00f3n General de Salud\",\"isPartOf\":{\"@id\":\"https:\/\/instituciones.gtm.sld.cu\/dmsmta\/#website\"},\"datePublished\":\"2023-06-09T13:56:03+00:00\",\"dateModified\":\"2023-06-09T13:57:44+00:00\",\"author\":{\"@id\":\"https:\/\/instituciones.gtm.sld.cu\/dmsmta\/#\/schema\/person\/20a8a2fa26b9875f4370f2e0c5487910\"},\"breadcrumb\":{\"@id\":\"https:\/\/instituciones.gtm.sld.cu\/dmsmta\/destacan-resultados-de-vacunas-de-cuba-en-tratamiento-a-embarazadas\/#breadcrumb\"},\"inLanguage\":\"es\",\"potentialAction\":[{\"@type\":\"ReadAction\",\"target\":[\"https:\/\/instituciones.gtm.sld.cu\/dmsmta\/destacan-resultados-de-vacunas-de-cuba-en-tratamiento-a-embarazadas\/\"]}]},{\"@type\":\"BreadcrumbList\",\"@id\":\"https:\/\/instituciones.gtm.sld.cu\/dmsmta\/destacan-resultados-de-vacunas-de-cuba-en-tratamiento-a-embarazadas\/#breadcrumb\",\"itemListElement\":[{\"@type\":\"ListItem\",\"position\":1,\"name\":\"Portada\",\"item\":\"https:\/\/instituciones.gtm.sld.cu\/dmsmta\/\"},{\"@type\":\"ListItem\",\"position\":2,\"name\":\"Destacan resultados de vacunas de Cuba en tratamiento a embarazadas\"}]},{\"@type\":\"WebSite\",\"@id\":\"https:\/\/instituciones.gtm.sld.cu\/dmsmta\/#website\",\"url\":\"https:\/\/instituciones.gtm.sld.cu\/dmsmta\/\",\"name\":\"Direcci\u00f3n General de Salud\",\"description\":\"Manuel Tames\",\"potentialAction\":[{\"@type\":\"SearchAction\",\"target\":{\"@type\":\"EntryPoint\",\"urlTemplate\":\"https:\/\/instituciones.gtm.sld.cu\/dmsmta\/?s={search_term_string}\"},\"query-input\":\"required name=search_term_string\"}],\"inLanguage\":\"es\"},{\"@type\":\"Person\",\"@id\":\"https:\/\/instituciones.gtm.sld.cu\/dmsmta\/#\/schema\/person\/20a8a2fa26b9875f4370f2e0c5487910\",\"name\":\"dmsmta\",\"url\":\"https:\/\/instituciones.gtm.sld.cu\/dmsmta\/author\/dmsmta\/\"}]}<\/script>\n<!-- \/ Yoast SEO plugin. -->","yoast_head_json":{"title":"Destacan resultados de vacunas de Cuba en tratamiento a embarazadas - Direcci\u00f3n General de Salud","robots":{"index":"index","follow":"follow","max-snippet":"max-snippet:-1","max-image-preview":"max-image-preview:large","max-video-preview":"max-video-preview:-1"},"canonical":"https:\/\/instituciones.gtm.sld.cu\/dmsmta\/destacan-resultados-de-vacunas-de-cuba-en-tratamiento-a-embarazadas\/","og_locale":"es_ES","og_type":"article","og_title":"Destacan resultados de vacunas de Cuba en tratamiento a embarazadas - Direcci\u00f3n General de Salud","og_description":"El presidente de Cuba, Miguel D\u00edaz-Canel, particip\u00f3 hoy en la reuni\u00f3n de expertos de salud donde se informaron los resultados de la vacuna Abdala y el medicamento Jusvinza en su aplicaci\u00f3n a embarazadas para tratar la Covid-19. El jefe de Estado subray\u00f3 que el uso de los medicamentos cubanos, ahora en tratamientos m\u00e1s espec\u00edficos en &hellip; Seguir leyendo","og_url":"https:\/\/instituciones.gtm.sld.cu\/dmsmta\/destacan-resultados-de-vacunas-de-cuba-en-tratamiento-a-embarazadas\/","og_site_name":"Direcci\u00f3n General de Salud","article_published_time":"2023-06-09T13:56:03+00:00","article_modified_time":"2023-06-09T13:57:44+00:00","og_image":[{"width":766,"height":421,"url":"https:\/\/instituciones.gtm.sld.cu\/dmsmta\/wp-content\/uploads\/sites\/32\/2023\/06\/mdc-ciencia-060623.jpg","type":"image\/jpeg"}],"author":"dmsmta","twitter_card":"summary_large_image","twitter_misc":{"Escrito por":"dmsmta","Tiempo de lectura":"2 minutos"},"schema":{"@context":"https:\/\/schema.org","@graph":[{"@type":"WebPage","@id":"https:\/\/instituciones.gtm.sld.cu\/dmsmta\/destacan-resultados-de-vacunas-de-cuba-en-tratamiento-a-embarazadas\/","url":"https:\/\/instituciones.gtm.sld.cu\/dmsmta\/destacan-resultados-de-vacunas-de-cuba-en-tratamiento-a-embarazadas\/","name":"Destacan resultados de vacunas de Cuba en tratamiento a embarazadas - Direcci\u00f3n General de Salud","isPartOf":{"@id":"https:\/\/instituciones.gtm.sld.cu\/dmsmta\/#website"},"datePublished":"2023-06-09T13:56:03+00:00","dateModified":"2023-06-09T13:57:44+00:00","author":{"@id":"https:\/\/instituciones.gtm.sld.cu\/dmsmta\/#\/schema\/person\/20a8a2fa26b9875f4370f2e0c5487910"},"breadcrumb":{"@id":"https:\/\/instituciones.gtm.sld.cu\/dmsmta\/destacan-resultados-de-vacunas-de-cuba-en-tratamiento-a-embarazadas\/#breadcrumb"},"inLanguage":"es","potentialAction":[{"@type":"ReadAction","target":["https:\/\/instituciones.gtm.sld.cu\/dmsmta\/destacan-resultados-de-vacunas-de-cuba-en-tratamiento-a-embarazadas\/"]}]},{"@type":"BreadcrumbList","@id":"https:\/\/instituciones.gtm.sld.cu\/dmsmta\/destacan-resultados-de-vacunas-de-cuba-en-tratamiento-a-embarazadas\/#breadcrumb","itemListElement":[{"@type":"ListItem","position":1,"name":"Portada","item":"https:\/\/instituciones.gtm.sld.cu\/dmsmta\/"},{"@type":"ListItem","position":2,"name":"Destacan resultados de vacunas de Cuba en tratamiento a embarazadas"}]},{"@type":"WebSite","@id":"https:\/\/instituciones.gtm.sld.cu\/dmsmta\/#website","url":"https:\/\/instituciones.gtm.sld.cu\/dmsmta\/","name":"Direcci\u00f3n General de Salud","description":"Manuel Tames","potentialAction":[{"@type":"SearchAction","target":{"@type":"EntryPoint","urlTemplate":"https:\/\/instituciones.gtm.sld.cu\/dmsmta\/?s={search_term_string}"},"query-input":"required name=search_term_string"}],"inLanguage":"es"},{"@type":"Person","@id":"https:\/\/instituciones.gtm.sld.cu\/dmsmta\/#\/schema\/person\/20a8a2fa26b9875f4370f2e0c5487910","name":"dmsmta","url":"https:\/\/instituciones.gtm.sld.cu\/dmsmta\/author\/dmsmta\/"}]}},"_links":{"self":[{"href":"https:\/\/instituciones.gtm.sld.cu\/dmsmta\/wp-json\/wp\/v2\/posts\/1853"}],"collection":[{"href":"https:\/\/instituciones.gtm.sld.cu\/dmsmta\/wp-json\/wp\/v2\/posts"}],"about":[{"href":"https:\/\/instituciones.gtm.sld.cu\/dmsmta\/wp-json\/wp\/v2\/types\/post"}],"author":[{"embeddable":true,"href":"https:\/\/instituciones.gtm.sld.cu\/dmsmta\/wp-json\/wp\/v2\/users\/79"}],"replies":[{"embeddable":true,"href":"https:\/\/instituciones.gtm.sld.cu\/dmsmta\/wp-json\/wp\/v2\/comments?post=1853"}],"version-history":[{"count":1,"href":"https:\/\/instituciones.gtm.sld.cu\/dmsmta\/wp-json\/wp\/v2\/posts\/1853\/revisions"}],"predecessor-version":[{"id":1855,"href":"https:\/\/instituciones.gtm.sld.cu\/dmsmta\/wp-json\/wp\/v2\/posts\/1853\/revisions\/1855"}],"wp:featuredmedia":[{"embeddable":true,"href":"https:\/\/instituciones.gtm.sld.cu\/dmsmta\/wp-json\/wp\/v2\/media\/1854"}],"wp:attachment":[{"href":"https:\/\/instituciones.gtm.sld.cu\/dmsmta\/wp-json\/wp\/v2\/media?parent=1853"}],"wp:term":[{"taxonomy":"category","embeddable":true,"href":"https:\/\/instituciones.gtm.sld.cu\/dmsmta\/wp-json\/wp\/v2\/categories?post=1853"},{"taxonomy":"post_tag","embeddable":true,"href":"https:\/\/instituciones.gtm.sld.cu\/dmsmta\/wp-json\/wp\/v2\/tags?post=1853"}],"curies":[{"name":"wp","href":"https:\/\/api.w.org\/{rel}","templated":true}]}}